{"id":51229,"date":"2020-11-15T13:08:22","date_gmt":"2020-11-15T13:08:22","guid":{"rendered":"https:\/\/abarevegan.com.br\/index.php\/2020\/11\/15\/policia-federal-prende-candidato-por-crime-eleitoral-em-feijo\/"},"modified":"2020-11-15T13:08:22","modified_gmt":"2020-11-15T13:08:22","slug":"policia-federal-prende-candidato-por-crime-eleitoral-em-feijo","status":"publish","type":"post","link":"https:\/\/nk7-testes.com.br\/agazeta\/policia-federal-prende-candidato-por-crime-eleitoral-em-feijo\/","title":{"rendered":"Pol\u00edcia Federal prende candidato por crime eleitoral em Feij\u00f3"},"content":{"rendered":"<p style=\"text-align: justify;\">Homem estaria entregado &#8220;santinhos&#8221; com notas de R$ 20<\/p>\n<p style=\"text-align: justify;\">A Pol\u00edcia Federal prendeu em flagrante por corrup\u00e7\u00e3o eleitoral um candidato a vereador pelo partido Democratas no munic\u00edpio de Feij\u00f3, nesta sexta-feira (13).<\/p>\n<p style=\"text-align: justify;\">O candidato em quest\u00e3o j\u00e1 foi vereador da cidade por tr\u00eas legislaturas e estava se aproximando das pessoas e entregando dinheiro, em notas de R$ 20,00, e \u201csantinhos\u201d.&nbsp;<\/p>\n<p style=\"text-align: justify;\">Por isso, o homem foi preso em flagrante, e s\u00f3 seria liberado mediante pagamento de fian\u00e7a no valor de R$ 20.000,00. Ele responder\u00e1 pelo crime de corrup\u00e7\u00e3o eleitoral, cuja pena que pode chegar a 4 anos de pris\u00e3o.<\/p>\n<p>&nbsp;<\/p>\n<div id=\"_mcePaste\" class=\"mcePaste\" data-mce-bogus=\"1\" style=\"position: absolute; left: 0px; top: -25px; width: 1px; height: 1px; overflow: hidden;\">\n<p class=\"MsoNormal\" style=\"text-align: justify;\"><span style=\"font-size: 12.0pt; mso-bidi-font-size: 11.0pt; line-height: 115%; font-family: 'Times New Roman','serif';\">Pol\u00edcia Federal prende candidato por crime eleitoral em Feij\u00f3<o:p><\/o:p><\/span><\/p>\n<p class=\"MsoNormal\" style=\"text-align: justify;\"><span style=\"font-size: 12.0pt; mso-bidi-font-size: 11.0pt; line-height: 115%; font-family: 'Times New Roman','serif';\">A Pol\u00edcia Federal prendeu em flagrante por corrup\u00e7\u00e3o eleitoral um candidato a vereador pelo partido Democratas no munic\u00edpio de Feij\u00f3, nesta sexta-feira (13).<o:p><\/o:p><\/span><\/p>\n<p class=\"MsoNormal\" style=\"text-align: justify;\"><span style=\"font-size: 12.0pt; mso-bidi-font-size: 11.0pt; line-height: 115%; font-family: 'Times New Roman','serif';\">O candidato em quest\u00e3o j\u00e1 foi vereador da cidade por tr\u00eas legislaturas e estava se aproximando das pessoas e entregando dinheiro, em notas de R$ 20,00, e \u201csantinhos\u201d. <o:p><\/o:p><\/span><\/p>\n<p class=\"MsoNormal\" style=\"text-align: justify;\"><span style=\"font-size: 12.0pt; mso-bidi-font-size: 11.0pt; line-height: 115%; font-family: 'Times New Roman','serif';\">Por isso, o homem foi preso em flagrante, e s\u00f3 seria liberado mediante pagamento de fian\u00e7a no valor de R$ 20.000,00. Ele responder\u00e1 pelo crime de corrup\u00e7\u00e3o eleitoral, cuja pena que pode chegar a 4 anos de pris\u00e3o.<o:p><\/o:p><\/span><\/p>\n<\/p><\/div>\n","protected":false},"excerpt":{"rendered":"<p style=\"text-align: justify;\">Homem estaria entregado &#8220;santinhos&#8221; com notas de R$ 20<\/p>\n","protected":false},"author":4,"featured_media":51228,"comment_status":"open","ping_status":"open","sticky":false,"template":"","format":"standard","meta":{"jnews-multi-image_gallery":[],"jnews_single_post":[],"jnews_primary_category":[],"jnews_social_meta":[],"jnews_review":[],"enable_review":"","type":"","name":"","summary":"","brand":"","sku":"","good":[],"bad":[],"score_override":"","override_value":"","rating":[],"price":[],"footnotes":""},"categories":[44],"tags":[],"class_list":["post-51229","post","type-post","status-publish","format-standard","has-post-thumbnail","hentry","category-policia"],"yoast_head":"<!-- This site is optimized with the Yoast SEO plugin v26.5 - https:\/\/yoast.com\/wordpress\/plugins\/seo\/ -->\n<title>Pol\u00edcia Federal prende candidato por crime eleitoral em Feij\u00f3 - Agazeta.net<\/title>\n<meta name=\"robots\" content=\"index, follow, max-snippet:-1, max-image-preview:large, max-video-preview:-1\" \/>\n<link rel=\"canonical\" href=\"https:\/\/nk7-testes.com.br\/agazeta\/policia-federal-prende-candidato-por-crime-eleitoral-em-feijo\/\" \/>\n<meta property=\"og:locale\" content=\"pt_BR\" \/>\n<meta property=\"og:type\" content=\"article\" \/>\n<meta property=\"og:title\" content=\"Pol\u00edcia Federal prende candidato por crime eleitoral em Feij\u00f3 - Agazeta.net\" \/>\n<meta property=\"og:description\" content=\"Homem estaria entregado &quot;santinhos&quot; com notas de R$ 20\" \/>\n<meta property=\"og:url\" content=\"https:\/\/nk7-testes.com.br\/agazeta\/policia-federal-prende-candidato-por-crime-eleitoral-em-feijo\/\" \/>\n<meta property=\"og:site_name\" content=\"Agazeta.net\" \/>\n<meta property=\"article:published_time\" content=\"2020-11-15T13:08:22+00:00\" \/>\n<meta property=\"og:image\" content=\"https:\/\/nk7-testes.com.br\/agazeta\/wp-content\/uploads\/2020\/11\/15-11-20-feijo-policia-federal-preso.jpeg\" \/>\n\t<meta property=\"og:image:width\" content=\"458\" \/>\n\t<meta property=\"og:image:height\" content=\"340\" \/>\n\t<meta property=\"og:image:type\" content=\"image\/jpeg\" \/>\n<meta name=\"author\" content=\"Agazeta.Net\" \/>\n<meta name=\"twitter:card\" content=\"summary_large_image\" \/>\n<meta name=\"twitter:label1\" content=\"Escrito por\" \/>\n\t<meta name=\"twitter:data1\" content=\"Agazeta.Net\" \/>\n\t<meta name=\"twitter:label2\" content=\"Est. tempo de leitura\" \/>\n\t<meta name=\"twitter:data2\" content=\"1 minuto\" \/>\n<script type=\"application\/ld+json\" class=\"yoast-schema-graph\">{\"@context\":\"https:\/\/schema.org\",\"@graph\":[{\"@type\":\"WebPage\",\"@id\":\"https:\/\/nk7-testes.com.br\/agazeta\/policia-federal-prende-candidato-por-crime-eleitoral-em-feijo\/\",\"url\":\"https:\/\/nk7-testes.com.br\/agazeta\/policia-federal-prende-candidato-por-crime-eleitoral-em-feijo\/\",\"name\":\"Pol\u00edcia Federal prende candidato por crime eleitoral em Feij\u00f3 - Agazeta.net\",\"isPartOf\":{\"@id\":\"https:\/\/nk7-testes.com.br\/agazeta\/#website\"},\"primaryImageOfPage\":{\"@id\":\"https:\/\/nk7-testes.com.br\/agazeta\/policia-federal-prende-candidato-por-crime-eleitoral-em-feijo\/#primaryimage\"},\"image\":{\"@id\":\"https:\/\/nk7-testes.com.br\/agazeta\/policia-federal-prende-candidato-por-crime-eleitoral-em-feijo\/#primaryimage\"},\"thumbnailUrl\":\"https:\/\/nk7-testes.com.br\/agazeta\/wp-content\/uploads\/2020\/11\/15-11-20-feijo-policia-federal-preso.jpeg\",\"datePublished\":\"2020-11-15T13:08:22+00:00\",\"author\":{\"@id\":\"https:\/\/nk7-testes.com.br\/agazeta\/#\/schema\/person\/6d6e25cb0435eb4a02fd44d30b4e3020\"},\"breadcrumb\":{\"@id\":\"https:\/\/nk7-testes.com.br\/agazeta\/policia-federal-prende-candidato-por-crime-eleitoral-em-feijo\/#breadcrumb\"},\"inLanguage\":\"pt-BR\",\"potentialAction\":[{\"@type\":\"ReadAction\",\"target\":[\"https:\/\/nk7-testes.com.br\/agazeta\/policia-federal-prende-candidato-por-crime-eleitoral-em-feijo\/\"]}]},{\"@type\":\"ImageObject\",\"inLanguage\":\"pt-BR\",\"@id\":\"https:\/\/nk7-testes.com.br\/agazeta\/policia-federal-prende-candidato-por-crime-eleitoral-em-feijo\/#primaryimage\",\"url\":\"https:\/\/nk7-testes.com.br\/agazeta\/wp-content\/uploads\/2020\/11\/15-11-20-feijo-policia-federal-preso.jpeg\",\"contentUrl\":\"https:\/\/nk7-testes.com.br\/agazeta\/wp-content\/uploads\/2020\/11\/15-11-20-feijo-policia-federal-preso.jpeg\",\"width\":458,\"height\":340,\"caption\":\"15-11-20-feijo-policia-federal-preso\"},{\"@type\":\"BreadcrumbList\",\"@id\":\"https:\/\/nk7-testes.com.br\/agazeta\/policia-federal-prende-candidato-por-crime-eleitoral-em-feijo\/#breadcrumb\",\"itemListElement\":[{\"@type\":\"ListItem\",\"position\":1,\"name\":\"In\u00edcio\",\"item\":\"https:\/\/nk7-testes.com.br\/agazeta\/\"},{\"@type\":\"ListItem\",\"position\":2,\"name\":\"Pol\u00edcia Federal prende candidato por crime eleitoral em Feij\u00f3\"}]},{\"@type\":\"WebSite\",\"@id\":\"https:\/\/nk7-testes.com.br\/agazeta\/#website\",\"url\":\"https:\/\/nk7-testes.com.br\/agazeta\/\",\"name\":\"Agazeta.net\",\"description\":\"Agazeta.net - Not\u00edcias de Rio Branco\/AC\",\"potentialAction\":[{\"@type\":\"SearchAction\",\"target\":{\"@type\":\"EntryPoint\",\"urlTemplate\":\"https:\/\/nk7-testes.com.br\/agazeta\/?s={search_term_string}\"},\"query-input\":{\"@type\":\"PropertyValueSpecification\",\"valueRequired\":true,\"valueName\":\"search_term_string\"}}],\"inLanguage\":\"pt-BR\"},{\"@type\":\"Person\",\"@id\":\"https:\/\/nk7-testes.com.br\/agazeta\/#\/schema\/person\/6d6e25cb0435eb4a02fd44d30b4e3020\",\"name\":\"Agazeta.Net\",\"url\":\"https:\/\/nk7-testes.com.br\/agazeta\/author\/agazeta\/\"}]}<\/script>\n<!-- \/ Yoast SEO plugin. -->","yoast_head_json":{"title":"Pol\u00edcia Federal prende candidato por crime eleitoral em Feij\u00f3 - Agazeta.net","robots":{"index":"index","follow":"follow","max-snippet":"max-snippet:-1","max-image-preview":"max-image-preview:large","max-video-preview":"max-video-preview:-1"},"canonical":"https:\/\/nk7-testes.com.br\/agazeta\/policia-federal-prende-candidato-por-crime-eleitoral-em-feijo\/","og_locale":"pt_BR","og_type":"article","og_title":"Pol\u00edcia Federal prende candidato por crime eleitoral em Feij\u00f3 - Agazeta.net","og_description":"Homem estaria entregado \"santinhos\" com notas de R$ 20","og_url":"https:\/\/nk7-testes.com.br\/agazeta\/policia-federal-prende-candidato-por-crime-eleitoral-em-feijo\/","og_site_name":"Agazeta.net","article_published_time":"2020-11-15T13:08:22+00:00","og_image":[{"width":458,"height":340,"url":"https:\/\/nk7-testes.com.br\/agazeta\/wp-content\/uploads\/2020\/11\/15-11-20-feijo-policia-federal-preso.jpeg","type":"image\/jpeg"}],"author":"Agazeta.Net","twitter_card":"summary_large_image","twitter_misc":{"Escrito por":"Agazeta.Net","Est. tempo de leitura":"1 minuto"},"schema":{"@context":"https:\/\/schema.org","@graph":[{"@type":"WebPage","@id":"https:\/\/nk7-testes.com.br\/agazeta\/policia-federal-prende-candidato-por-crime-eleitoral-em-feijo\/","url":"https:\/\/nk7-testes.com.br\/agazeta\/policia-federal-prende-candidato-por-crime-eleitoral-em-feijo\/","name":"Pol\u00edcia Federal prende candidato por crime eleitoral em Feij\u00f3 - Agazeta.net","isPartOf":{"@id":"https:\/\/nk7-testes.com.br\/agazeta\/#website"},"primaryImageOfPage":{"@id":"https:\/\/nk7-testes.com.br\/agazeta\/policia-federal-prende-candidato-por-crime-eleitoral-em-feijo\/#primaryimage"},"image":{"@id":"https:\/\/nk7-testes.com.br\/agazeta\/policia-federal-prende-candidato-por-crime-eleitoral-em-feijo\/#primaryimage"},"thumbnailUrl":"https:\/\/nk7-testes.com.br\/agazeta\/wp-content\/uploads\/2020\/11\/15-11-20-feijo-policia-federal-preso.jpeg","datePublished":"2020-11-15T13:08:22+00:00","author":{"@id":"https:\/\/nk7-testes.com.br\/agazeta\/#\/schema\/person\/6d6e25cb0435eb4a02fd44d30b4e3020"},"breadcrumb":{"@id":"https:\/\/nk7-testes.com.br\/agazeta\/policia-federal-prende-candidato-por-crime-eleitoral-em-feijo\/#breadcrumb"},"inLanguage":"pt-BR","potentialAction":[{"@type":"ReadAction","target":["https:\/\/nk7-testes.com.br\/agazeta\/policia-federal-prende-candidato-por-crime-eleitoral-em-feijo\/"]}]},{"@type":"ImageObject","inLanguage":"pt-BR","@id":"https:\/\/nk7-testes.com.br\/agazeta\/policia-federal-prende-candidato-por-crime-eleitoral-em-feijo\/#primaryimage","url":"https:\/\/nk7-testes.com.br\/agazeta\/wp-content\/uploads\/2020\/11\/15-11-20-feijo-policia-federal-preso.jpeg","contentUrl":"https:\/\/nk7-testes.com.br\/agazeta\/wp-content\/uploads\/2020\/11\/15-11-20-feijo-policia-federal-preso.jpeg","width":458,"height":340,"caption":"15-11-20-feijo-policia-federal-preso"},{"@type":"BreadcrumbList","@id":"https:\/\/nk7-testes.com.br\/agazeta\/policia-federal-prende-candidato-por-crime-eleitoral-em-feijo\/#breadcrumb","itemListElement":[{"@type":"ListItem","position":1,"name":"In\u00edcio","item":"https:\/\/nk7-testes.com.br\/agazeta\/"},{"@type":"ListItem","position":2,"name":"Pol\u00edcia Federal prende candidato por crime eleitoral em Feij\u00f3"}]},{"@type":"WebSite","@id":"https:\/\/nk7-testes.com.br\/agazeta\/#website","url":"https:\/\/nk7-testes.com.br\/agazeta\/","name":"Agazeta.net","description":"Agazeta.net - Not\u00edcias de Rio Branco\/AC","potentialAction":[{"@type":"SearchAction","target":{"@type":"EntryPoint","urlTemplate":"https:\/\/nk7-testes.com.br\/agazeta\/?s={search_term_string}"},"query-input":{"@type":"PropertyValueSpecification","valueRequired":true,"valueName":"search_term_string"}}],"inLanguage":"pt-BR"},{"@type":"Person","@id":"https:\/\/nk7-testes.com.br\/agazeta\/#\/schema\/person\/6d6e25cb0435eb4a02fd44d30b4e3020","name":"Agazeta.Net","url":"https:\/\/nk7-testes.com.br\/agazeta\/author\/agazeta\/"}]}},"_links":{"self":[{"href":"https:\/\/nk7-testes.com.br\/agazeta\/wp-json\/wp\/v2\/posts\/51229","targetHints":{"allow":["GET"]}}],"collection":[{"href":"https:\/\/nk7-testes.com.br\/agazeta\/wp-json\/wp\/v2\/posts"}],"about":[{"href":"https:\/\/nk7-testes.com.br\/agazeta\/wp-json\/wp\/v2\/types\/post"}],"author":[{"embeddable":true,"href":"https:\/\/nk7-testes.com.br\/agazeta\/wp-json\/wp\/v2\/users\/4"}],"replies":[{"embeddable":true,"href":"https:\/\/nk7-testes.com.br\/agazeta\/wp-json\/wp\/v2\/comments?post=51229"}],"version-history":[{"count":0,"href":"https:\/\/nk7-testes.com.br\/agazeta\/wp-json\/wp\/v2\/posts\/51229\/revisions"}],"wp:featuredmedia":[{"embeddable":true,"href":"https:\/\/nk7-testes.com.br\/agazeta\/wp-json\/wp\/v2\/media\/51228"}],"wp:attachment":[{"href":"https:\/\/nk7-testes.com.br\/agazeta\/wp-json\/wp\/v2\/media?parent=51229"}],"wp:term":[{"taxonomy":"category","embeddable":true,"href":"https:\/\/nk7-testes.com.br\/agazeta\/wp-json\/wp\/v2\/categories?post=51229"},{"taxonomy":"post_tag","embeddable":true,"href":"https:\/\/nk7-testes.com.br\/agazeta\/wp-json\/wp\/v2\/tags?post=51229"}],"curies":[{"name":"wp","href":"https:\/\/api.w.org\/{rel}","templated":true}]}}