{"id":51014,"date":"2020-11-06T11:54:28","date_gmt":"2020-11-06T11:54:28","guid":{"rendered":"https:\/\/abarevegan.com.br\/index.php\/2020\/11\/06\/detento-morre-apos-receber-descarga-eletrica-e-cair-de-poste\/"},"modified":"2020-11-06T11:54:28","modified_gmt":"2020-11-06T11:54:28","slug":"detento-morre-apos-receber-descarga-eletrica-e-cair-de-poste","status":"publish","type":"post","link":"https:\/\/nk7-testes.com.br\/agazeta\/detento-morre-apos-receber-descarga-eletrica-e-cair-de-poste\/","title":{"rendered":"Detento morre ap\u00f3s receber descarga el\u00e9trica e cair de poste"},"content":{"rendered":"<p style=\"text-align: justify;\">Homem prestava servi\u00e7os no pres\u00eddio de Rio Branco<\/p>\n<p style=\"text-align: justify;\">Um detento morreu na tarde desta quinta-feira (5), no pres\u00eddio Francisco d\u2019Oliveira Conde, em Rio Branco, ap\u00f3s receber uma descarga el\u00e9trica e cair de poste.<\/p>\n<p style=\"text-align: justify;\">Francisco Ferreira Cavalcante, 37 anos, prestava servi\u00e7o no pres\u00eddio para reduzir a pena que cumpria, e estava bem perto de ganhar liberdade, segundo o Instituto de Administra\u00e7\u00e3o Penitenci\u00e1ria do Acre (Iapen\/AC).<\/p>\n<p style=\"text-align: justify;\">Cavalcante teria subido em um poste de energia el\u00e9trica para tentar fazer uma liga\u00e7\u00e3o quando foi surpreendido por uma descarga el\u00e9trica de aproximadamente 220 volts e caiu.<\/p>\n<p style=\"text-align: justify;\">Uma ambul\u00e2ncia do suporte avan\u00e7ado do Servi\u00e7o de Atendimento M\u00f3vel de Urg\u00eancia (Samu) foi at\u00e9 o local e conseguiu prestar socorro \u00e0 v\u00edtima. Mas, poucos minutos ap\u00f3s chegar no Pronto-Socorro de Rio Branco, em estado grav\u00edssimo, Francisco acabou morrendo.<\/p>\n<p style=\"text-align: justify;\">Por meio de nota, o Iapen informou que a v\u00edtima cumpria pena no pavilh\u00e3o R da unidade de regime fechado n\u00ba 1, e possu\u00eda portaria para o trabalho interno e atuava na manuten\u00e7\u00e3o do complexo penitenci\u00e1rio.<\/p>\n<p style=\"text-align: justify;\">O \u00f3rg\u00e3o informou ainda que \u201cmesmo sem autoriza\u00e7\u00e3o da escolta, o detento subiu no poste para realizar reparos na fia\u00e7\u00e3o, momento em que recebeu uma descarga el\u00e9trica\u201d.<\/p>\n<p style=\"text-align: justify;\">E afirmou que diante da situa\u00e7\u00e3o, se solidariza com a fam\u00edlia enlutada, manifestando profundo pesar e informando que todos os procedimentos cab\u00edveis ser\u00e3o tomados no sentido de realizar o devido amparo neste momento de dor.<\/p>\n","protected":false},"excerpt":{"rendered":"<p style=\"text-align: justify;\">Homem prestava servi\u00e7os no pres\u00eddio de Rio Branco<\/p>\n","protected":false},"author":4,"featured_media":50055,"comment_status":"open","ping_status":"open","sticky":false,"template":"","format":"standard","meta":{"jnews-multi-image_gallery":[],"jnews_single_post":[],"jnews_primary_category":[],"jnews_social_meta":[],"jnews_review":[],"enable_review":"","type":"","name":"","summary":"","brand":"","sku":"","good":[],"bad":[],"score_override":"","override_value":"","rating":[],"price":[],"footnotes":""},"categories":[44],"tags":[],"class_list":["post-51014","post","type-post","status-publish","format-standard","has-post-thumbnail","hentry","category-policia"],"yoast_head":"<!-- This site is optimized with the Yoast SEO plugin v26.5 - https:\/\/yoast.com\/wordpress\/plugins\/seo\/ -->\n<title>Detento morre ap\u00f3s receber descarga el\u00e9trica e cair de poste - Agazeta.net<\/title>\n<meta name=\"robots\" content=\"index, follow, max-snippet:-1, max-image-preview:large, max-video-preview:-1\" \/>\n<link rel=\"canonical\" href=\"https:\/\/nk7-testes.com.br\/agazeta\/detento-morre-apos-receber-descarga-eletrica-e-cair-de-poste\/\" \/>\n<meta property=\"og:locale\" content=\"pt_BR\" \/>\n<meta property=\"og:type\" content=\"article\" \/>\n<meta property=\"og:title\" content=\"Detento morre ap\u00f3s receber descarga el\u00e9trica e cair de poste - Agazeta.net\" \/>\n<meta property=\"og:description\" content=\"Homem prestava servi\u00e7os no pres\u00eddio de Rio Branco\" \/>\n<meta property=\"og:url\" content=\"https:\/\/nk7-testes.com.br\/agazeta\/detento-morre-apos-receber-descarga-eletrica-e-cair-de-poste\/\" \/>\n<meta property=\"og:site_name\" content=\"Agazeta.net\" \/>\n<meta property=\"article:published_time\" content=\"2020-11-06T11:54:28+00:00\" \/>\n<meta property=\"og:image\" content=\"https:\/\/nk7-testes.com.br\/agazeta\/wp-content\/uploads\/2020\/09\/12-09-20-preso-morto-dentro-foc.jpg\" \/>\n\t<meta property=\"og:image:width\" content=\"458\" \/>\n\t<meta property=\"og:image:height\" content=\"340\" \/>\n\t<meta property=\"og:image:type\" content=\"image\/jpeg\" \/>\n<meta name=\"author\" content=\"Agazeta.Net\" \/>\n<meta name=\"twitter:card\" content=\"summary_large_image\" \/>\n<meta name=\"twitter:label1\" content=\"Escrito por\" \/>\n\t<meta name=\"twitter:data1\" content=\"Agazeta.Net\" \/>\n\t<meta name=\"twitter:label2\" content=\"Est. tempo de leitura\" \/>\n\t<meta name=\"twitter:data2\" content=\"1 minuto\" \/>\n<script type=\"application\/ld+json\" class=\"yoast-schema-graph\">{\"@context\":\"https:\/\/schema.org\",\"@graph\":[{\"@type\":\"WebPage\",\"@id\":\"https:\/\/nk7-testes.com.br\/agazeta\/detento-morre-apos-receber-descarga-eletrica-e-cair-de-poste\/\",\"url\":\"https:\/\/nk7-testes.com.br\/agazeta\/detento-morre-apos-receber-descarga-eletrica-e-cair-de-poste\/\",\"name\":\"Detento morre ap\u00f3s receber descarga el\u00e9trica e cair de poste - Agazeta.net\",\"isPartOf\":{\"@id\":\"https:\/\/nk7-testes.com.br\/agazeta\/#website\"},\"primaryImageOfPage\":{\"@id\":\"https:\/\/nk7-testes.com.br\/agazeta\/detento-morre-apos-receber-descarga-eletrica-e-cair-de-poste\/#primaryimage\"},\"image\":{\"@id\":\"https:\/\/nk7-testes.com.br\/agazeta\/detento-morre-apos-receber-descarga-eletrica-e-cair-de-poste\/#primaryimage\"},\"thumbnailUrl\":\"https:\/\/nk7-testes.com.br\/agazeta\/wp-content\/uploads\/2020\/09\/12-09-20-preso-morto-dentro-foc.jpg\",\"datePublished\":\"2020-11-06T11:54:28+00:00\",\"author\":{\"@id\":\"https:\/\/nk7-testes.com.br\/agazeta\/#\/schema\/person\/6d6e25cb0435eb4a02fd44d30b4e3020\"},\"breadcrumb\":{\"@id\":\"https:\/\/nk7-testes.com.br\/agazeta\/detento-morre-apos-receber-descarga-eletrica-e-cair-de-poste\/#breadcrumb\"},\"inLanguage\":\"pt-BR\",\"potentialAction\":[{\"@type\":\"ReadAction\",\"target\":[\"https:\/\/nk7-testes.com.br\/agazeta\/detento-morre-apos-receber-descarga-eletrica-e-cair-de-poste\/\"]}]},{\"@type\":\"ImageObject\",\"inLanguage\":\"pt-BR\",\"@id\":\"https:\/\/nk7-testes.com.br\/agazeta\/detento-morre-apos-receber-descarga-eletrica-e-cair-de-poste\/#primaryimage\",\"url\":\"https:\/\/nk7-testes.com.br\/agazeta\/wp-content\/uploads\/2020\/09\/12-09-20-preso-morto-dentro-foc.jpg\",\"contentUrl\":\"https:\/\/nk7-testes.com.br\/agazeta\/wp-content\/uploads\/2020\/09\/12-09-20-preso-morto-dentro-foc.jpg\",\"width\":458,\"height\":340,\"caption\":\"12-09-20-preso-morto-dentro-foc\"},{\"@type\":\"BreadcrumbList\",\"@id\":\"https:\/\/nk7-testes.com.br\/agazeta\/detento-morre-apos-receber-descarga-eletrica-e-cair-de-poste\/#breadcrumb\",\"itemListElement\":[{\"@type\":\"ListItem\",\"position\":1,\"name\":\"In\u00edcio\",\"item\":\"https:\/\/nk7-testes.com.br\/agazeta\/\"},{\"@type\":\"ListItem\",\"position\":2,\"name\":\"Detento morre ap\u00f3s receber descarga el\u00e9trica e cair de poste\"}]},{\"@type\":\"WebSite\",\"@id\":\"https:\/\/nk7-testes.com.br\/agazeta\/#website\",\"url\":\"https:\/\/nk7-testes.com.br\/agazeta\/\",\"name\":\"Agazeta.net\",\"description\":\"Agazeta.net - Not\u00edcias de Rio Branco\/AC\",\"potentialAction\":[{\"@type\":\"SearchAction\",\"target\":{\"@type\":\"EntryPoint\",\"urlTemplate\":\"https:\/\/nk7-testes.com.br\/agazeta\/?s={search_term_string}\"},\"query-input\":{\"@type\":\"PropertyValueSpecification\",\"valueRequired\":true,\"valueName\":\"search_term_string\"}}],\"inLanguage\":\"pt-BR\"},{\"@type\":\"Person\",\"@id\":\"https:\/\/nk7-testes.com.br\/agazeta\/#\/schema\/person\/6d6e25cb0435eb4a02fd44d30b4e3020\",\"name\":\"Agazeta.Net\",\"url\":\"https:\/\/nk7-testes.com.br\/agazeta\/author\/agazeta\/\"}]}<\/script>\n<!-- \/ Yoast SEO plugin. -->","yoast_head_json":{"title":"Detento morre ap\u00f3s receber descarga el\u00e9trica e cair de poste - Agazeta.net","robots":{"index":"index","follow":"follow","max-snippet":"max-snippet:-1","max-image-preview":"max-image-preview:large","max-video-preview":"max-video-preview:-1"},"canonical":"https:\/\/nk7-testes.com.br\/agazeta\/detento-morre-apos-receber-descarga-eletrica-e-cair-de-poste\/","og_locale":"pt_BR","og_type":"article","og_title":"Detento morre ap\u00f3s receber descarga el\u00e9trica e cair de poste - Agazeta.net","og_description":"Homem prestava servi\u00e7os no pres\u00eddio de Rio Branco","og_url":"https:\/\/nk7-testes.com.br\/agazeta\/detento-morre-apos-receber-descarga-eletrica-e-cair-de-poste\/","og_site_name":"Agazeta.net","article_published_time":"2020-11-06T11:54:28+00:00","og_image":[{"width":458,"height":340,"url":"https:\/\/nk7-testes.com.br\/agazeta\/wp-content\/uploads\/2020\/09\/12-09-20-preso-morto-dentro-foc.jpg","type":"image\/jpeg"}],"author":"Agazeta.Net","twitter_card":"summary_large_image","twitter_misc":{"Escrito por":"Agazeta.Net","Est. tempo de leitura":"1 minuto"},"schema":{"@context":"https:\/\/schema.org","@graph":[{"@type":"WebPage","@id":"https:\/\/nk7-testes.com.br\/agazeta\/detento-morre-apos-receber-descarga-eletrica-e-cair-de-poste\/","url":"https:\/\/nk7-testes.com.br\/agazeta\/detento-morre-apos-receber-descarga-eletrica-e-cair-de-poste\/","name":"Detento morre ap\u00f3s receber descarga el\u00e9trica e cair de poste - Agazeta.net","isPartOf":{"@id":"https:\/\/nk7-testes.com.br\/agazeta\/#website"},"primaryImageOfPage":{"@id":"https:\/\/nk7-testes.com.br\/agazeta\/detento-morre-apos-receber-descarga-eletrica-e-cair-de-poste\/#primaryimage"},"image":{"@id":"https:\/\/nk7-testes.com.br\/agazeta\/detento-morre-apos-receber-descarga-eletrica-e-cair-de-poste\/#primaryimage"},"thumbnailUrl":"https:\/\/nk7-testes.com.br\/agazeta\/wp-content\/uploads\/2020\/09\/12-09-20-preso-morto-dentro-foc.jpg","datePublished":"2020-11-06T11:54:28+00:00","author":{"@id":"https:\/\/nk7-testes.com.br\/agazeta\/#\/schema\/person\/6d6e25cb0435eb4a02fd44d30b4e3020"},"breadcrumb":{"@id":"https:\/\/nk7-testes.com.br\/agazeta\/detento-morre-apos-receber-descarga-eletrica-e-cair-de-poste\/#breadcrumb"},"inLanguage":"pt-BR","potentialAction":[{"@type":"ReadAction","target":["https:\/\/nk7-testes.com.br\/agazeta\/detento-morre-apos-receber-descarga-eletrica-e-cair-de-poste\/"]}]},{"@type":"ImageObject","inLanguage":"pt-BR","@id":"https:\/\/nk7-testes.com.br\/agazeta\/detento-morre-apos-receber-descarga-eletrica-e-cair-de-poste\/#primaryimage","url":"https:\/\/nk7-testes.com.br\/agazeta\/wp-content\/uploads\/2020\/09\/12-09-20-preso-morto-dentro-foc.jpg","contentUrl":"https:\/\/nk7-testes.com.br\/agazeta\/wp-content\/uploads\/2020\/09\/12-09-20-preso-morto-dentro-foc.jpg","width":458,"height":340,"caption":"12-09-20-preso-morto-dentro-foc"},{"@type":"BreadcrumbList","@id":"https:\/\/nk7-testes.com.br\/agazeta\/detento-morre-apos-receber-descarga-eletrica-e-cair-de-poste\/#breadcrumb","itemListElement":[{"@type":"ListItem","position":1,"name":"In\u00edcio","item":"https:\/\/nk7-testes.com.br\/agazeta\/"},{"@type":"ListItem","position":2,"name":"Detento morre ap\u00f3s receber descarga el\u00e9trica e cair de poste"}]},{"@type":"WebSite","@id":"https:\/\/nk7-testes.com.br\/agazeta\/#website","url":"https:\/\/nk7-testes.com.br\/agazeta\/","name":"Agazeta.net","description":"Agazeta.net - Not\u00edcias de Rio Branco\/AC","potentialAction":[{"@type":"SearchAction","target":{"@type":"EntryPoint","urlTemplate":"https:\/\/nk7-testes.com.br\/agazeta\/?s={search_term_string}"},"query-input":{"@type":"PropertyValueSpecification","valueRequired":true,"valueName":"search_term_string"}}],"inLanguage":"pt-BR"},{"@type":"Person","@id":"https:\/\/nk7-testes.com.br\/agazeta\/#\/schema\/person\/6d6e25cb0435eb4a02fd44d30b4e3020","name":"Agazeta.Net","url":"https:\/\/nk7-testes.com.br\/agazeta\/author\/agazeta\/"}]}},"_links":{"self":[{"href":"https:\/\/nk7-testes.com.br\/agazeta\/wp-json\/wp\/v2\/posts\/51014","targetHints":{"allow":["GET"]}}],"collection":[{"href":"https:\/\/nk7-testes.com.br\/agazeta\/wp-json\/wp\/v2\/posts"}],"about":[{"href":"https:\/\/nk7-testes.com.br\/agazeta\/wp-json\/wp\/v2\/types\/post"}],"author":[{"embeddable":true,"href":"https:\/\/nk7-testes.com.br\/agazeta\/wp-json\/wp\/v2\/users\/4"}],"replies":[{"embeddable":true,"href":"https:\/\/nk7-testes.com.br\/agazeta\/wp-json\/wp\/v2\/comments?post=51014"}],"version-history":[{"count":0,"href":"https:\/\/nk7-testes.com.br\/agazeta\/wp-json\/wp\/v2\/posts\/51014\/revisions"}],"wp:featuredmedia":[{"embeddable":true,"href":"https:\/\/nk7-testes.com.br\/agazeta\/wp-json\/wp\/v2\/media\/50055"}],"wp:attachment":[{"href":"https:\/\/nk7-testes.com.br\/agazeta\/wp-json\/wp\/v2\/media?parent=51014"}],"wp:term":[{"taxonomy":"category","embeddable":true,"href":"https:\/\/nk7-testes.com.br\/agazeta\/wp-json\/wp\/v2\/categories?post=51014"},{"taxonomy":"post_tag","embeddable":true,"href":"https:\/\/nk7-testes.com.br\/agazeta\/wp-json\/wp\/v2\/tags?post=51014"}],"curies":[{"name":"wp","href":"https:\/\/api.w.org\/{rel}","templated":true}]}}