{"id":50965,"date":"2020-11-04T13:44:08","date_gmt":"2020-11-04T13:44:08","guid":{"rendered":"https:\/\/abarevegan.com.br\/index.php\/2020\/11\/04\/homem-morre-em-incendio-a-residencia-no-bairro-chico-paulo\/"},"modified":"2020-11-04T13:44:08","modified_gmt":"2020-11-04T13:44:08","slug":"homem-morre-em-incendio-a-residencia-no-bairro-chico-paulo","status":"publish","type":"post","link":"https:\/\/nk7-testes.com.br\/agazeta\/homem-morre-em-incendio-a-residencia-no-bairro-chico-paulo\/","title":{"rendered":"Homem morre em inc\u00eandio a resid\u00eancia no bairro Chico Paulo"},"content":{"rendered":"<p style=\"text-align: justify;\">Vizinhos ainda teriam tentado socorrer a v\u00edtima<\/p>\n<p style=\"text-align: justify;\">O senhor Afonso Pereira de Souza, 56 anos, morreu num inc\u00eandio a uma resid\u00eancia na rua Hermes Brasileirinho, bairro Chico Paulo 2, em Senador Guiomard, por volta das 4h e 30 de hoje (4).<\/p>\n<p style=\"text-align: justify;\">De acordo com vizinhos, Afonso morava sozinho e apesar de terem tentado socorrer a v\u00edtima, n\u00e3o teriam tido sucesso. Eles tamb\u00e9m falaram que suspeitam que o homem possa ter incendiado a casa de forma proposital.<\/p>\n<p style=\"text-align: justify;\">Uma equipe do Corpo de Bombeiros foi acionada, mas a casa deu perca total e a v\u00edtima acabou falecendo.<\/p>\n<p style=\"text-align: justify;\">O corpo de Afonso foi retirado da casa por uma equipe do IML, que tamb\u00e9m realizou per\u00edcia para descobrir que se incendio foi proposital, acidental ou se outra pessoa teria colocado fogo na casa.<\/p>\n","protected":false},"excerpt":{"rendered":"<p style=\"text-align: justify;\">Vizinhos ainda teriam tentado socorrer a v\u00edtima<\/p>\n","protected":false},"author":4,"featured_media":50964,"comment_status":"open","ping_status":"open","sticky":false,"template":"","format":"standard","meta":{"jnews-multi-image_gallery":[],"jnews_single_post":[],"jnews_primary_category":[],"jnews_social_meta":[],"jnews_review":[],"enable_review":"","type":"","name":"","summary":"","brand":"","sku":"","good":[],"bad":[],"score_override":"","override_value":"","rating":[],"price":[],"footnotes":""},"categories":[44],"tags":[],"class_list":["post-50965","post","type-post","status-publish","format-standard","has-post-thumbnail","hentry","category-policia"],"yoast_head":"<!-- This site is optimized with the Yoast SEO plugin v26.5 - https:\/\/yoast.com\/wordpress\/plugins\/seo\/ -->\n<title>Homem morre em inc\u00eandio a resid\u00eancia no bairro Chico Paulo - Agazeta.net<\/title>\n<meta name=\"robots\" content=\"index, follow, max-snippet:-1, max-image-preview:large, max-video-preview:-1\" \/>\n<link rel=\"canonical\" href=\"https:\/\/nk7-testes.com.br\/agazeta\/homem-morre-em-incendio-a-residencia-no-bairro-chico-paulo\/\" \/>\n<meta property=\"og:locale\" content=\"pt_BR\" \/>\n<meta property=\"og:type\" content=\"article\" \/>\n<meta property=\"og:title\" content=\"Homem morre em inc\u00eandio a resid\u00eancia no bairro Chico Paulo - Agazeta.net\" \/>\n<meta property=\"og:description\" content=\"Vizinhos ainda teriam tentado socorrer a v\u00edtima\" \/>\n<meta property=\"og:url\" content=\"https:\/\/nk7-testes.com.br\/agazeta\/homem-morre-em-incendio-a-residencia-no-bairro-chico-paulo\/\" \/>\n<meta property=\"og:site_name\" content=\"Agazeta.net\" \/>\n<meta property=\"article:published_time\" content=\"2020-11-04T13:44:08+00:00\" \/>\n<meta property=\"og:image\" content=\"https:\/\/nk7-testes.com.br\/agazeta\/wp-content\/uploads\/2020\/11\/04112020-casa-incendio.jpg\" \/>\n\t<meta property=\"og:image:width\" content=\"458\" \/>\n\t<meta property=\"og:image:height\" content=\"340\" \/>\n\t<meta property=\"og:image:type\" content=\"image\/jpeg\" \/>\n<meta name=\"author\" content=\"Agazeta.Net\" \/>\n<meta name=\"twitter:card\" content=\"summary_large_image\" \/>\n<meta name=\"twitter:label1\" content=\"Escrito por\" \/>\n\t<meta name=\"twitter:data1\" content=\"Agazeta.Net\" \/>\n\t<meta name=\"twitter:label2\" content=\"Est. tempo de leitura\" \/>\n\t<meta name=\"twitter:data2\" content=\"1 minuto\" \/>\n<script type=\"application\/ld+json\" class=\"yoast-schema-graph\">{\"@context\":\"https:\/\/schema.org\",\"@graph\":[{\"@type\":\"WebPage\",\"@id\":\"https:\/\/nk7-testes.com.br\/agazeta\/homem-morre-em-incendio-a-residencia-no-bairro-chico-paulo\/\",\"url\":\"https:\/\/nk7-testes.com.br\/agazeta\/homem-morre-em-incendio-a-residencia-no-bairro-chico-paulo\/\",\"name\":\"Homem morre em inc\u00eandio a resid\u00eancia no bairro Chico Paulo - Agazeta.net\",\"isPartOf\":{\"@id\":\"https:\/\/nk7-testes.com.br\/agazeta\/#website\"},\"primaryImageOfPage\":{\"@id\":\"https:\/\/nk7-testes.com.br\/agazeta\/homem-morre-em-incendio-a-residencia-no-bairro-chico-paulo\/#primaryimage\"},\"image\":{\"@id\":\"https:\/\/nk7-testes.com.br\/agazeta\/homem-morre-em-incendio-a-residencia-no-bairro-chico-paulo\/#primaryimage\"},\"thumbnailUrl\":\"https:\/\/nk7-testes.com.br\/agazeta\/wp-content\/uploads\/2020\/11\/04112020-casa-incendio.jpg\",\"datePublished\":\"2020-11-04T13:44:08+00:00\",\"author\":{\"@id\":\"https:\/\/nk7-testes.com.br\/agazeta\/#\/schema\/person\/6d6e25cb0435eb4a02fd44d30b4e3020\"},\"breadcrumb\":{\"@id\":\"https:\/\/nk7-testes.com.br\/agazeta\/homem-morre-em-incendio-a-residencia-no-bairro-chico-paulo\/#breadcrumb\"},\"inLanguage\":\"pt-BR\",\"potentialAction\":[{\"@type\":\"ReadAction\",\"target\":[\"https:\/\/nk7-testes.com.br\/agazeta\/homem-morre-em-incendio-a-residencia-no-bairro-chico-paulo\/\"]}]},{\"@type\":\"ImageObject\",\"inLanguage\":\"pt-BR\",\"@id\":\"https:\/\/nk7-testes.com.br\/agazeta\/homem-morre-em-incendio-a-residencia-no-bairro-chico-paulo\/#primaryimage\",\"url\":\"https:\/\/nk7-testes.com.br\/agazeta\/wp-content\/uploads\/2020\/11\/04112020-casa-incendio.jpg\",\"contentUrl\":\"https:\/\/nk7-testes.com.br\/agazeta\/wp-content\/uploads\/2020\/11\/04112020-casa-incendio.jpg\",\"width\":458,\"height\":340,\"caption\":\"04112020-casa-incendio\"},{\"@type\":\"BreadcrumbList\",\"@id\":\"https:\/\/nk7-testes.com.br\/agazeta\/homem-morre-em-incendio-a-residencia-no-bairro-chico-paulo\/#breadcrumb\",\"itemListElement\":[{\"@type\":\"ListItem\",\"position\":1,\"name\":\"In\u00edcio\",\"item\":\"https:\/\/nk7-testes.com.br\/agazeta\/\"},{\"@type\":\"ListItem\",\"position\":2,\"name\":\"Homem morre em inc\u00eandio a resid\u00eancia no bairro Chico Paulo\"}]},{\"@type\":\"WebSite\",\"@id\":\"https:\/\/nk7-testes.com.br\/agazeta\/#website\",\"url\":\"https:\/\/nk7-testes.com.br\/agazeta\/\",\"name\":\"Agazeta.net\",\"description\":\"Agazeta.net - Not\u00edcias de Rio Branco\/AC\",\"potentialAction\":[{\"@type\":\"SearchAction\",\"target\":{\"@type\":\"EntryPoint\",\"urlTemplate\":\"https:\/\/nk7-testes.com.br\/agazeta\/?s={search_term_string}\"},\"query-input\":{\"@type\":\"PropertyValueSpecification\",\"valueRequired\":true,\"valueName\":\"search_term_string\"}}],\"inLanguage\":\"pt-BR\"},{\"@type\":\"Person\",\"@id\":\"https:\/\/nk7-testes.com.br\/agazeta\/#\/schema\/person\/6d6e25cb0435eb4a02fd44d30b4e3020\",\"name\":\"Agazeta.Net\",\"url\":\"https:\/\/nk7-testes.com.br\/agazeta\/author\/agazeta\/\"}]}<\/script>\n<!-- \/ Yoast SEO plugin. -->","yoast_head_json":{"title":"Homem morre em inc\u00eandio a resid\u00eancia no bairro Chico Paulo - Agazeta.net","robots":{"index":"index","follow":"follow","max-snippet":"max-snippet:-1","max-image-preview":"max-image-preview:large","max-video-preview":"max-video-preview:-1"},"canonical":"https:\/\/nk7-testes.com.br\/agazeta\/homem-morre-em-incendio-a-residencia-no-bairro-chico-paulo\/","og_locale":"pt_BR","og_type":"article","og_title":"Homem morre em inc\u00eandio a resid\u00eancia no bairro Chico Paulo - Agazeta.net","og_description":"Vizinhos ainda teriam tentado socorrer a v\u00edtima","og_url":"https:\/\/nk7-testes.com.br\/agazeta\/homem-morre-em-incendio-a-residencia-no-bairro-chico-paulo\/","og_site_name":"Agazeta.net","article_published_time":"2020-11-04T13:44:08+00:00","og_image":[{"width":458,"height":340,"url":"https:\/\/nk7-testes.com.br\/agazeta\/wp-content\/uploads\/2020\/11\/04112020-casa-incendio.jpg","type":"image\/jpeg"}],"author":"Agazeta.Net","twitter_card":"summary_large_image","twitter_misc":{"Escrito por":"Agazeta.Net","Est. tempo de leitura":"1 minuto"},"schema":{"@context":"https:\/\/schema.org","@graph":[{"@type":"WebPage","@id":"https:\/\/nk7-testes.com.br\/agazeta\/homem-morre-em-incendio-a-residencia-no-bairro-chico-paulo\/","url":"https:\/\/nk7-testes.com.br\/agazeta\/homem-morre-em-incendio-a-residencia-no-bairro-chico-paulo\/","name":"Homem morre em inc\u00eandio a resid\u00eancia no bairro Chico Paulo - Agazeta.net","isPartOf":{"@id":"https:\/\/nk7-testes.com.br\/agazeta\/#website"},"primaryImageOfPage":{"@id":"https:\/\/nk7-testes.com.br\/agazeta\/homem-morre-em-incendio-a-residencia-no-bairro-chico-paulo\/#primaryimage"},"image":{"@id":"https:\/\/nk7-testes.com.br\/agazeta\/homem-morre-em-incendio-a-residencia-no-bairro-chico-paulo\/#primaryimage"},"thumbnailUrl":"https:\/\/nk7-testes.com.br\/agazeta\/wp-content\/uploads\/2020\/11\/04112020-casa-incendio.jpg","datePublished":"2020-11-04T13:44:08+00:00","author":{"@id":"https:\/\/nk7-testes.com.br\/agazeta\/#\/schema\/person\/6d6e25cb0435eb4a02fd44d30b4e3020"},"breadcrumb":{"@id":"https:\/\/nk7-testes.com.br\/agazeta\/homem-morre-em-incendio-a-residencia-no-bairro-chico-paulo\/#breadcrumb"},"inLanguage":"pt-BR","potentialAction":[{"@type":"ReadAction","target":["https:\/\/nk7-testes.com.br\/agazeta\/homem-morre-em-incendio-a-residencia-no-bairro-chico-paulo\/"]}]},{"@type":"ImageObject","inLanguage":"pt-BR","@id":"https:\/\/nk7-testes.com.br\/agazeta\/homem-morre-em-incendio-a-residencia-no-bairro-chico-paulo\/#primaryimage","url":"https:\/\/nk7-testes.com.br\/agazeta\/wp-content\/uploads\/2020\/11\/04112020-casa-incendio.jpg","contentUrl":"https:\/\/nk7-testes.com.br\/agazeta\/wp-content\/uploads\/2020\/11\/04112020-casa-incendio.jpg","width":458,"height":340,"caption":"04112020-casa-incendio"},{"@type":"BreadcrumbList","@id":"https:\/\/nk7-testes.com.br\/agazeta\/homem-morre-em-incendio-a-residencia-no-bairro-chico-paulo\/#breadcrumb","itemListElement":[{"@type":"ListItem","position":1,"name":"In\u00edcio","item":"https:\/\/nk7-testes.com.br\/agazeta\/"},{"@type":"ListItem","position":2,"name":"Homem morre em inc\u00eandio a resid\u00eancia no bairro Chico Paulo"}]},{"@type":"WebSite","@id":"https:\/\/nk7-testes.com.br\/agazeta\/#website","url":"https:\/\/nk7-testes.com.br\/agazeta\/","name":"Agazeta.net","description":"Agazeta.net - Not\u00edcias de Rio Branco\/AC","potentialAction":[{"@type":"SearchAction","target":{"@type":"EntryPoint","urlTemplate":"https:\/\/nk7-testes.com.br\/agazeta\/?s={search_term_string}"},"query-input":{"@type":"PropertyValueSpecification","valueRequired":true,"valueName":"search_term_string"}}],"inLanguage":"pt-BR"},{"@type":"Person","@id":"https:\/\/nk7-testes.com.br\/agazeta\/#\/schema\/person\/6d6e25cb0435eb4a02fd44d30b4e3020","name":"Agazeta.Net","url":"https:\/\/nk7-testes.com.br\/agazeta\/author\/agazeta\/"}]}},"_links":{"self":[{"href":"https:\/\/nk7-testes.com.br\/agazeta\/wp-json\/wp\/v2\/posts\/50965","targetHints":{"allow":["GET"]}}],"collection":[{"href":"https:\/\/nk7-testes.com.br\/agazeta\/wp-json\/wp\/v2\/posts"}],"about":[{"href":"https:\/\/nk7-testes.com.br\/agazeta\/wp-json\/wp\/v2\/types\/post"}],"author":[{"embeddable":true,"href":"https:\/\/nk7-testes.com.br\/agazeta\/wp-json\/wp\/v2\/users\/4"}],"replies":[{"embeddable":true,"href":"https:\/\/nk7-testes.com.br\/agazeta\/wp-json\/wp\/v2\/comments?post=50965"}],"version-history":[{"count":0,"href":"https:\/\/nk7-testes.com.br\/agazeta\/wp-json\/wp\/v2\/posts\/50965\/revisions"}],"wp:featuredmedia":[{"embeddable":true,"href":"https:\/\/nk7-testes.com.br\/agazeta\/wp-json\/wp\/v2\/media\/50964"}],"wp:attachment":[{"href":"https:\/\/nk7-testes.com.br\/agazeta\/wp-json\/wp\/v2\/media?parent=50965"}],"wp:term":[{"taxonomy":"category","embeddable":true,"href":"https:\/\/nk7-testes.com.br\/agazeta\/wp-json\/wp\/v2\/categories?post=50965"},{"taxonomy":"post_tag","embeddable":true,"href":"https:\/\/nk7-testes.com.br\/agazeta\/wp-json\/wp\/v2\/tags?post=50965"}],"curies":[{"name":"wp","href":"https:\/\/api.w.org\/{rel}","templated":true}]}}