{"id":50963,"date":"2020-11-04T13:26:15","date_gmt":"2020-11-04T13:26:15","guid":{"rendered":"https:\/\/abarevegan.com.br\/index.php\/2020\/11\/04\/policia-federal-deflagra-operacao-no-acre-e-rondonia-contra-crime-organizado\/"},"modified":"2020-11-04T13:26:15","modified_gmt":"2020-11-04T13:26:15","slug":"policia-federal-deflagra-operacao-no-acre-e-rondonia-contra-crime-organizado","status":"publish","type":"post","link":"https:\/\/nk7-testes.com.br\/agazeta\/policia-federal-deflagra-operacao-no-acre-e-rondonia-contra-crime-organizado\/","title":{"rendered":"PF deflagra opera\u00e7\u00e3o no Acre e Rond\u00f4nia contra crime organizado"},"content":{"rendered":"<p style=\"text-align: justify;\">Suspeitos levariam drogas para o Rio Grande do Norte<\/p>\n<p style=\"text-align: justify;\">A Pol\u00edcia Federal deflagrou nesta quarta-feira (4), a Opera\u00e7\u00e3o Terminus com o objetivo de desarticular financeiramente uma organiza\u00e7\u00e3o criminosa dedicada ao tr\u00e1fico de drogas interestadual.<\/p>\n<p style=\"text-align: justify;\">A a\u00e7\u00e3o conta com cerca de 60 policiais federais dos estados do Acre e Rond\u00f4nia, que cumprem sete ordens judiciais de busca e apreens\u00e3o domiciliar e cinco mandados de pris\u00e3o preventiva de integrantes de organiza\u00e7\u00e3o criminosa que aliciam motoristas de caminh\u00f5es na regi\u00e3o de Rond\u00f4nia para o transporte de drogas com destino \u00e0 regi\u00e3o Nordeste do pa\u00eds, principalmente ao estado do Rio Grande do Norte.<\/p>\n<p style=\"text-align: justify;\">O grupo criminoso teria sido respons\u00e1vel pelo carregamento de 160 kg de coca\u00edna e skank (droga similar \u00e0 maconha, mas com maior pot\u00eancia) apreendidas em um caminh\u00e3o do tipo bi-trem em agosto deste ano, quando tamb\u00e9m foi preso em flagrante um de seus operadores log\u00edsticos.<\/p>\n<p style=\"text-align: justify;\">A investiga\u00e7\u00e3o policial tamb\u00e9m revelou que a organiza\u00e7\u00e3o criminosa utilizava empresas em nome de pessoas intermedi\u00e1rias, bem como uma fazenda com centenas de cabe\u00e7as de gado, para lavagem de dinheiro, buscando, assim, dar apar\u00eancia l\u00edcita ao recurso oriundo do tr\u00e1fico de drogas.<\/p>\n<p style=\"text-align: justify;\">A opera\u00e7\u00e3o busca tamb\u00e9m apreender, bloquear e sequestrar bens da organiza\u00e7\u00e3o criminosa, incluindo diversos ve\u00edculos, dentre os quais um autom\u00f3vel blindado, al\u00e9m de tratores, caminh\u00f5es, m\u00e1quinas pesadas, uma fazenda, centenas de cabe\u00e7as de gado e outros ativos financeiros, que somam montante de aproximadamente R$ 2 milh\u00f5es.<\/p>\n","protected":false},"excerpt":{"rendered":"<p style=\"text-align: justify;\">Suspeitos levariam drogas para o Rio Grande do Norte<\/p>\n","protected":false},"author":4,"featured_media":50962,"comment_status":"open","ping_status":"open","sticky":false,"template":"","format":"standard","meta":{"jnews-multi-image_gallery":[],"jnews_single_post":[],"jnews_primary_category":[],"jnews_social_meta":[],"jnews_review":[],"enable_review":"","type":"","name":"","summary":"","brand":"","sku":"","good":[],"bad":[],"score_override":"","override_value":"","rating":[],"price":[],"footnotes":""},"categories":[44],"tags":[],"class_list":["post-50963","post","type-post","status-publish","format-standard","has-post-thumbnail","hentry","category-policia"],"yoast_head":"<!-- This site is optimized with the Yoast SEO plugin v26.5 - https:\/\/yoast.com\/wordpress\/plugins\/seo\/ -->\n<title>PF deflagra opera\u00e7\u00e3o no Acre e Rond\u00f4nia contra crime organizado - Agazeta.net<\/title>\n<meta name=\"robots\" content=\"index, follow, max-snippet:-1, max-image-preview:large, max-video-preview:-1\" \/>\n<link rel=\"canonical\" href=\"https:\/\/nk7-testes.com.br\/agazeta\/policia-federal-deflagra-operacao-no-acre-e-rondonia-contra-crime-organizado\/\" \/>\n<meta property=\"og:locale\" content=\"pt_BR\" \/>\n<meta property=\"og:type\" content=\"article\" \/>\n<meta property=\"og:title\" content=\"PF deflagra opera\u00e7\u00e3o no Acre e Rond\u00f4nia contra crime organizado - Agazeta.net\" \/>\n<meta property=\"og:description\" content=\"Suspeitos levariam drogas para o Rio Grande do Norte\" \/>\n<meta property=\"og:url\" content=\"https:\/\/nk7-testes.com.br\/agazeta\/policia-federal-deflagra-operacao-no-acre-e-rondonia-contra-crime-organizado\/\" \/>\n<meta property=\"og:site_name\" content=\"Agazeta.net\" \/>\n<meta property=\"article:published_time\" content=\"2020-11-04T13:26:15+00:00\" \/>\n<meta property=\"og:image\" content=\"https:\/\/nk7-testes.com.br\/agazeta\/wp-content\/uploads\/2020\/11\/04-11-20-operacao-policia-federal-acre-rondonia.jpeg\" \/>\n\t<meta property=\"og:image:width\" content=\"458\" \/>\n\t<meta property=\"og:image:height\" content=\"340\" \/>\n\t<meta property=\"og:image:type\" content=\"image\/jpeg\" \/>\n<meta name=\"author\" content=\"Agazeta.Net\" \/>\n<meta name=\"twitter:card\" content=\"summary_large_image\" \/>\n<meta name=\"twitter:label1\" content=\"Escrito por\" \/>\n\t<meta name=\"twitter:data1\" content=\"Agazeta.Net\" \/>\n\t<meta name=\"twitter:label2\" content=\"Est. tempo de leitura\" \/>\n\t<meta name=\"twitter:data2\" content=\"1 minuto\" \/>\n<script type=\"application\/ld+json\" class=\"yoast-schema-graph\">{\"@context\":\"https:\/\/schema.org\",\"@graph\":[{\"@type\":\"WebPage\",\"@id\":\"https:\/\/nk7-testes.com.br\/agazeta\/policia-federal-deflagra-operacao-no-acre-e-rondonia-contra-crime-organizado\/\",\"url\":\"https:\/\/nk7-testes.com.br\/agazeta\/policia-federal-deflagra-operacao-no-acre-e-rondonia-contra-crime-organizado\/\",\"name\":\"PF deflagra opera\u00e7\u00e3o no Acre e Rond\u00f4nia contra crime organizado - Agazeta.net\",\"isPartOf\":{\"@id\":\"https:\/\/nk7-testes.com.br\/agazeta\/#website\"},\"primaryImageOfPage\":{\"@id\":\"https:\/\/nk7-testes.com.br\/agazeta\/policia-federal-deflagra-operacao-no-acre-e-rondonia-contra-crime-organizado\/#primaryimage\"},\"image\":{\"@id\":\"https:\/\/nk7-testes.com.br\/agazeta\/policia-federal-deflagra-operacao-no-acre-e-rondonia-contra-crime-organizado\/#primaryimage\"},\"thumbnailUrl\":\"https:\/\/nk7-testes.com.br\/agazeta\/wp-content\/uploads\/2020\/11\/04-11-20-operacao-policia-federal-acre-rondonia.jpeg\",\"datePublished\":\"2020-11-04T13:26:15+00:00\",\"author\":{\"@id\":\"https:\/\/nk7-testes.com.br\/agazeta\/#\/schema\/person\/6d6e25cb0435eb4a02fd44d30b4e3020\"},\"breadcrumb\":{\"@id\":\"https:\/\/nk7-testes.com.br\/agazeta\/policia-federal-deflagra-operacao-no-acre-e-rondonia-contra-crime-organizado\/#breadcrumb\"},\"inLanguage\":\"pt-BR\",\"potentialAction\":[{\"@type\":\"ReadAction\",\"target\":[\"https:\/\/nk7-testes.com.br\/agazeta\/policia-federal-deflagra-operacao-no-acre-e-rondonia-contra-crime-organizado\/\"]}]},{\"@type\":\"ImageObject\",\"inLanguage\":\"pt-BR\",\"@id\":\"https:\/\/nk7-testes.com.br\/agazeta\/policia-federal-deflagra-operacao-no-acre-e-rondonia-contra-crime-organizado\/#primaryimage\",\"url\":\"https:\/\/nk7-testes.com.br\/agazeta\/wp-content\/uploads\/2020\/11\/04-11-20-operacao-policia-federal-acre-rondonia.jpeg\",\"contentUrl\":\"https:\/\/nk7-testes.com.br\/agazeta\/wp-content\/uploads\/2020\/11\/04-11-20-operacao-policia-federal-acre-rondonia.jpeg\",\"width\":458,\"height\":340,\"caption\":\"04-11-20-opera\u00e7\u00e3o-policia-federal-acre-rondonia\"},{\"@type\":\"BreadcrumbList\",\"@id\":\"https:\/\/nk7-testes.com.br\/agazeta\/policia-federal-deflagra-operacao-no-acre-e-rondonia-contra-crime-organizado\/#breadcrumb\",\"itemListElement\":[{\"@type\":\"ListItem\",\"position\":1,\"name\":\"In\u00edcio\",\"item\":\"https:\/\/nk7-testes.com.br\/agazeta\/\"},{\"@type\":\"ListItem\",\"position\":2,\"name\":\"PF deflagra opera\u00e7\u00e3o no Acre e Rond\u00f4nia contra crime organizado\"}]},{\"@type\":\"WebSite\",\"@id\":\"https:\/\/nk7-testes.com.br\/agazeta\/#website\",\"url\":\"https:\/\/nk7-testes.com.br\/agazeta\/\",\"name\":\"Agazeta.net\",\"description\":\"Agazeta.net - Not\u00edcias de Rio Branco\/AC\",\"potentialAction\":[{\"@type\":\"SearchAction\",\"target\":{\"@type\":\"EntryPoint\",\"urlTemplate\":\"https:\/\/nk7-testes.com.br\/agazeta\/?s={search_term_string}\"},\"query-input\":{\"@type\":\"PropertyValueSpecification\",\"valueRequired\":true,\"valueName\":\"search_term_string\"}}],\"inLanguage\":\"pt-BR\"},{\"@type\":\"Person\",\"@id\":\"https:\/\/nk7-testes.com.br\/agazeta\/#\/schema\/person\/6d6e25cb0435eb4a02fd44d30b4e3020\",\"name\":\"Agazeta.Net\",\"url\":\"https:\/\/nk7-testes.com.br\/agazeta\/author\/agazeta\/\"}]}<\/script>\n<!-- \/ Yoast SEO plugin. -->","yoast_head_json":{"title":"PF deflagra opera\u00e7\u00e3o no Acre e Rond\u00f4nia contra crime organizado - Agazeta.net","robots":{"index":"index","follow":"follow","max-snippet":"max-snippet:-1","max-image-preview":"max-image-preview:large","max-video-preview":"max-video-preview:-1"},"canonical":"https:\/\/nk7-testes.com.br\/agazeta\/policia-federal-deflagra-operacao-no-acre-e-rondonia-contra-crime-organizado\/","og_locale":"pt_BR","og_type":"article","og_title":"PF deflagra opera\u00e7\u00e3o no Acre e Rond\u00f4nia contra crime organizado - Agazeta.net","og_description":"Suspeitos levariam drogas para o Rio Grande do Norte","og_url":"https:\/\/nk7-testes.com.br\/agazeta\/policia-federal-deflagra-operacao-no-acre-e-rondonia-contra-crime-organizado\/","og_site_name":"Agazeta.net","article_published_time":"2020-11-04T13:26:15+00:00","og_image":[{"width":458,"height":340,"url":"https:\/\/nk7-testes.com.br\/agazeta\/wp-content\/uploads\/2020\/11\/04-11-20-operacao-policia-federal-acre-rondonia.jpeg","type":"image\/jpeg"}],"author":"Agazeta.Net","twitter_card":"summary_large_image","twitter_misc":{"Escrito por":"Agazeta.Net","Est. tempo de leitura":"1 minuto"},"schema":{"@context":"https:\/\/schema.org","@graph":[{"@type":"WebPage","@id":"https:\/\/nk7-testes.com.br\/agazeta\/policia-federal-deflagra-operacao-no-acre-e-rondonia-contra-crime-organizado\/","url":"https:\/\/nk7-testes.com.br\/agazeta\/policia-federal-deflagra-operacao-no-acre-e-rondonia-contra-crime-organizado\/","name":"PF deflagra opera\u00e7\u00e3o no Acre e Rond\u00f4nia contra crime organizado - Agazeta.net","isPartOf":{"@id":"https:\/\/nk7-testes.com.br\/agazeta\/#website"},"primaryImageOfPage":{"@id":"https:\/\/nk7-testes.com.br\/agazeta\/policia-federal-deflagra-operacao-no-acre-e-rondonia-contra-crime-organizado\/#primaryimage"},"image":{"@id":"https:\/\/nk7-testes.com.br\/agazeta\/policia-federal-deflagra-operacao-no-acre-e-rondonia-contra-crime-organizado\/#primaryimage"},"thumbnailUrl":"https:\/\/nk7-testes.com.br\/agazeta\/wp-content\/uploads\/2020\/11\/04-11-20-operacao-policia-federal-acre-rondonia.jpeg","datePublished":"2020-11-04T13:26:15+00:00","author":{"@id":"https:\/\/nk7-testes.com.br\/agazeta\/#\/schema\/person\/6d6e25cb0435eb4a02fd44d30b4e3020"},"breadcrumb":{"@id":"https:\/\/nk7-testes.com.br\/agazeta\/policia-federal-deflagra-operacao-no-acre-e-rondonia-contra-crime-organizado\/#breadcrumb"},"inLanguage":"pt-BR","potentialAction":[{"@type":"ReadAction","target":["https:\/\/nk7-testes.com.br\/agazeta\/policia-federal-deflagra-operacao-no-acre-e-rondonia-contra-crime-organizado\/"]}]},{"@type":"ImageObject","inLanguage":"pt-BR","@id":"https:\/\/nk7-testes.com.br\/agazeta\/policia-federal-deflagra-operacao-no-acre-e-rondonia-contra-crime-organizado\/#primaryimage","url":"https:\/\/nk7-testes.com.br\/agazeta\/wp-content\/uploads\/2020\/11\/04-11-20-operacao-policia-federal-acre-rondonia.jpeg","contentUrl":"https:\/\/nk7-testes.com.br\/agazeta\/wp-content\/uploads\/2020\/11\/04-11-20-operacao-policia-federal-acre-rondonia.jpeg","width":458,"height":340,"caption":"04-11-20-opera\u00e7\u00e3o-policia-federal-acre-rondonia"},{"@type":"BreadcrumbList","@id":"https:\/\/nk7-testes.com.br\/agazeta\/policia-federal-deflagra-operacao-no-acre-e-rondonia-contra-crime-organizado\/#breadcrumb","itemListElement":[{"@type":"ListItem","position":1,"name":"In\u00edcio","item":"https:\/\/nk7-testes.com.br\/agazeta\/"},{"@type":"ListItem","position":2,"name":"PF deflagra opera\u00e7\u00e3o no Acre e Rond\u00f4nia contra crime organizado"}]},{"@type":"WebSite","@id":"https:\/\/nk7-testes.com.br\/agazeta\/#website","url":"https:\/\/nk7-testes.com.br\/agazeta\/","name":"Agazeta.net","description":"Agazeta.net - Not\u00edcias de Rio Branco\/AC","potentialAction":[{"@type":"SearchAction","target":{"@type":"EntryPoint","urlTemplate":"https:\/\/nk7-testes.com.br\/agazeta\/?s={search_term_string}"},"query-input":{"@type":"PropertyValueSpecification","valueRequired":true,"valueName":"search_term_string"}}],"inLanguage":"pt-BR"},{"@type":"Person","@id":"https:\/\/nk7-testes.com.br\/agazeta\/#\/schema\/person\/6d6e25cb0435eb4a02fd44d30b4e3020","name":"Agazeta.Net","url":"https:\/\/nk7-testes.com.br\/agazeta\/author\/agazeta\/"}]}},"_links":{"self":[{"href":"https:\/\/nk7-testes.com.br\/agazeta\/wp-json\/wp\/v2\/posts\/50963","targetHints":{"allow":["GET"]}}],"collection":[{"href":"https:\/\/nk7-testes.com.br\/agazeta\/wp-json\/wp\/v2\/posts"}],"about":[{"href":"https:\/\/nk7-testes.com.br\/agazeta\/wp-json\/wp\/v2\/types\/post"}],"author":[{"embeddable":true,"href":"https:\/\/nk7-testes.com.br\/agazeta\/wp-json\/wp\/v2\/users\/4"}],"replies":[{"embeddable":true,"href":"https:\/\/nk7-testes.com.br\/agazeta\/wp-json\/wp\/v2\/comments?post=50963"}],"version-history":[{"count":0,"href":"https:\/\/nk7-testes.com.br\/agazeta\/wp-json\/wp\/v2\/posts\/50963\/revisions"}],"wp:featuredmedia":[{"embeddable":true,"href":"https:\/\/nk7-testes.com.br\/agazeta\/wp-json\/wp\/v2\/media\/50962"}],"wp:attachment":[{"href":"https:\/\/nk7-testes.com.br\/agazeta\/wp-json\/wp\/v2\/media?parent=50963"}],"wp:term":[{"taxonomy":"category","embeddable":true,"href":"https:\/\/nk7-testes.com.br\/agazeta\/wp-json\/wp\/v2\/categories?post=50963"},{"taxonomy":"post_tag","embeddable":true,"href":"https:\/\/nk7-testes.com.br\/agazeta\/wp-json\/wp\/v2\/tags?post=50963"}],"curies":[{"name":"wp","href":"https:\/\/api.w.org\/{rel}","templated":true}]}}