{"id":50961,"date":"2020-11-04T13:06:24","date_gmt":"2020-11-04T13:06:24","guid":{"rendered":"https:\/\/abarevegan.com.br\/index.php\/2020\/11\/04\/policial-e-condenado-a-quase-26-anos-por-matar-esposa-com-tiro-na-cabeca\/"},"modified":"2020-11-04T13:06:24","modified_gmt":"2020-11-04T13:06:24","slug":"policial-e-condenado-a-quase-26-anos-por-matar-esposa-com-tiro-na-cabeca","status":"publish","type":"post","link":"https:\/\/nk7-testes.com.br\/agazeta\/policial-e-condenado-a-quase-26-anos-por-matar-esposa-com-tiro-na-cabeca\/","title":{"rendered":"Policial penal \u00e9 condenado a quase 26 anos por matar esposa"},"content":{"rendered":"<p style=\"text-align: justify;\">Acusado usou arma de trabalho para cometer o crime<\/p>\n<p style=\"text-align: justify;\">A 1\u00aa Vara do Tribunal do J\u00fari de Rio Branco realizou nesta ter\u00e7a-feira (3), o julgamento do policial penal, Quenison Silva de Souza, acusado de feminic\u00eddio &#8211; matar uma mulher, por sua condi\u00e7\u00e3o de sexo feminino.<\/p>\n<p style=\"text-align: justify;\">Depois de mais de 9 horas de sess\u00e3o de julgamento, o veredicto dos jurados populares foi anunciado no final da tarde, e considerou o r\u00e9u culpado. A senten\u00e7a foi de 25 anos e 11 meses de reclus\u00e3o em regime, inicialmente, fechado.<\/p>\n<p style=\"text-align: justify;\">O per\u00edodo da manh\u00e3 foi destinado \u00e0s oitivas de nove testemunhas, sendo cinco de acusa\u00e7\u00e3o e quatro da defesa. J\u00e1 durante a tarde, foram realizados os debates finais entre a acusa\u00e7\u00e3o e a defesa e, em seguida, o julgamento do caso pelo Conselho de Senten\u00e7a (j\u00fari popular).<\/p>\n<p style=\"text-align: justify;\"><strong>Sobre o caso<\/strong><\/p>\n<p style=\"text-align: justify;\">Segundo o Minist\u00e9rio P\u00fablico do Acre (MPAC), o crime ocorreu no dia 11 de mar\u00e7o de 2020, quando, durante uma discuss\u00e3o, o ent\u00e3o policial penal teria utilizado sua arma de trabalho para realizar um \u00fanico disparo, contra a cabe\u00e7a da ex-companheira.<\/p>\n<p style=\"text-align: justify;\">Ainda conforme o MPAC, embora tenha sido conduzida \u00e0s pressas para o Pronto Socorro de Rio Branco, a v\u00edtima veio a \u00f3bito na unidade de atendimento traumatol\u00f3gico, em decorr\u00eancia da gravidade do ferimento.<\/p>\n<p style=\"text-align: justify;\"><strong>Pron\u00fancia<\/strong><\/p>\n<p style=\"text-align: justify;\">A decis\u00e3o de pron\u00fancia ao julgamento pelo Conselho de Senten\u00e7a, foi assinada pela ju\u00edza de Direito Luana Campos, que considerou a materialidade (exist\u00eancia de provas materiais) comprovada, havendo, ainda, fortes ind\u00edcios de que o r\u00e9u foi o autor de crime hediondo (ou seja, monstruoso, que causa maior repulsa e, portanto, merece puni\u00e7\u00e3o mais severa) de feminic\u00eddio.<\/p>\n<p style=\"text-align: justify;\">A magistrada considerou, ainda, na decis\u00e3o, a exist\u00eancia de ind\u00edcios de outra poss\u00edvel agravante \u2013 a de motivo torpe -, uma vez que o delito teria sido praticado durante uma discuss\u00e3o conjugal, em um suposto acesso de f\u00faria do r\u00e9u.<\/p>\n<p style=\"text-align: justify;\"><strong>Celeridade<\/strong><\/p>\n<p style=\"text-align: justify;\">Entre o crime e o julgamento do caso, transcorreram-se aproximadamente oito meses, tempo relativamente curto, que revela a prioridade conferida pelo Poder Judici\u00e1rio do Estado do Acre em dar resposta vigorosa, r\u00e1pida e assertiva a autores de crimes de feminic\u00eddio e \u00e0 sociedade acreana.<\/p>\n<p style=\"text-align: justify;\">A prioriza\u00e7\u00e3o do julgamento desse tipo de crime \u00e9 incentivada pela Coordenadoria Estadual das Mulheres em Situa\u00e7\u00e3o de Viol\u00eancia Dom\u00e9stica e Familiar (COMSIV), que tem \u00e0 frente a desembargadora decana do TJAC Eva Evangelista, bem como pelas pol\u00edticas e diretrizes do Conselho Nacional de Justi\u00e7a e pelo pr\u00f3prio Tribunal de Justi\u00e7a do Acre.<\/p>\n","protected":false},"excerpt":{"rendered":"<p style=\"text-align: justify;\">Acusado usou arma de trabalho para cometer o crime<\/p>\n","protected":false},"author":4,"featured_media":46737,"comment_status":"open","ping_status":"open","sticky":false,"template":"","format":"standard","meta":{"jnews-multi-image_gallery":[],"jnews_single_post":[],"jnews_primary_category":[],"jnews_social_meta":[],"jnews_review":[],"enable_review":"","type":"","name":"","summary":"","brand":"","sku":"","good":[],"bad":[],"score_override":"","override_value":"","rating":[],"price":[],"footnotes":""},"categories":[44],"tags":[],"class_list":["post-50961","post","type-post","status-publish","format-standard","has-post-thumbnail","hentry","category-policia"],"yoast_head":"<!-- This site is optimized with the Yoast SEO plugin v26.5 - https:\/\/yoast.com\/wordpress\/plugins\/seo\/ -->\n<title>Policial penal \u00e9 condenado a quase 26 anos por matar esposa - Agazeta.net<\/title>\n<meta name=\"robots\" content=\"index, follow, max-snippet:-1, max-image-preview:large, max-video-preview:-1\" \/>\n<link rel=\"canonical\" href=\"https:\/\/nk7-testes.com.br\/agazeta\/policial-e-condenado-a-quase-26-anos-por-matar-esposa-com-tiro-na-cabeca\/\" \/>\n<meta property=\"og:locale\" content=\"pt_BR\" \/>\n<meta property=\"og:type\" content=\"article\" \/>\n<meta property=\"og:title\" content=\"Policial penal \u00e9 condenado a quase 26 anos por matar esposa - Agazeta.net\" \/>\n<meta property=\"og:description\" content=\"Acusado usou arma de trabalho para cometer o crime\" \/>\n<meta property=\"og:url\" content=\"https:\/\/nk7-testes.com.br\/agazeta\/policial-e-condenado-a-quase-26-anos-por-matar-esposa-com-tiro-na-cabeca\/\" \/>\n<meta property=\"og:site_name\" content=\"Agazeta.net\" \/>\n<meta property=\"article:published_time\" content=\"2020-11-04T13:06:24+00:00\" \/>\n<meta property=\"og:image\" content=\"https:\/\/nk7-testes.com.br\/agazeta\/wp-content\/uploads\/2020\/03\/160320-policial-penal-hosmac.jpg\" \/>\n\t<meta property=\"og:image:width\" content=\"458\" \/>\n\t<meta property=\"og:image:height\" content=\"340\" \/>\n\t<meta property=\"og:image:type\" content=\"image\/jpeg\" \/>\n<meta name=\"author\" content=\"Agazeta.Net\" \/>\n<meta name=\"twitter:card\" content=\"summary_large_image\" \/>\n<meta name=\"twitter:label1\" content=\"Escrito por\" \/>\n\t<meta name=\"twitter:data1\" content=\"Agazeta.Net\" \/>\n\t<meta name=\"twitter:label2\" content=\"Est. tempo de leitura\" \/>\n\t<meta name=\"twitter:data2\" content=\"2 minutos\" \/>\n<script type=\"application\/ld+json\" class=\"yoast-schema-graph\">{\"@context\":\"https:\/\/schema.org\",\"@graph\":[{\"@type\":\"WebPage\",\"@id\":\"https:\/\/nk7-testes.com.br\/agazeta\/policial-e-condenado-a-quase-26-anos-por-matar-esposa-com-tiro-na-cabeca\/\",\"url\":\"https:\/\/nk7-testes.com.br\/agazeta\/policial-e-condenado-a-quase-26-anos-por-matar-esposa-com-tiro-na-cabeca\/\",\"name\":\"Policial penal \u00e9 condenado a quase 26 anos por matar esposa - Agazeta.net\",\"isPartOf\":{\"@id\":\"https:\/\/nk7-testes.com.br\/agazeta\/#website\"},\"primaryImageOfPage\":{\"@id\":\"https:\/\/nk7-testes.com.br\/agazeta\/policial-e-condenado-a-quase-26-anos-por-matar-esposa-com-tiro-na-cabeca\/#primaryimage\"},\"image\":{\"@id\":\"https:\/\/nk7-testes.com.br\/agazeta\/policial-e-condenado-a-quase-26-anos-por-matar-esposa-com-tiro-na-cabeca\/#primaryimage\"},\"thumbnailUrl\":\"https:\/\/nk7-testes.com.br\/agazeta\/wp-content\/uploads\/2020\/03\/160320-policial-penal-hosmac.jpg\",\"datePublished\":\"2020-11-04T13:06:24+00:00\",\"author\":{\"@id\":\"https:\/\/nk7-testes.com.br\/agazeta\/#\/schema\/person\/6d6e25cb0435eb4a02fd44d30b4e3020\"},\"breadcrumb\":{\"@id\":\"https:\/\/nk7-testes.com.br\/agazeta\/policial-e-condenado-a-quase-26-anos-por-matar-esposa-com-tiro-na-cabeca\/#breadcrumb\"},\"inLanguage\":\"pt-BR\",\"potentialAction\":[{\"@type\":\"ReadAction\",\"target\":[\"https:\/\/nk7-testes.com.br\/agazeta\/policial-e-condenado-a-quase-26-anos-por-matar-esposa-com-tiro-na-cabeca\/\"]}]},{\"@type\":\"ImageObject\",\"inLanguage\":\"pt-BR\",\"@id\":\"https:\/\/nk7-testes.com.br\/agazeta\/policial-e-condenado-a-quase-26-anos-por-matar-esposa-com-tiro-na-cabeca\/#primaryimage\",\"url\":\"https:\/\/nk7-testes.com.br\/agazeta\/wp-content\/uploads\/2020\/03\/160320-policial-penal-hosmac.jpg\",\"contentUrl\":\"https:\/\/nk7-testes.com.br\/agazeta\/wp-content\/uploads\/2020\/03\/160320-policial-penal-hosmac.jpg\",\"width\":458,\"height\":340,\"caption\":\"160320-policial-penal-hosmac\"},{\"@type\":\"BreadcrumbList\",\"@id\":\"https:\/\/nk7-testes.com.br\/agazeta\/policial-e-condenado-a-quase-26-anos-por-matar-esposa-com-tiro-na-cabeca\/#breadcrumb\",\"itemListElement\":[{\"@type\":\"ListItem\",\"position\":1,\"name\":\"In\u00edcio\",\"item\":\"https:\/\/nk7-testes.com.br\/agazeta\/\"},{\"@type\":\"ListItem\",\"position\":2,\"name\":\"Policial penal \u00e9 condenado a quase 26 anos por matar esposa\"}]},{\"@type\":\"WebSite\",\"@id\":\"https:\/\/nk7-testes.com.br\/agazeta\/#website\",\"url\":\"https:\/\/nk7-testes.com.br\/agazeta\/\",\"name\":\"Agazeta.net\",\"description\":\"Agazeta.net - Not\u00edcias de Rio Branco\/AC\",\"potentialAction\":[{\"@type\":\"SearchAction\",\"target\":{\"@type\":\"EntryPoint\",\"urlTemplate\":\"https:\/\/nk7-testes.com.br\/agazeta\/?s={search_term_string}\"},\"query-input\":{\"@type\":\"PropertyValueSpecification\",\"valueRequired\":true,\"valueName\":\"search_term_string\"}}],\"inLanguage\":\"pt-BR\"},{\"@type\":\"Person\",\"@id\":\"https:\/\/nk7-testes.com.br\/agazeta\/#\/schema\/person\/6d6e25cb0435eb4a02fd44d30b4e3020\",\"name\":\"Agazeta.Net\",\"url\":\"https:\/\/nk7-testes.com.br\/agazeta\/author\/agazeta\/\"}]}<\/script>\n<!-- \/ Yoast SEO plugin. -->","yoast_head_json":{"title":"Policial penal \u00e9 condenado a quase 26 anos por matar esposa - Agazeta.net","robots":{"index":"index","follow":"follow","max-snippet":"max-snippet:-1","max-image-preview":"max-image-preview:large","max-video-preview":"max-video-preview:-1"},"canonical":"https:\/\/nk7-testes.com.br\/agazeta\/policial-e-condenado-a-quase-26-anos-por-matar-esposa-com-tiro-na-cabeca\/","og_locale":"pt_BR","og_type":"article","og_title":"Policial penal \u00e9 condenado a quase 26 anos por matar esposa - Agazeta.net","og_description":"Acusado usou arma de trabalho para cometer o crime","og_url":"https:\/\/nk7-testes.com.br\/agazeta\/policial-e-condenado-a-quase-26-anos-por-matar-esposa-com-tiro-na-cabeca\/","og_site_name":"Agazeta.net","article_published_time":"2020-11-04T13:06:24+00:00","og_image":[{"width":458,"height":340,"url":"https:\/\/nk7-testes.com.br\/agazeta\/wp-content\/uploads\/2020\/03\/160320-policial-penal-hosmac.jpg","type":"image\/jpeg"}],"author":"Agazeta.Net","twitter_card":"summary_large_image","twitter_misc":{"Escrito por":"Agazeta.Net","Est. tempo de leitura":"2 minutos"},"schema":{"@context":"https:\/\/schema.org","@graph":[{"@type":"WebPage","@id":"https:\/\/nk7-testes.com.br\/agazeta\/policial-e-condenado-a-quase-26-anos-por-matar-esposa-com-tiro-na-cabeca\/","url":"https:\/\/nk7-testes.com.br\/agazeta\/policial-e-condenado-a-quase-26-anos-por-matar-esposa-com-tiro-na-cabeca\/","name":"Policial penal \u00e9 condenado a quase 26 anos por matar esposa - Agazeta.net","isPartOf":{"@id":"https:\/\/nk7-testes.com.br\/agazeta\/#website"},"primaryImageOfPage":{"@id":"https:\/\/nk7-testes.com.br\/agazeta\/policial-e-condenado-a-quase-26-anos-por-matar-esposa-com-tiro-na-cabeca\/#primaryimage"},"image":{"@id":"https:\/\/nk7-testes.com.br\/agazeta\/policial-e-condenado-a-quase-26-anos-por-matar-esposa-com-tiro-na-cabeca\/#primaryimage"},"thumbnailUrl":"https:\/\/nk7-testes.com.br\/agazeta\/wp-content\/uploads\/2020\/03\/160320-policial-penal-hosmac.jpg","datePublished":"2020-11-04T13:06:24+00:00","author":{"@id":"https:\/\/nk7-testes.com.br\/agazeta\/#\/schema\/person\/6d6e25cb0435eb4a02fd44d30b4e3020"},"breadcrumb":{"@id":"https:\/\/nk7-testes.com.br\/agazeta\/policial-e-condenado-a-quase-26-anos-por-matar-esposa-com-tiro-na-cabeca\/#breadcrumb"},"inLanguage":"pt-BR","potentialAction":[{"@type":"ReadAction","target":["https:\/\/nk7-testes.com.br\/agazeta\/policial-e-condenado-a-quase-26-anos-por-matar-esposa-com-tiro-na-cabeca\/"]}]},{"@type":"ImageObject","inLanguage":"pt-BR","@id":"https:\/\/nk7-testes.com.br\/agazeta\/policial-e-condenado-a-quase-26-anos-por-matar-esposa-com-tiro-na-cabeca\/#primaryimage","url":"https:\/\/nk7-testes.com.br\/agazeta\/wp-content\/uploads\/2020\/03\/160320-policial-penal-hosmac.jpg","contentUrl":"https:\/\/nk7-testes.com.br\/agazeta\/wp-content\/uploads\/2020\/03\/160320-policial-penal-hosmac.jpg","width":458,"height":340,"caption":"160320-policial-penal-hosmac"},{"@type":"BreadcrumbList","@id":"https:\/\/nk7-testes.com.br\/agazeta\/policial-e-condenado-a-quase-26-anos-por-matar-esposa-com-tiro-na-cabeca\/#breadcrumb","itemListElement":[{"@type":"ListItem","position":1,"name":"In\u00edcio","item":"https:\/\/nk7-testes.com.br\/agazeta\/"},{"@type":"ListItem","position":2,"name":"Policial penal \u00e9 condenado a quase 26 anos por matar esposa"}]},{"@type":"WebSite","@id":"https:\/\/nk7-testes.com.br\/agazeta\/#website","url":"https:\/\/nk7-testes.com.br\/agazeta\/","name":"Agazeta.net","description":"Agazeta.net - Not\u00edcias de Rio Branco\/AC","potentialAction":[{"@type":"SearchAction","target":{"@type":"EntryPoint","urlTemplate":"https:\/\/nk7-testes.com.br\/agazeta\/?s={search_term_string}"},"query-input":{"@type":"PropertyValueSpecification","valueRequired":true,"valueName":"search_term_string"}}],"inLanguage":"pt-BR"},{"@type":"Person","@id":"https:\/\/nk7-testes.com.br\/agazeta\/#\/schema\/person\/6d6e25cb0435eb4a02fd44d30b4e3020","name":"Agazeta.Net","url":"https:\/\/nk7-testes.com.br\/agazeta\/author\/agazeta\/"}]}},"_links":{"self":[{"href":"https:\/\/nk7-testes.com.br\/agazeta\/wp-json\/wp\/v2\/posts\/50961","targetHints":{"allow":["GET"]}}],"collection":[{"href":"https:\/\/nk7-testes.com.br\/agazeta\/wp-json\/wp\/v2\/posts"}],"about":[{"href":"https:\/\/nk7-testes.com.br\/agazeta\/wp-json\/wp\/v2\/types\/post"}],"author":[{"embeddable":true,"href":"https:\/\/nk7-testes.com.br\/agazeta\/wp-json\/wp\/v2\/users\/4"}],"replies":[{"embeddable":true,"href":"https:\/\/nk7-testes.com.br\/agazeta\/wp-json\/wp\/v2\/comments?post=50961"}],"version-history":[{"count":0,"href":"https:\/\/nk7-testes.com.br\/agazeta\/wp-json\/wp\/v2\/posts\/50961\/revisions"}],"wp:featuredmedia":[{"embeddable":true,"href":"https:\/\/nk7-testes.com.br\/agazeta\/wp-json\/wp\/v2\/media\/46737"}],"wp:attachment":[{"href":"https:\/\/nk7-testes.com.br\/agazeta\/wp-json\/wp\/v2\/media?parent=50961"}],"wp:term":[{"taxonomy":"category","embeddable":true,"href":"https:\/\/nk7-testes.com.br\/agazeta\/wp-json\/wp\/v2\/categories?post=50961"},{"taxonomy":"post_tag","embeddable":true,"href":"https:\/\/nk7-testes.com.br\/agazeta\/wp-json\/wp\/v2\/tags?post=50961"}],"curies":[{"name":"wp","href":"https:\/\/api.w.org\/{rel}","templated":true}]}}