{"id":50806,"date":"2020-10-24T13:59:35","date_gmt":"2020-10-24T13:59:35","guid":{"rendered":"https:\/\/abarevegan.com.br\/index.php\/2020\/10\/24\/policia-militar-apreende-arma-de-fogo-no-bairro-joao-eduardo\/"},"modified":"2020-10-24T13:59:35","modified_gmt":"2020-10-24T13:59:35","slug":"policia-militar-apreende-arma-de-fogo-no-bairro-joao-eduardo","status":"publish","type":"post","link":"https:\/\/nk7-testes.com.br\/agazeta\/policia-militar-apreende-arma-de-fogo-no-bairro-joao-eduardo\/","title":{"rendered":"Pol\u00edcia Militar apreende arma de fogo no bairro Jo\u00e3o Eduardo"},"content":{"rendered":"<p style=\"text-align: justify;\"><span style=\"font-size: 13.2px;\">Suspeitos tentaram fugir, mas foram capturados<\/span><\/p>\n<p style=\"text-align: justify;\">Os policiais militares apreenderam uma arma de fogo na rua Santa Maria no bairro Jo\u00e3o Eduardo, nesta sexta-feira (23).<\/p>\n<p style=\"text-align: justify;\">Os militares se deslocaram para o local da ocorr\u00eancia. Na chegada ao endere\u00e7o, eles avistaram dois suspeitos na \u00e1rea externa de um im\u00f3vel, sendo verificado pela guarni\u00e7\u00e3o que um dos suspeitos estava portando um rev\u00f3lver na regi\u00e3o da cintura.<\/p>\n<p style=\"text-align: justify;\">Percebendo a aproxima\u00e7\u00e3o policial, os suspeitos tentaram escapar e se desfazer da arma. No entanto, foram detidos e abordados pelos policiais. A arma \u00e9 de um rev\u00f3lver calibre .38, com duas muni\u00e7\u00f5es intactas.<\/p>\n<p style=\"text-align: justify;\">Os autores foram conduzidos \u00e0 Delegacia de Flagrantes (Defla) para serem tomadas as demais provid\u00eancias relacionadas ao fato.<\/p>\n","protected":false},"excerpt":{"rendered":"<p style=\"text-align: justify;\"><span style=\"font-size: 13.2px;\">Suspeitos tentaram fugir, mas foram capturados<\/span><\/p>\n","protected":false},"author":4,"featured_media":50805,"comment_status":"open","ping_status":"open","sticky":false,"template":"","format":"standard","meta":{"jnews-multi-image_gallery":[],"jnews_single_post":[],"jnews_primary_category":[],"jnews_social_meta":[],"jnews_review":[],"enable_review":"","type":"","name":"","summary":"","brand":"","sku":"","good":[],"bad":[],"score_override":"","override_value":"","rating":[],"price":[],"footnotes":""},"categories":[44],"tags":[],"class_list":["post-50806","post","type-post","status-publish","format-standard","has-post-thumbnail","hentry","category-policia"],"yoast_head":"<!-- This site is optimized with the Yoast SEO plugin v26.5 - https:\/\/yoast.com\/wordpress\/plugins\/seo\/ -->\n<title>Pol\u00edcia Militar apreende arma de fogo no bairro Jo\u00e3o Eduardo - Agazeta.net<\/title>\n<meta name=\"robots\" content=\"index, follow, max-snippet:-1, max-image-preview:large, max-video-preview:-1\" \/>\n<link rel=\"canonical\" href=\"https:\/\/nk7-testes.com.br\/agazeta\/policia-militar-apreende-arma-de-fogo-no-bairro-joao-eduardo\/\" \/>\n<meta property=\"og:locale\" content=\"pt_BR\" \/>\n<meta property=\"og:type\" content=\"article\" \/>\n<meta property=\"og:title\" content=\"Pol\u00edcia Militar apreende arma de fogo no bairro Jo\u00e3o Eduardo - Agazeta.net\" \/>\n<meta property=\"og:description\" content=\"Suspeitos tentaram fugir, mas foram capturados\" \/>\n<meta property=\"og:url\" content=\"https:\/\/nk7-testes.com.br\/agazeta\/policia-militar-apreende-arma-de-fogo-no-bairro-joao-eduardo\/\" \/>\n<meta property=\"og:site_name\" content=\"Agazeta.net\" \/>\n<meta property=\"article:published_time\" content=\"2020-10-24T13:59:35+00:00\" \/>\n<meta property=\"og:image\" content=\"https:\/\/nk7-testes.com.br\/agazeta\/wp-content\/uploads\/2020\/10\/24-10-2020_policia-militar-apreende-arma-de-fogo-no-bairro-jooa-eduardo.jpeg\" \/>\n\t<meta property=\"og:image:width\" content=\"458\" \/>\n\t<meta property=\"og:image:height\" content=\"340\" \/>\n\t<meta property=\"og:image:type\" content=\"image\/jpeg\" \/>\n<meta name=\"author\" content=\"Agazeta.Net\" \/>\n<meta name=\"twitter:card\" content=\"summary_large_image\" \/>\n<meta name=\"twitter:label1\" content=\"Escrito por\" \/>\n\t<meta name=\"twitter:data1\" content=\"Agazeta.Net\" \/>\n\t<meta name=\"twitter:label2\" content=\"Est. tempo de leitura\" \/>\n\t<meta name=\"twitter:data2\" content=\"1 minuto\" \/>\n<script type=\"application\/ld+json\" class=\"yoast-schema-graph\">{\"@context\":\"https:\/\/schema.org\",\"@graph\":[{\"@type\":\"WebPage\",\"@id\":\"https:\/\/nk7-testes.com.br\/agazeta\/policia-militar-apreende-arma-de-fogo-no-bairro-joao-eduardo\/\",\"url\":\"https:\/\/nk7-testes.com.br\/agazeta\/policia-militar-apreende-arma-de-fogo-no-bairro-joao-eduardo\/\",\"name\":\"Pol\u00edcia Militar apreende arma de fogo no bairro Jo\u00e3o Eduardo - Agazeta.net\",\"isPartOf\":{\"@id\":\"https:\/\/nk7-testes.com.br\/agazeta\/#website\"},\"primaryImageOfPage\":{\"@id\":\"https:\/\/nk7-testes.com.br\/agazeta\/policia-militar-apreende-arma-de-fogo-no-bairro-joao-eduardo\/#primaryimage\"},\"image\":{\"@id\":\"https:\/\/nk7-testes.com.br\/agazeta\/policia-militar-apreende-arma-de-fogo-no-bairro-joao-eduardo\/#primaryimage\"},\"thumbnailUrl\":\"https:\/\/nk7-testes.com.br\/agazeta\/wp-content\/uploads\/2020\/10\/24-10-2020_policia-militar-apreende-arma-de-fogo-no-bairro-jooa-eduardo.jpeg\",\"datePublished\":\"2020-10-24T13:59:35+00:00\",\"author\":{\"@id\":\"https:\/\/nk7-testes.com.br\/agazeta\/#\/schema\/person\/6d6e25cb0435eb4a02fd44d30b4e3020\"},\"breadcrumb\":{\"@id\":\"https:\/\/nk7-testes.com.br\/agazeta\/policia-militar-apreende-arma-de-fogo-no-bairro-joao-eduardo\/#breadcrumb\"},\"inLanguage\":\"pt-BR\",\"potentialAction\":[{\"@type\":\"ReadAction\",\"target\":[\"https:\/\/nk7-testes.com.br\/agazeta\/policia-militar-apreende-arma-de-fogo-no-bairro-joao-eduardo\/\"]}]},{\"@type\":\"ImageObject\",\"inLanguage\":\"pt-BR\",\"@id\":\"https:\/\/nk7-testes.com.br\/agazeta\/policia-militar-apreende-arma-de-fogo-no-bairro-joao-eduardo\/#primaryimage\",\"url\":\"https:\/\/nk7-testes.com.br\/agazeta\/wp-content\/uploads\/2020\/10\/24-10-2020_policia-militar-apreende-arma-de-fogo-no-bairro-jooa-eduardo.jpeg\",\"contentUrl\":\"https:\/\/nk7-testes.com.br\/agazeta\/wp-content\/uploads\/2020\/10\/24-10-2020_policia-militar-apreende-arma-de-fogo-no-bairro-jooa-eduardo.jpeg\",\"width\":458,\"height\":340,\"caption\":\"24-10-2020 policia-militar-apreende-arma-de-fogo-no-bairro-jo\u00f5a-eduardo\"},{\"@type\":\"BreadcrumbList\",\"@id\":\"https:\/\/nk7-testes.com.br\/agazeta\/policia-militar-apreende-arma-de-fogo-no-bairro-joao-eduardo\/#breadcrumb\",\"itemListElement\":[{\"@type\":\"ListItem\",\"position\":1,\"name\":\"In\u00edcio\",\"item\":\"https:\/\/nk7-testes.com.br\/agazeta\/\"},{\"@type\":\"ListItem\",\"position\":2,\"name\":\"Pol\u00edcia Militar apreende arma de fogo no bairro Jo\u00e3o Eduardo\"}]},{\"@type\":\"WebSite\",\"@id\":\"https:\/\/nk7-testes.com.br\/agazeta\/#website\",\"url\":\"https:\/\/nk7-testes.com.br\/agazeta\/\",\"name\":\"Agazeta.net\",\"description\":\"Agazeta.net - Not\u00edcias de Rio Branco\/AC\",\"potentialAction\":[{\"@type\":\"SearchAction\",\"target\":{\"@type\":\"EntryPoint\",\"urlTemplate\":\"https:\/\/nk7-testes.com.br\/agazeta\/?s={search_term_string}\"},\"query-input\":{\"@type\":\"PropertyValueSpecification\",\"valueRequired\":true,\"valueName\":\"search_term_string\"}}],\"inLanguage\":\"pt-BR\"},{\"@type\":\"Person\",\"@id\":\"https:\/\/nk7-testes.com.br\/agazeta\/#\/schema\/person\/6d6e25cb0435eb4a02fd44d30b4e3020\",\"name\":\"Agazeta.Net\",\"url\":\"https:\/\/nk7-testes.com.br\/agazeta\/author\/agazeta\/\"}]}<\/script>\n<!-- \/ Yoast SEO plugin. -->","yoast_head_json":{"title":"Pol\u00edcia Militar apreende arma de fogo no bairro Jo\u00e3o Eduardo - Agazeta.net","robots":{"index":"index","follow":"follow","max-snippet":"max-snippet:-1","max-image-preview":"max-image-preview:large","max-video-preview":"max-video-preview:-1"},"canonical":"https:\/\/nk7-testes.com.br\/agazeta\/policia-militar-apreende-arma-de-fogo-no-bairro-joao-eduardo\/","og_locale":"pt_BR","og_type":"article","og_title":"Pol\u00edcia Militar apreende arma de fogo no bairro Jo\u00e3o Eduardo - Agazeta.net","og_description":"Suspeitos tentaram fugir, mas foram capturados","og_url":"https:\/\/nk7-testes.com.br\/agazeta\/policia-militar-apreende-arma-de-fogo-no-bairro-joao-eduardo\/","og_site_name":"Agazeta.net","article_published_time":"2020-10-24T13:59:35+00:00","og_image":[{"width":458,"height":340,"url":"https:\/\/nk7-testes.com.br\/agazeta\/wp-content\/uploads\/2020\/10\/24-10-2020_policia-militar-apreende-arma-de-fogo-no-bairro-jooa-eduardo.jpeg","type":"image\/jpeg"}],"author":"Agazeta.Net","twitter_card":"summary_large_image","twitter_misc":{"Escrito por":"Agazeta.Net","Est. tempo de leitura":"1 minuto"},"schema":{"@context":"https:\/\/schema.org","@graph":[{"@type":"WebPage","@id":"https:\/\/nk7-testes.com.br\/agazeta\/policia-militar-apreende-arma-de-fogo-no-bairro-joao-eduardo\/","url":"https:\/\/nk7-testes.com.br\/agazeta\/policia-militar-apreende-arma-de-fogo-no-bairro-joao-eduardo\/","name":"Pol\u00edcia Militar apreende arma de fogo no bairro Jo\u00e3o Eduardo - Agazeta.net","isPartOf":{"@id":"https:\/\/nk7-testes.com.br\/agazeta\/#website"},"primaryImageOfPage":{"@id":"https:\/\/nk7-testes.com.br\/agazeta\/policia-militar-apreende-arma-de-fogo-no-bairro-joao-eduardo\/#primaryimage"},"image":{"@id":"https:\/\/nk7-testes.com.br\/agazeta\/policia-militar-apreende-arma-de-fogo-no-bairro-joao-eduardo\/#primaryimage"},"thumbnailUrl":"https:\/\/nk7-testes.com.br\/agazeta\/wp-content\/uploads\/2020\/10\/24-10-2020_policia-militar-apreende-arma-de-fogo-no-bairro-jooa-eduardo.jpeg","datePublished":"2020-10-24T13:59:35+00:00","author":{"@id":"https:\/\/nk7-testes.com.br\/agazeta\/#\/schema\/person\/6d6e25cb0435eb4a02fd44d30b4e3020"},"breadcrumb":{"@id":"https:\/\/nk7-testes.com.br\/agazeta\/policia-militar-apreende-arma-de-fogo-no-bairro-joao-eduardo\/#breadcrumb"},"inLanguage":"pt-BR","potentialAction":[{"@type":"ReadAction","target":["https:\/\/nk7-testes.com.br\/agazeta\/policia-militar-apreende-arma-de-fogo-no-bairro-joao-eduardo\/"]}]},{"@type":"ImageObject","inLanguage":"pt-BR","@id":"https:\/\/nk7-testes.com.br\/agazeta\/policia-militar-apreende-arma-de-fogo-no-bairro-joao-eduardo\/#primaryimage","url":"https:\/\/nk7-testes.com.br\/agazeta\/wp-content\/uploads\/2020\/10\/24-10-2020_policia-militar-apreende-arma-de-fogo-no-bairro-jooa-eduardo.jpeg","contentUrl":"https:\/\/nk7-testes.com.br\/agazeta\/wp-content\/uploads\/2020\/10\/24-10-2020_policia-militar-apreende-arma-de-fogo-no-bairro-jooa-eduardo.jpeg","width":458,"height":340,"caption":"24-10-2020 policia-militar-apreende-arma-de-fogo-no-bairro-jo\u00f5a-eduardo"},{"@type":"BreadcrumbList","@id":"https:\/\/nk7-testes.com.br\/agazeta\/policia-militar-apreende-arma-de-fogo-no-bairro-joao-eduardo\/#breadcrumb","itemListElement":[{"@type":"ListItem","position":1,"name":"In\u00edcio","item":"https:\/\/nk7-testes.com.br\/agazeta\/"},{"@type":"ListItem","position":2,"name":"Pol\u00edcia Militar apreende arma de fogo no bairro Jo\u00e3o Eduardo"}]},{"@type":"WebSite","@id":"https:\/\/nk7-testes.com.br\/agazeta\/#website","url":"https:\/\/nk7-testes.com.br\/agazeta\/","name":"Agazeta.net","description":"Agazeta.net - Not\u00edcias de Rio Branco\/AC","potentialAction":[{"@type":"SearchAction","target":{"@type":"EntryPoint","urlTemplate":"https:\/\/nk7-testes.com.br\/agazeta\/?s={search_term_string}"},"query-input":{"@type":"PropertyValueSpecification","valueRequired":true,"valueName":"search_term_string"}}],"inLanguage":"pt-BR"},{"@type":"Person","@id":"https:\/\/nk7-testes.com.br\/agazeta\/#\/schema\/person\/6d6e25cb0435eb4a02fd44d30b4e3020","name":"Agazeta.Net","url":"https:\/\/nk7-testes.com.br\/agazeta\/author\/agazeta\/"}]}},"_links":{"self":[{"href":"https:\/\/nk7-testes.com.br\/agazeta\/wp-json\/wp\/v2\/posts\/50806","targetHints":{"allow":["GET"]}}],"collection":[{"href":"https:\/\/nk7-testes.com.br\/agazeta\/wp-json\/wp\/v2\/posts"}],"about":[{"href":"https:\/\/nk7-testes.com.br\/agazeta\/wp-json\/wp\/v2\/types\/post"}],"author":[{"embeddable":true,"href":"https:\/\/nk7-testes.com.br\/agazeta\/wp-json\/wp\/v2\/users\/4"}],"replies":[{"embeddable":true,"href":"https:\/\/nk7-testes.com.br\/agazeta\/wp-json\/wp\/v2\/comments?post=50806"}],"version-history":[{"count":0,"href":"https:\/\/nk7-testes.com.br\/agazeta\/wp-json\/wp\/v2\/posts\/50806\/revisions"}],"wp:featuredmedia":[{"embeddable":true,"href":"https:\/\/nk7-testes.com.br\/agazeta\/wp-json\/wp\/v2\/media\/50805"}],"wp:attachment":[{"href":"https:\/\/nk7-testes.com.br\/agazeta\/wp-json\/wp\/v2\/media?parent=50806"}],"wp:term":[{"taxonomy":"category","embeddable":true,"href":"https:\/\/nk7-testes.com.br\/agazeta\/wp-json\/wp\/v2\/categories?post=50806"},{"taxonomy":"post_tag","embeddable":true,"href":"https:\/\/nk7-testes.com.br\/agazeta\/wp-json\/wp\/v2\/tags?post=50806"}],"curies":[{"name":"wp","href":"https:\/\/api.w.org\/{rel}","templated":true}]}}