{"id":50757,"date":"2020-10-22T13:03:40","date_gmt":"2020-10-22T13:03:40","guid":{"rendered":"https:\/\/abarevegan.com.br\/index.php\/2020\/10\/22\/operacao-da-policia-federal-mira-empresarios-e-servidores-da-aleac\/"},"modified":"2020-10-22T13:03:40","modified_gmt":"2020-10-22T13:03:40","slug":"operacao-da-policia-federal-mira-empresarios-e-servidores-da-aleac","status":"publish","type":"post","link":"https:\/\/nk7-testes.com.br\/agazeta\/operacao-da-policia-federal-mira-empresarios-e-servidores-da-aleac\/","title":{"rendered":"Opera\u00e7\u00e3o da Pol\u00edcia Federal mira empres\u00e1rios e servidores da Aleac"},"content":{"rendered":"<p style=\"text-align: justify;\">Aproximadamente 100 agentes desembarcaram em Rio Branco<\/p>\n<p style=\"text-align: justify;\">A Pol\u00edcia Federal deflagrou, nesta quinta-feira (22), a \u201cOpera\u00e7\u00e3o Res Principis\u201d em Rio Branco, e em Chopinzinho, no interior do Paran\u00e1, visando desarticular grupo criminoso que, de forma estruturada, fraudou contratos p\u00fablicos nas antigas gest\u00f5es da Assembleia Legislativa do Estado do Acre (Aleac).<\/p>\n<p style=\"text-align: justify;\">Aproximadamente 100 policiais federais cumprem 26 mandados de busca e apreens\u00e3o, sendo 25 em Rio Branco e um em Chopinzinho. No Acre, os mandados est\u00e3o sendo cumpridos na Aleac, nas casas de servidores e ex-servidores p\u00fablicos, bem como de empres\u00e1rios da capital acreana.<\/p>\n<p style=\"text-align: justify;\">Al\u00e9m dos mandados de busca e apreens\u00e3o a justi\u00e7a determinou a suspens\u00e3o dos exerc\u00edcios das atividades p\u00fablica de dez servidores da Aleac. A opera\u00e7\u00e3o \u00e9 fruto de meses de investiga\u00e7\u00e3o, que teve in\u00edcio quando membros do esquema criminoso, que agiam fraudando licita\u00e7\u00f5es de publicidade da Casa Legislativa no Estado do Acre, buscaram aliciar servidores p\u00fablicos para que impedissem a atua\u00e7\u00e3o dos \u00f3rg\u00e3os fiscalizadores.<\/p>\n<p style=\"text-align: justify;\">Com o aprofundar das investiga\u00e7\u00f5es, verificou-se que tais membros da organiza\u00e7\u00e3o criminosa tamb\u00e9m praticavam diversos outros crimes dentro da Assembleia Legislativa, como \u201crachadinhas\u201d, contrata\u00e7\u00e3o de \u201cfuncion\u00e1rios fantasmas\u201d, concess\u00f5es indevidas de passagens a\u00e9reas, entre v\u00e1rios outros.<\/p>\n<p style=\"text-align: justify;\">Os alvos da opera\u00e7\u00e3o responder\u00e3o pelos crimes de organiza\u00e7\u00e3o criminosa, peculato, corrup\u00e7\u00e3o passiva e ativa e fraude \u00e0s licita\u00e7\u00f5es. Segundo a Pol\u00edcia Federal, o nome \u201cRes Principis\u201d se relaciona \u00e0 nefasta atua\u00e7\u00e3o vislumbrada, voltada \u00e0 malversa\u00e7\u00e3o da coisa p\u00fablica, em conceito que antagoniza a \u201cres publica\u201d.<\/p>\n","protected":false},"excerpt":{"rendered":"<p style=\"text-align: justify;\">Aproximadamente 100 agentes desembarcaram em Rio Branco<\/p>\n","protected":false},"author":4,"featured_media":50756,"comment_status":"open","ping_status":"open","sticky":false,"template":"","format":"standard","meta":{"jnews-multi-image_gallery":[],"jnews_single_post":[],"jnews_primary_category":[],"jnews_social_meta":[],"jnews_review":[],"enable_review":"","type":"","name":"","summary":"","brand":"","sku":"","good":[],"bad":[],"score_override":"","override_value":"","rating":[],"price":[],"footnotes":""},"categories":[44],"tags":[],"class_list":["post-50757","post","type-post","status-publish","format-standard","has-post-thumbnail","hentry","category-policia"],"yoast_head":"<!-- This site is optimized with the Yoast SEO plugin v26.5 - https:\/\/yoast.com\/wordpress\/plugins\/seo\/ -->\n<title>Opera\u00e7\u00e3o da Pol\u00edcia Federal mira empres\u00e1rios e servidores da Aleac - Agazeta.net<\/title>\n<meta name=\"robots\" content=\"index, follow, max-snippet:-1, max-image-preview:large, max-video-preview:-1\" \/>\n<link rel=\"canonical\" href=\"https:\/\/nk7-testes.com.br\/agazeta\/operacao-da-policia-federal-mira-empresarios-e-servidores-da-aleac\/\" \/>\n<meta property=\"og:locale\" content=\"pt_BR\" \/>\n<meta property=\"og:type\" content=\"article\" \/>\n<meta property=\"og:title\" content=\"Opera\u00e7\u00e3o da Pol\u00edcia Federal mira empres\u00e1rios e servidores da Aleac - Agazeta.net\" \/>\n<meta property=\"og:description\" content=\"Aproximadamente 100 agentes desembarcaram em Rio Branco\" \/>\n<meta property=\"og:url\" content=\"https:\/\/nk7-testes.com.br\/agazeta\/operacao-da-policia-federal-mira-empresarios-e-servidores-da-aleac\/\" \/>\n<meta property=\"og:site_name\" content=\"Agazeta.net\" \/>\n<meta property=\"article:published_time\" content=\"2020-10-22T13:03:40+00:00\" \/>\n<meta property=\"og:image\" content=\"https:\/\/nk7-testes.com.br\/agazeta\/wp-content\/uploads\/2020\/10\/22-10-20-operacao-policia-federal-acre-aleac.jpeg\" \/>\n\t<meta property=\"og:image:width\" content=\"458\" \/>\n\t<meta property=\"og:image:height\" content=\"340\" \/>\n\t<meta property=\"og:image:type\" content=\"image\/jpeg\" \/>\n<meta name=\"author\" content=\"Agazeta.Net\" \/>\n<meta name=\"twitter:card\" content=\"summary_large_image\" \/>\n<meta name=\"twitter:label1\" content=\"Escrito por\" \/>\n\t<meta name=\"twitter:data1\" content=\"Agazeta.Net\" \/>\n\t<meta name=\"twitter:label2\" content=\"Est. tempo de leitura\" \/>\n\t<meta name=\"twitter:data2\" content=\"1 minuto\" \/>\n<script type=\"application\/ld+json\" class=\"yoast-schema-graph\">{\"@context\":\"https:\/\/schema.org\",\"@graph\":[{\"@type\":\"WebPage\",\"@id\":\"https:\/\/nk7-testes.com.br\/agazeta\/operacao-da-policia-federal-mira-empresarios-e-servidores-da-aleac\/\",\"url\":\"https:\/\/nk7-testes.com.br\/agazeta\/operacao-da-policia-federal-mira-empresarios-e-servidores-da-aleac\/\",\"name\":\"Opera\u00e7\u00e3o da Pol\u00edcia Federal mira empres\u00e1rios e servidores da Aleac - Agazeta.net\",\"isPartOf\":{\"@id\":\"https:\/\/nk7-testes.com.br\/agazeta\/#website\"},\"primaryImageOfPage\":{\"@id\":\"https:\/\/nk7-testes.com.br\/agazeta\/operacao-da-policia-federal-mira-empresarios-e-servidores-da-aleac\/#primaryimage\"},\"image\":{\"@id\":\"https:\/\/nk7-testes.com.br\/agazeta\/operacao-da-policia-federal-mira-empresarios-e-servidores-da-aleac\/#primaryimage\"},\"thumbnailUrl\":\"https:\/\/nk7-testes.com.br\/agazeta\/wp-content\/uploads\/2020\/10\/22-10-20-operacao-policia-federal-acre-aleac.jpeg\",\"datePublished\":\"2020-10-22T13:03:40+00:00\",\"author\":{\"@id\":\"https:\/\/nk7-testes.com.br\/agazeta\/#\/schema\/person\/6d6e25cb0435eb4a02fd44d30b4e3020\"},\"breadcrumb\":{\"@id\":\"https:\/\/nk7-testes.com.br\/agazeta\/operacao-da-policia-federal-mira-empresarios-e-servidores-da-aleac\/#breadcrumb\"},\"inLanguage\":\"pt-BR\",\"potentialAction\":[{\"@type\":\"ReadAction\",\"target\":[\"https:\/\/nk7-testes.com.br\/agazeta\/operacao-da-policia-federal-mira-empresarios-e-servidores-da-aleac\/\"]}]},{\"@type\":\"ImageObject\",\"inLanguage\":\"pt-BR\",\"@id\":\"https:\/\/nk7-testes.com.br\/agazeta\/operacao-da-policia-federal-mira-empresarios-e-servidores-da-aleac\/#primaryimage\",\"url\":\"https:\/\/nk7-testes.com.br\/agazeta\/wp-content\/uploads\/2020\/10\/22-10-20-operacao-policia-federal-acre-aleac.jpeg\",\"contentUrl\":\"https:\/\/nk7-testes.com.br\/agazeta\/wp-content\/uploads\/2020\/10\/22-10-20-operacao-policia-federal-acre-aleac.jpeg\",\"width\":458,\"height\":340,\"caption\":\"22-10-20-opera\u00e7\u00e3o-policia-federal-acre-aleac\"},{\"@type\":\"BreadcrumbList\",\"@id\":\"https:\/\/nk7-testes.com.br\/agazeta\/operacao-da-policia-federal-mira-empresarios-e-servidores-da-aleac\/#breadcrumb\",\"itemListElement\":[{\"@type\":\"ListItem\",\"position\":1,\"name\":\"In\u00edcio\",\"item\":\"https:\/\/nk7-testes.com.br\/agazeta\/\"},{\"@type\":\"ListItem\",\"position\":2,\"name\":\"Opera\u00e7\u00e3o da Pol\u00edcia Federal mira empres\u00e1rios e servidores da Aleac\"}]},{\"@type\":\"WebSite\",\"@id\":\"https:\/\/nk7-testes.com.br\/agazeta\/#website\",\"url\":\"https:\/\/nk7-testes.com.br\/agazeta\/\",\"name\":\"Agazeta.net\",\"description\":\"Agazeta.net - Not\u00edcias de Rio Branco\/AC\",\"potentialAction\":[{\"@type\":\"SearchAction\",\"target\":{\"@type\":\"EntryPoint\",\"urlTemplate\":\"https:\/\/nk7-testes.com.br\/agazeta\/?s={search_term_string}\"},\"query-input\":{\"@type\":\"PropertyValueSpecification\",\"valueRequired\":true,\"valueName\":\"search_term_string\"}}],\"inLanguage\":\"pt-BR\"},{\"@type\":\"Person\",\"@id\":\"https:\/\/nk7-testes.com.br\/agazeta\/#\/schema\/person\/6d6e25cb0435eb4a02fd44d30b4e3020\",\"name\":\"Agazeta.Net\",\"url\":\"https:\/\/nk7-testes.com.br\/agazeta\/author\/agazeta\/\"}]}<\/script>\n<!-- \/ Yoast SEO plugin. -->","yoast_head_json":{"title":"Opera\u00e7\u00e3o da Pol\u00edcia Federal mira empres\u00e1rios e servidores da Aleac - Agazeta.net","robots":{"index":"index","follow":"follow","max-snippet":"max-snippet:-1","max-image-preview":"max-image-preview:large","max-video-preview":"max-video-preview:-1"},"canonical":"https:\/\/nk7-testes.com.br\/agazeta\/operacao-da-policia-federal-mira-empresarios-e-servidores-da-aleac\/","og_locale":"pt_BR","og_type":"article","og_title":"Opera\u00e7\u00e3o da Pol\u00edcia Federal mira empres\u00e1rios e servidores da Aleac - Agazeta.net","og_description":"Aproximadamente 100 agentes desembarcaram em Rio Branco","og_url":"https:\/\/nk7-testes.com.br\/agazeta\/operacao-da-policia-federal-mira-empresarios-e-servidores-da-aleac\/","og_site_name":"Agazeta.net","article_published_time":"2020-10-22T13:03:40+00:00","og_image":[{"width":458,"height":340,"url":"https:\/\/nk7-testes.com.br\/agazeta\/wp-content\/uploads\/2020\/10\/22-10-20-operacao-policia-federal-acre-aleac.jpeg","type":"image\/jpeg"}],"author":"Agazeta.Net","twitter_card":"summary_large_image","twitter_misc":{"Escrito por":"Agazeta.Net","Est. tempo de leitura":"1 minuto"},"schema":{"@context":"https:\/\/schema.org","@graph":[{"@type":"WebPage","@id":"https:\/\/nk7-testes.com.br\/agazeta\/operacao-da-policia-federal-mira-empresarios-e-servidores-da-aleac\/","url":"https:\/\/nk7-testes.com.br\/agazeta\/operacao-da-policia-federal-mira-empresarios-e-servidores-da-aleac\/","name":"Opera\u00e7\u00e3o da Pol\u00edcia Federal mira empres\u00e1rios e servidores da Aleac - Agazeta.net","isPartOf":{"@id":"https:\/\/nk7-testes.com.br\/agazeta\/#website"},"primaryImageOfPage":{"@id":"https:\/\/nk7-testes.com.br\/agazeta\/operacao-da-policia-federal-mira-empresarios-e-servidores-da-aleac\/#primaryimage"},"image":{"@id":"https:\/\/nk7-testes.com.br\/agazeta\/operacao-da-policia-federal-mira-empresarios-e-servidores-da-aleac\/#primaryimage"},"thumbnailUrl":"https:\/\/nk7-testes.com.br\/agazeta\/wp-content\/uploads\/2020\/10\/22-10-20-operacao-policia-federal-acre-aleac.jpeg","datePublished":"2020-10-22T13:03:40+00:00","author":{"@id":"https:\/\/nk7-testes.com.br\/agazeta\/#\/schema\/person\/6d6e25cb0435eb4a02fd44d30b4e3020"},"breadcrumb":{"@id":"https:\/\/nk7-testes.com.br\/agazeta\/operacao-da-policia-federal-mira-empresarios-e-servidores-da-aleac\/#breadcrumb"},"inLanguage":"pt-BR","potentialAction":[{"@type":"ReadAction","target":["https:\/\/nk7-testes.com.br\/agazeta\/operacao-da-policia-federal-mira-empresarios-e-servidores-da-aleac\/"]}]},{"@type":"ImageObject","inLanguage":"pt-BR","@id":"https:\/\/nk7-testes.com.br\/agazeta\/operacao-da-policia-federal-mira-empresarios-e-servidores-da-aleac\/#primaryimage","url":"https:\/\/nk7-testes.com.br\/agazeta\/wp-content\/uploads\/2020\/10\/22-10-20-operacao-policia-federal-acre-aleac.jpeg","contentUrl":"https:\/\/nk7-testes.com.br\/agazeta\/wp-content\/uploads\/2020\/10\/22-10-20-operacao-policia-federal-acre-aleac.jpeg","width":458,"height":340,"caption":"22-10-20-opera\u00e7\u00e3o-policia-federal-acre-aleac"},{"@type":"BreadcrumbList","@id":"https:\/\/nk7-testes.com.br\/agazeta\/operacao-da-policia-federal-mira-empresarios-e-servidores-da-aleac\/#breadcrumb","itemListElement":[{"@type":"ListItem","position":1,"name":"In\u00edcio","item":"https:\/\/nk7-testes.com.br\/agazeta\/"},{"@type":"ListItem","position":2,"name":"Opera\u00e7\u00e3o da Pol\u00edcia Federal mira empres\u00e1rios e servidores da Aleac"}]},{"@type":"WebSite","@id":"https:\/\/nk7-testes.com.br\/agazeta\/#website","url":"https:\/\/nk7-testes.com.br\/agazeta\/","name":"Agazeta.net","description":"Agazeta.net - Not\u00edcias de Rio Branco\/AC","potentialAction":[{"@type":"SearchAction","target":{"@type":"EntryPoint","urlTemplate":"https:\/\/nk7-testes.com.br\/agazeta\/?s={search_term_string}"},"query-input":{"@type":"PropertyValueSpecification","valueRequired":true,"valueName":"search_term_string"}}],"inLanguage":"pt-BR"},{"@type":"Person","@id":"https:\/\/nk7-testes.com.br\/agazeta\/#\/schema\/person\/6d6e25cb0435eb4a02fd44d30b4e3020","name":"Agazeta.Net","url":"https:\/\/nk7-testes.com.br\/agazeta\/author\/agazeta\/"}]}},"_links":{"self":[{"href":"https:\/\/nk7-testes.com.br\/agazeta\/wp-json\/wp\/v2\/posts\/50757","targetHints":{"allow":["GET"]}}],"collection":[{"href":"https:\/\/nk7-testes.com.br\/agazeta\/wp-json\/wp\/v2\/posts"}],"about":[{"href":"https:\/\/nk7-testes.com.br\/agazeta\/wp-json\/wp\/v2\/types\/post"}],"author":[{"embeddable":true,"href":"https:\/\/nk7-testes.com.br\/agazeta\/wp-json\/wp\/v2\/users\/4"}],"replies":[{"embeddable":true,"href":"https:\/\/nk7-testes.com.br\/agazeta\/wp-json\/wp\/v2\/comments?post=50757"}],"version-history":[{"count":0,"href":"https:\/\/nk7-testes.com.br\/agazeta\/wp-json\/wp\/v2\/posts\/50757\/revisions"}],"wp:featuredmedia":[{"embeddable":true,"href":"https:\/\/nk7-testes.com.br\/agazeta\/wp-json\/wp\/v2\/media\/50756"}],"wp:attachment":[{"href":"https:\/\/nk7-testes.com.br\/agazeta\/wp-json\/wp\/v2\/media?parent=50757"}],"wp:term":[{"taxonomy":"category","embeddable":true,"href":"https:\/\/nk7-testes.com.br\/agazeta\/wp-json\/wp\/v2\/categories?post=50757"},{"taxonomy":"post_tag","embeddable":true,"href":"https:\/\/nk7-testes.com.br\/agazeta\/wp-json\/wp\/v2\/tags?post=50757"}],"curies":[{"name":"wp","href":"https:\/\/api.w.org\/{rel}","templated":true}]}}