{"id":50712,"date":"2020-10-20T14:59:26","date_gmt":"2020-10-20T14:59:26","guid":{"rendered":"https:\/\/abarevegan.com.br\/index.php\/2020\/10\/20\/homem-e-preso-com-4-kg-de-cocaina-no-bairro-6-de-agosto\/"},"modified":"2020-10-20T14:59:26","modified_gmt":"2020-10-20T14:59:26","slug":"homem-e-preso-com-4-kg-de-cocaina-no-bairro-6-de-agosto","status":"publish","type":"post","link":"https:\/\/nk7-testes.com.br\/agazeta\/homem-e-preso-com-4-kg-de-cocaina-no-bairro-6-de-agosto\/","title":{"rendered":"Homem \u00e9 preso com 4 kg de coca\u00edna no bairro 6 de Agosto"},"content":{"rendered":"<p style=\"text-align: justify;\">Den\u00fancia an\u00f4nima levou os militares at\u00e9 o local<\/p>\n<p style=\"text-align: justify;\">Na madruga desta ter\u00e7a-feira (20), a Pol\u00edcia Militar apreendeu 3,855 kg de coca\u00edna, no bairro 6 de Agosto, 2\u00ba Distrito de Rio Branco.<\/p>\n<p style=\"text-align: justify;\">Os militares foram informados por populares que, nas proximidades do Mercado da 6 de Agosto, haviam pessoas com armas de fogo em via p\u00fablica.<\/p>\n<p style=\"text-align: justify;\">As guarni\u00e7\u00f5es montaram um cerco policial, mas os suspeitos perceberam a aproxima\u00e7\u00e3o das viaturas e iniciaram uma fuga em carros e motocicletas.<\/p>\n<p style=\"text-align: justify;\">Os policiais conseguiram interceptar uma motocicleta CB Twister de cor prata, conduzida por um homem de 41 anos. Com ele, os militares apreenderam uma sacola pl\u00e1stica contendo quatro \u201ctijolos\u201d de coca\u00edna, pesando 3,855 kg.<\/p>\n<p style=\"text-align: justify;\">A ocorr\u00eancia foi encaminhada para Delegacia Central de Flagrantes (Defla) e o suspeito deve seguir \u00e0 disposi\u00e7\u00e3o da justi\u00e7a acreana.<\/p>\n","protected":false},"excerpt":{"rendered":"<p style=\"text-align: justify;\">Den\u00fancia an\u00f4nima levou os militares at\u00e9 o local<\/p>\n","protected":false},"author":4,"featured_media":50711,"comment_status":"open","ping_status":"open","sticky":false,"template":"","format":"standard","meta":{"jnews-multi-image_gallery":[],"jnews_single_post":[],"jnews_primary_category":[],"jnews_social_meta":[],"jnews_review":[],"enable_review":"","type":"","name":"","summary":"","brand":"","sku":"","good":[],"bad":[],"score_override":"","override_value":"","rating":[],"price":[],"footnotes":""},"categories":[44],"tags":[],"class_list":["post-50712","post","type-post","status-publish","format-standard","has-post-thumbnail","hentry","category-policia"],"yoast_head":"<!-- This site is optimized with the Yoast SEO plugin v26.5 - https:\/\/yoast.com\/wordpress\/plugins\/seo\/ -->\n<title>Homem \u00e9 preso com 4 kg de coca\u00edna no bairro 6 de Agosto - Agazeta.net<\/title>\n<meta name=\"robots\" content=\"index, follow, max-snippet:-1, max-image-preview:large, max-video-preview:-1\" \/>\n<link rel=\"canonical\" href=\"https:\/\/nk7-testes.com.br\/agazeta\/homem-e-preso-com-4-kg-de-cocaina-no-bairro-6-de-agosto\/\" \/>\n<meta property=\"og:locale\" content=\"pt_BR\" \/>\n<meta property=\"og:type\" content=\"article\" \/>\n<meta property=\"og:title\" content=\"Homem \u00e9 preso com 4 kg de coca\u00edna no bairro 6 de Agosto - Agazeta.net\" \/>\n<meta property=\"og:description\" content=\"Den\u00fancia an\u00f4nima levou os militares at\u00e9 o local\" \/>\n<meta property=\"og:url\" content=\"https:\/\/nk7-testes.com.br\/agazeta\/homem-e-preso-com-4-kg-de-cocaina-no-bairro-6-de-agosto\/\" \/>\n<meta property=\"og:site_name\" content=\"Agazeta.net\" \/>\n<meta property=\"article:published_time\" content=\"2020-10-20T14:59:26+00:00\" \/>\n<meta property=\"og:image\" content=\"https:\/\/nk7-testes.com.br\/agazeta\/wp-content\/uploads\/2020\/10\/20-10-20-bope-drogas-segundo-distrito.jpeg\" \/>\n\t<meta property=\"og:image:width\" content=\"458\" \/>\n\t<meta property=\"og:image:height\" content=\"340\" \/>\n\t<meta property=\"og:image:type\" content=\"image\/jpeg\" \/>\n<meta name=\"author\" content=\"Agazeta.Net\" \/>\n<meta name=\"twitter:card\" content=\"summary_large_image\" \/>\n<meta name=\"twitter:label1\" content=\"Escrito por\" \/>\n\t<meta name=\"twitter:data1\" content=\"Agazeta.Net\" \/>\n\t<meta name=\"twitter:label2\" content=\"Est. tempo de leitura\" \/>\n\t<meta name=\"twitter:data2\" content=\"1 minuto\" \/>\n<script type=\"application\/ld+json\" class=\"yoast-schema-graph\">{\"@context\":\"https:\/\/schema.org\",\"@graph\":[{\"@type\":\"WebPage\",\"@id\":\"https:\/\/nk7-testes.com.br\/agazeta\/homem-e-preso-com-4-kg-de-cocaina-no-bairro-6-de-agosto\/\",\"url\":\"https:\/\/nk7-testes.com.br\/agazeta\/homem-e-preso-com-4-kg-de-cocaina-no-bairro-6-de-agosto\/\",\"name\":\"Homem \u00e9 preso com 4 kg de coca\u00edna no bairro 6 de Agosto - Agazeta.net\",\"isPartOf\":{\"@id\":\"https:\/\/nk7-testes.com.br\/agazeta\/#website\"},\"primaryImageOfPage\":{\"@id\":\"https:\/\/nk7-testes.com.br\/agazeta\/homem-e-preso-com-4-kg-de-cocaina-no-bairro-6-de-agosto\/#primaryimage\"},\"image\":{\"@id\":\"https:\/\/nk7-testes.com.br\/agazeta\/homem-e-preso-com-4-kg-de-cocaina-no-bairro-6-de-agosto\/#primaryimage\"},\"thumbnailUrl\":\"https:\/\/nk7-testes.com.br\/agazeta\/wp-content\/uploads\/2020\/10\/20-10-20-bope-drogas-segundo-distrito.jpeg\",\"datePublished\":\"2020-10-20T14:59:26+00:00\",\"author\":{\"@id\":\"https:\/\/nk7-testes.com.br\/agazeta\/#\/schema\/person\/6d6e25cb0435eb4a02fd44d30b4e3020\"},\"breadcrumb\":{\"@id\":\"https:\/\/nk7-testes.com.br\/agazeta\/homem-e-preso-com-4-kg-de-cocaina-no-bairro-6-de-agosto\/#breadcrumb\"},\"inLanguage\":\"pt-BR\",\"potentialAction\":[{\"@type\":\"ReadAction\",\"target\":[\"https:\/\/nk7-testes.com.br\/agazeta\/homem-e-preso-com-4-kg-de-cocaina-no-bairro-6-de-agosto\/\"]}]},{\"@type\":\"ImageObject\",\"inLanguage\":\"pt-BR\",\"@id\":\"https:\/\/nk7-testes.com.br\/agazeta\/homem-e-preso-com-4-kg-de-cocaina-no-bairro-6-de-agosto\/#primaryimage\",\"url\":\"https:\/\/nk7-testes.com.br\/agazeta\/wp-content\/uploads\/2020\/10\/20-10-20-bope-drogas-segundo-distrito.jpeg\",\"contentUrl\":\"https:\/\/nk7-testes.com.br\/agazeta\/wp-content\/uploads\/2020\/10\/20-10-20-bope-drogas-segundo-distrito.jpeg\",\"width\":458,\"height\":340,\"caption\":\"20-10-20-bope-drogas-segundo-distrito\"},{\"@type\":\"BreadcrumbList\",\"@id\":\"https:\/\/nk7-testes.com.br\/agazeta\/homem-e-preso-com-4-kg-de-cocaina-no-bairro-6-de-agosto\/#breadcrumb\",\"itemListElement\":[{\"@type\":\"ListItem\",\"position\":1,\"name\":\"In\u00edcio\",\"item\":\"https:\/\/nk7-testes.com.br\/agazeta\/\"},{\"@type\":\"ListItem\",\"position\":2,\"name\":\"Homem \u00e9 preso com 4 kg de coca\u00edna no bairro 6 de Agosto\"}]},{\"@type\":\"WebSite\",\"@id\":\"https:\/\/nk7-testes.com.br\/agazeta\/#website\",\"url\":\"https:\/\/nk7-testes.com.br\/agazeta\/\",\"name\":\"Agazeta.net\",\"description\":\"Agazeta.net - Not\u00edcias de Rio Branco\/AC\",\"potentialAction\":[{\"@type\":\"SearchAction\",\"target\":{\"@type\":\"EntryPoint\",\"urlTemplate\":\"https:\/\/nk7-testes.com.br\/agazeta\/?s={search_term_string}\"},\"query-input\":{\"@type\":\"PropertyValueSpecification\",\"valueRequired\":true,\"valueName\":\"search_term_string\"}}],\"inLanguage\":\"pt-BR\"},{\"@type\":\"Person\",\"@id\":\"https:\/\/nk7-testes.com.br\/agazeta\/#\/schema\/person\/6d6e25cb0435eb4a02fd44d30b4e3020\",\"name\":\"Agazeta.Net\",\"url\":\"https:\/\/nk7-testes.com.br\/agazeta\/author\/agazeta\/\"}]}<\/script>\n<!-- \/ Yoast SEO plugin. -->","yoast_head_json":{"title":"Homem \u00e9 preso com 4 kg de coca\u00edna no bairro 6 de Agosto - Agazeta.net","robots":{"index":"index","follow":"follow","max-snippet":"max-snippet:-1","max-image-preview":"max-image-preview:large","max-video-preview":"max-video-preview:-1"},"canonical":"https:\/\/nk7-testes.com.br\/agazeta\/homem-e-preso-com-4-kg-de-cocaina-no-bairro-6-de-agosto\/","og_locale":"pt_BR","og_type":"article","og_title":"Homem \u00e9 preso com 4 kg de coca\u00edna no bairro 6 de Agosto - Agazeta.net","og_description":"Den\u00fancia an\u00f4nima levou os militares at\u00e9 o local","og_url":"https:\/\/nk7-testes.com.br\/agazeta\/homem-e-preso-com-4-kg-de-cocaina-no-bairro-6-de-agosto\/","og_site_name":"Agazeta.net","article_published_time":"2020-10-20T14:59:26+00:00","og_image":[{"width":458,"height":340,"url":"https:\/\/nk7-testes.com.br\/agazeta\/wp-content\/uploads\/2020\/10\/20-10-20-bope-drogas-segundo-distrito.jpeg","type":"image\/jpeg"}],"author":"Agazeta.Net","twitter_card":"summary_large_image","twitter_misc":{"Escrito por":"Agazeta.Net","Est. tempo de leitura":"1 minuto"},"schema":{"@context":"https:\/\/schema.org","@graph":[{"@type":"WebPage","@id":"https:\/\/nk7-testes.com.br\/agazeta\/homem-e-preso-com-4-kg-de-cocaina-no-bairro-6-de-agosto\/","url":"https:\/\/nk7-testes.com.br\/agazeta\/homem-e-preso-com-4-kg-de-cocaina-no-bairro-6-de-agosto\/","name":"Homem \u00e9 preso com 4 kg de coca\u00edna no bairro 6 de Agosto - Agazeta.net","isPartOf":{"@id":"https:\/\/nk7-testes.com.br\/agazeta\/#website"},"primaryImageOfPage":{"@id":"https:\/\/nk7-testes.com.br\/agazeta\/homem-e-preso-com-4-kg-de-cocaina-no-bairro-6-de-agosto\/#primaryimage"},"image":{"@id":"https:\/\/nk7-testes.com.br\/agazeta\/homem-e-preso-com-4-kg-de-cocaina-no-bairro-6-de-agosto\/#primaryimage"},"thumbnailUrl":"https:\/\/nk7-testes.com.br\/agazeta\/wp-content\/uploads\/2020\/10\/20-10-20-bope-drogas-segundo-distrito.jpeg","datePublished":"2020-10-20T14:59:26+00:00","author":{"@id":"https:\/\/nk7-testes.com.br\/agazeta\/#\/schema\/person\/6d6e25cb0435eb4a02fd44d30b4e3020"},"breadcrumb":{"@id":"https:\/\/nk7-testes.com.br\/agazeta\/homem-e-preso-com-4-kg-de-cocaina-no-bairro-6-de-agosto\/#breadcrumb"},"inLanguage":"pt-BR","potentialAction":[{"@type":"ReadAction","target":["https:\/\/nk7-testes.com.br\/agazeta\/homem-e-preso-com-4-kg-de-cocaina-no-bairro-6-de-agosto\/"]}]},{"@type":"ImageObject","inLanguage":"pt-BR","@id":"https:\/\/nk7-testes.com.br\/agazeta\/homem-e-preso-com-4-kg-de-cocaina-no-bairro-6-de-agosto\/#primaryimage","url":"https:\/\/nk7-testes.com.br\/agazeta\/wp-content\/uploads\/2020\/10\/20-10-20-bope-drogas-segundo-distrito.jpeg","contentUrl":"https:\/\/nk7-testes.com.br\/agazeta\/wp-content\/uploads\/2020\/10\/20-10-20-bope-drogas-segundo-distrito.jpeg","width":458,"height":340,"caption":"20-10-20-bope-drogas-segundo-distrito"},{"@type":"BreadcrumbList","@id":"https:\/\/nk7-testes.com.br\/agazeta\/homem-e-preso-com-4-kg-de-cocaina-no-bairro-6-de-agosto\/#breadcrumb","itemListElement":[{"@type":"ListItem","position":1,"name":"In\u00edcio","item":"https:\/\/nk7-testes.com.br\/agazeta\/"},{"@type":"ListItem","position":2,"name":"Homem \u00e9 preso com 4 kg de coca\u00edna no bairro 6 de Agosto"}]},{"@type":"WebSite","@id":"https:\/\/nk7-testes.com.br\/agazeta\/#website","url":"https:\/\/nk7-testes.com.br\/agazeta\/","name":"Agazeta.net","description":"Agazeta.net - Not\u00edcias de Rio Branco\/AC","potentialAction":[{"@type":"SearchAction","target":{"@type":"EntryPoint","urlTemplate":"https:\/\/nk7-testes.com.br\/agazeta\/?s={search_term_string}"},"query-input":{"@type":"PropertyValueSpecification","valueRequired":true,"valueName":"search_term_string"}}],"inLanguage":"pt-BR"},{"@type":"Person","@id":"https:\/\/nk7-testes.com.br\/agazeta\/#\/schema\/person\/6d6e25cb0435eb4a02fd44d30b4e3020","name":"Agazeta.Net","url":"https:\/\/nk7-testes.com.br\/agazeta\/author\/agazeta\/"}]}},"_links":{"self":[{"href":"https:\/\/nk7-testes.com.br\/agazeta\/wp-json\/wp\/v2\/posts\/50712","targetHints":{"allow":["GET"]}}],"collection":[{"href":"https:\/\/nk7-testes.com.br\/agazeta\/wp-json\/wp\/v2\/posts"}],"about":[{"href":"https:\/\/nk7-testes.com.br\/agazeta\/wp-json\/wp\/v2\/types\/post"}],"author":[{"embeddable":true,"href":"https:\/\/nk7-testes.com.br\/agazeta\/wp-json\/wp\/v2\/users\/4"}],"replies":[{"embeddable":true,"href":"https:\/\/nk7-testes.com.br\/agazeta\/wp-json\/wp\/v2\/comments?post=50712"}],"version-history":[{"count":0,"href":"https:\/\/nk7-testes.com.br\/agazeta\/wp-json\/wp\/v2\/posts\/50712\/revisions"}],"wp:featuredmedia":[{"embeddable":true,"href":"https:\/\/nk7-testes.com.br\/agazeta\/wp-json\/wp\/v2\/media\/50711"}],"wp:attachment":[{"href":"https:\/\/nk7-testes.com.br\/agazeta\/wp-json\/wp\/v2\/media?parent=50712"}],"wp:term":[{"taxonomy":"category","embeddable":true,"href":"https:\/\/nk7-testes.com.br\/agazeta\/wp-json\/wp\/v2\/categories?post=50712"},{"taxonomy":"post_tag","embeddable":true,"href":"https:\/\/nk7-testes.com.br\/agazeta\/wp-json\/wp\/v2\/tags?post=50712"}],"curies":[{"name":"wp","href":"https:\/\/api.w.org\/{rel}","templated":true}]}}