{"id":50710,"date":"2020-10-20T14:34:39","date_gmt":"2020-10-20T14:34:39","guid":{"rendered":"https:\/\/abarevegan.com.br\/index.php\/2020\/10\/20\/grupo-e-preso-em-mancio-lima-por-organizacao-criminosa\/"},"modified":"2020-10-20T14:34:39","modified_gmt":"2020-10-20T14:34:39","slug":"grupo-e-preso-em-mancio-lima-por-organizacao-criminosa","status":"publish","type":"post","link":"https:\/\/nk7-testes.com.br\/agazeta\/grupo-e-preso-em-mancio-lima-por-organizacao-criminosa\/","title":{"rendered":"Grupo \u00e9 preso em M\u00e2ncio Lima por organiza\u00e7\u00e3o criminosa"},"content":{"rendered":"<p style=\"text-align: justify;\">Suspeitos s\u00e3o acusados ainda de tr\u00e1fico de drogas&nbsp;<\/p>\n<p style=\"text-align: justify;\">A Pol\u00edcia Civil no munic\u00edpio de M\u00e2ncio Lima prendeu em flagrante, na tarde desta segunda-feira (19), tr\u00eas pessoas com envolvimento nos crimes de tr\u00e1fico de drogas, sequestro, homic\u00eddio, associa\u00e7\u00e3o criminosa, oculta\u00e7\u00e3o de cad\u00e1ver e organiza\u00e7\u00e3o criminosa, durante barreira montada por agentes na estrada que d\u00e1 acesso ao munic\u00edpio.<\/p>\n<p style=\"text-align: justify;\">O trabalho investigativo dos agentes, coordenado pelo delegado Jos\u00e9 Obetanio, possibilitou identificar e interceptar um t\u00e1xi que seguia rumo ao munic\u00edpio levando duas mulheres e um homem que, ap\u00f3s passar por vistoria, foram presos em flagrante pelo crime de tr\u00e1fico de drogas. Com os suspeitos acusados estava uma barra de maconha com aproximadamente 1 kg, al\u00e9m de R$ 700,00 em esp\u00e9cie.<\/p>\n<p style=\"text-align: justify;\">No dia anterior, j\u00e1 havia sido preso um homem apontado como um dos \u201ccabe\u00e7as\u201d de uma organiza\u00e7\u00e3o criminosa que agia no munic\u00edpio, ele juntamente com outro suspeitos est\u00e3o sendo acusados de sequestro, homic\u00eddio e oculta\u00e7\u00e3o de cad\u00e1ver, crimes cometidos no munic\u00edpio.<\/p>\n<p style=\"text-align: justify;\">Al\u00e9m dos dois homens foram presas duas mulheres, que tamb\u00e9m fazem parte do grupo criminoso, elas tinham o dever de traficar a droga para chegar at\u00e9 as bocas de fumo da periferia do munic\u00edpio.<\/p>\n","protected":false},"excerpt":{"rendered":"<p style=\"text-align: justify;\">Suspeitos s\u00e3o acusados ainda de tr\u00e1fico de drogas&nbsp;<\/p>\n","protected":false},"author":4,"featured_media":50709,"comment_status":"open","ping_status":"open","sticky":false,"template":"","format":"standard","meta":{"jnews-multi-image_gallery":[],"jnews_single_post":[],"jnews_primary_category":[],"jnews_social_meta":[],"jnews_review":[],"enable_review":"","type":"","name":"","summary":"","brand":"","sku":"","good":[],"bad":[],"score_override":"","override_value":"","rating":[],"price":[],"footnotes":""},"categories":[44],"tags":[],"class_list":["post-50710","post","type-post","status-publish","format-standard","has-post-thumbnail","hentry","category-policia"],"yoast_head":"<!-- This site is optimized with the Yoast SEO plugin v26.5 - https:\/\/yoast.com\/wordpress\/plugins\/seo\/ -->\n<title>Grupo \u00e9 preso em M\u00e2ncio Lima por organiza\u00e7\u00e3o criminosa - Agazeta.net<\/title>\n<meta name=\"robots\" content=\"index, follow, max-snippet:-1, max-image-preview:large, max-video-preview:-1\" \/>\n<link rel=\"canonical\" href=\"https:\/\/nk7-testes.com.br\/agazeta\/grupo-e-preso-em-mancio-lima-por-organizacao-criminosa\/\" \/>\n<meta property=\"og:locale\" content=\"pt_BR\" \/>\n<meta property=\"og:type\" content=\"article\" \/>\n<meta property=\"og:title\" content=\"Grupo \u00e9 preso em M\u00e2ncio Lima por organiza\u00e7\u00e3o criminosa - Agazeta.net\" \/>\n<meta property=\"og:description\" content=\"Suspeitos s\u00e3o acusados ainda de tr\u00e1fico de drogas&nbsp;\" \/>\n<meta property=\"og:url\" content=\"https:\/\/nk7-testes.com.br\/agazeta\/grupo-e-preso-em-mancio-lima-por-organizacao-criminosa\/\" \/>\n<meta property=\"og:site_name\" content=\"Agazeta.net\" \/>\n<meta property=\"article:published_time\" content=\"2020-10-20T14:34:39+00:00\" \/>\n<meta property=\"og:image\" content=\"https:\/\/nk7-testes.com.br\/agazeta\/wp-content\/uploads\/2020\/10\/20-10-20-mancio-lima-organizacao-criminosa.jpeg\" \/>\n\t<meta property=\"og:image:width\" content=\"458\" \/>\n\t<meta property=\"og:image:height\" content=\"340\" \/>\n\t<meta property=\"og:image:type\" content=\"image\/jpeg\" \/>\n<meta name=\"author\" content=\"Agazeta.Net\" \/>\n<meta name=\"twitter:card\" content=\"summary_large_image\" \/>\n<meta name=\"twitter:label1\" content=\"Escrito por\" \/>\n\t<meta name=\"twitter:data1\" content=\"Agazeta.Net\" \/>\n\t<meta name=\"twitter:label2\" content=\"Est. tempo de leitura\" \/>\n\t<meta name=\"twitter:data2\" content=\"1 minuto\" \/>\n<script type=\"application\/ld+json\" class=\"yoast-schema-graph\">{\"@context\":\"https:\/\/schema.org\",\"@graph\":[{\"@type\":\"WebPage\",\"@id\":\"https:\/\/nk7-testes.com.br\/agazeta\/grupo-e-preso-em-mancio-lima-por-organizacao-criminosa\/\",\"url\":\"https:\/\/nk7-testes.com.br\/agazeta\/grupo-e-preso-em-mancio-lima-por-organizacao-criminosa\/\",\"name\":\"Grupo \u00e9 preso em M\u00e2ncio Lima por organiza\u00e7\u00e3o criminosa - Agazeta.net\",\"isPartOf\":{\"@id\":\"https:\/\/nk7-testes.com.br\/agazeta\/#website\"},\"primaryImageOfPage\":{\"@id\":\"https:\/\/nk7-testes.com.br\/agazeta\/grupo-e-preso-em-mancio-lima-por-organizacao-criminosa\/#primaryimage\"},\"image\":{\"@id\":\"https:\/\/nk7-testes.com.br\/agazeta\/grupo-e-preso-em-mancio-lima-por-organizacao-criminosa\/#primaryimage\"},\"thumbnailUrl\":\"https:\/\/nk7-testes.com.br\/agazeta\/wp-content\/uploads\/2020\/10\/20-10-20-mancio-lima-organizacao-criminosa.jpeg\",\"datePublished\":\"2020-10-20T14:34:39+00:00\",\"author\":{\"@id\":\"https:\/\/nk7-testes.com.br\/agazeta\/#\/schema\/person\/6d6e25cb0435eb4a02fd44d30b4e3020\"},\"breadcrumb\":{\"@id\":\"https:\/\/nk7-testes.com.br\/agazeta\/grupo-e-preso-em-mancio-lima-por-organizacao-criminosa\/#breadcrumb\"},\"inLanguage\":\"pt-BR\",\"potentialAction\":[{\"@type\":\"ReadAction\",\"target\":[\"https:\/\/nk7-testes.com.br\/agazeta\/grupo-e-preso-em-mancio-lima-por-organizacao-criminosa\/\"]}]},{\"@type\":\"ImageObject\",\"inLanguage\":\"pt-BR\",\"@id\":\"https:\/\/nk7-testes.com.br\/agazeta\/grupo-e-preso-em-mancio-lima-por-organizacao-criminosa\/#primaryimage\",\"url\":\"https:\/\/nk7-testes.com.br\/agazeta\/wp-content\/uploads\/2020\/10\/20-10-20-mancio-lima-organizacao-criminosa.jpeg\",\"contentUrl\":\"https:\/\/nk7-testes.com.br\/agazeta\/wp-content\/uploads\/2020\/10\/20-10-20-mancio-lima-organizacao-criminosa.jpeg\",\"width\":458,\"height\":340,\"caption\":\"20-10-20-mancio-lima-organiza\u00e7\u00e3o-criminosa\"},{\"@type\":\"BreadcrumbList\",\"@id\":\"https:\/\/nk7-testes.com.br\/agazeta\/grupo-e-preso-em-mancio-lima-por-organizacao-criminosa\/#breadcrumb\",\"itemListElement\":[{\"@type\":\"ListItem\",\"position\":1,\"name\":\"In\u00edcio\",\"item\":\"https:\/\/nk7-testes.com.br\/agazeta\/\"},{\"@type\":\"ListItem\",\"position\":2,\"name\":\"Grupo \u00e9 preso em M\u00e2ncio Lima por organiza\u00e7\u00e3o criminosa\"}]},{\"@type\":\"WebSite\",\"@id\":\"https:\/\/nk7-testes.com.br\/agazeta\/#website\",\"url\":\"https:\/\/nk7-testes.com.br\/agazeta\/\",\"name\":\"Agazeta.net\",\"description\":\"Agazeta.net - Not\u00edcias de Rio Branco\/AC\",\"potentialAction\":[{\"@type\":\"SearchAction\",\"target\":{\"@type\":\"EntryPoint\",\"urlTemplate\":\"https:\/\/nk7-testes.com.br\/agazeta\/?s={search_term_string}\"},\"query-input\":{\"@type\":\"PropertyValueSpecification\",\"valueRequired\":true,\"valueName\":\"search_term_string\"}}],\"inLanguage\":\"pt-BR\"},{\"@type\":\"Person\",\"@id\":\"https:\/\/nk7-testes.com.br\/agazeta\/#\/schema\/person\/6d6e25cb0435eb4a02fd44d30b4e3020\",\"name\":\"Agazeta.Net\",\"url\":\"https:\/\/nk7-testes.com.br\/agazeta\/author\/agazeta\/\"}]}<\/script>\n<!-- \/ Yoast SEO plugin. -->","yoast_head_json":{"title":"Grupo \u00e9 preso em M\u00e2ncio Lima por organiza\u00e7\u00e3o criminosa - Agazeta.net","robots":{"index":"index","follow":"follow","max-snippet":"max-snippet:-1","max-image-preview":"max-image-preview:large","max-video-preview":"max-video-preview:-1"},"canonical":"https:\/\/nk7-testes.com.br\/agazeta\/grupo-e-preso-em-mancio-lima-por-organizacao-criminosa\/","og_locale":"pt_BR","og_type":"article","og_title":"Grupo \u00e9 preso em M\u00e2ncio Lima por organiza\u00e7\u00e3o criminosa - Agazeta.net","og_description":"Suspeitos s\u00e3o acusados ainda de tr\u00e1fico de drogas&nbsp;","og_url":"https:\/\/nk7-testes.com.br\/agazeta\/grupo-e-preso-em-mancio-lima-por-organizacao-criminosa\/","og_site_name":"Agazeta.net","article_published_time":"2020-10-20T14:34:39+00:00","og_image":[{"width":458,"height":340,"url":"https:\/\/nk7-testes.com.br\/agazeta\/wp-content\/uploads\/2020\/10\/20-10-20-mancio-lima-organizacao-criminosa.jpeg","type":"image\/jpeg"}],"author":"Agazeta.Net","twitter_card":"summary_large_image","twitter_misc":{"Escrito por":"Agazeta.Net","Est. tempo de leitura":"1 minuto"},"schema":{"@context":"https:\/\/schema.org","@graph":[{"@type":"WebPage","@id":"https:\/\/nk7-testes.com.br\/agazeta\/grupo-e-preso-em-mancio-lima-por-organizacao-criminosa\/","url":"https:\/\/nk7-testes.com.br\/agazeta\/grupo-e-preso-em-mancio-lima-por-organizacao-criminosa\/","name":"Grupo \u00e9 preso em M\u00e2ncio Lima por organiza\u00e7\u00e3o criminosa - Agazeta.net","isPartOf":{"@id":"https:\/\/nk7-testes.com.br\/agazeta\/#website"},"primaryImageOfPage":{"@id":"https:\/\/nk7-testes.com.br\/agazeta\/grupo-e-preso-em-mancio-lima-por-organizacao-criminosa\/#primaryimage"},"image":{"@id":"https:\/\/nk7-testes.com.br\/agazeta\/grupo-e-preso-em-mancio-lima-por-organizacao-criminosa\/#primaryimage"},"thumbnailUrl":"https:\/\/nk7-testes.com.br\/agazeta\/wp-content\/uploads\/2020\/10\/20-10-20-mancio-lima-organizacao-criminosa.jpeg","datePublished":"2020-10-20T14:34:39+00:00","author":{"@id":"https:\/\/nk7-testes.com.br\/agazeta\/#\/schema\/person\/6d6e25cb0435eb4a02fd44d30b4e3020"},"breadcrumb":{"@id":"https:\/\/nk7-testes.com.br\/agazeta\/grupo-e-preso-em-mancio-lima-por-organizacao-criminosa\/#breadcrumb"},"inLanguage":"pt-BR","potentialAction":[{"@type":"ReadAction","target":["https:\/\/nk7-testes.com.br\/agazeta\/grupo-e-preso-em-mancio-lima-por-organizacao-criminosa\/"]}]},{"@type":"ImageObject","inLanguage":"pt-BR","@id":"https:\/\/nk7-testes.com.br\/agazeta\/grupo-e-preso-em-mancio-lima-por-organizacao-criminosa\/#primaryimage","url":"https:\/\/nk7-testes.com.br\/agazeta\/wp-content\/uploads\/2020\/10\/20-10-20-mancio-lima-organizacao-criminosa.jpeg","contentUrl":"https:\/\/nk7-testes.com.br\/agazeta\/wp-content\/uploads\/2020\/10\/20-10-20-mancio-lima-organizacao-criminosa.jpeg","width":458,"height":340,"caption":"20-10-20-mancio-lima-organiza\u00e7\u00e3o-criminosa"},{"@type":"BreadcrumbList","@id":"https:\/\/nk7-testes.com.br\/agazeta\/grupo-e-preso-em-mancio-lima-por-organizacao-criminosa\/#breadcrumb","itemListElement":[{"@type":"ListItem","position":1,"name":"In\u00edcio","item":"https:\/\/nk7-testes.com.br\/agazeta\/"},{"@type":"ListItem","position":2,"name":"Grupo \u00e9 preso em M\u00e2ncio Lima por organiza\u00e7\u00e3o criminosa"}]},{"@type":"WebSite","@id":"https:\/\/nk7-testes.com.br\/agazeta\/#website","url":"https:\/\/nk7-testes.com.br\/agazeta\/","name":"Agazeta.net","description":"Agazeta.net - Not\u00edcias de Rio Branco\/AC","potentialAction":[{"@type":"SearchAction","target":{"@type":"EntryPoint","urlTemplate":"https:\/\/nk7-testes.com.br\/agazeta\/?s={search_term_string}"},"query-input":{"@type":"PropertyValueSpecification","valueRequired":true,"valueName":"search_term_string"}}],"inLanguage":"pt-BR"},{"@type":"Person","@id":"https:\/\/nk7-testes.com.br\/agazeta\/#\/schema\/person\/6d6e25cb0435eb4a02fd44d30b4e3020","name":"Agazeta.Net","url":"https:\/\/nk7-testes.com.br\/agazeta\/author\/agazeta\/"}]}},"_links":{"self":[{"href":"https:\/\/nk7-testes.com.br\/agazeta\/wp-json\/wp\/v2\/posts\/50710","targetHints":{"allow":["GET"]}}],"collection":[{"href":"https:\/\/nk7-testes.com.br\/agazeta\/wp-json\/wp\/v2\/posts"}],"about":[{"href":"https:\/\/nk7-testes.com.br\/agazeta\/wp-json\/wp\/v2\/types\/post"}],"author":[{"embeddable":true,"href":"https:\/\/nk7-testes.com.br\/agazeta\/wp-json\/wp\/v2\/users\/4"}],"replies":[{"embeddable":true,"href":"https:\/\/nk7-testes.com.br\/agazeta\/wp-json\/wp\/v2\/comments?post=50710"}],"version-history":[{"count":0,"href":"https:\/\/nk7-testes.com.br\/agazeta\/wp-json\/wp\/v2\/posts\/50710\/revisions"}],"wp:featuredmedia":[{"embeddable":true,"href":"https:\/\/nk7-testes.com.br\/agazeta\/wp-json\/wp\/v2\/media\/50709"}],"wp:attachment":[{"href":"https:\/\/nk7-testes.com.br\/agazeta\/wp-json\/wp\/v2\/media?parent=50710"}],"wp:term":[{"taxonomy":"category","embeddable":true,"href":"https:\/\/nk7-testes.com.br\/agazeta\/wp-json\/wp\/v2\/categories?post=50710"},{"taxonomy":"post_tag","embeddable":true,"href":"https:\/\/nk7-testes.com.br\/agazeta\/wp-json\/wp\/v2\/tags?post=50710"}],"curies":[{"name":"wp","href":"https:\/\/api.w.org\/{rel}","templated":true}]}}