{"id":50670,"date":"2020-10-17T13:58:45","date_gmt":"2020-10-17T13:58:45","guid":{"rendered":"https:\/\/abarevegan.com.br\/index.php\/2020\/10\/17\/suspeitos-de-matar-familia-boliviana-no-abuna-sao-presos-no-interior\/"},"modified":"2020-10-17T13:58:45","modified_gmt":"2020-10-17T13:58:45","slug":"suspeitos-de-matar-familia-boliviana-no-abuna-sao-presos-no-interior","status":"publish","type":"post","link":"https:\/\/nk7-testes.com.br\/agazeta\/suspeitos-de-matar-familia-boliviana-no-abuna-sao-presos-no-interior\/","title":{"rendered":"Suspeitos de matar fam\u00edlia boliviana no Abun\u00e3 s\u00e3o presos no interior"},"content":{"rendered":"<p style=\"text-align: justify;\">\n<p>Julgamento dos envolvidos no crime ocorrer\u00e1 no Acre<\/p>\n<p style=\"text-align: justify;\">O trabalho investigativo da Pol\u00edcia Judici\u00e1ria do Acre resultou na instaura\u00e7\u00e3o de inqu\u00e9rito para apurar os envolvidos em diversos crimes cometidos contra uma fam\u00edlia boliviana em Cobija, cidade que faz fronteira com o Brasil. Foi poss\u00edvel prender cinco pessoas na manh\u00e3 desta sexta-feira, 16, em cumprimento a ordens judiciais.<\/p>\n<p style=\"text-align: justify;\">As pris\u00f5es ocorreram na zona rural do munic\u00edpio de Acrel\u00e2ndia, distante cerca de 110km da capital, por for\u00e7a de mandados de pris\u00e3o cumpridos pelas equipes da Delegacia do munic\u00edpio com apoio do Departamento de Policia Civil da Capital e do Interior (DPCI) e da Coordena\u00e7\u00e3o de Recursos Especiais (Core).<\/p>\n<p style=\"text-align: justify;\">Os crimes ocorreram em 13 de setembro e o inqu\u00e9rito aponta que uma garota de 13 anos foi v\u00edtima de estupro e tr\u00eas pessoas da mesma fam\u00edlia foram assassinadas por um brasileiro de Acrel\u00e2ndia que extra\u00eda madeira na propriedade onde a fam\u00edlia morava, em Cobija, na Bol\u00edvia. O pai da v\u00edtima chegou a flagrar o abuso sexual quando retornava da lavoura.<\/p>\n<p style=\"text-align: justify;\">Inicialmente dois homens foram presos em flagrante no dia seguinte ao cometimento do crime, mas um deles acabou sendo solto e o outro foi levado ao pres\u00eddio de Rio Branco onde aguarda a conclus\u00e3o do inqu\u00e9rito.<\/p>\n<p style=\"text-align: justify;\">Apesar de os brasileiros terem cometido o crime em territ\u00f3rio boliviano, a investiga\u00e7\u00e3o e o julgamento dos envolvidos nos crimes ocorrer\u00e3o no Acre por ser o local da captura. Eles dever\u00e3o ser indiciados por homic\u00eddio, estupro e oculta\u00e7\u00e3o de cad\u00e1ver.<\/p>\n","protected":false},"excerpt":{"rendered":"<p style=\"text-align: justify;\">\n<p>Julgamento dos envolvidos no crime ocorrer\u00e1 no Acre<\/p>\n","protected":false},"author":4,"featured_media":50669,"comment_status":"open","ping_status":"open","sticky":false,"template":"","format":"standard","meta":{"jnews-multi-image_gallery":[],"jnews_single_post":[],"jnews_primary_category":[],"jnews_social_meta":[],"jnews_review":[],"enable_review":"","type":"","name":"","summary":"","brand":"","sku":"","good":[],"bad":[],"score_override":"","override_value":"","rating":[],"price":[],"footnotes":""},"categories":[44],"tags":[],"class_list":["post-50670","post","type-post","status-publish","format-standard","has-post-thumbnail","hentry","category-policia"],"yoast_head":"<!-- This site is optimized with the Yoast SEO plugin v26.5 - https:\/\/yoast.com\/wordpress\/plugins\/seo\/ -->\n<title>Suspeitos de matar fam\u00edlia boliviana no Abun\u00e3 s\u00e3o presos no interior - Agazeta.net<\/title>\n<meta name=\"robots\" content=\"index, follow, max-snippet:-1, max-image-preview:large, max-video-preview:-1\" \/>\n<link rel=\"canonical\" href=\"https:\/\/nk7-testes.com.br\/agazeta\/suspeitos-de-matar-familia-boliviana-no-abuna-sao-presos-no-interior\/\" \/>\n<meta property=\"og:locale\" content=\"pt_BR\" \/>\n<meta property=\"og:type\" content=\"article\" \/>\n<meta property=\"og:title\" content=\"Suspeitos de matar fam\u00edlia boliviana no Abun\u00e3 s\u00e3o presos no interior - Agazeta.net\" \/>\n<meta property=\"og:description\" content=\"Julgamento dos envolvidos no crime ocorrer\u00e1 no Acre\" \/>\n<meta property=\"og:url\" content=\"https:\/\/nk7-testes.com.br\/agazeta\/suspeitos-de-matar-familia-boliviana-no-abuna-sao-presos-no-interior\/\" \/>\n<meta property=\"og:site_name\" content=\"Agazeta.net\" \/>\n<meta property=\"article:published_time\" content=\"2020-10-17T13:58:45+00:00\" \/>\n<meta property=\"og:image\" content=\"https:\/\/nk7-testes.com.br\/agazeta\/wp-content\/uploads\/2020\/10\/17-10-20-familia-boliviana-morta-brasileiros-presos.jpeg\" \/>\n\t<meta property=\"og:image:width\" content=\"458\" \/>\n\t<meta property=\"og:image:height\" content=\"340\" \/>\n\t<meta property=\"og:image:type\" content=\"image\/jpeg\" \/>\n<meta name=\"author\" content=\"Agazeta.Net\" \/>\n<meta name=\"twitter:card\" content=\"summary_large_image\" \/>\n<meta name=\"twitter:label1\" content=\"Escrito por\" \/>\n\t<meta name=\"twitter:data1\" content=\"Agazeta.Net\" \/>\n\t<meta name=\"twitter:label2\" content=\"Est. tempo de leitura\" \/>\n\t<meta name=\"twitter:data2\" content=\"1 minuto\" \/>\n<script type=\"application\/ld+json\" class=\"yoast-schema-graph\">{\"@context\":\"https:\/\/schema.org\",\"@graph\":[{\"@type\":\"WebPage\",\"@id\":\"https:\/\/nk7-testes.com.br\/agazeta\/suspeitos-de-matar-familia-boliviana-no-abuna-sao-presos-no-interior\/\",\"url\":\"https:\/\/nk7-testes.com.br\/agazeta\/suspeitos-de-matar-familia-boliviana-no-abuna-sao-presos-no-interior\/\",\"name\":\"Suspeitos de matar fam\u00edlia boliviana no Abun\u00e3 s\u00e3o presos no interior - Agazeta.net\",\"isPartOf\":{\"@id\":\"https:\/\/nk7-testes.com.br\/agazeta\/#website\"},\"primaryImageOfPage\":{\"@id\":\"https:\/\/nk7-testes.com.br\/agazeta\/suspeitos-de-matar-familia-boliviana-no-abuna-sao-presos-no-interior\/#primaryimage\"},\"image\":{\"@id\":\"https:\/\/nk7-testes.com.br\/agazeta\/suspeitos-de-matar-familia-boliviana-no-abuna-sao-presos-no-interior\/#primaryimage\"},\"thumbnailUrl\":\"https:\/\/nk7-testes.com.br\/agazeta\/wp-content\/uploads\/2020\/10\/17-10-20-familia-boliviana-morta-brasileiros-presos.jpeg\",\"datePublished\":\"2020-10-17T13:58:45+00:00\",\"author\":{\"@id\":\"https:\/\/nk7-testes.com.br\/agazeta\/#\/schema\/person\/6d6e25cb0435eb4a02fd44d30b4e3020\"},\"breadcrumb\":{\"@id\":\"https:\/\/nk7-testes.com.br\/agazeta\/suspeitos-de-matar-familia-boliviana-no-abuna-sao-presos-no-interior\/#breadcrumb\"},\"inLanguage\":\"pt-BR\",\"potentialAction\":[{\"@type\":\"ReadAction\",\"target\":[\"https:\/\/nk7-testes.com.br\/agazeta\/suspeitos-de-matar-familia-boliviana-no-abuna-sao-presos-no-interior\/\"]}]},{\"@type\":\"ImageObject\",\"inLanguage\":\"pt-BR\",\"@id\":\"https:\/\/nk7-testes.com.br\/agazeta\/suspeitos-de-matar-familia-boliviana-no-abuna-sao-presos-no-interior\/#primaryimage\",\"url\":\"https:\/\/nk7-testes.com.br\/agazeta\/wp-content\/uploads\/2020\/10\/17-10-20-familia-boliviana-morta-brasileiros-presos.jpeg\",\"contentUrl\":\"https:\/\/nk7-testes.com.br\/agazeta\/wp-content\/uploads\/2020\/10\/17-10-20-familia-boliviana-morta-brasileiros-presos.jpeg\",\"width\":458,\"height\":340,\"caption\":\"17-10-20-familia-boliviana-morta-brasileiros-presos\"},{\"@type\":\"BreadcrumbList\",\"@id\":\"https:\/\/nk7-testes.com.br\/agazeta\/suspeitos-de-matar-familia-boliviana-no-abuna-sao-presos-no-interior\/#breadcrumb\",\"itemListElement\":[{\"@type\":\"ListItem\",\"position\":1,\"name\":\"In\u00edcio\",\"item\":\"https:\/\/nk7-testes.com.br\/agazeta\/\"},{\"@type\":\"ListItem\",\"position\":2,\"name\":\"Suspeitos de matar fam\u00edlia boliviana no Abun\u00e3 s\u00e3o presos no interior\"}]},{\"@type\":\"WebSite\",\"@id\":\"https:\/\/nk7-testes.com.br\/agazeta\/#website\",\"url\":\"https:\/\/nk7-testes.com.br\/agazeta\/\",\"name\":\"Agazeta.net\",\"description\":\"Agazeta.net - Not\u00edcias de Rio Branco\/AC\",\"potentialAction\":[{\"@type\":\"SearchAction\",\"target\":{\"@type\":\"EntryPoint\",\"urlTemplate\":\"https:\/\/nk7-testes.com.br\/agazeta\/?s={search_term_string}\"},\"query-input\":{\"@type\":\"PropertyValueSpecification\",\"valueRequired\":true,\"valueName\":\"search_term_string\"}}],\"inLanguage\":\"pt-BR\"},{\"@type\":\"Person\",\"@id\":\"https:\/\/nk7-testes.com.br\/agazeta\/#\/schema\/person\/6d6e25cb0435eb4a02fd44d30b4e3020\",\"name\":\"Agazeta.Net\",\"url\":\"https:\/\/nk7-testes.com.br\/agazeta\/author\/agazeta\/\"}]}<\/script>\n<!-- \/ Yoast SEO plugin. -->","yoast_head_json":{"title":"Suspeitos de matar fam\u00edlia boliviana no Abun\u00e3 s\u00e3o presos no interior - Agazeta.net","robots":{"index":"index","follow":"follow","max-snippet":"max-snippet:-1","max-image-preview":"max-image-preview:large","max-video-preview":"max-video-preview:-1"},"canonical":"https:\/\/nk7-testes.com.br\/agazeta\/suspeitos-de-matar-familia-boliviana-no-abuna-sao-presos-no-interior\/","og_locale":"pt_BR","og_type":"article","og_title":"Suspeitos de matar fam\u00edlia boliviana no Abun\u00e3 s\u00e3o presos no interior - Agazeta.net","og_description":"Julgamento dos envolvidos no crime ocorrer\u00e1 no Acre","og_url":"https:\/\/nk7-testes.com.br\/agazeta\/suspeitos-de-matar-familia-boliviana-no-abuna-sao-presos-no-interior\/","og_site_name":"Agazeta.net","article_published_time":"2020-10-17T13:58:45+00:00","og_image":[{"width":458,"height":340,"url":"https:\/\/nk7-testes.com.br\/agazeta\/wp-content\/uploads\/2020\/10\/17-10-20-familia-boliviana-morta-brasileiros-presos.jpeg","type":"image\/jpeg"}],"author":"Agazeta.Net","twitter_card":"summary_large_image","twitter_misc":{"Escrito por":"Agazeta.Net","Est. tempo de leitura":"1 minuto"},"schema":{"@context":"https:\/\/schema.org","@graph":[{"@type":"WebPage","@id":"https:\/\/nk7-testes.com.br\/agazeta\/suspeitos-de-matar-familia-boliviana-no-abuna-sao-presos-no-interior\/","url":"https:\/\/nk7-testes.com.br\/agazeta\/suspeitos-de-matar-familia-boliviana-no-abuna-sao-presos-no-interior\/","name":"Suspeitos de matar fam\u00edlia boliviana no Abun\u00e3 s\u00e3o presos no interior - Agazeta.net","isPartOf":{"@id":"https:\/\/nk7-testes.com.br\/agazeta\/#website"},"primaryImageOfPage":{"@id":"https:\/\/nk7-testes.com.br\/agazeta\/suspeitos-de-matar-familia-boliviana-no-abuna-sao-presos-no-interior\/#primaryimage"},"image":{"@id":"https:\/\/nk7-testes.com.br\/agazeta\/suspeitos-de-matar-familia-boliviana-no-abuna-sao-presos-no-interior\/#primaryimage"},"thumbnailUrl":"https:\/\/nk7-testes.com.br\/agazeta\/wp-content\/uploads\/2020\/10\/17-10-20-familia-boliviana-morta-brasileiros-presos.jpeg","datePublished":"2020-10-17T13:58:45+00:00","author":{"@id":"https:\/\/nk7-testes.com.br\/agazeta\/#\/schema\/person\/6d6e25cb0435eb4a02fd44d30b4e3020"},"breadcrumb":{"@id":"https:\/\/nk7-testes.com.br\/agazeta\/suspeitos-de-matar-familia-boliviana-no-abuna-sao-presos-no-interior\/#breadcrumb"},"inLanguage":"pt-BR","potentialAction":[{"@type":"ReadAction","target":["https:\/\/nk7-testes.com.br\/agazeta\/suspeitos-de-matar-familia-boliviana-no-abuna-sao-presos-no-interior\/"]}]},{"@type":"ImageObject","inLanguage":"pt-BR","@id":"https:\/\/nk7-testes.com.br\/agazeta\/suspeitos-de-matar-familia-boliviana-no-abuna-sao-presos-no-interior\/#primaryimage","url":"https:\/\/nk7-testes.com.br\/agazeta\/wp-content\/uploads\/2020\/10\/17-10-20-familia-boliviana-morta-brasileiros-presos.jpeg","contentUrl":"https:\/\/nk7-testes.com.br\/agazeta\/wp-content\/uploads\/2020\/10\/17-10-20-familia-boliviana-morta-brasileiros-presos.jpeg","width":458,"height":340,"caption":"17-10-20-familia-boliviana-morta-brasileiros-presos"},{"@type":"BreadcrumbList","@id":"https:\/\/nk7-testes.com.br\/agazeta\/suspeitos-de-matar-familia-boliviana-no-abuna-sao-presos-no-interior\/#breadcrumb","itemListElement":[{"@type":"ListItem","position":1,"name":"In\u00edcio","item":"https:\/\/nk7-testes.com.br\/agazeta\/"},{"@type":"ListItem","position":2,"name":"Suspeitos de matar fam\u00edlia boliviana no Abun\u00e3 s\u00e3o presos no interior"}]},{"@type":"WebSite","@id":"https:\/\/nk7-testes.com.br\/agazeta\/#website","url":"https:\/\/nk7-testes.com.br\/agazeta\/","name":"Agazeta.net","description":"Agazeta.net - Not\u00edcias de Rio Branco\/AC","potentialAction":[{"@type":"SearchAction","target":{"@type":"EntryPoint","urlTemplate":"https:\/\/nk7-testes.com.br\/agazeta\/?s={search_term_string}"},"query-input":{"@type":"PropertyValueSpecification","valueRequired":true,"valueName":"search_term_string"}}],"inLanguage":"pt-BR"},{"@type":"Person","@id":"https:\/\/nk7-testes.com.br\/agazeta\/#\/schema\/person\/6d6e25cb0435eb4a02fd44d30b4e3020","name":"Agazeta.Net","url":"https:\/\/nk7-testes.com.br\/agazeta\/author\/agazeta\/"}]}},"_links":{"self":[{"href":"https:\/\/nk7-testes.com.br\/agazeta\/wp-json\/wp\/v2\/posts\/50670","targetHints":{"allow":["GET"]}}],"collection":[{"href":"https:\/\/nk7-testes.com.br\/agazeta\/wp-json\/wp\/v2\/posts"}],"about":[{"href":"https:\/\/nk7-testes.com.br\/agazeta\/wp-json\/wp\/v2\/types\/post"}],"author":[{"embeddable":true,"href":"https:\/\/nk7-testes.com.br\/agazeta\/wp-json\/wp\/v2\/users\/4"}],"replies":[{"embeddable":true,"href":"https:\/\/nk7-testes.com.br\/agazeta\/wp-json\/wp\/v2\/comments?post=50670"}],"version-history":[{"count":0,"href":"https:\/\/nk7-testes.com.br\/agazeta\/wp-json\/wp\/v2\/posts\/50670\/revisions"}],"wp:featuredmedia":[{"embeddable":true,"href":"https:\/\/nk7-testes.com.br\/agazeta\/wp-json\/wp\/v2\/media\/50669"}],"wp:attachment":[{"href":"https:\/\/nk7-testes.com.br\/agazeta\/wp-json\/wp\/v2\/media?parent=50670"}],"wp:term":[{"taxonomy":"category","embeddable":true,"href":"https:\/\/nk7-testes.com.br\/agazeta\/wp-json\/wp\/v2\/categories?post=50670"},{"taxonomy":"post_tag","embeddable":true,"href":"https:\/\/nk7-testes.com.br\/agazeta\/wp-json\/wp\/v2\/tags?post=50670"}],"curies":[{"name":"wp","href":"https:\/\/api.w.org\/{rel}","templated":true}]}}