{"id":50426,"date":"2020-10-02T14:55:21","date_gmt":"2020-10-02T14:55:21","guid":{"rendered":"https:\/\/abarevegan.com.br\/index.php\/2020\/10\/02\/jovens-de-16-e-19-anos-sao-mortos-em-troca-de-tiros-com-o-gefron\/"},"modified":"2020-10-02T14:55:21","modified_gmt":"2020-10-02T14:55:21","slug":"jovens-de-16-e-19-anos-sao-mortos-em-troca-de-tiros-com-o-gefron","status":"publish","type":"post","link":"https:\/\/nk7-testes.com.br\/agazeta\/jovens-de-16-e-19-anos-sao-mortos-em-troca-de-tiros-com-o-gefron\/","title":{"rendered":"Jovens de 16 e 19 anos s\u00e3o mortos em troca de tiros com o Gefron"},"content":{"rendered":"<p style=\"text-align: justify;\">Outro adolescente de 14 anos ficou ferido na a\u00e7\u00e3o<\/p>\n<p style=\"text-align: justify;\">Quatro jovens foram alvejados durante troca de tiros com equipe do Grupo Especial de Fronteiras (Gefron), na noite desta quinta-feira, 1\u00ba, no munic\u00edpio de Brasileia. A viatura utilizada na ocorr\u00eancia tamb\u00e9m foi alvejada, mas nenhum membro da guarni\u00e7\u00e3o foi atingido.<\/p>\n<p style=\"text-align: justify;\">De acordo com a equipe, a Pol\u00edcia Militar, no munic\u00edpio de Brasileia, havia recebido den\u00fancias de que jovens estariam nas proximidades do ramal do Nazar\u00e9, supostamente portando arma de fogo.<\/p>\n<p style=\"text-align: justify;\">Utilizando uma viatura descaracterizada da Pol\u00edcia Civil de Epitaciol\u00e2ndia os profissionais foram at\u00e9 o local para o reconhecimento da \u00e1rea, reconhecimento da rota e poss\u00edveis locais por onde suspeitos estariam passando.<\/p>\n<p style=\"text-align: justify;\">Ao chegar no local, aproximadamente dez homens sa\u00edram de dentro de uma parte de mata fechada, rumo \u00e0 pista, caminhando em dire\u00e7\u00e3o \u00e0 guarni\u00e7\u00e3o. Ao chegarem a cerca de 15 metros de dist\u00e2ncia, sacaram as armas de fogo e apontaram na dire\u00e7\u00e3o da viatura.<\/p>\n<p style=\"text-align: justify;\">A equipe come\u00e7ou a falar, informando que se tratavam de policiais. No entanto, os suspeitos efetuaram disparos na dire\u00e7\u00e3o da viatura. Os policiais revidaram a a\u00e7\u00e3o e alvejaram quatros deles. Os demais suspeitos fugiram do local.<\/p>\n<p style=\"text-align: justify;\">Ainda de acordo com a equipe, uma guarni\u00e7\u00e3o da Pol\u00edcia Militar do 5\u00ba Batalh\u00e3o foi acionada para realizar o devido apoio e os feridos foram levados at\u00e9 o hospital do munic\u00edpio. At\u00e9 o momento, dois dos feridos continuam hospitalizados e dois vieram a \u00f3bito.<\/p>\n<p style=\"text-align: justify;\">Segundo o boletim de ocorr\u00eancias, as duas v\u00edtimas fatais tinham 16 anos e 19 anos, e um dos feridos tem 14 anos e o outro n\u00e3o teve a idade revelada.<\/p>\n<p style=\"text-align: justify;\">A equipe informou, ainda, que ao realizarem buscas no local da ocorr\u00eancia, conseguiram encontrar uma certa quantidade de entorpecentes, radiotransmissores, tinta spray e caixas de fogos de artif\u00edcio, al\u00e9m de folhas de coca e uma arma de fogo com tr\u00eas muni\u00e7\u00f5es intactas e tr\u00eas deflagradas. O registro das apreens\u00f5es ainda est\u00e1 sendo feito.<\/p>\n<p style=\"text-align: justify;\">&nbsp;<\/p>\n","protected":false},"excerpt":{"rendered":"<p style=\"text-align: justify;\">Outro adolescente de 14 anos ficou ferido na a\u00e7\u00e3o<\/p>\n","protected":false},"author":4,"featured_media":50425,"comment_status":"open","ping_status":"open","sticky":false,"template":"","format":"standard","meta":{"jnews-multi-image_gallery":[],"jnews_single_post":[],"jnews_primary_category":[],"jnews_social_meta":[],"jnews_review":[],"enable_review":"","type":"","name":"","summary":"","brand":"","sku":"","good":[],"bad":[],"score_override":"","override_value":"","rating":[],"price":[],"footnotes":""},"categories":[44],"tags":[],"class_list":["post-50426","post","type-post","status-publish","format-standard","has-post-thumbnail","hentry","category-policia"],"yoast_head":"<!-- This site is optimized with the Yoast SEO plugin v26.5 - https:\/\/yoast.com\/wordpress\/plugins\/seo\/ -->\n<title>Jovens de 16 e 19 anos s\u00e3o mortos em troca de tiros com o Gefron - Agazeta.net<\/title>\n<meta name=\"robots\" content=\"index, follow, max-snippet:-1, max-image-preview:large, max-video-preview:-1\" \/>\n<link rel=\"canonical\" href=\"https:\/\/nk7-testes.com.br\/agazeta\/jovens-de-16-e-19-anos-sao-mortos-em-troca-de-tiros-com-o-gefron\/\" \/>\n<meta property=\"og:locale\" content=\"pt_BR\" \/>\n<meta property=\"og:type\" content=\"article\" \/>\n<meta property=\"og:title\" content=\"Jovens de 16 e 19 anos s\u00e3o mortos em troca de tiros com o Gefron - Agazeta.net\" \/>\n<meta property=\"og:description\" content=\"Outro adolescente de 14 anos ficou ferido na a\u00e7\u00e3o\" \/>\n<meta property=\"og:url\" content=\"https:\/\/nk7-testes.com.br\/agazeta\/jovens-de-16-e-19-anos-sao-mortos-em-troca-de-tiros-com-o-gefron\/\" \/>\n<meta property=\"og:site_name\" content=\"Agazeta.net\" \/>\n<meta property=\"article:published_time\" content=\"2020-10-02T14:55:21+00:00\" \/>\n<meta property=\"og:image\" content=\"https:\/\/nk7-testes.com.br\/agazeta\/wp-content\/uploads\/2020\/10\/02-10-20-gefron-brasileia-adolescentes-mortos.jpeg\" \/>\n\t<meta property=\"og:image:width\" content=\"458\" \/>\n\t<meta property=\"og:image:height\" content=\"340\" \/>\n\t<meta property=\"og:image:type\" content=\"image\/jpeg\" \/>\n<meta name=\"author\" content=\"Agazeta.Net\" \/>\n<meta name=\"twitter:card\" content=\"summary_large_image\" \/>\n<meta name=\"twitter:label1\" content=\"Escrito por\" \/>\n\t<meta name=\"twitter:data1\" content=\"Agazeta.Net\" \/>\n\t<meta name=\"twitter:label2\" content=\"Est. tempo de leitura\" \/>\n\t<meta name=\"twitter:data2\" content=\"2 minutos\" \/>\n<script type=\"application\/ld+json\" class=\"yoast-schema-graph\">{\"@context\":\"https:\/\/schema.org\",\"@graph\":[{\"@type\":\"WebPage\",\"@id\":\"https:\/\/nk7-testes.com.br\/agazeta\/jovens-de-16-e-19-anos-sao-mortos-em-troca-de-tiros-com-o-gefron\/\",\"url\":\"https:\/\/nk7-testes.com.br\/agazeta\/jovens-de-16-e-19-anos-sao-mortos-em-troca-de-tiros-com-o-gefron\/\",\"name\":\"Jovens de 16 e 19 anos s\u00e3o mortos em troca de tiros com o Gefron - Agazeta.net\",\"isPartOf\":{\"@id\":\"https:\/\/nk7-testes.com.br\/agazeta\/#website\"},\"primaryImageOfPage\":{\"@id\":\"https:\/\/nk7-testes.com.br\/agazeta\/jovens-de-16-e-19-anos-sao-mortos-em-troca-de-tiros-com-o-gefron\/#primaryimage\"},\"image\":{\"@id\":\"https:\/\/nk7-testes.com.br\/agazeta\/jovens-de-16-e-19-anos-sao-mortos-em-troca-de-tiros-com-o-gefron\/#primaryimage\"},\"thumbnailUrl\":\"https:\/\/nk7-testes.com.br\/agazeta\/wp-content\/uploads\/2020\/10\/02-10-20-gefron-brasileia-adolescentes-mortos.jpeg\",\"datePublished\":\"2020-10-02T14:55:21+00:00\",\"author\":{\"@id\":\"https:\/\/nk7-testes.com.br\/agazeta\/#\/schema\/person\/6d6e25cb0435eb4a02fd44d30b4e3020\"},\"breadcrumb\":{\"@id\":\"https:\/\/nk7-testes.com.br\/agazeta\/jovens-de-16-e-19-anos-sao-mortos-em-troca-de-tiros-com-o-gefron\/#breadcrumb\"},\"inLanguage\":\"pt-BR\",\"potentialAction\":[{\"@type\":\"ReadAction\",\"target\":[\"https:\/\/nk7-testes.com.br\/agazeta\/jovens-de-16-e-19-anos-sao-mortos-em-troca-de-tiros-com-o-gefron\/\"]}]},{\"@type\":\"ImageObject\",\"inLanguage\":\"pt-BR\",\"@id\":\"https:\/\/nk7-testes.com.br\/agazeta\/jovens-de-16-e-19-anos-sao-mortos-em-troca-de-tiros-com-o-gefron\/#primaryimage\",\"url\":\"https:\/\/nk7-testes.com.br\/agazeta\/wp-content\/uploads\/2020\/10\/02-10-20-gefron-brasileia-adolescentes-mortos.jpeg\",\"contentUrl\":\"https:\/\/nk7-testes.com.br\/agazeta\/wp-content\/uploads\/2020\/10\/02-10-20-gefron-brasileia-adolescentes-mortos.jpeg\",\"width\":458,\"height\":340,\"caption\":\"02-10-20-gefron-brasileia-adolescentes-mortos\"},{\"@type\":\"BreadcrumbList\",\"@id\":\"https:\/\/nk7-testes.com.br\/agazeta\/jovens-de-16-e-19-anos-sao-mortos-em-troca-de-tiros-com-o-gefron\/#breadcrumb\",\"itemListElement\":[{\"@type\":\"ListItem\",\"position\":1,\"name\":\"In\u00edcio\",\"item\":\"https:\/\/nk7-testes.com.br\/agazeta\/\"},{\"@type\":\"ListItem\",\"position\":2,\"name\":\"Jovens de 16 e 19 anos s\u00e3o mortos em troca de tiros com o Gefron\"}]},{\"@type\":\"WebSite\",\"@id\":\"https:\/\/nk7-testes.com.br\/agazeta\/#website\",\"url\":\"https:\/\/nk7-testes.com.br\/agazeta\/\",\"name\":\"Agazeta.net\",\"description\":\"Agazeta.net - Not\u00edcias de Rio Branco\/AC\",\"potentialAction\":[{\"@type\":\"SearchAction\",\"target\":{\"@type\":\"EntryPoint\",\"urlTemplate\":\"https:\/\/nk7-testes.com.br\/agazeta\/?s={search_term_string}\"},\"query-input\":{\"@type\":\"PropertyValueSpecification\",\"valueRequired\":true,\"valueName\":\"search_term_string\"}}],\"inLanguage\":\"pt-BR\"},{\"@type\":\"Person\",\"@id\":\"https:\/\/nk7-testes.com.br\/agazeta\/#\/schema\/person\/6d6e25cb0435eb4a02fd44d30b4e3020\",\"name\":\"Agazeta.Net\",\"url\":\"https:\/\/nk7-testes.com.br\/agazeta\/author\/agazeta\/\"}]}<\/script>\n<!-- \/ Yoast SEO plugin. -->","yoast_head_json":{"title":"Jovens de 16 e 19 anos s\u00e3o mortos em troca de tiros com o Gefron - Agazeta.net","robots":{"index":"index","follow":"follow","max-snippet":"max-snippet:-1","max-image-preview":"max-image-preview:large","max-video-preview":"max-video-preview:-1"},"canonical":"https:\/\/nk7-testes.com.br\/agazeta\/jovens-de-16-e-19-anos-sao-mortos-em-troca-de-tiros-com-o-gefron\/","og_locale":"pt_BR","og_type":"article","og_title":"Jovens de 16 e 19 anos s\u00e3o mortos em troca de tiros com o Gefron - Agazeta.net","og_description":"Outro adolescente de 14 anos ficou ferido na a\u00e7\u00e3o","og_url":"https:\/\/nk7-testes.com.br\/agazeta\/jovens-de-16-e-19-anos-sao-mortos-em-troca-de-tiros-com-o-gefron\/","og_site_name":"Agazeta.net","article_published_time":"2020-10-02T14:55:21+00:00","og_image":[{"width":458,"height":340,"url":"https:\/\/nk7-testes.com.br\/agazeta\/wp-content\/uploads\/2020\/10\/02-10-20-gefron-brasileia-adolescentes-mortos.jpeg","type":"image\/jpeg"}],"author":"Agazeta.Net","twitter_card":"summary_large_image","twitter_misc":{"Escrito por":"Agazeta.Net","Est. tempo de leitura":"2 minutos"},"schema":{"@context":"https:\/\/schema.org","@graph":[{"@type":"WebPage","@id":"https:\/\/nk7-testes.com.br\/agazeta\/jovens-de-16-e-19-anos-sao-mortos-em-troca-de-tiros-com-o-gefron\/","url":"https:\/\/nk7-testes.com.br\/agazeta\/jovens-de-16-e-19-anos-sao-mortos-em-troca-de-tiros-com-o-gefron\/","name":"Jovens de 16 e 19 anos s\u00e3o mortos em troca de tiros com o Gefron - Agazeta.net","isPartOf":{"@id":"https:\/\/nk7-testes.com.br\/agazeta\/#website"},"primaryImageOfPage":{"@id":"https:\/\/nk7-testes.com.br\/agazeta\/jovens-de-16-e-19-anos-sao-mortos-em-troca-de-tiros-com-o-gefron\/#primaryimage"},"image":{"@id":"https:\/\/nk7-testes.com.br\/agazeta\/jovens-de-16-e-19-anos-sao-mortos-em-troca-de-tiros-com-o-gefron\/#primaryimage"},"thumbnailUrl":"https:\/\/nk7-testes.com.br\/agazeta\/wp-content\/uploads\/2020\/10\/02-10-20-gefron-brasileia-adolescentes-mortos.jpeg","datePublished":"2020-10-02T14:55:21+00:00","author":{"@id":"https:\/\/nk7-testes.com.br\/agazeta\/#\/schema\/person\/6d6e25cb0435eb4a02fd44d30b4e3020"},"breadcrumb":{"@id":"https:\/\/nk7-testes.com.br\/agazeta\/jovens-de-16-e-19-anos-sao-mortos-em-troca-de-tiros-com-o-gefron\/#breadcrumb"},"inLanguage":"pt-BR","potentialAction":[{"@type":"ReadAction","target":["https:\/\/nk7-testes.com.br\/agazeta\/jovens-de-16-e-19-anos-sao-mortos-em-troca-de-tiros-com-o-gefron\/"]}]},{"@type":"ImageObject","inLanguage":"pt-BR","@id":"https:\/\/nk7-testes.com.br\/agazeta\/jovens-de-16-e-19-anos-sao-mortos-em-troca-de-tiros-com-o-gefron\/#primaryimage","url":"https:\/\/nk7-testes.com.br\/agazeta\/wp-content\/uploads\/2020\/10\/02-10-20-gefron-brasileia-adolescentes-mortos.jpeg","contentUrl":"https:\/\/nk7-testes.com.br\/agazeta\/wp-content\/uploads\/2020\/10\/02-10-20-gefron-brasileia-adolescentes-mortos.jpeg","width":458,"height":340,"caption":"02-10-20-gefron-brasileia-adolescentes-mortos"},{"@type":"BreadcrumbList","@id":"https:\/\/nk7-testes.com.br\/agazeta\/jovens-de-16-e-19-anos-sao-mortos-em-troca-de-tiros-com-o-gefron\/#breadcrumb","itemListElement":[{"@type":"ListItem","position":1,"name":"In\u00edcio","item":"https:\/\/nk7-testes.com.br\/agazeta\/"},{"@type":"ListItem","position":2,"name":"Jovens de 16 e 19 anos s\u00e3o mortos em troca de tiros com o Gefron"}]},{"@type":"WebSite","@id":"https:\/\/nk7-testes.com.br\/agazeta\/#website","url":"https:\/\/nk7-testes.com.br\/agazeta\/","name":"Agazeta.net","description":"Agazeta.net - Not\u00edcias de Rio Branco\/AC","potentialAction":[{"@type":"SearchAction","target":{"@type":"EntryPoint","urlTemplate":"https:\/\/nk7-testes.com.br\/agazeta\/?s={search_term_string}"},"query-input":{"@type":"PropertyValueSpecification","valueRequired":true,"valueName":"search_term_string"}}],"inLanguage":"pt-BR"},{"@type":"Person","@id":"https:\/\/nk7-testes.com.br\/agazeta\/#\/schema\/person\/6d6e25cb0435eb4a02fd44d30b4e3020","name":"Agazeta.Net","url":"https:\/\/nk7-testes.com.br\/agazeta\/author\/agazeta\/"}]}},"_links":{"self":[{"href":"https:\/\/nk7-testes.com.br\/agazeta\/wp-json\/wp\/v2\/posts\/50426","targetHints":{"allow":["GET"]}}],"collection":[{"href":"https:\/\/nk7-testes.com.br\/agazeta\/wp-json\/wp\/v2\/posts"}],"about":[{"href":"https:\/\/nk7-testes.com.br\/agazeta\/wp-json\/wp\/v2\/types\/post"}],"author":[{"embeddable":true,"href":"https:\/\/nk7-testes.com.br\/agazeta\/wp-json\/wp\/v2\/users\/4"}],"replies":[{"embeddable":true,"href":"https:\/\/nk7-testes.com.br\/agazeta\/wp-json\/wp\/v2\/comments?post=50426"}],"version-history":[{"count":0,"href":"https:\/\/nk7-testes.com.br\/agazeta\/wp-json\/wp\/v2\/posts\/50426\/revisions"}],"wp:featuredmedia":[{"embeddable":true,"href":"https:\/\/nk7-testes.com.br\/agazeta\/wp-json\/wp\/v2\/media\/50425"}],"wp:attachment":[{"href":"https:\/\/nk7-testes.com.br\/agazeta\/wp-json\/wp\/v2\/media?parent=50426"}],"wp:term":[{"taxonomy":"category","embeddable":true,"href":"https:\/\/nk7-testes.com.br\/agazeta\/wp-json\/wp\/v2\/categories?post=50426"},{"taxonomy":"post_tag","embeddable":true,"href":"https:\/\/nk7-testes.com.br\/agazeta\/wp-json\/wp\/v2\/tags?post=50426"}],"curies":[{"name":"wp","href":"https:\/\/api.w.org\/{rel}","templated":true}]}}