{"id":50375,"date":"2020-09-29T21:17:54","date_gmt":"2020-09-29T21:17:54","guid":{"rendered":"https:\/\/abarevegan.com.br\/index.php\/2020\/09\/29\/policiais-penais-encontram-tunel-no-chao-de-cela-no-complexo-penitenciario-de-rio-branco\/"},"modified":"2020-09-29T21:17:54","modified_gmt":"2020-09-29T21:17:54","slug":"policiais-penais-encontram-tunel-no-chao-de-cela-no-complexo-penitenciario-de-rio-branco","status":"publish","type":"post","link":"https:\/\/nk7-testes.com.br\/agazeta\/policiais-penais-encontram-tunel-no-chao-de-cela-no-complexo-penitenciario-de-rio-branco\/","title":{"rendered":"Policiais penais encontram t\u00fanel no ch\u00e3o de cela no pres\u00eddio"},"content":{"rendered":"<p style=\"text-align: justify;\"><span style=\"font-size: 13.2px;\">Visitas ser\u00e3o suspensas por 30 dias nos pavilh\u00f5es B e K<\/span><\/p>\n<p style=\"text-align: justify;\">Durante verifica\u00e7\u00e3o de estrutura realizada ao longo da manh\u00e3 e in\u00edcio da tarde desta ter\u00e7a-feira (29), os policiais penais do Instituto de Administra\u00e7\u00e3o Penitenci\u00e1ria (Iapen) encontraram um buraco na cela 20 do pavilh\u00e3o K da Unidade de Regime Fechado n\u00ba 1, localizada no Complexo Penitenci\u00e1rio de Rio Branco.<\/p>\n<p style=\"text-align: justify;\">O buraco foi encontrado em uma das pedras utilizadas como base para colch\u00e3o. Ao realizar a verifica\u00e7\u00e3o, perceberam que a base estava diferente do comum. Diante disso, retiraram o barro de dentro da estrutura e encontraram um buraco que dava acesso ao sistema de drenagem do Complexo.<\/p>\n<p style=\"text-align: justify;\">De acordo com o presidente do Iapen, Arlenilson Cunha, o sistema de drenagem d\u00e1 acesso \u00e0 \u00e1rea externa do pavilh\u00e3o, de onde os 18 presos da cela empreenderiam fuga. Ap\u00f3s sa\u00edrem do pavilh\u00e3o, os detentos escalariam os muros da unidade.<\/p>\n<p style=\"text-align: justify;\">Para as escava\u00e7\u00f5es, os detentos utilizaram uma enxada artesanal feita com uma chapa de ferro da pr\u00f3pria estrutura.<\/p>\n<p style=\"text-align: justify;\">Os 18 presos foram realocados em outra cela e responder\u00e3o a processo administrativo disciplinar para apurar a falta cometida.<\/p>\n<p style=\"text-align: justify;\">Visitas suspensas<\/p>\n<p style=\"text-align: justify;\">Diante da ocorr\u00eancia desta ter\u00e7a-feira (29), e da tentativa de fuga registrada no \u00faltimo s\u00e1bado (26) a equipe gestora do Iapen resolveu pela suspens\u00e3o de visitas nos pavilh\u00f5es K e B. \u201cAs visitas ser\u00e3o suspensas nos respectivos pavilh\u00f5es pelo per\u00edodo de 30 dias a partir das datas das ocorr\u00eancias\u201d, frisou o presidente do Iapen, Arlenilson Cunha.<\/p>\n<p style=\"text-align: justify;\"><img decoding=\"async\" class=\" size-full wp-image-50373\" src=\"https:\/\/nk7-testes.com.br\/wp-content\/uploads\/2020\/09\/WhatsApp_Image_2020-09-29_at_17.57.41.jpeg\" alt=\"WhatsApp Image 2020-09-29 at 17.57.41\" width=\"331\" height=\"226\" \/><\/p>\n<p style=\"text-align: justify;\"><img decoding=\"async\" class=\" size-full wp-image-50374\" src=\"https:\/\/nk7-testes.com.br\/wp-content\/uploads\/2020\/09\/WhatsApp_Image_2020-09-29_at_17.57.42_1.jpeg\" width=\"332\" height=\"317\" alt=\"WhatsApp Image 2020-09-29 at 17.57.42 1\" \/><\/p>\n<p style=\"text-align: justify;\">\n","protected":false},"excerpt":{"rendered":"<p style=\"text-align: justify;\"><span style=\"font-size: 13.2px;\">Visitas ser\u00e3o suspensas por 30 dias nos pavilh\u00f5es B e K<\/span><\/p>\n","protected":false},"author":4,"featured_media":50372,"comment_status":"open","ping_status":"open","sticky":false,"template":"","format":"standard","meta":{"jnews-multi-image_gallery":[],"jnews_single_post":[],"jnews_primary_category":[],"jnews_social_meta":[],"jnews_review":[],"enable_review":"","type":"","name":"","summary":"","brand":"","sku":"","good":[],"bad":[],"score_override":"","override_value":"","rating":[],"price":[],"footnotes":""},"categories":[44],"tags":[],"class_list":["post-50375","post","type-post","status-publish","format-standard","has-post-thumbnail","hentry","category-policia"],"yoast_head":"<!-- This site is optimized with the Yoast SEO plugin v26.5 - https:\/\/yoast.com\/wordpress\/plugins\/seo\/ -->\n<title>Policiais penais encontram t\u00fanel no ch\u00e3o de cela no pres\u00eddio - Agazeta.net<\/title>\n<meta name=\"robots\" content=\"index, follow, max-snippet:-1, max-image-preview:large, max-video-preview:-1\" \/>\n<link rel=\"canonical\" href=\"https:\/\/nk7-testes.com.br\/agazeta\/policiais-penais-encontram-tunel-no-chao-de-cela-no-complexo-penitenciario-de-rio-branco\/\" \/>\n<meta property=\"og:locale\" content=\"pt_BR\" \/>\n<meta property=\"og:type\" content=\"article\" \/>\n<meta property=\"og:title\" content=\"Policiais penais encontram t\u00fanel no ch\u00e3o de cela no pres\u00eddio - Agazeta.net\" \/>\n<meta property=\"og:description\" content=\"Visitas ser\u00e3o suspensas por 30 dias nos pavilh\u00f5es B e K\" \/>\n<meta property=\"og:url\" content=\"https:\/\/nk7-testes.com.br\/agazeta\/policiais-penais-encontram-tunel-no-chao-de-cela-no-complexo-penitenciario-de-rio-branco\/\" \/>\n<meta property=\"og:site_name\" content=\"Agazeta.net\" \/>\n<meta property=\"article:published_time\" content=\"2020-09-29T21:17:54+00:00\" \/>\n<meta property=\"og:image\" content=\"https:\/\/nk7-testes.com.br\/agazeta\/wp-content\/uploads\/2020\/09\/29-09-2020_Policiais-penais-encontram-tunel-no-chao-de-cela-no-Complexo-Penitenciario.jpg\" \/>\n\t<meta property=\"og:image:width\" content=\"458\" \/>\n\t<meta property=\"og:image:height\" content=\"340\" \/>\n\t<meta property=\"og:image:type\" content=\"image\/jpeg\" \/>\n<meta name=\"author\" content=\"Agazeta.Net\" \/>\n<meta name=\"twitter:card\" content=\"summary_large_image\" \/>\n<meta name=\"twitter:label1\" content=\"Escrito por\" \/>\n\t<meta name=\"twitter:data1\" content=\"Agazeta.Net\" \/>\n\t<meta name=\"twitter:label2\" content=\"Est. tempo de leitura\" \/>\n\t<meta name=\"twitter:data2\" content=\"1 minuto\" \/>\n<script type=\"application\/ld+json\" class=\"yoast-schema-graph\">{\"@context\":\"https:\/\/schema.org\",\"@graph\":[{\"@type\":\"WebPage\",\"@id\":\"https:\/\/nk7-testes.com.br\/agazeta\/policiais-penais-encontram-tunel-no-chao-de-cela-no-complexo-penitenciario-de-rio-branco\/\",\"url\":\"https:\/\/nk7-testes.com.br\/agazeta\/policiais-penais-encontram-tunel-no-chao-de-cela-no-complexo-penitenciario-de-rio-branco\/\",\"name\":\"Policiais penais encontram t\u00fanel no ch\u00e3o de cela no pres\u00eddio - Agazeta.net\",\"isPartOf\":{\"@id\":\"https:\/\/nk7-testes.com.br\/agazeta\/#website\"},\"primaryImageOfPage\":{\"@id\":\"https:\/\/nk7-testes.com.br\/agazeta\/policiais-penais-encontram-tunel-no-chao-de-cela-no-complexo-penitenciario-de-rio-branco\/#primaryimage\"},\"image\":{\"@id\":\"https:\/\/nk7-testes.com.br\/agazeta\/policiais-penais-encontram-tunel-no-chao-de-cela-no-complexo-penitenciario-de-rio-branco\/#primaryimage\"},\"thumbnailUrl\":\"https:\/\/nk7-testes.com.br\/agazeta\/wp-content\/uploads\/2020\/09\/29-09-2020_Policiais-penais-encontram-tunel-no-chao-de-cela-no-Complexo-Penitenciario.jpg\",\"datePublished\":\"2020-09-29T21:17:54+00:00\",\"author\":{\"@id\":\"https:\/\/nk7-testes.com.br\/agazeta\/#\/schema\/person\/6d6e25cb0435eb4a02fd44d30b4e3020\"},\"breadcrumb\":{\"@id\":\"https:\/\/nk7-testes.com.br\/agazeta\/policiais-penais-encontram-tunel-no-chao-de-cela-no-complexo-penitenciario-de-rio-branco\/#breadcrumb\"},\"inLanguage\":\"pt-BR\",\"potentialAction\":[{\"@type\":\"ReadAction\",\"target\":[\"https:\/\/nk7-testes.com.br\/agazeta\/policiais-penais-encontram-tunel-no-chao-de-cela-no-complexo-penitenciario-de-rio-branco\/\"]}]},{\"@type\":\"ImageObject\",\"inLanguage\":\"pt-BR\",\"@id\":\"https:\/\/nk7-testes.com.br\/agazeta\/policiais-penais-encontram-tunel-no-chao-de-cela-no-complexo-penitenciario-de-rio-branco\/#primaryimage\",\"url\":\"https:\/\/nk7-testes.com.br\/agazeta\/wp-content\/uploads\/2020\/09\/29-09-2020_Policiais-penais-encontram-tunel-no-chao-de-cela-no-Complexo-Penitenciario.jpg\",\"contentUrl\":\"https:\/\/nk7-testes.com.br\/agazeta\/wp-content\/uploads\/2020\/09\/29-09-2020_Policiais-penais-encontram-tunel-no-chao-de-cela-no-Complexo-Penitenciario.jpg\",\"width\":458,\"height\":340,\"caption\":\"29-09-2020 Policiais-penais-encontram-tunel-no-ch\u00e3o-de-cela-no-Complexo-Penitenci\u00e1rio\"},{\"@type\":\"BreadcrumbList\",\"@id\":\"https:\/\/nk7-testes.com.br\/agazeta\/policiais-penais-encontram-tunel-no-chao-de-cela-no-complexo-penitenciario-de-rio-branco\/#breadcrumb\",\"itemListElement\":[{\"@type\":\"ListItem\",\"position\":1,\"name\":\"In\u00edcio\",\"item\":\"https:\/\/nk7-testes.com.br\/agazeta\/\"},{\"@type\":\"ListItem\",\"position\":2,\"name\":\"Policiais penais encontram t\u00fanel no ch\u00e3o de cela no pres\u00eddio\"}]},{\"@type\":\"WebSite\",\"@id\":\"https:\/\/nk7-testes.com.br\/agazeta\/#website\",\"url\":\"https:\/\/nk7-testes.com.br\/agazeta\/\",\"name\":\"Agazeta.net\",\"description\":\"Agazeta.net - Not\u00edcias de Rio Branco\/AC\",\"potentialAction\":[{\"@type\":\"SearchAction\",\"target\":{\"@type\":\"EntryPoint\",\"urlTemplate\":\"https:\/\/nk7-testes.com.br\/agazeta\/?s={search_term_string}\"},\"query-input\":{\"@type\":\"PropertyValueSpecification\",\"valueRequired\":true,\"valueName\":\"search_term_string\"}}],\"inLanguage\":\"pt-BR\"},{\"@type\":\"Person\",\"@id\":\"https:\/\/nk7-testes.com.br\/agazeta\/#\/schema\/person\/6d6e25cb0435eb4a02fd44d30b4e3020\",\"name\":\"Agazeta.Net\",\"url\":\"https:\/\/nk7-testes.com.br\/agazeta\/author\/agazeta\/\"}]}<\/script>\n<!-- \/ Yoast SEO plugin. -->","yoast_head_json":{"title":"Policiais penais encontram t\u00fanel no ch\u00e3o de cela no pres\u00eddio - Agazeta.net","robots":{"index":"index","follow":"follow","max-snippet":"max-snippet:-1","max-image-preview":"max-image-preview:large","max-video-preview":"max-video-preview:-1"},"canonical":"https:\/\/nk7-testes.com.br\/agazeta\/policiais-penais-encontram-tunel-no-chao-de-cela-no-complexo-penitenciario-de-rio-branco\/","og_locale":"pt_BR","og_type":"article","og_title":"Policiais penais encontram t\u00fanel no ch\u00e3o de cela no pres\u00eddio - Agazeta.net","og_description":"Visitas ser\u00e3o suspensas por 30 dias nos pavilh\u00f5es B e K","og_url":"https:\/\/nk7-testes.com.br\/agazeta\/policiais-penais-encontram-tunel-no-chao-de-cela-no-complexo-penitenciario-de-rio-branco\/","og_site_name":"Agazeta.net","article_published_time":"2020-09-29T21:17:54+00:00","og_image":[{"width":458,"height":340,"url":"https:\/\/nk7-testes.com.br\/agazeta\/wp-content\/uploads\/2020\/09\/29-09-2020_Policiais-penais-encontram-tunel-no-chao-de-cela-no-Complexo-Penitenciario.jpg","type":"image\/jpeg"}],"author":"Agazeta.Net","twitter_card":"summary_large_image","twitter_misc":{"Escrito por":"Agazeta.Net","Est. tempo de leitura":"1 minuto"},"schema":{"@context":"https:\/\/schema.org","@graph":[{"@type":"WebPage","@id":"https:\/\/nk7-testes.com.br\/agazeta\/policiais-penais-encontram-tunel-no-chao-de-cela-no-complexo-penitenciario-de-rio-branco\/","url":"https:\/\/nk7-testes.com.br\/agazeta\/policiais-penais-encontram-tunel-no-chao-de-cela-no-complexo-penitenciario-de-rio-branco\/","name":"Policiais penais encontram t\u00fanel no ch\u00e3o de cela no pres\u00eddio - Agazeta.net","isPartOf":{"@id":"https:\/\/nk7-testes.com.br\/agazeta\/#website"},"primaryImageOfPage":{"@id":"https:\/\/nk7-testes.com.br\/agazeta\/policiais-penais-encontram-tunel-no-chao-de-cela-no-complexo-penitenciario-de-rio-branco\/#primaryimage"},"image":{"@id":"https:\/\/nk7-testes.com.br\/agazeta\/policiais-penais-encontram-tunel-no-chao-de-cela-no-complexo-penitenciario-de-rio-branco\/#primaryimage"},"thumbnailUrl":"https:\/\/nk7-testes.com.br\/agazeta\/wp-content\/uploads\/2020\/09\/29-09-2020_Policiais-penais-encontram-tunel-no-chao-de-cela-no-Complexo-Penitenciario.jpg","datePublished":"2020-09-29T21:17:54+00:00","author":{"@id":"https:\/\/nk7-testes.com.br\/agazeta\/#\/schema\/person\/6d6e25cb0435eb4a02fd44d30b4e3020"},"breadcrumb":{"@id":"https:\/\/nk7-testes.com.br\/agazeta\/policiais-penais-encontram-tunel-no-chao-de-cela-no-complexo-penitenciario-de-rio-branco\/#breadcrumb"},"inLanguage":"pt-BR","potentialAction":[{"@type":"ReadAction","target":["https:\/\/nk7-testes.com.br\/agazeta\/policiais-penais-encontram-tunel-no-chao-de-cela-no-complexo-penitenciario-de-rio-branco\/"]}]},{"@type":"ImageObject","inLanguage":"pt-BR","@id":"https:\/\/nk7-testes.com.br\/agazeta\/policiais-penais-encontram-tunel-no-chao-de-cela-no-complexo-penitenciario-de-rio-branco\/#primaryimage","url":"https:\/\/nk7-testes.com.br\/agazeta\/wp-content\/uploads\/2020\/09\/29-09-2020_Policiais-penais-encontram-tunel-no-chao-de-cela-no-Complexo-Penitenciario.jpg","contentUrl":"https:\/\/nk7-testes.com.br\/agazeta\/wp-content\/uploads\/2020\/09\/29-09-2020_Policiais-penais-encontram-tunel-no-chao-de-cela-no-Complexo-Penitenciario.jpg","width":458,"height":340,"caption":"29-09-2020 Policiais-penais-encontram-tunel-no-ch\u00e3o-de-cela-no-Complexo-Penitenci\u00e1rio"},{"@type":"BreadcrumbList","@id":"https:\/\/nk7-testes.com.br\/agazeta\/policiais-penais-encontram-tunel-no-chao-de-cela-no-complexo-penitenciario-de-rio-branco\/#breadcrumb","itemListElement":[{"@type":"ListItem","position":1,"name":"In\u00edcio","item":"https:\/\/nk7-testes.com.br\/agazeta\/"},{"@type":"ListItem","position":2,"name":"Policiais penais encontram t\u00fanel no ch\u00e3o de cela no pres\u00eddio"}]},{"@type":"WebSite","@id":"https:\/\/nk7-testes.com.br\/agazeta\/#website","url":"https:\/\/nk7-testes.com.br\/agazeta\/","name":"Agazeta.net","description":"Agazeta.net - Not\u00edcias de Rio Branco\/AC","potentialAction":[{"@type":"SearchAction","target":{"@type":"EntryPoint","urlTemplate":"https:\/\/nk7-testes.com.br\/agazeta\/?s={search_term_string}"},"query-input":{"@type":"PropertyValueSpecification","valueRequired":true,"valueName":"search_term_string"}}],"inLanguage":"pt-BR"},{"@type":"Person","@id":"https:\/\/nk7-testes.com.br\/agazeta\/#\/schema\/person\/6d6e25cb0435eb4a02fd44d30b4e3020","name":"Agazeta.Net","url":"https:\/\/nk7-testes.com.br\/agazeta\/author\/agazeta\/"}]}},"_links":{"self":[{"href":"https:\/\/nk7-testes.com.br\/agazeta\/wp-json\/wp\/v2\/posts\/50375","targetHints":{"allow":["GET"]}}],"collection":[{"href":"https:\/\/nk7-testes.com.br\/agazeta\/wp-json\/wp\/v2\/posts"}],"about":[{"href":"https:\/\/nk7-testes.com.br\/agazeta\/wp-json\/wp\/v2\/types\/post"}],"author":[{"embeddable":true,"href":"https:\/\/nk7-testes.com.br\/agazeta\/wp-json\/wp\/v2\/users\/4"}],"replies":[{"embeddable":true,"href":"https:\/\/nk7-testes.com.br\/agazeta\/wp-json\/wp\/v2\/comments?post=50375"}],"version-history":[{"count":0,"href":"https:\/\/nk7-testes.com.br\/agazeta\/wp-json\/wp\/v2\/posts\/50375\/revisions"}],"wp:featuredmedia":[{"embeddable":true,"href":"https:\/\/nk7-testes.com.br\/agazeta\/wp-json\/wp\/v2\/media\/50372"}],"wp:attachment":[{"href":"https:\/\/nk7-testes.com.br\/agazeta\/wp-json\/wp\/v2\/media?parent=50375"}],"wp:term":[{"taxonomy":"category","embeddable":true,"href":"https:\/\/nk7-testes.com.br\/agazeta\/wp-json\/wp\/v2\/categories?post=50375"},{"taxonomy":"post_tag","embeddable":true,"href":"https:\/\/nk7-testes.com.br\/agazeta\/wp-json\/wp\/v2\/tags?post=50375"}],"curies":[{"name":"wp","href":"https:\/\/api.w.org\/{rel}","templated":true}]}}