{"id":50348,"date":"2020-09-29T12:10:13","date_gmt":"2020-09-29T12:10:13","guid":{"rendered":"https:\/\/abarevegan.com.br\/index.php\/2020\/09\/29\/comerciante-e-morto-a-tiros-no-bairro-santa-cecilia-em-rio-branco\/"},"modified":"2020-09-29T12:10:13","modified_gmt":"2020-09-29T12:10:13","slug":"comerciante-e-morto-a-tiros-no-bairro-santa-cecilia-em-rio-branco","status":"publish","type":"post","link":"https:\/\/nk7-testes.com.br\/agazeta\/comerciante-e-morto-a-tiros-no-bairro-santa-cecilia-em-rio-branco\/","title":{"rendered":"Comerciante \u00e9 morto a tiros no bairro Santa Cec\u00edlia, em Rio Branco"},"content":{"rendered":"<p style=\"text-align: justify;\">V\u00edtima n\u00e3o teria envolvimento com crime organizado<\/p>\n<p style=\"text-align: justify;\">Mais um homic\u00eddio foi registrado na noite desta segunda-feira (28), em Rio Branco. Dessa vez na rua Milton Maciel, no bairro Santa Cec\u00edlia, regi\u00e3o do Segundo Distrito.<\/p>\n<p style=\"text-align: justify;\">A v\u00edtima, Edson Barbosa da Silva Neto, 23 anos, era propriet\u00e1rio de um pequeno com\u00e9rcio no bairro. Tr\u00eas homens a p\u00e9 chegaram no mercadinho e efetuaram v\u00e1rios disparos contra ele, que n\u00e3o teve chance de defesa.<\/p>\n<p style=\"text-align: justify;\">A Pol\u00edcia Militar foi acionada por populares, e em seguida chamou o Instituto M\u00e9dico Legal (IML) e a Delegacia de Homic\u00eddios e Prote\u00e7\u00e3o \u00e0 Pessoa (DHPP). Segundo os militares, o homem n\u00e3o tinha envolvimento com organiza\u00e7\u00f5es criminosas, mas o irm\u00e3o dele sim. Por isso, eles consideram que o ato teria sido uma retalia\u00e7\u00e3o.<\/p>\n<p style=\"text-align: justify;\">A ambul\u00e2ncia de suporte avan\u00e7ado do Servi\u00e7o de Atendimento M\u00f3vel de Urg\u00eancia (Samu) ainda chegou a ir ao local, mas nada pode fazer pela v\u00edtima.<\/p>\n","protected":false},"excerpt":{"rendered":"<p style=\"text-align: justify;\">V\u00edtima n\u00e3o teria envolvimento com crime organizado<\/p>\n","protected":false},"author":4,"featured_media":50347,"comment_status":"open","ping_status":"open","sticky":false,"template":"","format":"standard","meta":{"jnews-multi-image_gallery":[],"jnews_single_post":[],"jnews_primary_category":[],"jnews_social_meta":[],"jnews_review":[],"enable_review":"","type":"","name":"","summary":"","brand":"","sku":"","good":[],"bad":[],"score_override":"","override_value":"","rating":[],"price":[],"footnotes":""},"categories":[44],"tags":[],"class_list":["post-50348","post","type-post","status-publish","format-standard","has-post-thumbnail","hentry","category-policia"],"yoast_head":"<!-- This site is optimized with the Yoast SEO plugin v26.5 - https:\/\/yoast.com\/wordpress\/plugins\/seo\/ -->\n<title>Comerciante \u00e9 morto a tiros no bairro Santa Cec\u00edlia, em Rio Branco - Agazeta.net<\/title>\n<meta name=\"robots\" content=\"index, follow, max-snippet:-1, max-image-preview:large, max-video-preview:-1\" \/>\n<link rel=\"canonical\" href=\"https:\/\/nk7-testes.com.br\/agazeta\/comerciante-e-morto-a-tiros-no-bairro-santa-cecilia-em-rio-branco\/\" \/>\n<meta property=\"og:locale\" content=\"pt_BR\" \/>\n<meta property=\"og:type\" content=\"article\" \/>\n<meta property=\"og:title\" content=\"Comerciante \u00e9 morto a tiros no bairro Santa Cec\u00edlia, em Rio Branco - Agazeta.net\" \/>\n<meta property=\"og:description\" content=\"V\u00edtima n\u00e3o teria envolvimento com crime organizado\" \/>\n<meta property=\"og:url\" content=\"https:\/\/nk7-testes.com.br\/agazeta\/comerciante-e-morto-a-tiros-no-bairro-santa-cecilia-em-rio-branco\/\" \/>\n<meta property=\"og:site_name\" content=\"Agazeta.net\" \/>\n<meta property=\"article:published_time\" content=\"2020-09-29T12:10:13+00:00\" \/>\n<meta property=\"og:image\" content=\"https:\/\/nk7-testes.com.br\/agazeta\/wp-content\/uploads\/2020\/09\/29-09-20-comerciante-morto-a-tiros-santa-cecilia.jpeg\" \/>\n\t<meta property=\"og:image:width\" content=\"458\" \/>\n\t<meta property=\"og:image:height\" content=\"340\" \/>\n\t<meta property=\"og:image:type\" content=\"image\/jpeg\" \/>\n<meta name=\"author\" content=\"Agazeta.Net\" \/>\n<meta name=\"twitter:card\" content=\"summary_large_image\" \/>\n<meta name=\"twitter:label1\" content=\"Escrito por\" \/>\n\t<meta name=\"twitter:data1\" content=\"Agazeta.Net\" \/>\n\t<meta name=\"twitter:label2\" content=\"Est. tempo de leitura\" \/>\n\t<meta name=\"twitter:data2\" content=\"1 minuto\" \/>\n<script type=\"application\/ld+json\" class=\"yoast-schema-graph\">{\"@context\":\"https:\/\/schema.org\",\"@graph\":[{\"@type\":\"WebPage\",\"@id\":\"https:\/\/nk7-testes.com.br\/agazeta\/comerciante-e-morto-a-tiros-no-bairro-santa-cecilia-em-rio-branco\/\",\"url\":\"https:\/\/nk7-testes.com.br\/agazeta\/comerciante-e-morto-a-tiros-no-bairro-santa-cecilia-em-rio-branco\/\",\"name\":\"Comerciante \u00e9 morto a tiros no bairro Santa Cec\u00edlia, em Rio Branco - Agazeta.net\",\"isPartOf\":{\"@id\":\"https:\/\/nk7-testes.com.br\/agazeta\/#website\"},\"primaryImageOfPage\":{\"@id\":\"https:\/\/nk7-testes.com.br\/agazeta\/comerciante-e-morto-a-tiros-no-bairro-santa-cecilia-em-rio-branco\/#primaryimage\"},\"image\":{\"@id\":\"https:\/\/nk7-testes.com.br\/agazeta\/comerciante-e-morto-a-tiros-no-bairro-santa-cecilia-em-rio-branco\/#primaryimage\"},\"thumbnailUrl\":\"https:\/\/nk7-testes.com.br\/agazeta\/wp-content\/uploads\/2020\/09\/29-09-20-comerciante-morto-a-tiros-santa-cecilia.jpeg\",\"datePublished\":\"2020-09-29T12:10:13+00:00\",\"author\":{\"@id\":\"https:\/\/nk7-testes.com.br\/agazeta\/#\/schema\/person\/6d6e25cb0435eb4a02fd44d30b4e3020\"},\"breadcrumb\":{\"@id\":\"https:\/\/nk7-testes.com.br\/agazeta\/comerciante-e-morto-a-tiros-no-bairro-santa-cecilia-em-rio-branco\/#breadcrumb\"},\"inLanguage\":\"pt-BR\",\"potentialAction\":[{\"@type\":\"ReadAction\",\"target\":[\"https:\/\/nk7-testes.com.br\/agazeta\/comerciante-e-morto-a-tiros-no-bairro-santa-cecilia-em-rio-branco\/\"]}]},{\"@type\":\"ImageObject\",\"inLanguage\":\"pt-BR\",\"@id\":\"https:\/\/nk7-testes.com.br\/agazeta\/comerciante-e-morto-a-tiros-no-bairro-santa-cecilia-em-rio-branco\/#primaryimage\",\"url\":\"https:\/\/nk7-testes.com.br\/agazeta\/wp-content\/uploads\/2020\/09\/29-09-20-comerciante-morto-a-tiros-santa-cecilia.jpeg\",\"contentUrl\":\"https:\/\/nk7-testes.com.br\/agazeta\/wp-content\/uploads\/2020\/09\/29-09-20-comerciante-morto-a-tiros-santa-cecilia.jpeg\",\"width\":458,\"height\":340,\"caption\":\"29-09-20-comerciante-morto-a-tiros-santa-cecilia\"},{\"@type\":\"BreadcrumbList\",\"@id\":\"https:\/\/nk7-testes.com.br\/agazeta\/comerciante-e-morto-a-tiros-no-bairro-santa-cecilia-em-rio-branco\/#breadcrumb\",\"itemListElement\":[{\"@type\":\"ListItem\",\"position\":1,\"name\":\"In\u00edcio\",\"item\":\"https:\/\/nk7-testes.com.br\/agazeta\/\"},{\"@type\":\"ListItem\",\"position\":2,\"name\":\"Comerciante \u00e9 morto a tiros no bairro Santa Cec\u00edlia, em Rio Branco\"}]},{\"@type\":\"WebSite\",\"@id\":\"https:\/\/nk7-testes.com.br\/agazeta\/#website\",\"url\":\"https:\/\/nk7-testes.com.br\/agazeta\/\",\"name\":\"Agazeta.net\",\"description\":\"Agazeta.net - Not\u00edcias de Rio Branco\/AC\",\"potentialAction\":[{\"@type\":\"SearchAction\",\"target\":{\"@type\":\"EntryPoint\",\"urlTemplate\":\"https:\/\/nk7-testes.com.br\/agazeta\/?s={search_term_string}\"},\"query-input\":{\"@type\":\"PropertyValueSpecification\",\"valueRequired\":true,\"valueName\":\"search_term_string\"}}],\"inLanguage\":\"pt-BR\"},{\"@type\":\"Person\",\"@id\":\"https:\/\/nk7-testes.com.br\/agazeta\/#\/schema\/person\/6d6e25cb0435eb4a02fd44d30b4e3020\",\"name\":\"Agazeta.Net\",\"url\":\"https:\/\/nk7-testes.com.br\/agazeta\/author\/agazeta\/\"}]}<\/script>\n<!-- \/ Yoast SEO plugin. -->","yoast_head_json":{"title":"Comerciante \u00e9 morto a tiros no bairro Santa Cec\u00edlia, em Rio Branco - Agazeta.net","robots":{"index":"index","follow":"follow","max-snippet":"max-snippet:-1","max-image-preview":"max-image-preview:large","max-video-preview":"max-video-preview:-1"},"canonical":"https:\/\/nk7-testes.com.br\/agazeta\/comerciante-e-morto-a-tiros-no-bairro-santa-cecilia-em-rio-branco\/","og_locale":"pt_BR","og_type":"article","og_title":"Comerciante \u00e9 morto a tiros no bairro Santa Cec\u00edlia, em Rio Branco - Agazeta.net","og_description":"V\u00edtima n\u00e3o teria envolvimento com crime organizado","og_url":"https:\/\/nk7-testes.com.br\/agazeta\/comerciante-e-morto-a-tiros-no-bairro-santa-cecilia-em-rio-branco\/","og_site_name":"Agazeta.net","article_published_time":"2020-09-29T12:10:13+00:00","og_image":[{"width":458,"height":340,"url":"https:\/\/nk7-testes.com.br\/agazeta\/wp-content\/uploads\/2020\/09\/29-09-20-comerciante-morto-a-tiros-santa-cecilia.jpeg","type":"image\/jpeg"}],"author":"Agazeta.Net","twitter_card":"summary_large_image","twitter_misc":{"Escrito por":"Agazeta.Net","Est. tempo de leitura":"1 minuto"},"schema":{"@context":"https:\/\/schema.org","@graph":[{"@type":"WebPage","@id":"https:\/\/nk7-testes.com.br\/agazeta\/comerciante-e-morto-a-tiros-no-bairro-santa-cecilia-em-rio-branco\/","url":"https:\/\/nk7-testes.com.br\/agazeta\/comerciante-e-morto-a-tiros-no-bairro-santa-cecilia-em-rio-branco\/","name":"Comerciante \u00e9 morto a tiros no bairro Santa Cec\u00edlia, em Rio Branco - Agazeta.net","isPartOf":{"@id":"https:\/\/nk7-testes.com.br\/agazeta\/#website"},"primaryImageOfPage":{"@id":"https:\/\/nk7-testes.com.br\/agazeta\/comerciante-e-morto-a-tiros-no-bairro-santa-cecilia-em-rio-branco\/#primaryimage"},"image":{"@id":"https:\/\/nk7-testes.com.br\/agazeta\/comerciante-e-morto-a-tiros-no-bairro-santa-cecilia-em-rio-branco\/#primaryimage"},"thumbnailUrl":"https:\/\/nk7-testes.com.br\/agazeta\/wp-content\/uploads\/2020\/09\/29-09-20-comerciante-morto-a-tiros-santa-cecilia.jpeg","datePublished":"2020-09-29T12:10:13+00:00","author":{"@id":"https:\/\/nk7-testes.com.br\/agazeta\/#\/schema\/person\/6d6e25cb0435eb4a02fd44d30b4e3020"},"breadcrumb":{"@id":"https:\/\/nk7-testes.com.br\/agazeta\/comerciante-e-morto-a-tiros-no-bairro-santa-cecilia-em-rio-branco\/#breadcrumb"},"inLanguage":"pt-BR","potentialAction":[{"@type":"ReadAction","target":["https:\/\/nk7-testes.com.br\/agazeta\/comerciante-e-morto-a-tiros-no-bairro-santa-cecilia-em-rio-branco\/"]}]},{"@type":"ImageObject","inLanguage":"pt-BR","@id":"https:\/\/nk7-testes.com.br\/agazeta\/comerciante-e-morto-a-tiros-no-bairro-santa-cecilia-em-rio-branco\/#primaryimage","url":"https:\/\/nk7-testes.com.br\/agazeta\/wp-content\/uploads\/2020\/09\/29-09-20-comerciante-morto-a-tiros-santa-cecilia.jpeg","contentUrl":"https:\/\/nk7-testes.com.br\/agazeta\/wp-content\/uploads\/2020\/09\/29-09-20-comerciante-morto-a-tiros-santa-cecilia.jpeg","width":458,"height":340,"caption":"29-09-20-comerciante-morto-a-tiros-santa-cecilia"},{"@type":"BreadcrumbList","@id":"https:\/\/nk7-testes.com.br\/agazeta\/comerciante-e-morto-a-tiros-no-bairro-santa-cecilia-em-rio-branco\/#breadcrumb","itemListElement":[{"@type":"ListItem","position":1,"name":"In\u00edcio","item":"https:\/\/nk7-testes.com.br\/agazeta\/"},{"@type":"ListItem","position":2,"name":"Comerciante \u00e9 morto a tiros no bairro Santa Cec\u00edlia, em Rio Branco"}]},{"@type":"WebSite","@id":"https:\/\/nk7-testes.com.br\/agazeta\/#website","url":"https:\/\/nk7-testes.com.br\/agazeta\/","name":"Agazeta.net","description":"Agazeta.net - Not\u00edcias de Rio Branco\/AC","potentialAction":[{"@type":"SearchAction","target":{"@type":"EntryPoint","urlTemplate":"https:\/\/nk7-testes.com.br\/agazeta\/?s={search_term_string}"},"query-input":{"@type":"PropertyValueSpecification","valueRequired":true,"valueName":"search_term_string"}}],"inLanguage":"pt-BR"},{"@type":"Person","@id":"https:\/\/nk7-testes.com.br\/agazeta\/#\/schema\/person\/6d6e25cb0435eb4a02fd44d30b4e3020","name":"Agazeta.Net","url":"https:\/\/nk7-testes.com.br\/agazeta\/author\/agazeta\/"}]}},"_links":{"self":[{"href":"https:\/\/nk7-testes.com.br\/agazeta\/wp-json\/wp\/v2\/posts\/50348","targetHints":{"allow":["GET"]}}],"collection":[{"href":"https:\/\/nk7-testes.com.br\/agazeta\/wp-json\/wp\/v2\/posts"}],"about":[{"href":"https:\/\/nk7-testes.com.br\/agazeta\/wp-json\/wp\/v2\/types\/post"}],"author":[{"embeddable":true,"href":"https:\/\/nk7-testes.com.br\/agazeta\/wp-json\/wp\/v2\/users\/4"}],"replies":[{"embeddable":true,"href":"https:\/\/nk7-testes.com.br\/agazeta\/wp-json\/wp\/v2\/comments?post=50348"}],"version-history":[{"count":0,"href":"https:\/\/nk7-testes.com.br\/agazeta\/wp-json\/wp\/v2\/posts\/50348\/revisions"}],"wp:featuredmedia":[{"embeddable":true,"href":"https:\/\/nk7-testes.com.br\/agazeta\/wp-json\/wp\/v2\/media\/50347"}],"wp:attachment":[{"href":"https:\/\/nk7-testes.com.br\/agazeta\/wp-json\/wp\/v2\/media?parent=50348"}],"wp:term":[{"taxonomy":"category","embeddable":true,"href":"https:\/\/nk7-testes.com.br\/agazeta\/wp-json\/wp\/v2\/categories?post=50348"},{"taxonomy":"post_tag","embeddable":true,"href":"https:\/\/nk7-testes.com.br\/agazeta\/wp-json\/wp\/v2\/tags?post=50348"}],"curies":[{"name":"wp","href":"https:\/\/api.w.org\/{rel}","templated":true}]}}