{"id":50337,"date":"2020-09-28T18:34:17","date_gmt":"2020-09-28T18:34:17","guid":{"rendered":"https:\/\/abarevegan.com.br\/index.php\/2020\/09\/28\/policia-militar-prende-foragido-da-justica-no-centro-de-rio-branco\/"},"modified":"2020-09-28T18:34:17","modified_gmt":"2020-09-28T18:34:17","slug":"policia-militar-prende-foragido-da-justica-no-centro-de-rio-branco","status":"publish","type":"post","link":"https:\/\/nk7-testes.com.br\/agazeta\/policia-militar-prende-foragido-da-justica-no-centro-de-rio-branco\/","title":{"rendered":"Pol\u00edcia Militar prende foragido da justi\u00e7a no centro de Rio Branco"},"content":{"rendered":"<p style=\"text-align: justify;\"><span style=\"font-size: 13.2px;\">Homem planejava arrombar lojas do centro da cidade<\/span><\/p>\n<p style=\"text-align: justify;\">A Pol\u00edcia Militar realizava patrulhamento na madrugada desta segunda-feira (28), na regi\u00e3o comercial do centro da capital, quando viu um homem com atitudes suspeitas.<\/p>\n<p style=\"text-align: justify;\">Durante a abordagem do homem, os policiais encontraram um carrinho de transporte de carga e uma mochila. Dentro da mochila havia diversas ferramentas, que segundo a pol\u00edcia o suspeito afirmou ter furtado de uma oficina mec\u00e2nica e que iria us\u00e1-las para arrombar lojas da regi\u00e3o.<\/p>\n<p style=\"text-align: justify;\">Segundo o suspeito ele havia sa\u00eddo do pres\u00eddio na \u00faltima sexta-feira (25), passando a ser monitorado por tornozeleira eletr\u00f4nica, mas que havia rompido o equipamento. O homem tinha um mandado de pris\u00e3o e foi encaminhado \u00e0 Delegacia Central de Flagrantes (Defla) junto com o material apreendido.<\/p>\n","protected":false},"excerpt":{"rendered":"<p style=\"text-align: justify;\"><span style=\"font-size: 13.2px;\">Homem planejava arrombar lojas do centro da cidade<\/span><\/p>\n","protected":false},"author":4,"featured_media":50336,"comment_status":"open","ping_status":"open","sticky":false,"template":"","format":"standard","meta":{"jnews-multi-image_gallery":[],"jnews_single_post":[],"jnews_primary_category":[],"jnews_social_meta":[],"jnews_review":[],"enable_review":"","type":"","name":"","summary":"","brand":"","sku":"","good":[],"bad":[],"score_override":"","override_value":"","rating":[],"price":[],"footnotes":""},"categories":[44],"tags":[],"class_list":["post-50337","post","type-post","status-publish","format-standard","has-post-thumbnail","hentry","category-policia"],"yoast_head":"<!-- This site is optimized with the Yoast SEO plugin v26.5 - https:\/\/yoast.com\/wordpress\/plugins\/seo\/ -->\n<title>Pol\u00edcia Militar prende foragido da justi\u00e7a no centro de Rio Branco - Agazeta.net<\/title>\n<meta name=\"robots\" content=\"index, follow, max-snippet:-1, max-image-preview:large, max-video-preview:-1\" \/>\n<link rel=\"canonical\" href=\"https:\/\/nk7-testes.com.br\/agazeta\/policia-militar-prende-foragido-da-justica-no-centro-de-rio-branco\/\" \/>\n<meta property=\"og:locale\" content=\"pt_BR\" \/>\n<meta property=\"og:type\" content=\"article\" \/>\n<meta property=\"og:title\" content=\"Pol\u00edcia Militar prende foragido da justi\u00e7a no centro de Rio Branco - Agazeta.net\" \/>\n<meta property=\"og:description\" content=\"Homem planejava arrombar lojas do centro da cidade\" \/>\n<meta property=\"og:url\" content=\"https:\/\/nk7-testes.com.br\/agazeta\/policia-militar-prende-foragido-da-justica-no-centro-de-rio-branco\/\" \/>\n<meta property=\"og:site_name\" content=\"Agazeta.net\" \/>\n<meta property=\"article:published_time\" content=\"2020-09-28T18:34:17+00:00\" \/>\n<meta property=\"og:image\" content=\"https:\/\/nk7-testes.com.br\/agazeta\/wp-content\/uploads\/2020\/09\/28-09-2020_policia-militar-prende-foragido-da-justica-no-centro-de-rio-branco.png\" \/>\n\t<meta property=\"og:image:width\" content=\"458\" \/>\n\t<meta property=\"og:image:height\" content=\"340\" \/>\n\t<meta property=\"og:image:type\" content=\"image\/png\" \/>\n<meta name=\"author\" content=\"Agazeta.Net\" \/>\n<meta name=\"twitter:card\" content=\"summary_large_image\" \/>\n<meta name=\"twitter:label1\" content=\"Escrito por\" \/>\n\t<meta name=\"twitter:data1\" content=\"Agazeta.Net\" \/>\n\t<meta name=\"twitter:label2\" content=\"Est. tempo de leitura\" \/>\n\t<meta name=\"twitter:data2\" content=\"1 minuto\" \/>\n<script type=\"application\/ld+json\" class=\"yoast-schema-graph\">{\"@context\":\"https:\/\/schema.org\",\"@graph\":[{\"@type\":\"WebPage\",\"@id\":\"https:\/\/nk7-testes.com.br\/agazeta\/policia-militar-prende-foragido-da-justica-no-centro-de-rio-branco\/\",\"url\":\"https:\/\/nk7-testes.com.br\/agazeta\/policia-militar-prende-foragido-da-justica-no-centro-de-rio-branco\/\",\"name\":\"Pol\u00edcia Militar prende foragido da justi\u00e7a no centro de Rio Branco - Agazeta.net\",\"isPartOf\":{\"@id\":\"https:\/\/nk7-testes.com.br\/agazeta\/#website\"},\"primaryImageOfPage\":{\"@id\":\"https:\/\/nk7-testes.com.br\/agazeta\/policia-militar-prende-foragido-da-justica-no-centro-de-rio-branco\/#primaryimage\"},\"image\":{\"@id\":\"https:\/\/nk7-testes.com.br\/agazeta\/policia-militar-prende-foragido-da-justica-no-centro-de-rio-branco\/#primaryimage\"},\"thumbnailUrl\":\"https:\/\/nk7-testes.com.br\/agazeta\/wp-content\/uploads\/2020\/09\/28-09-2020_policia-militar-prende-foragido-da-justica-no-centro-de-rio-branco.png\",\"datePublished\":\"2020-09-28T18:34:17+00:00\",\"author\":{\"@id\":\"https:\/\/nk7-testes.com.br\/agazeta\/#\/schema\/person\/6d6e25cb0435eb4a02fd44d30b4e3020\"},\"breadcrumb\":{\"@id\":\"https:\/\/nk7-testes.com.br\/agazeta\/policia-militar-prende-foragido-da-justica-no-centro-de-rio-branco\/#breadcrumb\"},\"inLanguage\":\"pt-BR\",\"potentialAction\":[{\"@type\":\"ReadAction\",\"target\":[\"https:\/\/nk7-testes.com.br\/agazeta\/policia-militar-prende-foragido-da-justica-no-centro-de-rio-branco\/\"]}]},{\"@type\":\"ImageObject\",\"inLanguage\":\"pt-BR\",\"@id\":\"https:\/\/nk7-testes.com.br\/agazeta\/policia-militar-prende-foragido-da-justica-no-centro-de-rio-branco\/#primaryimage\",\"url\":\"https:\/\/nk7-testes.com.br\/agazeta\/wp-content\/uploads\/2020\/09\/28-09-2020_policia-militar-prende-foragido-da-justica-no-centro-de-rio-branco.png\",\"contentUrl\":\"https:\/\/nk7-testes.com.br\/agazeta\/wp-content\/uploads\/2020\/09\/28-09-2020_policia-militar-prende-foragido-da-justica-no-centro-de-rio-branco.png\",\"width\":458,\"height\":340,\"caption\":\"28-09-2020 policia-militar-prende-foragido-da-justi\u00e7a-no-centro-de-rio-branco\"},{\"@type\":\"BreadcrumbList\",\"@id\":\"https:\/\/nk7-testes.com.br\/agazeta\/policia-militar-prende-foragido-da-justica-no-centro-de-rio-branco\/#breadcrumb\",\"itemListElement\":[{\"@type\":\"ListItem\",\"position\":1,\"name\":\"In\u00edcio\",\"item\":\"https:\/\/nk7-testes.com.br\/agazeta\/\"},{\"@type\":\"ListItem\",\"position\":2,\"name\":\"Pol\u00edcia Militar prende foragido da justi\u00e7a no centro de Rio Branco\"}]},{\"@type\":\"WebSite\",\"@id\":\"https:\/\/nk7-testes.com.br\/agazeta\/#website\",\"url\":\"https:\/\/nk7-testes.com.br\/agazeta\/\",\"name\":\"Agazeta.net\",\"description\":\"Agazeta.net - Not\u00edcias de Rio Branco\/AC\",\"potentialAction\":[{\"@type\":\"SearchAction\",\"target\":{\"@type\":\"EntryPoint\",\"urlTemplate\":\"https:\/\/nk7-testes.com.br\/agazeta\/?s={search_term_string}\"},\"query-input\":{\"@type\":\"PropertyValueSpecification\",\"valueRequired\":true,\"valueName\":\"search_term_string\"}}],\"inLanguage\":\"pt-BR\"},{\"@type\":\"Person\",\"@id\":\"https:\/\/nk7-testes.com.br\/agazeta\/#\/schema\/person\/6d6e25cb0435eb4a02fd44d30b4e3020\",\"name\":\"Agazeta.Net\",\"url\":\"https:\/\/nk7-testes.com.br\/agazeta\/author\/agazeta\/\"}]}<\/script>\n<!-- \/ Yoast SEO plugin. -->","yoast_head_json":{"title":"Pol\u00edcia Militar prende foragido da justi\u00e7a no centro de Rio Branco - Agazeta.net","robots":{"index":"index","follow":"follow","max-snippet":"max-snippet:-1","max-image-preview":"max-image-preview:large","max-video-preview":"max-video-preview:-1"},"canonical":"https:\/\/nk7-testes.com.br\/agazeta\/policia-militar-prende-foragido-da-justica-no-centro-de-rio-branco\/","og_locale":"pt_BR","og_type":"article","og_title":"Pol\u00edcia Militar prende foragido da justi\u00e7a no centro de Rio Branco - Agazeta.net","og_description":"Homem planejava arrombar lojas do centro da cidade","og_url":"https:\/\/nk7-testes.com.br\/agazeta\/policia-militar-prende-foragido-da-justica-no-centro-de-rio-branco\/","og_site_name":"Agazeta.net","article_published_time":"2020-09-28T18:34:17+00:00","og_image":[{"width":458,"height":340,"url":"https:\/\/nk7-testes.com.br\/agazeta\/wp-content\/uploads\/2020\/09\/28-09-2020_policia-militar-prende-foragido-da-justica-no-centro-de-rio-branco.png","type":"image\/png"}],"author":"Agazeta.Net","twitter_card":"summary_large_image","twitter_misc":{"Escrito por":"Agazeta.Net","Est. tempo de leitura":"1 minuto"},"schema":{"@context":"https:\/\/schema.org","@graph":[{"@type":"WebPage","@id":"https:\/\/nk7-testes.com.br\/agazeta\/policia-militar-prende-foragido-da-justica-no-centro-de-rio-branco\/","url":"https:\/\/nk7-testes.com.br\/agazeta\/policia-militar-prende-foragido-da-justica-no-centro-de-rio-branco\/","name":"Pol\u00edcia Militar prende foragido da justi\u00e7a no centro de Rio Branco - Agazeta.net","isPartOf":{"@id":"https:\/\/nk7-testes.com.br\/agazeta\/#website"},"primaryImageOfPage":{"@id":"https:\/\/nk7-testes.com.br\/agazeta\/policia-militar-prende-foragido-da-justica-no-centro-de-rio-branco\/#primaryimage"},"image":{"@id":"https:\/\/nk7-testes.com.br\/agazeta\/policia-militar-prende-foragido-da-justica-no-centro-de-rio-branco\/#primaryimage"},"thumbnailUrl":"https:\/\/nk7-testes.com.br\/agazeta\/wp-content\/uploads\/2020\/09\/28-09-2020_policia-militar-prende-foragido-da-justica-no-centro-de-rio-branco.png","datePublished":"2020-09-28T18:34:17+00:00","author":{"@id":"https:\/\/nk7-testes.com.br\/agazeta\/#\/schema\/person\/6d6e25cb0435eb4a02fd44d30b4e3020"},"breadcrumb":{"@id":"https:\/\/nk7-testes.com.br\/agazeta\/policia-militar-prende-foragido-da-justica-no-centro-de-rio-branco\/#breadcrumb"},"inLanguage":"pt-BR","potentialAction":[{"@type":"ReadAction","target":["https:\/\/nk7-testes.com.br\/agazeta\/policia-militar-prende-foragido-da-justica-no-centro-de-rio-branco\/"]}]},{"@type":"ImageObject","inLanguage":"pt-BR","@id":"https:\/\/nk7-testes.com.br\/agazeta\/policia-militar-prende-foragido-da-justica-no-centro-de-rio-branco\/#primaryimage","url":"https:\/\/nk7-testes.com.br\/agazeta\/wp-content\/uploads\/2020\/09\/28-09-2020_policia-militar-prende-foragido-da-justica-no-centro-de-rio-branco.png","contentUrl":"https:\/\/nk7-testes.com.br\/agazeta\/wp-content\/uploads\/2020\/09\/28-09-2020_policia-militar-prende-foragido-da-justica-no-centro-de-rio-branco.png","width":458,"height":340,"caption":"28-09-2020 policia-militar-prende-foragido-da-justi\u00e7a-no-centro-de-rio-branco"},{"@type":"BreadcrumbList","@id":"https:\/\/nk7-testes.com.br\/agazeta\/policia-militar-prende-foragido-da-justica-no-centro-de-rio-branco\/#breadcrumb","itemListElement":[{"@type":"ListItem","position":1,"name":"In\u00edcio","item":"https:\/\/nk7-testes.com.br\/agazeta\/"},{"@type":"ListItem","position":2,"name":"Pol\u00edcia Militar prende foragido da justi\u00e7a no centro de Rio Branco"}]},{"@type":"WebSite","@id":"https:\/\/nk7-testes.com.br\/agazeta\/#website","url":"https:\/\/nk7-testes.com.br\/agazeta\/","name":"Agazeta.net","description":"Agazeta.net - Not\u00edcias de Rio Branco\/AC","potentialAction":[{"@type":"SearchAction","target":{"@type":"EntryPoint","urlTemplate":"https:\/\/nk7-testes.com.br\/agazeta\/?s={search_term_string}"},"query-input":{"@type":"PropertyValueSpecification","valueRequired":true,"valueName":"search_term_string"}}],"inLanguage":"pt-BR"},{"@type":"Person","@id":"https:\/\/nk7-testes.com.br\/agazeta\/#\/schema\/person\/6d6e25cb0435eb4a02fd44d30b4e3020","name":"Agazeta.Net","url":"https:\/\/nk7-testes.com.br\/agazeta\/author\/agazeta\/"}]}},"_links":{"self":[{"href":"https:\/\/nk7-testes.com.br\/agazeta\/wp-json\/wp\/v2\/posts\/50337","targetHints":{"allow":["GET"]}}],"collection":[{"href":"https:\/\/nk7-testes.com.br\/agazeta\/wp-json\/wp\/v2\/posts"}],"about":[{"href":"https:\/\/nk7-testes.com.br\/agazeta\/wp-json\/wp\/v2\/types\/post"}],"author":[{"embeddable":true,"href":"https:\/\/nk7-testes.com.br\/agazeta\/wp-json\/wp\/v2\/users\/4"}],"replies":[{"embeddable":true,"href":"https:\/\/nk7-testes.com.br\/agazeta\/wp-json\/wp\/v2\/comments?post=50337"}],"version-history":[{"count":0,"href":"https:\/\/nk7-testes.com.br\/agazeta\/wp-json\/wp\/v2\/posts\/50337\/revisions"}],"wp:featuredmedia":[{"embeddable":true,"href":"https:\/\/nk7-testes.com.br\/agazeta\/wp-json\/wp\/v2\/media\/50336"}],"wp:attachment":[{"href":"https:\/\/nk7-testes.com.br\/agazeta\/wp-json\/wp\/v2\/media?parent=50337"}],"wp:term":[{"taxonomy":"category","embeddable":true,"href":"https:\/\/nk7-testes.com.br\/agazeta\/wp-json\/wp\/v2\/categories?post=50337"},{"taxonomy":"post_tag","embeddable":true,"href":"https:\/\/nk7-testes.com.br\/agazeta\/wp-json\/wp\/v2\/tags?post=50337"}],"curies":[{"name":"wp","href":"https:\/\/api.w.org\/{rel}","templated":true}]}}