{"id":50332,"date":"2020-09-28T13:02:56","date_gmt":"2020-09-28T13:02:56","guid":{"rendered":"https:\/\/abarevegan.com.br\/index.php\/2020\/09\/28\/em-rio-branco-monitorado-e-morto-na-casa-da-mae-com-nove-tiros\/"},"modified":"2020-09-28T13:02:56","modified_gmt":"2020-09-28T13:02:56","slug":"em-rio-branco-monitorado-e-morto-na-casa-da-mae-com-nove-tiros","status":"publish","type":"post","link":"https:\/\/nk7-testes.com.br\/agazeta\/em-rio-branco-monitorado-e-morto-na-casa-da-mae-com-nove-tiros\/","title":{"rendered":"Em Rio Branco, monitorado \u00e9 morto na casa da m\u00e3e com nove tiros"},"content":{"rendered":"<p style=\"text-align: justify;\">V\u00edtima estava na progress\u00e3o de pena havia poucos dias<\/p>\n<p style=\"text-align: justify;\">Um novo homic\u00eddio foi registrado na noite deste domingo (27), na capital acreana. A a\u00e7\u00e3o ocorreu na rua Padre Ant\u00f4nio, conjunto Novo Horizonte, regi\u00e3o do bairro Floresta Sul.<\/p>\n<p style=\"text-align: justify;\">Segundo informa\u00e7\u00f5es policiais, Deniscley Borges dos Santos, 34 anos, era monitorado do regime semiaberto, e h\u00e1 poucos dias havia sa\u00eddo do pres\u00eddio de Rio Branco.<\/p>\n<p style=\"text-align: justify;\">A v\u00edtima estava na \u00e1rea da casa da m\u00e3e quando homens em um carro preto passaram e atiraram v\u00e1rias vezes contra ele. Cerca de nove tiros atingiram o monitorado.<\/p>\n<p style=\"text-align: justify;\">O Servi\u00e7o de Atendimento M\u00f3vel de Urg\u00eancia (Samu) chegou a ser acionado, mas s\u00f3 pode confirmar o \u00f3bito. Agora a Delegacia de Homic\u00eddios e Prote\u00e7\u00e3o \u00e0 Pessoa (DHPP) deve investigar o crime.<\/p>\n","protected":false},"excerpt":{"rendered":"<p style=\"text-align: justify;\">V\u00edtima estava na progress\u00e3o de pena havia poucos dias<\/p>\n","protected":false},"author":4,"featured_media":50331,"comment_status":"open","ping_status":"open","sticky":false,"template":"","format":"standard","meta":{"jnews-multi-image_gallery":[],"jnews_single_post":[],"jnews_primary_category":[],"jnews_social_meta":[],"jnews_review":[],"enable_review":"","type":"","name":"","summary":"","brand":"","sku":"","good":[],"bad":[],"score_override":"","override_value":"","rating":[],"price":[],"footnotes":""},"categories":[44],"tags":[],"class_list":["post-50332","post","type-post","status-publish","format-standard","has-post-thumbnail","hentry","category-policia"],"yoast_head":"<!-- This site is optimized with the Yoast SEO plugin v26.5 - https:\/\/yoast.com\/wordpress\/plugins\/seo\/ -->\n<title>Em Rio Branco, monitorado \u00e9 morto na casa da m\u00e3e com nove tiros - Agazeta.net<\/title>\n<meta name=\"robots\" content=\"index, follow, max-snippet:-1, max-image-preview:large, max-video-preview:-1\" \/>\n<link rel=\"canonical\" href=\"https:\/\/nk7-testes.com.br\/agazeta\/em-rio-branco-monitorado-e-morto-na-casa-da-mae-com-nove-tiros\/\" \/>\n<meta property=\"og:locale\" content=\"pt_BR\" \/>\n<meta property=\"og:type\" content=\"article\" \/>\n<meta property=\"og:title\" content=\"Em Rio Branco, monitorado \u00e9 morto na casa da m\u00e3e com nove tiros - Agazeta.net\" \/>\n<meta property=\"og:description\" content=\"V\u00edtima estava na progress\u00e3o de pena havia poucos dias\" \/>\n<meta property=\"og:url\" content=\"https:\/\/nk7-testes.com.br\/agazeta\/em-rio-branco-monitorado-e-morto-na-casa-da-mae-com-nove-tiros\/\" \/>\n<meta property=\"og:site_name\" content=\"Agazeta.net\" \/>\n<meta property=\"article:published_time\" content=\"2020-09-28T13:02:56+00:00\" \/>\n<meta property=\"og:image\" content=\"https:\/\/nk7-testes.com.br\/agazeta\/wp-content\/uploads\/2020\/09\/28-09-20-iml-monitorado-vitima-de-homicidio.jpg\" \/>\n\t<meta property=\"og:image:width\" content=\"458\" \/>\n\t<meta property=\"og:image:height\" content=\"340\" \/>\n\t<meta property=\"og:image:type\" content=\"image\/jpeg\" \/>\n<meta name=\"author\" content=\"Agazeta.Net\" \/>\n<meta name=\"twitter:card\" content=\"summary_large_image\" \/>\n<meta name=\"twitter:label1\" content=\"Escrito por\" \/>\n\t<meta name=\"twitter:data1\" content=\"Agazeta.Net\" \/>\n\t<meta name=\"twitter:label2\" content=\"Est. tempo de leitura\" \/>\n\t<meta name=\"twitter:data2\" content=\"1 minuto\" \/>\n<script type=\"application\/ld+json\" class=\"yoast-schema-graph\">{\"@context\":\"https:\/\/schema.org\",\"@graph\":[{\"@type\":\"WebPage\",\"@id\":\"https:\/\/nk7-testes.com.br\/agazeta\/em-rio-branco-monitorado-e-morto-na-casa-da-mae-com-nove-tiros\/\",\"url\":\"https:\/\/nk7-testes.com.br\/agazeta\/em-rio-branco-monitorado-e-morto-na-casa-da-mae-com-nove-tiros\/\",\"name\":\"Em Rio Branco, monitorado \u00e9 morto na casa da m\u00e3e com nove tiros - Agazeta.net\",\"isPartOf\":{\"@id\":\"https:\/\/nk7-testes.com.br\/agazeta\/#website\"},\"primaryImageOfPage\":{\"@id\":\"https:\/\/nk7-testes.com.br\/agazeta\/em-rio-branco-monitorado-e-morto-na-casa-da-mae-com-nove-tiros\/#primaryimage\"},\"image\":{\"@id\":\"https:\/\/nk7-testes.com.br\/agazeta\/em-rio-branco-monitorado-e-morto-na-casa-da-mae-com-nove-tiros\/#primaryimage\"},\"thumbnailUrl\":\"https:\/\/nk7-testes.com.br\/agazeta\/wp-content\/uploads\/2020\/09\/28-09-20-iml-monitorado-vitima-de-homicidio.jpg\",\"datePublished\":\"2020-09-28T13:02:56+00:00\",\"author\":{\"@id\":\"https:\/\/nk7-testes.com.br\/agazeta\/#\/schema\/person\/6d6e25cb0435eb4a02fd44d30b4e3020\"},\"breadcrumb\":{\"@id\":\"https:\/\/nk7-testes.com.br\/agazeta\/em-rio-branco-monitorado-e-morto-na-casa-da-mae-com-nove-tiros\/#breadcrumb\"},\"inLanguage\":\"pt-BR\",\"potentialAction\":[{\"@type\":\"ReadAction\",\"target\":[\"https:\/\/nk7-testes.com.br\/agazeta\/em-rio-branco-monitorado-e-morto-na-casa-da-mae-com-nove-tiros\/\"]}]},{\"@type\":\"ImageObject\",\"inLanguage\":\"pt-BR\",\"@id\":\"https:\/\/nk7-testes.com.br\/agazeta\/em-rio-branco-monitorado-e-morto-na-casa-da-mae-com-nove-tiros\/#primaryimage\",\"url\":\"https:\/\/nk7-testes.com.br\/agazeta\/wp-content\/uploads\/2020\/09\/28-09-20-iml-monitorado-vitima-de-homicidio.jpg\",\"contentUrl\":\"https:\/\/nk7-testes.com.br\/agazeta\/wp-content\/uploads\/2020\/09\/28-09-20-iml-monitorado-vitima-de-homicidio.jpg\",\"width\":458,\"height\":340,\"caption\":\"28-09-20-iml-monitorado-vitima-de-homicidio\"},{\"@type\":\"BreadcrumbList\",\"@id\":\"https:\/\/nk7-testes.com.br\/agazeta\/em-rio-branco-monitorado-e-morto-na-casa-da-mae-com-nove-tiros\/#breadcrumb\",\"itemListElement\":[{\"@type\":\"ListItem\",\"position\":1,\"name\":\"In\u00edcio\",\"item\":\"https:\/\/nk7-testes.com.br\/agazeta\/\"},{\"@type\":\"ListItem\",\"position\":2,\"name\":\"Em Rio Branco, monitorado \u00e9 morto na casa da m\u00e3e com nove tiros\"}]},{\"@type\":\"WebSite\",\"@id\":\"https:\/\/nk7-testes.com.br\/agazeta\/#website\",\"url\":\"https:\/\/nk7-testes.com.br\/agazeta\/\",\"name\":\"Agazeta.net\",\"description\":\"Agazeta.net - Not\u00edcias de Rio Branco\/AC\",\"potentialAction\":[{\"@type\":\"SearchAction\",\"target\":{\"@type\":\"EntryPoint\",\"urlTemplate\":\"https:\/\/nk7-testes.com.br\/agazeta\/?s={search_term_string}\"},\"query-input\":{\"@type\":\"PropertyValueSpecification\",\"valueRequired\":true,\"valueName\":\"search_term_string\"}}],\"inLanguage\":\"pt-BR\"},{\"@type\":\"Person\",\"@id\":\"https:\/\/nk7-testes.com.br\/agazeta\/#\/schema\/person\/6d6e25cb0435eb4a02fd44d30b4e3020\",\"name\":\"Agazeta.Net\",\"url\":\"https:\/\/nk7-testes.com.br\/agazeta\/author\/agazeta\/\"}]}<\/script>\n<!-- \/ Yoast SEO plugin. -->","yoast_head_json":{"title":"Em Rio Branco, monitorado \u00e9 morto na casa da m\u00e3e com nove tiros - Agazeta.net","robots":{"index":"index","follow":"follow","max-snippet":"max-snippet:-1","max-image-preview":"max-image-preview:large","max-video-preview":"max-video-preview:-1"},"canonical":"https:\/\/nk7-testes.com.br\/agazeta\/em-rio-branco-monitorado-e-morto-na-casa-da-mae-com-nove-tiros\/","og_locale":"pt_BR","og_type":"article","og_title":"Em Rio Branco, monitorado \u00e9 morto na casa da m\u00e3e com nove tiros - Agazeta.net","og_description":"V\u00edtima estava na progress\u00e3o de pena havia poucos dias","og_url":"https:\/\/nk7-testes.com.br\/agazeta\/em-rio-branco-monitorado-e-morto-na-casa-da-mae-com-nove-tiros\/","og_site_name":"Agazeta.net","article_published_time":"2020-09-28T13:02:56+00:00","og_image":[{"width":458,"height":340,"url":"https:\/\/nk7-testes.com.br\/agazeta\/wp-content\/uploads\/2020\/09\/28-09-20-iml-monitorado-vitima-de-homicidio.jpg","type":"image\/jpeg"}],"author":"Agazeta.Net","twitter_card":"summary_large_image","twitter_misc":{"Escrito por":"Agazeta.Net","Est. tempo de leitura":"1 minuto"},"schema":{"@context":"https:\/\/schema.org","@graph":[{"@type":"WebPage","@id":"https:\/\/nk7-testes.com.br\/agazeta\/em-rio-branco-monitorado-e-morto-na-casa-da-mae-com-nove-tiros\/","url":"https:\/\/nk7-testes.com.br\/agazeta\/em-rio-branco-monitorado-e-morto-na-casa-da-mae-com-nove-tiros\/","name":"Em Rio Branco, monitorado \u00e9 morto na casa da m\u00e3e com nove tiros - Agazeta.net","isPartOf":{"@id":"https:\/\/nk7-testes.com.br\/agazeta\/#website"},"primaryImageOfPage":{"@id":"https:\/\/nk7-testes.com.br\/agazeta\/em-rio-branco-monitorado-e-morto-na-casa-da-mae-com-nove-tiros\/#primaryimage"},"image":{"@id":"https:\/\/nk7-testes.com.br\/agazeta\/em-rio-branco-monitorado-e-morto-na-casa-da-mae-com-nove-tiros\/#primaryimage"},"thumbnailUrl":"https:\/\/nk7-testes.com.br\/agazeta\/wp-content\/uploads\/2020\/09\/28-09-20-iml-monitorado-vitima-de-homicidio.jpg","datePublished":"2020-09-28T13:02:56+00:00","author":{"@id":"https:\/\/nk7-testes.com.br\/agazeta\/#\/schema\/person\/6d6e25cb0435eb4a02fd44d30b4e3020"},"breadcrumb":{"@id":"https:\/\/nk7-testes.com.br\/agazeta\/em-rio-branco-monitorado-e-morto-na-casa-da-mae-com-nove-tiros\/#breadcrumb"},"inLanguage":"pt-BR","potentialAction":[{"@type":"ReadAction","target":["https:\/\/nk7-testes.com.br\/agazeta\/em-rio-branco-monitorado-e-morto-na-casa-da-mae-com-nove-tiros\/"]}]},{"@type":"ImageObject","inLanguage":"pt-BR","@id":"https:\/\/nk7-testes.com.br\/agazeta\/em-rio-branco-monitorado-e-morto-na-casa-da-mae-com-nove-tiros\/#primaryimage","url":"https:\/\/nk7-testes.com.br\/agazeta\/wp-content\/uploads\/2020\/09\/28-09-20-iml-monitorado-vitima-de-homicidio.jpg","contentUrl":"https:\/\/nk7-testes.com.br\/agazeta\/wp-content\/uploads\/2020\/09\/28-09-20-iml-monitorado-vitima-de-homicidio.jpg","width":458,"height":340,"caption":"28-09-20-iml-monitorado-vitima-de-homicidio"},{"@type":"BreadcrumbList","@id":"https:\/\/nk7-testes.com.br\/agazeta\/em-rio-branco-monitorado-e-morto-na-casa-da-mae-com-nove-tiros\/#breadcrumb","itemListElement":[{"@type":"ListItem","position":1,"name":"In\u00edcio","item":"https:\/\/nk7-testes.com.br\/agazeta\/"},{"@type":"ListItem","position":2,"name":"Em Rio Branco, monitorado \u00e9 morto na casa da m\u00e3e com nove tiros"}]},{"@type":"WebSite","@id":"https:\/\/nk7-testes.com.br\/agazeta\/#website","url":"https:\/\/nk7-testes.com.br\/agazeta\/","name":"Agazeta.net","description":"Agazeta.net - Not\u00edcias de Rio Branco\/AC","potentialAction":[{"@type":"SearchAction","target":{"@type":"EntryPoint","urlTemplate":"https:\/\/nk7-testes.com.br\/agazeta\/?s={search_term_string}"},"query-input":{"@type":"PropertyValueSpecification","valueRequired":true,"valueName":"search_term_string"}}],"inLanguage":"pt-BR"},{"@type":"Person","@id":"https:\/\/nk7-testes.com.br\/agazeta\/#\/schema\/person\/6d6e25cb0435eb4a02fd44d30b4e3020","name":"Agazeta.Net","url":"https:\/\/nk7-testes.com.br\/agazeta\/author\/agazeta\/"}]}},"_links":{"self":[{"href":"https:\/\/nk7-testes.com.br\/agazeta\/wp-json\/wp\/v2\/posts\/50332","targetHints":{"allow":["GET"]}}],"collection":[{"href":"https:\/\/nk7-testes.com.br\/agazeta\/wp-json\/wp\/v2\/posts"}],"about":[{"href":"https:\/\/nk7-testes.com.br\/agazeta\/wp-json\/wp\/v2\/types\/post"}],"author":[{"embeddable":true,"href":"https:\/\/nk7-testes.com.br\/agazeta\/wp-json\/wp\/v2\/users\/4"}],"replies":[{"embeddable":true,"href":"https:\/\/nk7-testes.com.br\/agazeta\/wp-json\/wp\/v2\/comments?post=50332"}],"version-history":[{"count":0,"href":"https:\/\/nk7-testes.com.br\/agazeta\/wp-json\/wp\/v2\/posts\/50332\/revisions"}],"wp:featuredmedia":[{"embeddable":true,"href":"https:\/\/nk7-testes.com.br\/agazeta\/wp-json\/wp\/v2\/media\/50331"}],"wp:attachment":[{"href":"https:\/\/nk7-testes.com.br\/agazeta\/wp-json\/wp\/v2\/media?parent=50332"}],"wp:term":[{"taxonomy":"category","embeddable":true,"href":"https:\/\/nk7-testes.com.br\/agazeta\/wp-json\/wp\/v2\/categories?post=50332"},{"taxonomy":"post_tag","embeddable":true,"href":"https:\/\/nk7-testes.com.br\/agazeta\/wp-json\/wp\/v2\/tags?post=50332"}],"curies":[{"name":"wp","href":"https:\/\/api.w.org\/{rel}","templated":true}]}}