{"id":50297,"date":"2020-09-24T20:07:02","date_gmt":"2020-09-24T20:07:02","guid":{"rendered":"https:\/\/abarevegan.com.br\/index.php\/2020\/09\/24\/operacao-abuna-14-pessoas-foram-presas-e-23-mandados-cumpridos\/"},"modified":"2020-09-24T20:07:02","modified_gmt":"2020-09-24T20:07:02","slug":"operacao-abuna-14-pessoas-foram-presas-e-23-mandados-cumpridos","status":"publish","type":"post","link":"https:\/\/nk7-testes.com.br\/agazeta\/operacao-abuna-14-pessoas-foram-presas-e-23-mandados-cumpridos\/","title":{"rendered":"Opera\u00e7\u00e3o Abun\u00e3: 14 pessoas foram presas e 23 mandados cumpridos"},"content":{"rendered":"<p style=\"text-align: justify;\"><span style=\"font-size: 13.2px;\">Mandados foram cumpridos em Pl\u00e1cido de Castro, Rio Branco e Vila Campinas<\/span><\/p>\n<p style=\"text-align: justify;\">A Pol\u00edcia Civil por meio da Delegacia de Repress\u00e3o \u00e0s A\u00e7\u00f5es Criminosas Organizadas (Draco), deflagrou a Opera\u00e7\u00e3o Abun\u00e3, na manh\u00e3 desta quinta-feira (24). Foram cumpridos 23 mandados judiciais, sendo 11 de busca e apreens\u00e3o e 12 de pris\u00e3o.<\/p>\n<p style=\"text-align: justify;\">As ordens judiciais foram cumpridas nos munic\u00edpios de Pl\u00e1cido de Castro, Rio Branco e na Vila Campinas. Al\u00e9m dos 12 mandados de pris\u00e3o, duas pessoas foram presas em flagrante, sendo uma por tr\u00e1fico de drogas e outra por posse de arma de fogo, totalizando 14 pris\u00f5es.<\/p>\n<p style=\"text-align: justify;\">De acordo com as investiga\u00e7\u00f5es da pol\u00edcia que duraram cerca de tr\u00eas meses, havia ind\u00edcios de uma organiza\u00e7\u00e3o criminosa estaria atuando nesses munic\u00edpios, o que levou a pol\u00edcia a realizar a interven\u00e7\u00e3o e apreender drogas, prendendo os acusados.<\/p>\n<p style=\"text-align: justify;\">Dos 12 mandados de pris\u00e3o, 9 deles foram cumpridos dentro do complexo penitenci\u00e1rio de Rio Branco. Al\u00e9m desses, foram cumpridos 2 mandados de pris\u00e3o em Pl\u00e1cido de Castro, 6 buscas e apreens\u00e3o e 2 mandados de busca e apreens\u00e3o em Vila Campinas. As demais ordens foram cumpridas em Rio Branco.<\/p>\n<p style=\"text-align: justify;\">Durante a opera\u00e7\u00e3o foi presa uma lideran\u00e7a de organiza\u00e7\u00e3o criminosa, que possu\u00eda mandado de pris\u00e3o decorrente de uma a\u00e7\u00e3o do Grupo de Atua\u00e7\u00e3o de Combate ao Crime Organizado (Gaeco) do Minist\u00e9rio P\u00fablico do Acre.<\/p>\n","protected":false},"excerpt":{"rendered":"<p style=\"text-align: justify;\"><span style=\"font-size: 13.2px;\">Mandados foram cumpridos em Pl\u00e1cido de Castro, Rio Branco e Vila Campinas<\/span><\/p>\n","protected":false},"author":4,"featured_media":50296,"comment_status":"open","ping_status":"open","sticky":false,"template":"","format":"standard","meta":{"jnews-multi-image_gallery":[],"jnews_single_post":[],"jnews_primary_category":[],"jnews_social_meta":[],"jnews_review":[],"enable_review":"","type":"","name":"","summary":"","brand":"","sku":"","good":[],"bad":[],"score_override":"","override_value":"","rating":[],"price":[],"footnotes":""},"categories":[44],"tags":[],"class_list":["post-50297","post","type-post","status-publish","format-standard","has-post-thumbnail","hentry","category-policia"],"yoast_head":"<!-- This site is optimized with the Yoast SEO plugin v26.5 - https:\/\/yoast.com\/wordpress\/plugins\/seo\/ -->\n<title>Opera\u00e7\u00e3o Abun\u00e3: 14 pessoas foram presas e 23 mandados cumpridos - Agazeta.net<\/title>\n<meta name=\"robots\" content=\"index, follow, max-snippet:-1, max-image-preview:large, max-video-preview:-1\" \/>\n<link rel=\"canonical\" href=\"https:\/\/nk7-testes.com.br\/agazeta\/operacao-abuna-14-pessoas-foram-presas-e-23-mandados-cumpridos\/\" \/>\n<meta property=\"og:locale\" content=\"pt_BR\" \/>\n<meta property=\"og:type\" content=\"article\" \/>\n<meta property=\"og:title\" content=\"Opera\u00e7\u00e3o Abun\u00e3: 14 pessoas foram presas e 23 mandados cumpridos - Agazeta.net\" \/>\n<meta property=\"og:description\" content=\"Mandados foram cumpridos em Pl\u00e1cido de Castro, Rio Branco e Vila Campinas\" \/>\n<meta property=\"og:url\" content=\"https:\/\/nk7-testes.com.br\/agazeta\/operacao-abuna-14-pessoas-foram-presas-e-23-mandados-cumpridos\/\" \/>\n<meta property=\"og:site_name\" content=\"Agazeta.net\" \/>\n<meta property=\"article:published_time\" content=\"2020-09-24T20:07:02+00:00\" \/>\n<meta property=\"og:image\" content=\"https:\/\/nk7-testes.com.br\/agazeta\/wp-content\/uploads\/2020\/09\/24-09-2020_operacao-abuna-14-pessoas-foram-presas-e-23-mandados-cumpridos.jpg\" \/>\n\t<meta property=\"og:image:width\" content=\"458\" \/>\n\t<meta property=\"og:image:height\" content=\"340\" \/>\n\t<meta property=\"og:image:type\" content=\"image\/jpeg\" \/>\n<meta name=\"author\" content=\"Agazeta.Net\" \/>\n<meta name=\"twitter:card\" content=\"summary_large_image\" \/>\n<meta name=\"twitter:label1\" content=\"Escrito por\" \/>\n\t<meta name=\"twitter:data1\" content=\"Agazeta.Net\" \/>\n\t<meta name=\"twitter:label2\" content=\"Est. tempo de leitura\" \/>\n\t<meta name=\"twitter:data2\" content=\"1 minuto\" \/>\n<script type=\"application\/ld+json\" class=\"yoast-schema-graph\">{\"@context\":\"https:\/\/schema.org\",\"@graph\":[{\"@type\":\"WebPage\",\"@id\":\"https:\/\/nk7-testes.com.br\/agazeta\/operacao-abuna-14-pessoas-foram-presas-e-23-mandados-cumpridos\/\",\"url\":\"https:\/\/nk7-testes.com.br\/agazeta\/operacao-abuna-14-pessoas-foram-presas-e-23-mandados-cumpridos\/\",\"name\":\"Opera\u00e7\u00e3o Abun\u00e3: 14 pessoas foram presas e 23 mandados cumpridos - Agazeta.net\",\"isPartOf\":{\"@id\":\"https:\/\/nk7-testes.com.br\/agazeta\/#website\"},\"primaryImageOfPage\":{\"@id\":\"https:\/\/nk7-testes.com.br\/agazeta\/operacao-abuna-14-pessoas-foram-presas-e-23-mandados-cumpridos\/#primaryimage\"},\"image\":{\"@id\":\"https:\/\/nk7-testes.com.br\/agazeta\/operacao-abuna-14-pessoas-foram-presas-e-23-mandados-cumpridos\/#primaryimage\"},\"thumbnailUrl\":\"https:\/\/nk7-testes.com.br\/agazeta\/wp-content\/uploads\/2020\/09\/24-09-2020_operacao-abuna-14-pessoas-foram-presas-e-23-mandados-cumpridos.jpg\",\"datePublished\":\"2020-09-24T20:07:02+00:00\",\"author\":{\"@id\":\"https:\/\/nk7-testes.com.br\/agazeta\/#\/schema\/person\/6d6e25cb0435eb4a02fd44d30b4e3020\"},\"breadcrumb\":{\"@id\":\"https:\/\/nk7-testes.com.br\/agazeta\/operacao-abuna-14-pessoas-foram-presas-e-23-mandados-cumpridos\/#breadcrumb\"},\"inLanguage\":\"pt-BR\",\"potentialAction\":[{\"@type\":\"ReadAction\",\"target\":[\"https:\/\/nk7-testes.com.br\/agazeta\/operacao-abuna-14-pessoas-foram-presas-e-23-mandados-cumpridos\/\"]}]},{\"@type\":\"ImageObject\",\"inLanguage\":\"pt-BR\",\"@id\":\"https:\/\/nk7-testes.com.br\/agazeta\/operacao-abuna-14-pessoas-foram-presas-e-23-mandados-cumpridos\/#primaryimage\",\"url\":\"https:\/\/nk7-testes.com.br\/agazeta\/wp-content\/uploads\/2020\/09\/24-09-2020_operacao-abuna-14-pessoas-foram-presas-e-23-mandados-cumpridos.jpg\",\"contentUrl\":\"https:\/\/nk7-testes.com.br\/agazeta\/wp-content\/uploads\/2020\/09\/24-09-2020_operacao-abuna-14-pessoas-foram-presas-e-23-mandados-cumpridos.jpg\",\"width\":458,\"height\":340,\"caption\":\"24-09-2020 opera\u00e7\u00e3o-abun\u00e3-14-pessoas-foram-presas-e-23-mandados-cumpridos\"},{\"@type\":\"BreadcrumbList\",\"@id\":\"https:\/\/nk7-testes.com.br\/agazeta\/operacao-abuna-14-pessoas-foram-presas-e-23-mandados-cumpridos\/#breadcrumb\",\"itemListElement\":[{\"@type\":\"ListItem\",\"position\":1,\"name\":\"In\u00edcio\",\"item\":\"https:\/\/nk7-testes.com.br\/agazeta\/\"},{\"@type\":\"ListItem\",\"position\":2,\"name\":\"Opera\u00e7\u00e3o Abun\u00e3: 14 pessoas foram presas e 23 mandados cumpridos\"}]},{\"@type\":\"WebSite\",\"@id\":\"https:\/\/nk7-testes.com.br\/agazeta\/#website\",\"url\":\"https:\/\/nk7-testes.com.br\/agazeta\/\",\"name\":\"Agazeta.net\",\"description\":\"Agazeta.net - Not\u00edcias de Rio Branco\/AC\",\"potentialAction\":[{\"@type\":\"SearchAction\",\"target\":{\"@type\":\"EntryPoint\",\"urlTemplate\":\"https:\/\/nk7-testes.com.br\/agazeta\/?s={search_term_string}\"},\"query-input\":{\"@type\":\"PropertyValueSpecification\",\"valueRequired\":true,\"valueName\":\"search_term_string\"}}],\"inLanguage\":\"pt-BR\"},{\"@type\":\"Person\",\"@id\":\"https:\/\/nk7-testes.com.br\/agazeta\/#\/schema\/person\/6d6e25cb0435eb4a02fd44d30b4e3020\",\"name\":\"Agazeta.Net\",\"url\":\"https:\/\/nk7-testes.com.br\/agazeta\/author\/agazeta\/\"}]}<\/script>\n<!-- \/ Yoast SEO plugin. -->","yoast_head_json":{"title":"Opera\u00e7\u00e3o Abun\u00e3: 14 pessoas foram presas e 23 mandados cumpridos - Agazeta.net","robots":{"index":"index","follow":"follow","max-snippet":"max-snippet:-1","max-image-preview":"max-image-preview:large","max-video-preview":"max-video-preview:-1"},"canonical":"https:\/\/nk7-testes.com.br\/agazeta\/operacao-abuna-14-pessoas-foram-presas-e-23-mandados-cumpridos\/","og_locale":"pt_BR","og_type":"article","og_title":"Opera\u00e7\u00e3o Abun\u00e3: 14 pessoas foram presas e 23 mandados cumpridos - Agazeta.net","og_description":"Mandados foram cumpridos em Pl\u00e1cido de Castro, Rio Branco e Vila Campinas","og_url":"https:\/\/nk7-testes.com.br\/agazeta\/operacao-abuna-14-pessoas-foram-presas-e-23-mandados-cumpridos\/","og_site_name":"Agazeta.net","article_published_time":"2020-09-24T20:07:02+00:00","og_image":[{"width":458,"height":340,"url":"https:\/\/nk7-testes.com.br\/agazeta\/wp-content\/uploads\/2020\/09\/24-09-2020_operacao-abuna-14-pessoas-foram-presas-e-23-mandados-cumpridos.jpg","type":"image\/jpeg"}],"author":"Agazeta.Net","twitter_card":"summary_large_image","twitter_misc":{"Escrito por":"Agazeta.Net","Est. tempo de leitura":"1 minuto"},"schema":{"@context":"https:\/\/schema.org","@graph":[{"@type":"WebPage","@id":"https:\/\/nk7-testes.com.br\/agazeta\/operacao-abuna-14-pessoas-foram-presas-e-23-mandados-cumpridos\/","url":"https:\/\/nk7-testes.com.br\/agazeta\/operacao-abuna-14-pessoas-foram-presas-e-23-mandados-cumpridos\/","name":"Opera\u00e7\u00e3o Abun\u00e3: 14 pessoas foram presas e 23 mandados cumpridos - Agazeta.net","isPartOf":{"@id":"https:\/\/nk7-testes.com.br\/agazeta\/#website"},"primaryImageOfPage":{"@id":"https:\/\/nk7-testes.com.br\/agazeta\/operacao-abuna-14-pessoas-foram-presas-e-23-mandados-cumpridos\/#primaryimage"},"image":{"@id":"https:\/\/nk7-testes.com.br\/agazeta\/operacao-abuna-14-pessoas-foram-presas-e-23-mandados-cumpridos\/#primaryimage"},"thumbnailUrl":"https:\/\/nk7-testes.com.br\/agazeta\/wp-content\/uploads\/2020\/09\/24-09-2020_operacao-abuna-14-pessoas-foram-presas-e-23-mandados-cumpridos.jpg","datePublished":"2020-09-24T20:07:02+00:00","author":{"@id":"https:\/\/nk7-testes.com.br\/agazeta\/#\/schema\/person\/6d6e25cb0435eb4a02fd44d30b4e3020"},"breadcrumb":{"@id":"https:\/\/nk7-testes.com.br\/agazeta\/operacao-abuna-14-pessoas-foram-presas-e-23-mandados-cumpridos\/#breadcrumb"},"inLanguage":"pt-BR","potentialAction":[{"@type":"ReadAction","target":["https:\/\/nk7-testes.com.br\/agazeta\/operacao-abuna-14-pessoas-foram-presas-e-23-mandados-cumpridos\/"]}]},{"@type":"ImageObject","inLanguage":"pt-BR","@id":"https:\/\/nk7-testes.com.br\/agazeta\/operacao-abuna-14-pessoas-foram-presas-e-23-mandados-cumpridos\/#primaryimage","url":"https:\/\/nk7-testes.com.br\/agazeta\/wp-content\/uploads\/2020\/09\/24-09-2020_operacao-abuna-14-pessoas-foram-presas-e-23-mandados-cumpridos.jpg","contentUrl":"https:\/\/nk7-testes.com.br\/agazeta\/wp-content\/uploads\/2020\/09\/24-09-2020_operacao-abuna-14-pessoas-foram-presas-e-23-mandados-cumpridos.jpg","width":458,"height":340,"caption":"24-09-2020 opera\u00e7\u00e3o-abun\u00e3-14-pessoas-foram-presas-e-23-mandados-cumpridos"},{"@type":"BreadcrumbList","@id":"https:\/\/nk7-testes.com.br\/agazeta\/operacao-abuna-14-pessoas-foram-presas-e-23-mandados-cumpridos\/#breadcrumb","itemListElement":[{"@type":"ListItem","position":1,"name":"In\u00edcio","item":"https:\/\/nk7-testes.com.br\/agazeta\/"},{"@type":"ListItem","position":2,"name":"Opera\u00e7\u00e3o Abun\u00e3: 14 pessoas foram presas e 23 mandados cumpridos"}]},{"@type":"WebSite","@id":"https:\/\/nk7-testes.com.br\/agazeta\/#website","url":"https:\/\/nk7-testes.com.br\/agazeta\/","name":"Agazeta.net","description":"Agazeta.net - Not\u00edcias de Rio Branco\/AC","potentialAction":[{"@type":"SearchAction","target":{"@type":"EntryPoint","urlTemplate":"https:\/\/nk7-testes.com.br\/agazeta\/?s={search_term_string}"},"query-input":{"@type":"PropertyValueSpecification","valueRequired":true,"valueName":"search_term_string"}}],"inLanguage":"pt-BR"},{"@type":"Person","@id":"https:\/\/nk7-testes.com.br\/agazeta\/#\/schema\/person\/6d6e25cb0435eb4a02fd44d30b4e3020","name":"Agazeta.Net","url":"https:\/\/nk7-testes.com.br\/agazeta\/author\/agazeta\/"}]}},"_links":{"self":[{"href":"https:\/\/nk7-testes.com.br\/agazeta\/wp-json\/wp\/v2\/posts\/50297","targetHints":{"allow":["GET"]}}],"collection":[{"href":"https:\/\/nk7-testes.com.br\/agazeta\/wp-json\/wp\/v2\/posts"}],"about":[{"href":"https:\/\/nk7-testes.com.br\/agazeta\/wp-json\/wp\/v2\/types\/post"}],"author":[{"embeddable":true,"href":"https:\/\/nk7-testes.com.br\/agazeta\/wp-json\/wp\/v2\/users\/4"}],"replies":[{"embeddable":true,"href":"https:\/\/nk7-testes.com.br\/agazeta\/wp-json\/wp\/v2\/comments?post=50297"}],"version-history":[{"count":0,"href":"https:\/\/nk7-testes.com.br\/agazeta\/wp-json\/wp\/v2\/posts\/50297\/revisions"}],"wp:featuredmedia":[{"embeddable":true,"href":"https:\/\/nk7-testes.com.br\/agazeta\/wp-json\/wp\/v2\/media\/50296"}],"wp:attachment":[{"href":"https:\/\/nk7-testes.com.br\/agazeta\/wp-json\/wp\/v2\/media?parent=50297"}],"wp:term":[{"taxonomy":"category","embeddable":true,"href":"https:\/\/nk7-testes.com.br\/agazeta\/wp-json\/wp\/v2\/categories?post=50297"},{"taxonomy":"post_tag","embeddable":true,"href":"https:\/\/nk7-testes.com.br\/agazeta\/wp-json\/wp\/v2\/tags?post=50297"}],"curies":[{"name":"wp","href":"https:\/\/api.w.org\/{rel}","templated":true}]}}