{"id":50289,"date":"2020-09-24T18:15:42","date_gmt":"2020-09-24T18:15:42","guid":{"rendered":"https:\/\/abarevegan.com.br\/index.php\/2020\/09\/24\/policia-civil-cumpre-mandado-e-prende-acusado-de-estupro-de-vulneravel\/"},"modified":"2020-09-24T18:15:42","modified_gmt":"2020-09-24T18:15:42","slug":"policia-civil-cumpre-mandado-e-prende-acusado-de-estupro-de-vulneravel","status":"publish","type":"post","link":"https:\/\/nk7-testes.com.br\/agazeta\/policia-civil-cumpre-mandado-e-prende-acusado-de-estupro-de-vulneravel\/","title":{"rendered":"Policia Civil prende acusado de estupro de vulner\u00e1vel"},"content":{"rendered":"<p><span style=\"font-size: 13.2px;\">Homem foi localizado no bairro Bosque<\/span><\/p>\n<p>A Pol\u00edcia Civil prendeu na manh\u00e3 desta quinta-feira, 24, homem acusado de estupro de vulner\u00e1vel.<\/p>\n<p>A v\u00edtima, uma crian\u00e7a de 8 anos de idade, era enteada do acusado. A pris\u00e3o se deu por for\u00e7a de mandado judicial em desfavor do mesmo.<\/p>\n<p>Ap\u00f3s dois meses de investiga\u00e7\u00f5es a pol\u00edcia conseguiu localizar o acusado em um endere\u00e7o no bairro Bosque. Ele foi encaminhado para a Delegacia onde ser\u00e1 ouvido pelo delegado e em seguida ser\u00e1 colocado \u00e0 disposi\u00e7\u00e3o da Justi\u00e7a.<\/p>\n","protected":false},"excerpt":{"rendered":"<p><span style=\"font-size: 13.2px;\">Homem foi localizado no bairro Bosque<\/span><\/p>\n","protected":false},"author":4,"featured_media":50288,"comment_status":"open","ping_status":"open","sticky":false,"template":"","format":"standard","meta":{"jnews-multi-image_gallery":[],"jnews_single_post":[],"jnews_primary_category":[],"jnews_social_meta":[],"jnews_review":[],"enable_review":"","type":"","name":"","summary":"","brand":"","sku":"","good":[],"bad":[],"score_override":"","override_value":"","rating":[],"price":[],"footnotes":""},"categories":[44],"tags":[],"class_list":["post-50289","post","type-post","status-publish","format-standard","has-post-thumbnail","hentry","category-policia"],"yoast_head":"<!-- This site is optimized with the Yoast SEO plugin v26.5 - https:\/\/yoast.com\/wordpress\/plugins\/seo\/ -->\n<title>Policia Civil prende acusado de estupro de vulner\u00e1vel - Agazeta.net<\/title>\n<meta name=\"robots\" content=\"index, follow, max-snippet:-1, max-image-preview:large, max-video-preview:-1\" \/>\n<link rel=\"canonical\" href=\"https:\/\/nk7-testes.com.br\/agazeta\/policia-civil-cumpre-mandado-e-prende-acusado-de-estupro-de-vulneravel\/\" \/>\n<meta property=\"og:locale\" content=\"pt_BR\" \/>\n<meta property=\"og:type\" content=\"article\" \/>\n<meta property=\"og:title\" content=\"Policia Civil prende acusado de estupro de vulner\u00e1vel - Agazeta.net\" \/>\n<meta property=\"og:description\" content=\"Homem foi localizado no bairro Bosque\" \/>\n<meta property=\"og:url\" content=\"https:\/\/nk7-testes.com.br\/agazeta\/policia-civil-cumpre-mandado-e-prende-acusado-de-estupro-de-vulneravel\/\" \/>\n<meta property=\"og:site_name\" content=\"Agazeta.net\" \/>\n<meta property=\"article:published_time\" content=\"2020-09-24T18:15:42+00:00\" \/>\n<meta property=\"og:image\" content=\"https:\/\/nk7-testes.com.br\/agazeta\/wp-content\/uploads\/2020\/09\/24-09-2020_Policia-Civil-cumpre-mandado-e-prende-acusado-de-estupro-de-vulneravel.png\" \/>\n\t<meta property=\"og:image:width\" content=\"458\" \/>\n\t<meta property=\"og:image:height\" content=\"340\" \/>\n\t<meta property=\"og:image:type\" content=\"image\/png\" \/>\n<meta name=\"author\" content=\"Agazeta.Net\" \/>\n<meta name=\"twitter:card\" content=\"summary_large_image\" \/>\n<meta name=\"twitter:label1\" content=\"Escrito por\" \/>\n\t<meta name=\"twitter:data1\" content=\"Agazeta.Net\" \/>\n<script type=\"application\/ld+json\" class=\"yoast-schema-graph\">{\"@context\":\"https:\/\/schema.org\",\"@graph\":[{\"@type\":\"WebPage\",\"@id\":\"https:\/\/nk7-testes.com.br\/agazeta\/policia-civil-cumpre-mandado-e-prende-acusado-de-estupro-de-vulneravel\/\",\"url\":\"https:\/\/nk7-testes.com.br\/agazeta\/policia-civil-cumpre-mandado-e-prende-acusado-de-estupro-de-vulneravel\/\",\"name\":\"Policia Civil prende acusado de estupro de vulner\u00e1vel - Agazeta.net\",\"isPartOf\":{\"@id\":\"https:\/\/nk7-testes.com.br\/agazeta\/#website\"},\"primaryImageOfPage\":{\"@id\":\"https:\/\/nk7-testes.com.br\/agazeta\/policia-civil-cumpre-mandado-e-prende-acusado-de-estupro-de-vulneravel\/#primaryimage\"},\"image\":{\"@id\":\"https:\/\/nk7-testes.com.br\/agazeta\/policia-civil-cumpre-mandado-e-prende-acusado-de-estupro-de-vulneravel\/#primaryimage\"},\"thumbnailUrl\":\"https:\/\/nk7-testes.com.br\/agazeta\/wp-content\/uploads\/2020\/09\/24-09-2020_Policia-Civil-cumpre-mandado-e-prende-acusado-de-estupro-de-vulneravel.png\",\"datePublished\":\"2020-09-24T18:15:42+00:00\",\"author\":{\"@id\":\"https:\/\/nk7-testes.com.br\/agazeta\/#\/schema\/person\/6d6e25cb0435eb4a02fd44d30b4e3020\"},\"breadcrumb\":{\"@id\":\"https:\/\/nk7-testes.com.br\/agazeta\/policia-civil-cumpre-mandado-e-prende-acusado-de-estupro-de-vulneravel\/#breadcrumb\"},\"inLanguage\":\"pt-BR\",\"potentialAction\":[{\"@type\":\"ReadAction\",\"target\":[\"https:\/\/nk7-testes.com.br\/agazeta\/policia-civil-cumpre-mandado-e-prende-acusado-de-estupro-de-vulneravel\/\"]}]},{\"@type\":\"ImageObject\",\"inLanguage\":\"pt-BR\",\"@id\":\"https:\/\/nk7-testes.com.br\/agazeta\/policia-civil-cumpre-mandado-e-prende-acusado-de-estupro-de-vulneravel\/#primaryimage\",\"url\":\"https:\/\/nk7-testes.com.br\/agazeta\/wp-content\/uploads\/2020\/09\/24-09-2020_Policia-Civil-cumpre-mandado-e-prende-acusado-de-estupro-de-vulneravel.png\",\"contentUrl\":\"https:\/\/nk7-testes.com.br\/agazeta\/wp-content\/uploads\/2020\/09\/24-09-2020_Policia-Civil-cumpre-mandado-e-prende-acusado-de-estupro-de-vulneravel.png\",\"width\":458,\"height\":340,\"caption\":\"24-09-2020 Policia-Civil-cumpre-mandado-e-prende-acusado-de-estupro-de-vulner\u00e1vel\"},{\"@type\":\"BreadcrumbList\",\"@id\":\"https:\/\/nk7-testes.com.br\/agazeta\/policia-civil-cumpre-mandado-e-prende-acusado-de-estupro-de-vulneravel\/#breadcrumb\",\"itemListElement\":[{\"@type\":\"ListItem\",\"position\":1,\"name\":\"In\u00edcio\",\"item\":\"https:\/\/nk7-testes.com.br\/agazeta\/\"},{\"@type\":\"ListItem\",\"position\":2,\"name\":\"Policia Civil prende acusado de estupro de vulner\u00e1vel\"}]},{\"@type\":\"WebSite\",\"@id\":\"https:\/\/nk7-testes.com.br\/agazeta\/#website\",\"url\":\"https:\/\/nk7-testes.com.br\/agazeta\/\",\"name\":\"Agazeta.net\",\"description\":\"Agazeta.net - Not\u00edcias de Rio Branco\/AC\",\"potentialAction\":[{\"@type\":\"SearchAction\",\"target\":{\"@type\":\"EntryPoint\",\"urlTemplate\":\"https:\/\/nk7-testes.com.br\/agazeta\/?s={search_term_string}\"},\"query-input\":{\"@type\":\"PropertyValueSpecification\",\"valueRequired\":true,\"valueName\":\"search_term_string\"}}],\"inLanguage\":\"pt-BR\"},{\"@type\":\"Person\",\"@id\":\"https:\/\/nk7-testes.com.br\/agazeta\/#\/schema\/person\/6d6e25cb0435eb4a02fd44d30b4e3020\",\"name\":\"Agazeta.Net\",\"url\":\"https:\/\/nk7-testes.com.br\/agazeta\/author\/agazeta\/\"}]}<\/script>\n<!-- \/ Yoast SEO plugin. -->","yoast_head_json":{"title":"Policia Civil prende acusado de estupro de vulner\u00e1vel - Agazeta.net","robots":{"index":"index","follow":"follow","max-snippet":"max-snippet:-1","max-image-preview":"max-image-preview:large","max-video-preview":"max-video-preview:-1"},"canonical":"https:\/\/nk7-testes.com.br\/agazeta\/policia-civil-cumpre-mandado-e-prende-acusado-de-estupro-de-vulneravel\/","og_locale":"pt_BR","og_type":"article","og_title":"Policia Civil prende acusado de estupro de vulner\u00e1vel - Agazeta.net","og_description":"Homem foi localizado no bairro Bosque","og_url":"https:\/\/nk7-testes.com.br\/agazeta\/policia-civil-cumpre-mandado-e-prende-acusado-de-estupro-de-vulneravel\/","og_site_name":"Agazeta.net","article_published_time":"2020-09-24T18:15:42+00:00","og_image":[{"width":458,"height":340,"url":"https:\/\/nk7-testes.com.br\/agazeta\/wp-content\/uploads\/2020\/09\/24-09-2020_Policia-Civil-cumpre-mandado-e-prende-acusado-de-estupro-de-vulneravel.png","type":"image\/png"}],"author":"Agazeta.Net","twitter_card":"summary_large_image","twitter_misc":{"Escrito por":"Agazeta.Net"},"schema":{"@context":"https:\/\/schema.org","@graph":[{"@type":"WebPage","@id":"https:\/\/nk7-testes.com.br\/agazeta\/policia-civil-cumpre-mandado-e-prende-acusado-de-estupro-de-vulneravel\/","url":"https:\/\/nk7-testes.com.br\/agazeta\/policia-civil-cumpre-mandado-e-prende-acusado-de-estupro-de-vulneravel\/","name":"Policia Civil prende acusado de estupro de vulner\u00e1vel - Agazeta.net","isPartOf":{"@id":"https:\/\/nk7-testes.com.br\/agazeta\/#website"},"primaryImageOfPage":{"@id":"https:\/\/nk7-testes.com.br\/agazeta\/policia-civil-cumpre-mandado-e-prende-acusado-de-estupro-de-vulneravel\/#primaryimage"},"image":{"@id":"https:\/\/nk7-testes.com.br\/agazeta\/policia-civil-cumpre-mandado-e-prende-acusado-de-estupro-de-vulneravel\/#primaryimage"},"thumbnailUrl":"https:\/\/nk7-testes.com.br\/agazeta\/wp-content\/uploads\/2020\/09\/24-09-2020_Policia-Civil-cumpre-mandado-e-prende-acusado-de-estupro-de-vulneravel.png","datePublished":"2020-09-24T18:15:42+00:00","author":{"@id":"https:\/\/nk7-testes.com.br\/agazeta\/#\/schema\/person\/6d6e25cb0435eb4a02fd44d30b4e3020"},"breadcrumb":{"@id":"https:\/\/nk7-testes.com.br\/agazeta\/policia-civil-cumpre-mandado-e-prende-acusado-de-estupro-de-vulneravel\/#breadcrumb"},"inLanguage":"pt-BR","potentialAction":[{"@type":"ReadAction","target":["https:\/\/nk7-testes.com.br\/agazeta\/policia-civil-cumpre-mandado-e-prende-acusado-de-estupro-de-vulneravel\/"]}]},{"@type":"ImageObject","inLanguage":"pt-BR","@id":"https:\/\/nk7-testes.com.br\/agazeta\/policia-civil-cumpre-mandado-e-prende-acusado-de-estupro-de-vulneravel\/#primaryimage","url":"https:\/\/nk7-testes.com.br\/agazeta\/wp-content\/uploads\/2020\/09\/24-09-2020_Policia-Civil-cumpre-mandado-e-prende-acusado-de-estupro-de-vulneravel.png","contentUrl":"https:\/\/nk7-testes.com.br\/agazeta\/wp-content\/uploads\/2020\/09\/24-09-2020_Policia-Civil-cumpre-mandado-e-prende-acusado-de-estupro-de-vulneravel.png","width":458,"height":340,"caption":"24-09-2020 Policia-Civil-cumpre-mandado-e-prende-acusado-de-estupro-de-vulner\u00e1vel"},{"@type":"BreadcrumbList","@id":"https:\/\/nk7-testes.com.br\/agazeta\/policia-civil-cumpre-mandado-e-prende-acusado-de-estupro-de-vulneravel\/#breadcrumb","itemListElement":[{"@type":"ListItem","position":1,"name":"In\u00edcio","item":"https:\/\/nk7-testes.com.br\/agazeta\/"},{"@type":"ListItem","position":2,"name":"Policia Civil prende acusado de estupro de vulner\u00e1vel"}]},{"@type":"WebSite","@id":"https:\/\/nk7-testes.com.br\/agazeta\/#website","url":"https:\/\/nk7-testes.com.br\/agazeta\/","name":"Agazeta.net","description":"Agazeta.net - Not\u00edcias de Rio Branco\/AC","potentialAction":[{"@type":"SearchAction","target":{"@type":"EntryPoint","urlTemplate":"https:\/\/nk7-testes.com.br\/agazeta\/?s={search_term_string}"},"query-input":{"@type":"PropertyValueSpecification","valueRequired":true,"valueName":"search_term_string"}}],"inLanguage":"pt-BR"},{"@type":"Person","@id":"https:\/\/nk7-testes.com.br\/agazeta\/#\/schema\/person\/6d6e25cb0435eb4a02fd44d30b4e3020","name":"Agazeta.Net","url":"https:\/\/nk7-testes.com.br\/agazeta\/author\/agazeta\/"}]}},"_links":{"self":[{"href":"https:\/\/nk7-testes.com.br\/agazeta\/wp-json\/wp\/v2\/posts\/50289","targetHints":{"allow":["GET"]}}],"collection":[{"href":"https:\/\/nk7-testes.com.br\/agazeta\/wp-json\/wp\/v2\/posts"}],"about":[{"href":"https:\/\/nk7-testes.com.br\/agazeta\/wp-json\/wp\/v2\/types\/post"}],"author":[{"embeddable":true,"href":"https:\/\/nk7-testes.com.br\/agazeta\/wp-json\/wp\/v2\/users\/4"}],"replies":[{"embeddable":true,"href":"https:\/\/nk7-testes.com.br\/agazeta\/wp-json\/wp\/v2\/comments?post=50289"}],"version-history":[{"count":0,"href":"https:\/\/nk7-testes.com.br\/agazeta\/wp-json\/wp\/v2\/posts\/50289\/revisions"}],"wp:featuredmedia":[{"embeddable":true,"href":"https:\/\/nk7-testes.com.br\/agazeta\/wp-json\/wp\/v2\/media\/50288"}],"wp:attachment":[{"href":"https:\/\/nk7-testes.com.br\/agazeta\/wp-json\/wp\/v2\/media?parent=50289"}],"wp:term":[{"taxonomy":"category","embeddable":true,"href":"https:\/\/nk7-testes.com.br\/agazeta\/wp-json\/wp\/v2\/categories?post=50289"},{"taxonomy":"post_tag","embeddable":true,"href":"https:\/\/nk7-testes.com.br\/agazeta\/wp-json\/wp\/v2\/tags?post=50289"}],"curies":[{"name":"wp","href":"https:\/\/api.w.org\/{rel}","templated":true}]}}