{"id":50231,"date":"2020-09-22T19:16:49","date_gmt":"2020-09-22T19:16:49","guid":{"rendered":"https:\/\/abarevegan.com.br\/index.php\/2020\/09\/22\/estado-deve-realizar-concurso-publico-para-policial-penal\/"},"modified":"2020-09-22T19:16:49","modified_gmt":"2020-09-22T19:16:49","slug":"estado-deve-realizar-concurso-publico-para-policial-penal","status":"publish","type":"post","link":"https:\/\/nk7-testes.com.br\/agazeta\/estado-deve-realizar-concurso-publico-para-policial-penal\/","title":{"rendered":"Estado deve realizar concurso p\u00fablico para policial penal"},"content":{"rendered":"<p style=\"text-align: justify;\"><span style=\"font-size: 13.2px;\">MPAC ingressou a\u00e7\u00e3o civil p\u00fablica para realiza\u00e7\u00e3o do concurso<\/span><\/p>\n<p style=\"text-align: justify;\">O Minist\u00e9rio P\u00fablico do Estado do Acre (MPAC), por interm\u00e9dio da Promotoria de Justi\u00e7a Especializada de Tutela do Direito Difuso \u00e0 Seguran\u00e7a P\u00fablica, ingressou com a\u00e7\u00e3o civil p\u00fablica, de obriga\u00e7\u00e3o de fazer, com pedido de tutela de urg\u00eancia, que visa a realiza\u00e7\u00e3o de concurso p\u00fablico para policial penal.<\/p>\n<p style=\"text-align: justify;\">A iniciativa \u00e9 do promotor de Justi\u00e7a Tales Fonseca Tranin, e leva em considera\u00e7\u00e3o documento apresentado pelo Instituto de Administra\u00e7\u00e3o Penitenci\u00e1ria (Iapen), que atesta a quantidade insuficiente de profissionais no desempenho de tal fun\u00e7\u00e3o nos pres\u00eddios locais, al\u00e9m do j\u00e1 constatado em inspe\u00e7\u00f5es mensais.<\/p>\n<p style=\"text-align: justify;\">Atualmente s\u00e3o 1304 policiais penais, desses 1171 s\u00e3o efetivos e 133 provis\u00f3rios, 17 est\u00e3o afastados de suas fun\u00e7\u00f5es, e 11 s\u00e3o cedidos. O \u00faltimo concurso para contrata\u00e7\u00e3o desses profissionais foi realizado em 2007.<\/p>\n<p style=\"text-align: justify;\">O promotor ressalta que diante do d\u00e9ficit de efetivo, os policiais penais est\u00e3o realizando apenas os servi\u00e7os de cust\u00f3dia de presos, n\u00e3o conseguindo desempenhar as demais atividades inerentes \u00e0 gest\u00e3o de um sistema prisional, tais como escoltas judiciais, recambiamento, servi\u00e7os de intelig\u00eancia, circuito de monitoramento de c\u00e2meras, entre outros.<\/p>\n<p style=\"text-align: justify;\">Tales Tranin enfatiza que diante deste cen\u00e1rio, n\u00e3o s\u00f3 a qualidade do servi\u00e7o prestado fica prejudicada, mas tamb\u00e9m a seguran\u00e7a \u00e9 comprometida, pois o efetivo existente n\u00e3o possui condi\u00e7\u00f5es de custodiar o n\u00famero de presos existente na c\u00e9lula penal.<\/p>\n<p style=\"text-align: justify;\">A a\u00e7\u00e3o civil pede que o estado realize concurso p\u00fablico visando o preenchimento de no m\u00ednimo 454 vagas, para o ano de 2022, ante a proibi\u00e7\u00e3o em face da Lei Complementar 173\/2020, que impede a realiza\u00e7\u00e3o de concurso p\u00fablico at\u00e9 31 de dezembro de 2021.<\/p>\n<p style=\"text-align: justify;\">Em sua liminar, o promotor de Justi\u00e7a pede ainda que o Poder Judici\u00e1rio fa\u00e7a o estado reservar uma dota\u00e7\u00e3o or\u00e7ament\u00e1ria em 2021, para a realiza\u00e7\u00e3o do concurso no ano seguinte.<\/p>\n","protected":false},"excerpt":{"rendered":"<p style=\"text-align: justify;\"><span style=\"font-size: 13.2px;\">MPAC ingressou a\u00e7\u00e3o civil p\u00fablica para realiza\u00e7\u00e3o do concurso<\/span><\/p>\n","protected":false},"author":4,"featured_media":50230,"comment_status":"open","ping_status":"open","sticky":false,"template":"","format":"standard","meta":{"jnews-multi-image_gallery":[],"jnews_single_post":[],"jnews_primary_category":[],"jnews_social_meta":[],"jnews_review":[],"enable_review":"","type":"","name":"","summary":"","brand":"","sku":"","good":[],"bad":[],"score_override":"","override_value":"","rating":[],"price":[],"footnotes":""},"categories":[44],"tags":[],"class_list":["post-50231","post","type-post","status-publish","format-standard","has-post-thumbnail","hentry","category-policia"],"yoast_head":"<!-- This site is optimized with the Yoast SEO plugin v26.5 - https:\/\/yoast.com\/wordpress\/plugins\/seo\/ -->\n<title>Estado deve realizar concurso p\u00fablico para policial penal - Agazeta.net<\/title>\n<meta name=\"robots\" content=\"index, follow, max-snippet:-1, max-image-preview:large, max-video-preview:-1\" \/>\n<link rel=\"canonical\" href=\"https:\/\/nk7-testes.com.br\/agazeta\/estado-deve-realizar-concurso-publico-para-policial-penal\/\" \/>\n<meta property=\"og:locale\" content=\"pt_BR\" \/>\n<meta property=\"og:type\" content=\"article\" \/>\n<meta property=\"og:title\" content=\"Estado deve realizar concurso p\u00fablico para policial penal - Agazeta.net\" \/>\n<meta property=\"og:description\" content=\"MPAC ingressou a\u00e7\u00e3o civil p\u00fablica para realiza\u00e7\u00e3o do concurso\" \/>\n<meta property=\"og:url\" content=\"https:\/\/nk7-testes.com.br\/agazeta\/estado-deve-realizar-concurso-publico-para-policial-penal\/\" \/>\n<meta property=\"og:site_name\" content=\"Agazeta.net\" \/>\n<meta property=\"article:published_time\" content=\"2020-09-22T19:16:49+00:00\" \/>\n<meta property=\"og:image\" content=\"https:\/\/nk7-testes.com.br\/agazeta\/wp-content\/uploads\/2020\/09\/22-09-2020_Estado-deve-realizar-concurso-publico-para-policial-penal.png\" \/>\n\t<meta property=\"og:image:width\" content=\"458\" \/>\n\t<meta property=\"og:image:height\" content=\"340\" \/>\n\t<meta property=\"og:image:type\" content=\"image\/png\" \/>\n<meta name=\"author\" content=\"Agazeta.Net\" \/>\n<meta name=\"twitter:card\" content=\"summary_large_image\" \/>\n<meta name=\"twitter:label1\" content=\"Escrito por\" \/>\n\t<meta name=\"twitter:data1\" content=\"Agazeta.Net\" \/>\n\t<meta name=\"twitter:label2\" content=\"Est. tempo de leitura\" \/>\n\t<meta name=\"twitter:data2\" content=\"2 minutos\" \/>\n<script type=\"application\/ld+json\" class=\"yoast-schema-graph\">{\"@context\":\"https:\/\/schema.org\",\"@graph\":[{\"@type\":\"WebPage\",\"@id\":\"https:\/\/nk7-testes.com.br\/agazeta\/estado-deve-realizar-concurso-publico-para-policial-penal\/\",\"url\":\"https:\/\/nk7-testes.com.br\/agazeta\/estado-deve-realizar-concurso-publico-para-policial-penal\/\",\"name\":\"Estado deve realizar concurso p\u00fablico para policial penal - Agazeta.net\",\"isPartOf\":{\"@id\":\"https:\/\/nk7-testes.com.br\/agazeta\/#website\"},\"primaryImageOfPage\":{\"@id\":\"https:\/\/nk7-testes.com.br\/agazeta\/estado-deve-realizar-concurso-publico-para-policial-penal\/#primaryimage\"},\"image\":{\"@id\":\"https:\/\/nk7-testes.com.br\/agazeta\/estado-deve-realizar-concurso-publico-para-policial-penal\/#primaryimage\"},\"thumbnailUrl\":\"https:\/\/nk7-testes.com.br\/agazeta\/wp-content\/uploads\/2020\/09\/22-09-2020_Estado-deve-realizar-concurso-publico-para-policial-penal.png\",\"datePublished\":\"2020-09-22T19:16:49+00:00\",\"author\":{\"@id\":\"https:\/\/nk7-testes.com.br\/agazeta\/#\/schema\/person\/6d6e25cb0435eb4a02fd44d30b4e3020\"},\"breadcrumb\":{\"@id\":\"https:\/\/nk7-testes.com.br\/agazeta\/estado-deve-realizar-concurso-publico-para-policial-penal\/#breadcrumb\"},\"inLanguage\":\"pt-BR\",\"potentialAction\":[{\"@type\":\"ReadAction\",\"target\":[\"https:\/\/nk7-testes.com.br\/agazeta\/estado-deve-realizar-concurso-publico-para-policial-penal\/\"]}]},{\"@type\":\"ImageObject\",\"inLanguage\":\"pt-BR\",\"@id\":\"https:\/\/nk7-testes.com.br\/agazeta\/estado-deve-realizar-concurso-publico-para-policial-penal\/#primaryimage\",\"url\":\"https:\/\/nk7-testes.com.br\/agazeta\/wp-content\/uploads\/2020\/09\/22-09-2020_Estado-deve-realizar-concurso-publico-para-policial-penal.png\",\"contentUrl\":\"https:\/\/nk7-testes.com.br\/agazeta\/wp-content\/uploads\/2020\/09\/22-09-2020_Estado-deve-realizar-concurso-publico-para-policial-penal.png\",\"width\":458,\"height\":340,\"caption\":\"22-09-2020 Estado-deve-realizar-concurso-p\u00fablico-para-policial-penal\"},{\"@type\":\"BreadcrumbList\",\"@id\":\"https:\/\/nk7-testes.com.br\/agazeta\/estado-deve-realizar-concurso-publico-para-policial-penal\/#breadcrumb\",\"itemListElement\":[{\"@type\":\"ListItem\",\"position\":1,\"name\":\"In\u00edcio\",\"item\":\"https:\/\/nk7-testes.com.br\/agazeta\/\"},{\"@type\":\"ListItem\",\"position\":2,\"name\":\"Estado deve realizar concurso p\u00fablico para policial penal\"}]},{\"@type\":\"WebSite\",\"@id\":\"https:\/\/nk7-testes.com.br\/agazeta\/#website\",\"url\":\"https:\/\/nk7-testes.com.br\/agazeta\/\",\"name\":\"Agazeta.net\",\"description\":\"Agazeta.net - Not\u00edcias de Rio Branco\/AC\",\"potentialAction\":[{\"@type\":\"SearchAction\",\"target\":{\"@type\":\"EntryPoint\",\"urlTemplate\":\"https:\/\/nk7-testes.com.br\/agazeta\/?s={search_term_string}\"},\"query-input\":{\"@type\":\"PropertyValueSpecification\",\"valueRequired\":true,\"valueName\":\"search_term_string\"}}],\"inLanguage\":\"pt-BR\"},{\"@type\":\"Person\",\"@id\":\"https:\/\/nk7-testes.com.br\/agazeta\/#\/schema\/person\/6d6e25cb0435eb4a02fd44d30b4e3020\",\"name\":\"Agazeta.Net\",\"url\":\"https:\/\/nk7-testes.com.br\/agazeta\/author\/agazeta\/\"}]}<\/script>\n<!-- \/ Yoast SEO plugin. -->","yoast_head_json":{"title":"Estado deve realizar concurso p\u00fablico para policial penal - Agazeta.net","robots":{"index":"index","follow":"follow","max-snippet":"max-snippet:-1","max-image-preview":"max-image-preview:large","max-video-preview":"max-video-preview:-1"},"canonical":"https:\/\/nk7-testes.com.br\/agazeta\/estado-deve-realizar-concurso-publico-para-policial-penal\/","og_locale":"pt_BR","og_type":"article","og_title":"Estado deve realizar concurso p\u00fablico para policial penal - Agazeta.net","og_description":"MPAC ingressou a\u00e7\u00e3o civil p\u00fablica para realiza\u00e7\u00e3o do concurso","og_url":"https:\/\/nk7-testes.com.br\/agazeta\/estado-deve-realizar-concurso-publico-para-policial-penal\/","og_site_name":"Agazeta.net","article_published_time":"2020-09-22T19:16:49+00:00","og_image":[{"width":458,"height":340,"url":"https:\/\/nk7-testes.com.br\/agazeta\/wp-content\/uploads\/2020\/09\/22-09-2020_Estado-deve-realizar-concurso-publico-para-policial-penal.png","type":"image\/png"}],"author":"Agazeta.Net","twitter_card":"summary_large_image","twitter_misc":{"Escrito por":"Agazeta.Net","Est. tempo de leitura":"2 minutos"},"schema":{"@context":"https:\/\/schema.org","@graph":[{"@type":"WebPage","@id":"https:\/\/nk7-testes.com.br\/agazeta\/estado-deve-realizar-concurso-publico-para-policial-penal\/","url":"https:\/\/nk7-testes.com.br\/agazeta\/estado-deve-realizar-concurso-publico-para-policial-penal\/","name":"Estado deve realizar concurso p\u00fablico para policial penal - Agazeta.net","isPartOf":{"@id":"https:\/\/nk7-testes.com.br\/agazeta\/#website"},"primaryImageOfPage":{"@id":"https:\/\/nk7-testes.com.br\/agazeta\/estado-deve-realizar-concurso-publico-para-policial-penal\/#primaryimage"},"image":{"@id":"https:\/\/nk7-testes.com.br\/agazeta\/estado-deve-realizar-concurso-publico-para-policial-penal\/#primaryimage"},"thumbnailUrl":"https:\/\/nk7-testes.com.br\/agazeta\/wp-content\/uploads\/2020\/09\/22-09-2020_Estado-deve-realizar-concurso-publico-para-policial-penal.png","datePublished":"2020-09-22T19:16:49+00:00","author":{"@id":"https:\/\/nk7-testes.com.br\/agazeta\/#\/schema\/person\/6d6e25cb0435eb4a02fd44d30b4e3020"},"breadcrumb":{"@id":"https:\/\/nk7-testes.com.br\/agazeta\/estado-deve-realizar-concurso-publico-para-policial-penal\/#breadcrumb"},"inLanguage":"pt-BR","potentialAction":[{"@type":"ReadAction","target":["https:\/\/nk7-testes.com.br\/agazeta\/estado-deve-realizar-concurso-publico-para-policial-penal\/"]}]},{"@type":"ImageObject","inLanguage":"pt-BR","@id":"https:\/\/nk7-testes.com.br\/agazeta\/estado-deve-realizar-concurso-publico-para-policial-penal\/#primaryimage","url":"https:\/\/nk7-testes.com.br\/agazeta\/wp-content\/uploads\/2020\/09\/22-09-2020_Estado-deve-realizar-concurso-publico-para-policial-penal.png","contentUrl":"https:\/\/nk7-testes.com.br\/agazeta\/wp-content\/uploads\/2020\/09\/22-09-2020_Estado-deve-realizar-concurso-publico-para-policial-penal.png","width":458,"height":340,"caption":"22-09-2020 Estado-deve-realizar-concurso-p\u00fablico-para-policial-penal"},{"@type":"BreadcrumbList","@id":"https:\/\/nk7-testes.com.br\/agazeta\/estado-deve-realizar-concurso-publico-para-policial-penal\/#breadcrumb","itemListElement":[{"@type":"ListItem","position":1,"name":"In\u00edcio","item":"https:\/\/nk7-testes.com.br\/agazeta\/"},{"@type":"ListItem","position":2,"name":"Estado deve realizar concurso p\u00fablico para policial penal"}]},{"@type":"WebSite","@id":"https:\/\/nk7-testes.com.br\/agazeta\/#website","url":"https:\/\/nk7-testes.com.br\/agazeta\/","name":"Agazeta.net","description":"Agazeta.net - Not\u00edcias de Rio Branco\/AC","potentialAction":[{"@type":"SearchAction","target":{"@type":"EntryPoint","urlTemplate":"https:\/\/nk7-testes.com.br\/agazeta\/?s={search_term_string}"},"query-input":{"@type":"PropertyValueSpecification","valueRequired":true,"valueName":"search_term_string"}}],"inLanguage":"pt-BR"},{"@type":"Person","@id":"https:\/\/nk7-testes.com.br\/agazeta\/#\/schema\/person\/6d6e25cb0435eb4a02fd44d30b4e3020","name":"Agazeta.Net","url":"https:\/\/nk7-testes.com.br\/agazeta\/author\/agazeta\/"}]}},"_links":{"self":[{"href":"https:\/\/nk7-testes.com.br\/agazeta\/wp-json\/wp\/v2\/posts\/50231","targetHints":{"allow":["GET"]}}],"collection":[{"href":"https:\/\/nk7-testes.com.br\/agazeta\/wp-json\/wp\/v2\/posts"}],"about":[{"href":"https:\/\/nk7-testes.com.br\/agazeta\/wp-json\/wp\/v2\/types\/post"}],"author":[{"embeddable":true,"href":"https:\/\/nk7-testes.com.br\/agazeta\/wp-json\/wp\/v2\/users\/4"}],"replies":[{"embeddable":true,"href":"https:\/\/nk7-testes.com.br\/agazeta\/wp-json\/wp\/v2\/comments?post=50231"}],"version-history":[{"count":0,"href":"https:\/\/nk7-testes.com.br\/agazeta\/wp-json\/wp\/v2\/posts\/50231\/revisions"}],"wp:featuredmedia":[{"embeddable":true,"href":"https:\/\/nk7-testes.com.br\/agazeta\/wp-json\/wp\/v2\/media\/50230"}],"wp:attachment":[{"href":"https:\/\/nk7-testes.com.br\/agazeta\/wp-json\/wp\/v2\/media?parent=50231"}],"wp:term":[{"taxonomy":"category","embeddable":true,"href":"https:\/\/nk7-testes.com.br\/agazeta\/wp-json\/wp\/v2\/categories?post=50231"},{"taxonomy":"post_tag","embeddable":true,"href":"https:\/\/nk7-testes.com.br\/agazeta\/wp-json\/wp\/v2\/tags?post=50231"}],"curies":[{"name":"wp","href":"https:\/\/api.w.org\/{rel}","templated":true}]}}