{"id":50149,"date":"2020-09-17T17:35:55","date_gmt":"2020-09-17T17:35:55","guid":{"rendered":"https:\/\/abarevegan.com.br\/index.php\/2020\/09\/17\/policia-civil-prende-empresario-por-crime-tributario\/"},"modified":"2020-09-17T17:35:55","modified_gmt":"2020-09-17T17:35:55","slug":"policia-civil-prende-empresario-por-crime-tributario","status":"publish","type":"post","link":"https:\/\/nk7-testes.com.br\/agazeta\/policia-civil-prende-empresario-por-crime-tributario\/","title":{"rendered":"Pol\u00edcia Civil prende empres\u00e1rio por crime tribut\u00e1rio"},"content":{"rendered":"<p style=\"text-align: justify;\"><span style=\"font-size: 13.2px;\">Empres\u00e1rio causou preju\u00edzo de R$ 2 milh\u00f5es ao Estado<\/span><\/p>\n<p style=\"text-align: justify;\">A Pol\u00edcia Civil, por meio da Delegacia Especializada no Combate a Corrup\u00e7\u00e3o (Decor) em parceria com a Secretaria da Fazenda Estadual (Sefaz), prendeu em flagrante um empres\u00e1rio do ramo de comercializa\u00e7\u00e3o de frios, nesta quinta-feira (17). Ap\u00f3s investiga\u00e7\u00f5es a Decor identificou irregularidade em uma carga com nota fiscal (NF) com valor de R$ 130 mil, a NF foi expedida por uma empresa Microempreendedor Individual (MEI), que n\u00e3o pode ultrapassar o teto m\u00e1ximo de compra de R$ 80 mil.<\/p>\n<p style=\"text-align: justify;\">A Decor come\u00e7ou a monitorar carga irregular e foi constatado que o endere\u00e7o da empresa n\u00e3o existia. A investiga\u00e7\u00e3o apontou tamb\u00e9m que, o empres\u00e1rio j\u00e1 praticava sonega\u00e7\u00e3o de impostos usando v\u00e1rias empresas MEI em nome de terceiros.<\/p>\n<p style=\"text-align: justify;\">O levantamento da auditoria verificou que a movimenta\u00e7\u00e3o de compras realizadas pelo acusado ultrapassa a cifra de R$ 17 milh\u00f5es e que ele chegou a dar preju\u00edzos financeiros ao Estado de R$ 2 milh\u00f5es.<\/p>\n<p style=\"text-align: justify;\">De acordo com o delegado respons\u00e1vel pela investiga\u00e7\u00e3o, Pedro Resende, o acusado ser\u00e1 indiciado pela pr\u00e1tica, em tese, pelo crime contra a ordem tribut\u00e1ria, fraude a fiscaliza\u00e7\u00e3o e falsidade ideol\u00f3gica.<\/p>\n<p style=\"text-align: justify;\">A Pol\u00edcia Civil, por meio da Decor, vai manter parceria com a Sefaz no sentido de coibir crimes contra a ordem tribut\u00e1ria. A carga de frango congelado est\u00e1 apreendida por ordem judicial aguardando libera\u00e7\u00e3o para as devidas provid\u00eancias.<\/p>\n","protected":false},"excerpt":{"rendered":"<p style=\"text-align: justify;\"><span style=\"font-size: 13.2px;\">Empres\u00e1rio causou preju\u00edzo de R$ 2 milh\u00f5es ao Estado<\/span><\/p>\n","protected":false},"author":4,"featured_media":50148,"comment_status":"open","ping_status":"open","sticky":false,"template":"","format":"standard","meta":{"jnews-multi-image_gallery":[],"jnews_single_post":[],"jnews_primary_category":[],"jnews_social_meta":[],"jnews_review":[],"enable_review":"","type":"","name":"","summary":"","brand":"","sku":"","good":[],"bad":[],"score_override":"","override_value":"","rating":[],"price":[],"footnotes":""},"categories":[44],"tags":[],"class_list":["post-50149","post","type-post","status-publish","format-standard","has-post-thumbnail","hentry","category-policia"],"yoast_head":"<!-- This site is optimized with the Yoast SEO plugin v26.5 - https:\/\/yoast.com\/wordpress\/plugins\/seo\/ -->\n<title>Pol\u00edcia Civil prende empres\u00e1rio por crime tribut\u00e1rio - Agazeta.net<\/title>\n<meta name=\"robots\" content=\"index, follow, max-snippet:-1, max-image-preview:large, max-video-preview:-1\" \/>\n<link rel=\"canonical\" href=\"https:\/\/nk7-testes.com.br\/agazeta\/policia-civil-prende-empresario-por-crime-tributario\/\" \/>\n<meta property=\"og:locale\" content=\"pt_BR\" \/>\n<meta property=\"og:type\" content=\"article\" \/>\n<meta property=\"og:title\" content=\"Pol\u00edcia Civil prende empres\u00e1rio por crime tribut\u00e1rio - Agazeta.net\" \/>\n<meta property=\"og:description\" content=\"Empres\u00e1rio causou preju\u00edzo de R$ 2 milh\u00f5es ao Estado\" \/>\n<meta property=\"og:url\" content=\"https:\/\/nk7-testes.com.br\/agazeta\/policia-civil-prende-empresario-por-crime-tributario\/\" \/>\n<meta property=\"og:site_name\" content=\"Agazeta.net\" \/>\n<meta property=\"article:published_time\" content=\"2020-09-17T17:35:55+00:00\" \/>\n<meta property=\"og:image\" content=\"https:\/\/nk7-testes.com.br\/agazeta\/wp-content\/uploads\/2020\/09\/17-09-2020_policia-civil-prende-empresario-por-crime-tributario.jpg\" \/>\n\t<meta property=\"og:image:width\" content=\"458\" \/>\n\t<meta property=\"og:image:height\" content=\"340\" \/>\n\t<meta property=\"og:image:type\" content=\"image\/jpeg\" \/>\n<meta name=\"author\" content=\"Agazeta.Net\" \/>\n<meta name=\"twitter:card\" content=\"summary_large_image\" \/>\n<meta name=\"twitter:label1\" content=\"Escrito por\" \/>\n\t<meta name=\"twitter:data1\" content=\"Agazeta.Net\" \/>\n\t<meta name=\"twitter:label2\" content=\"Est. tempo de leitura\" \/>\n\t<meta name=\"twitter:data2\" content=\"1 minuto\" \/>\n<script type=\"application\/ld+json\" class=\"yoast-schema-graph\">{\"@context\":\"https:\/\/schema.org\",\"@graph\":[{\"@type\":\"WebPage\",\"@id\":\"https:\/\/nk7-testes.com.br\/agazeta\/policia-civil-prende-empresario-por-crime-tributario\/\",\"url\":\"https:\/\/nk7-testes.com.br\/agazeta\/policia-civil-prende-empresario-por-crime-tributario\/\",\"name\":\"Pol\u00edcia Civil prende empres\u00e1rio por crime tribut\u00e1rio - Agazeta.net\",\"isPartOf\":{\"@id\":\"https:\/\/nk7-testes.com.br\/agazeta\/#website\"},\"primaryImageOfPage\":{\"@id\":\"https:\/\/nk7-testes.com.br\/agazeta\/policia-civil-prende-empresario-por-crime-tributario\/#primaryimage\"},\"image\":{\"@id\":\"https:\/\/nk7-testes.com.br\/agazeta\/policia-civil-prende-empresario-por-crime-tributario\/#primaryimage\"},\"thumbnailUrl\":\"https:\/\/nk7-testes.com.br\/agazeta\/wp-content\/uploads\/2020\/09\/17-09-2020_policia-civil-prende-empresario-por-crime-tributario.jpg\",\"datePublished\":\"2020-09-17T17:35:55+00:00\",\"author\":{\"@id\":\"https:\/\/nk7-testes.com.br\/agazeta\/#\/schema\/person\/6d6e25cb0435eb4a02fd44d30b4e3020\"},\"breadcrumb\":{\"@id\":\"https:\/\/nk7-testes.com.br\/agazeta\/policia-civil-prende-empresario-por-crime-tributario\/#breadcrumb\"},\"inLanguage\":\"pt-BR\",\"potentialAction\":[{\"@type\":\"ReadAction\",\"target\":[\"https:\/\/nk7-testes.com.br\/agazeta\/policia-civil-prende-empresario-por-crime-tributario\/\"]}]},{\"@type\":\"ImageObject\",\"inLanguage\":\"pt-BR\",\"@id\":\"https:\/\/nk7-testes.com.br\/agazeta\/policia-civil-prende-empresario-por-crime-tributario\/#primaryimage\",\"url\":\"https:\/\/nk7-testes.com.br\/agazeta\/wp-content\/uploads\/2020\/09\/17-09-2020_policia-civil-prende-empresario-por-crime-tributario.jpg\",\"contentUrl\":\"https:\/\/nk7-testes.com.br\/agazeta\/wp-content\/uploads\/2020\/09\/17-09-2020_policia-civil-prende-empresario-por-crime-tributario.jpg\",\"width\":458,\"height\":340,\"caption\":\"17-09-2020 policia-civil-prende-empres\u00e1rio-por-crime-tribut\u00e1rio\"},{\"@type\":\"BreadcrumbList\",\"@id\":\"https:\/\/nk7-testes.com.br\/agazeta\/policia-civil-prende-empresario-por-crime-tributario\/#breadcrumb\",\"itemListElement\":[{\"@type\":\"ListItem\",\"position\":1,\"name\":\"In\u00edcio\",\"item\":\"https:\/\/nk7-testes.com.br\/agazeta\/\"},{\"@type\":\"ListItem\",\"position\":2,\"name\":\"Pol\u00edcia Civil prende empres\u00e1rio por crime tribut\u00e1rio\"}]},{\"@type\":\"WebSite\",\"@id\":\"https:\/\/nk7-testes.com.br\/agazeta\/#website\",\"url\":\"https:\/\/nk7-testes.com.br\/agazeta\/\",\"name\":\"Agazeta.net\",\"description\":\"Agazeta.net - Not\u00edcias de Rio Branco\/AC\",\"potentialAction\":[{\"@type\":\"SearchAction\",\"target\":{\"@type\":\"EntryPoint\",\"urlTemplate\":\"https:\/\/nk7-testes.com.br\/agazeta\/?s={search_term_string}\"},\"query-input\":{\"@type\":\"PropertyValueSpecification\",\"valueRequired\":true,\"valueName\":\"search_term_string\"}}],\"inLanguage\":\"pt-BR\"},{\"@type\":\"Person\",\"@id\":\"https:\/\/nk7-testes.com.br\/agazeta\/#\/schema\/person\/6d6e25cb0435eb4a02fd44d30b4e3020\",\"name\":\"Agazeta.Net\",\"url\":\"https:\/\/nk7-testes.com.br\/agazeta\/author\/agazeta\/\"}]}<\/script>\n<!-- \/ Yoast SEO plugin. -->","yoast_head_json":{"title":"Pol\u00edcia Civil prende empres\u00e1rio por crime tribut\u00e1rio - Agazeta.net","robots":{"index":"index","follow":"follow","max-snippet":"max-snippet:-1","max-image-preview":"max-image-preview:large","max-video-preview":"max-video-preview:-1"},"canonical":"https:\/\/nk7-testes.com.br\/agazeta\/policia-civil-prende-empresario-por-crime-tributario\/","og_locale":"pt_BR","og_type":"article","og_title":"Pol\u00edcia Civil prende empres\u00e1rio por crime tribut\u00e1rio - Agazeta.net","og_description":"Empres\u00e1rio causou preju\u00edzo de R$ 2 milh\u00f5es ao Estado","og_url":"https:\/\/nk7-testes.com.br\/agazeta\/policia-civil-prende-empresario-por-crime-tributario\/","og_site_name":"Agazeta.net","article_published_time":"2020-09-17T17:35:55+00:00","og_image":[{"width":458,"height":340,"url":"https:\/\/nk7-testes.com.br\/agazeta\/wp-content\/uploads\/2020\/09\/17-09-2020_policia-civil-prende-empresario-por-crime-tributario.jpg","type":"image\/jpeg"}],"author":"Agazeta.Net","twitter_card":"summary_large_image","twitter_misc":{"Escrito por":"Agazeta.Net","Est. tempo de leitura":"1 minuto"},"schema":{"@context":"https:\/\/schema.org","@graph":[{"@type":"WebPage","@id":"https:\/\/nk7-testes.com.br\/agazeta\/policia-civil-prende-empresario-por-crime-tributario\/","url":"https:\/\/nk7-testes.com.br\/agazeta\/policia-civil-prende-empresario-por-crime-tributario\/","name":"Pol\u00edcia Civil prende empres\u00e1rio por crime tribut\u00e1rio - Agazeta.net","isPartOf":{"@id":"https:\/\/nk7-testes.com.br\/agazeta\/#website"},"primaryImageOfPage":{"@id":"https:\/\/nk7-testes.com.br\/agazeta\/policia-civil-prende-empresario-por-crime-tributario\/#primaryimage"},"image":{"@id":"https:\/\/nk7-testes.com.br\/agazeta\/policia-civil-prende-empresario-por-crime-tributario\/#primaryimage"},"thumbnailUrl":"https:\/\/nk7-testes.com.br\/agazeta\/wp-content\/uploads\/2020\/09\/17-09-2020_policia-civil-prende-empresario-por-crime-tributario.jpg","datePublished":"2020-09-17T17:35:55+00:00","author":{"@id":"https:\/\/nk7-testes.com.br\/agazeta\/#\/schema\/person\/6d6e25cb0435eb4a02fd44d30b4e3020"},"breadcrumb":{"@id":"https:\/\/nk7-testes.com.br\/agazeta\/policia-civil-prende-empresario-por-crime-tributario\/#breadcrumb"},"inLanguage":"pt-BR","potentialAction":[{"@type":"ReadAction","target":["https:\/\/nk7-testes.com.br\/agazeta\/policia-civil-prende-empresario-por-crime-tributario\/"]}]},{"@type":"ImageObject","inLanguage":"pt-BR","@id":"https:\/\/nk7-testes.com.br\/agazeta\/policia-civil-prende-empresario-por-crime-tributario\/#primaryimage","url":"https:\/\/nk7-testes.com.br\/agazeta\/wp-content\/uploads\/2020\/09\/17-09-2020_policia-civil-prende-empresario-por-crime-tributario.jpg","contentUrl":"https:\/\/nk7-testes.com.br\/agazeta\/wp-content\/uploads\/2020\/09\/17-09-2020_policia-civil-prende-empresario-por-crime-tributario.jpg","width":458,"height":340,"caption":"17-09-2020 policia-civil-prende-empres\u00e1rio-por-crime-tribut\u00e1rio"},{"@type":"BreadcrumbList","@id":"https:\/\/nk7-testes.com.br\/agazeta\/policia-civil-prende-empresario-por-crime-tributario\/#breadcrumb","itemListElement":[{"@type":"ListItem","position":1,"name":"In\u00edcio","item":"https:\/\/nk7-testes.com.br\/agazeta\/"},{"@type":"ListItem","position":2,"name":"Pol\u00edcia Civil prende empres\u00e1rio por crime tribut\u00e1rio"}]},{"@type":"WebSite","@id":"https:\/\/nk7-testes.com.br\/agazeta\/#website","url":"https:\/\/nk7-testes.com.br\/agazeta\/","name":"Agazeta.net","description":"Agazeta.net - Not\u00edcias de Rio Branco\/AC","potentialAction":[{"@type":"SearchAction","target":{"@type":"EntryPoint","urlTemplate":"https:\/\/nk7-testes.com.br\/agazeta\/?s={search_term_string}"},"query-input":{"@type":"PropertyValueSpecification","valueRequired":true,"valueName":"search_term_string"}}],"inLanguage":"pt-BR"},{"@type":"Person","@id":"https:\/\/nk7-testes.com.br\/agazeta\/#\/schema\/person\/6d6e25cb0435eb4a02fd44d30b4e3020","name":"Agazeta.Net","url":"https:\/\/nk7-testes.com.br\/agazeta\/author\/agazeta\/"}]}},"_links":{"self":[{"href":"https:\/\/nk7-testes.com.br\/agazeta\/wp-json\/wp\/v2\/posts\/50149","targetHints":{"allow":["GET"]}}],"collection":[{"href":"https:\/\/nk7-testes.com.br\/agazeta\/wp-json\/wp\/v2\/posts"}],"about":[{"href":"https:\/\/nk7-testes.com.br\/agazeta\/wp-json\/wp\/v2\/types\/post"}],"author":[{"embeddable":true,"href":"https:\/\/nk7-testes.com.br\/agazeta\/wp-json\/wp\/v2\/users\/4"}],"replies":[{"embeddable":true,"href":"https:\/\/nk7-testes.com.br\/agazeta\/wp-json\/wp\/v2\/comments?post=50149"}],"version-history":[{"count":0,"href":"https:\/\/nk7-testes.com.br\/agazeta\/wp-json\/wp\/v2\/posts\/50149\/revisions"}],"wp:featuredmedia":[{"embeddable":true,"href":"https:\/\/nk7-testes.com.br\/agazeta\/wp-json\/wp\/v2\/media\/50148"}],"wp:attachment":[{"href":"https:\/\/nk7-testes.com.br\/agazeta\/wp-json\/wp\/v2\/media?parent=50149"}],"wp:term":[{"taxonomy":"category","embeddable":true,"href":"https:\/\/nk7-testes.com.br\/agazeta\/wp-json\/wp\/v2\/categories?post=50149"},{"taxonomy":"post_tag","embeddable":true,"href":"https:\/\/nk7-testes.com.br\/agazeta\/wp-json\/wp\/v2\/tags?post=50149"}],"curies":[{"name":"wp","href":"https:\/\/api.w.org\/{rel}","templated":true}]}}