{"id":49790,"date":"2020-09-02T12:17:24","date_gmt":"2020-09-02T12:17:24","guid":{"rendered":"https:\/\/abarevegan.com.br\/index.php\/2020\/09\/02\/jovem-e-preso-em-flagrante-vendendo-drogas-em-praca-publica\/"},"modified":"2020-09-02T12:17:24","modified_gmt":"2020-09-02T12:17:24","slug":"jovem-e-preso-em-flagrante-vendendo-drogas-em-praca-publica","status":"publish","type":"post","link":"https:\/\/nk7-testes.com.br\/agazeta\/jovem-e-preso-em-flagrante-vendendo-drogas-em-praca-publica\/","title":{"rendered":"Jovem \u00e9 preso em flagrante vendendo drogas"},"content":{"rendered":"<p style=\"text-align: justify;\">Den\u00fancia an\u00f4nima levou a Pol\u00edcia Militar at\u00e9 o local<\/p>\n<p style=\"text-align: justify;\">Um jovem de 20 anos foi preso vendendo drogas na noite desta ter\u00e7a-feira (1\u00b0), na pra\u00e7a do conjunto Santa Cruz, em Rio Branco.<\/p>\n<p style=\"text-align: justify;\">Segundo a Pol\u00edcia Militar, a guarni\u00e7\u00e3o recebeu uma den\u00fancia an\u00f4nima informando que o suspeito estaria vendendo drogas na regi\u00e3o.<\/p>\n<p style=\"text-align: justify;\">Os militares foram at\u00e9 o local e conseguiram prender o jovem em flagrante. Com o suspeito foram apreendidos dois tabletes de maconha, mas ele informou que em uma resid\u00eancia teria mais.<\/p>\n<p style=\"text-align: justify;\">Na casa indicada, os policiais ainda encontraram mais uma barra de maconha e R$ 62 em esp\u00e9cie. Ainda segundo a guarni\u00e7\u00e3o, o jovem confessou que trabalhava entregando drogas, o usu\u00e1rio liga e ele encontra a pessoa na pra\u00e7a.<\/p>\n<p style=\"text-align: justify;\">O suspeito foi levado para a Delegacia Central de Flagrantes (Defla), e agora deve seguir \u00e0 disposi\u00e7\u00e3o da justi\u00e7a acreana para os procedimentos cab\u00edveis.<\/p>\n","protected":false},"excerpt":{"rendered":"<p style=\"text-align: justify;\">Den\u00fancia an\u00f4nima levou a Pol\u00edcia Militar at\u00e9 o local<\/p>\n","protected":false},"author":4,"featured_media":49789,"comment_status":"open","ping_status":"open","sticky":false,"template":"","format":"standard","meta":{"jnews-multi-image_gallery":[],"jnews_single_post":[],"jnews_primary_category":[],"jnews_social_meta":[],"jnews_review":[],"enable_review":"","type":"","name":"","summary":"","brand":"","sku":"","good":[],"bad":[],"score_override":"","override_value":"","rating":[],"price":[],"footnotes":""},"categories":[44],"tags":[],"class_list":["post-49790","post","type-post","status-publish","format-standard","has-post-thumbnail","hentry","category-policia"],"yoast_head":"<!-- This site is optimized with the Yoast SEO plugin v26.5 - https:\/\/yoast.com\/wordpress\/plugins\/seo\/ -->\n<title>Jovem \u00e9 preso em flagrante vendendo drogas - Agazeta.net<\/title>\n<meta name=\"robots\" content=\"index, follow, max-snippet:-1, max-image-preview:large, max-video-preview:-1\" \/>\n<link rel=\"canonical\" href=\"https:\/\/nk7-testes.com.br\/agazeta\/jovem-e-preso-em-flagrante-vendendo-drogas-em-praca-publica\/\" \/>\n<meta property=\"og:locale\" content=\"pt_BR\" \/>\n<meta property=\"og:type\" content=\"article\" \/>\n<meta property=\"og:title\" content=\"Jovem \u00e9 preso em flagrante vendendo drogas - Agazeta.net\" \/>\n<meta property=\"og:description\" content=\"Den\u00fancia an\u00f4nima levou a Pol\u00edcia Militar at\u00e9 o local\" \/>\n<meta property=\"og:url\" content=\"https:\/\/nk7-testes.com.br\/agazeta\/jovem-e-preso-em-flagrante-vendendo-drogas-em-praca-publica\/\" \/>\n<meta property=\"og:site_name\" content=\"Agazeta.net\" \/>\n<meta property=\"article:published_time\" content=\"2020-09-02T12:17:24+00:00\" \/>\n<meta property=\"og:image\" content=\"https:\/\/nk7-testes.com.br\/agazeta\/wp-content\/uploads\/2020\/09\/02-09-20-jovem-preso-trafico-de-droga-praca.jpeg\" \/>\n\t<meta property=\"og:image:width\" content=\"458\" \/>\n\t<meta property=\"og:image:height\" content=\"343\" \/>\n\t<meta property=\"og:image:type\" content=\"image\/jpeg\" \/>\n<meta name=\"author\" content=\"Agazeta.Net\" \/>\n<meta name=\"twitter:card\" content=\"summary_large_image\" \/>\n<meta name=\"twitter:label1\" content=\"Escrito por\" \/>\n\t<meta name=\"twitter:data1\" content=\"Agazeta.Net\" \/>\n\t<meta name=\"twitter:label2\" content=\"Est. tempo de leitura\" \/>\n\t<meta name=\"twitter:data2\" content=\"1 minuto\" \/>\n<script type=\"application\/ld+json\" class=\"yoast-schema-graph\">{\"@context\":\"https:\/\/schema.org\",\"@graph\":[{\"@type\":\"WebPage\",\"@id\":\"https:\/\/nk7-testes.com.br\/agazeta\/jovem-e-preso-em-flagrante-vendendo-drogas-em-praca-publica\/\",\"url\":\"https:\/\/nk7-testes.com.br\/agazeta\/jovem-e-preso-em-flagrante-vendendo-drogas-em-praca-publica\/\",\"name\":\"Jovem \u00e9 preso em flagrante vendendo drogas - Agazeta.net\",\"isPartOf\":{\"@id\":\"https:\/\/nk7-testes.com.br\/agazeta\/#website\"},\"primaryImageOfPage\":{\"@id\":\"https:\/\/nk7-testes.com.br\/agazeta\/jovem-e-preso-em-flagrante-vendendo-drogas-em-praca-publica\/#primaryimage\"},\"image\":{\"@id\":\"https:\/\/nk7-testes.com.br\/agazeta\/jovem-e-preso-em-flagrante-vendendo-drogas-em-praca-publica\/#primaryimage\"},\"thumbnailUrl\":\"https:\/\/nk7-testes.com.br\/agazeta\/wp-content\/uploads\/2020\/09\/02-09-20-jovem-preso-trafico-de-droga-praca.jpeg\",\"datePublished\":\"2020-09-02T12:17:24+00:00\",\"author\":{\"@id\":\"https:\/\/nk7-testes.com.br\/agazeta\/#\/schema\/person\/6d6e25cb0435eb4a02fd44d30b4e3020\"},\"breadcrumb\":{\"@id\":\"https:\/\/nk7-testes.com.br\/agazeta\/jovem-e-preso-em-flagrante-vendendo-drogas-em-praca-publica\/#breadcrumb\"},\"inLanguage\":\"pt-BR\",\"potentialAction\":[{\"@type\":\"ReadAction\",\"target\":[\"https:\/\/nk7-testes.com.br\/agazeta\/jovem-e-preso-em-flagrante-vendendo-drogas-em-praca-publica\/\"]}]},{\"@type\":\"ImageObject\",\"inLanguage\":\"pt-BR\",\"@id\":\"https:\/\/nk7-testes.com.br\/agazeta\/jovem-e-preso-em-flagrante-vendendo-drogas-em-praca-publica\/#primaryimage\",\"url\":\"https:\/\/nk7-testes.com.br\/agazeta\/wp-content\/uploads\/2020\/09\/02-09-20-jovem-preso-trafico-de-droga-praca.jpeg\",\"contentUrl\":\"https:\/\/nk7-testes.com.br\/agazeta\/wp-content\/uploads\/2020\/09\/02-09-20-jovem-preso-trafico-de-droga-praca.jpeg\",\"width\":458,\"height\":343,\"caption\":\"02-09-20-jovem-preso-trafico-de-droga-pra\u00e7a\"},{\"@type\":\"BreadcrumbList\",\"@id\":\"https:\/\/nk7-testes.com.br\/agazeta\/jovem-e-preso-em-flagrante-vendendo-drogas-em-praca-publica\/#breadcrumb\",\"itemListElement\":[{\"@type\":\"ListItem\",\"position\":1,\"name\":\"In\u00edcio\",\"item\":\"https:\/\/nk7-testes.com.br\/agazeta\/\"},{\"@type\":\"ListItem\",\"position\":2,\"name\":\"Jovem \u00e9 preso em flagrante vendendo drogas\"}]},{\"@type\":\"WebSite\",\"@id\":\"https:\/\/nk7-testes.com.br\/agazeta\/#website\",\"url\":\"https:\/\/nk7-testes.com.br\/agazeta\/\",\"name\":\"Agazeta.net\",\"description\":\"Agazeta.net - Not\u00edcias de Rio Branco\/AC\",\"potentialAction\":[{\"@type\":\"SearchAction\",\"target\":{\"@type\":\"EntryPoint\",\"urlTemplate\":\"https:\/\/nk7-testes.com.br\/agazeta\/?s={search_term_string}\"},\"query-input\":{\"@type\":\"PropertyValueSpecification\",\"valueRequired\":true,\"valueName\":\"search_term_string\"}}],\"inLanguage\":\"pt-BR\"},{\"@type\":\"Person\",\"@id\":\"https:\/\/nk7-testes.com.br\/agazeta\/#\/schema\/person\/6d6e25cb0435eb4a02fd44d30b4e3020\",\"name\":\"Agazeta.Net\",\"url\":\"https:\/\/nk7-testes.com.br\/agazeta\/author\/agazeta\/\"}]}<\/script>\n<!-- \/ Yoast SEO plugin. -->","yoast_head_json":{"title":"Jovem \u00e9 preso em flagrante vendendo drogas - Agazeta.net","robots":{"index":"index","follow":"follow","max-snippet":"max-snippet:-1","max-image-preview":"max-image-preview:large","max-video-preview":"max-video-preview:-1"},"canonical":"https:\/\/nk7-testes.com.br\/agazeta\/jovem-e-preso-em-flagrante-vendendo-drogas-em-praca-publica\/","og_locale":"pt_BR","og_type":"article","og_title":"Jovem \u00e9 preso em flagrante vendendo drogas - Agazeta.net","og_description":"Den\u00fancia an\u00f4nima levou a Pol\u00edcia Militar at\u00e9 o local","og_url":"https:\/\/nk7-testes.com.br\/agazeta\/jovem-e-preso-em-flagrante-vendendo-drogas-em-praca-publica\/","og_site_name":"Agazeta.net","article_published_time":"2020-09-02T12:17:24+00:00","og_image":[{"width":458,"height":343,"url":"https:\/\/nk7-testes.com.br\/agazeta\/wp-content\/uploads\/2020\/09\/02-09-20-jovem-preso-trafico-de-droga-praca.jpeg","type":"image\/jpeg"}],"author":"Agazeta.Net","twitter_card":"summary_large_image","twitter_misc":{"Escrito por":"Agazeta.Net","Est. tempo de leitura":"1 minuto"},"schema":{"@context":"https:\/\/schema.org","@graph":[{"@type":"WebPage","@id":"https:\/\/nk7-testes.com.br\/agazeta\/jovem-e-preso-em-flagrante-vendendo-drogas-em-praca-publica\/","url":"https:\/\/nk7-testes.com.br\/agazeta\/jovem-e-preso-em-flagrante-vendendo-drogas-em-praca-publica\/","name":"Jovem \u00e9 preso em flagrante vendendo drogas - Agazeta.net","isPartOf":{"@id":"https:\/\/nk7-testes.com.br\/agazeta\/#website"},"primaryImageOfPage":{"@id":"https:\/\/nk7-testes.com.br\/agazeta\/jovem-e-preso-em-flagrante-vendendo-drogas-em-praca-publica\/#primaryimage"},"image":{"@id":"https:\/\/nk7-testes.com.br\/agazeta\/jovem-e-preso-em-flagrante-vendendo-drogas-em-praca-publica\/#primaryimage"},"thumbnailUrl":"https:\/\/nk7-testes.com.br\/agazeta\/wp-content\/uploads\/2020\/09\/02-09-20-jovem-preso-trafico-de-droga-praca.jpeg","datePublished":"2020-09-02T12:17:24+00:00","author":{"@id":"https:\/\/nk7-testes.com.br\/agazeta\/#\/schema\/person\/6d6e25cb0435eb4a02fd44d30b4e3020"},"breadcrumb":{"@id":"https:\/\/nk7-testes.com.br\/agazeta\/jovem-e-preso-em-flagrante-vendendo-drogas-em-praca-publica\/#breadcrumb"},"inLanguage":"pt-BR","potentialAction":[{"@type":"ReadAction","target":["https:\/\/nk7-testes.com.br\/agazeta\/jovem-e-preso-em-flagrante-vendendo-drogas-em-praca-publica\/"]}]},{"@type":"ImageObject","inLanguage":"pt-BR","@id":"https:\/\/nk7-testes.com.br\/agazeta\/jovem-e-preso-em-flagrante-vendendo-drogas-em-praca-publica\/#primaryimage","url":"https:\/\/nk7-testes.com.br\/agazeta\/wp-content\/uploads\/2020\/09\/02-09-20-jovem-preso-trafico-de-droga-praca.jpeg","contentUrl":"https:\/\/nk7-testes.com.br\/agazeta\/wp-content\/uploads\/2020\/09\/02-09-20-jovem-preso-trafico-de-droga-praca.jpeg","width":458,"height":343,"caption":"02-09-20-jovem-preso-trafico-de-droga-pra\u00e7a"},{"@type":"BreadcrumbList","@id":"https:\/\/nk7-testes.com.br\/agazeta\/jovem-e-preso-em-flagrante-vendendo-drogas-em-praca-publica\/#breadcrumb","itemListElement":[{"@type":"ListItem","position":1,"name":"In\u00edcio","item":"https:\/\/nk7-testes.com.br\/agazeta\/"},{"@type":"ListItem","position":2,"name":"Jovem \u00e9 preso em flagrante vendendo drogas"}]},{"@type":"WebSite","@id":"https:\/\/nk7-testes.com.br\/agazeta\/#website","url":"https:\/\/nk7-testes.com.br\/agazeta\/","name":"Agazeta.net","description":"Agazeta.net - Not\u00edcias de Rio Branco\/AC","potentialAction":[{"@type":"SearchAction","target":{"@type":"EntryPoint","urlTemplate":"https:\/\/nk7-testes.com.br\/agazeta\/?s={search_term_string}"},"query-input":{"@type":"PropertyValueSpecification","valueRequired":true,"valueName":"search_term_string"}}],"inLanguage":"pt-BR"},{"@type":"Person","@id":"https:\/\/nk7-testes.com.br\/agazeta\/#\/schema\/person\/6d6e25cb0435eb4a02fd44d30b4e3020","name":"Agazeta.Net","url":"https:\/\/nk7-testes.com.br\/agazeta\/author\/agazeta\/"}]}},"_links":{"self":[{"href":"https:\/\/nk7-testes.com.br\/agazeta\/wp-json\/wp\/v2\/posts\/49790","targetHints":{"allow":["GET"]}}],"collection":[{"href":"https:\/\/nk7-testes.com.br\/agazeta\/wp-json\/wp\/v2\/posts"}],"about":[{"href":"https:\/\/nk7-testes.com.br\/agazeta\/wp-json\/wp\/v2\/types\/post"}],"author":[{"embeddable":true,"href":"https:\/\/nk7-testes.com.br\/agazeta\/wp-json\/wp\/v2\/users\/4"}],"replies":[{"embeddable":true,"href":"https:\/\/nk7-testes.com.br\/agazeta\/wp-json\/wp\/v2\/comments?post=49790"}],"version-history":[{"count":0,"href":"https:\/\/nk7-testes.com.br\/agazeta\/wp-json\/wp\/v2\/posts\/49790\/revisions"}],"wp:featuredmedia":[{"embeddable":true,"href":"https:\/\/nk7-testes.com.br\/agazeta\/wp-json\/wp\/v2\/media\/49789"}],"wp:attachment":[{"href":"https:\/\/nk7-testes.com.br\/agazeta\/wp-json\/wp\/v2\/media?parent=49790"}],"wp:term":[{"taxonomy":"category","embeddable":true,"href":"https:\/\/nk7-testes.com.br\/agazeta\/wp-json\/wp\/v2\/categories?post=49790"},{"taxonomy":"post_tag","embeddable":true,"href":"https:\/\/nk7-testes.com.br\/agazeta\/wp-json\/wp\/v2\/tags?post=49790"}],"curies":[{"name":"wp","href":"https:\/\/api.w.org\/{rel}","templated":true}]}}