{"id":49762,"date":"2020-09-01T12:53:33","date_gmt":"2020-09-01T12:53:33","guid":{"rendered":"https:\/\/abarevegan.com.br\/index.php\/2020\/09\/01\/dois-arrastoes-a-onibus-sao-registrados-em-rio-branco\/"},"modified":"2020-09-01T12:53:33","modified_gmt":"2020-09-01T12:53:33","slug":"dois-arrastoes-a-onibus-sao-registrados-em-rio-branco","status":"publish","type":"post","link":"https:\/\/nk7-testes.com.br\/agazeta\/dois-arrastoes-a-onibus-sao-registrados-em-rio-branco\/","title":{"rendered":"Dois arrast\u00f5es a \u00f4nibus s\u00e3o registrados em Rio Branco"},"content":{"rendered":"<p style=\"text-align: justify;\">V\u00edtimas eram das linhas Liberdade e Santa Maria<\/p>\n<p style=\"text-align: justify;\">Dois arrast\u00f5es em \u00f4nibus foram registrados na noite desta segunda-feira (31), em Rio Branco, nas linhas Liberdade e Santa Maria\/Vila Acre, na regi\u00e3o do Segundo Distrito.<\/p>\n<p style=\"text-align: justify;\">Na \u00faltima ter\u00e7a-feira, dia 25 de agosto, <a href=\"policia\/26169-quatro-homens-fazem-arrastao-em-onibus-da-linha-liberdadehttps:\/\/nk7-testes.com.br\/policia\/26169-quatro-homens-fazem-arrastao-em-onibus-da-linha-liberdade\">um outro arrast\u00e3o no \u00f4nibus do bairro Liberdade j\u00e1 havia notificado pela empresa<\/a>. O primeiro caso desta segunda-feira ocorreu enquanto o motorista trafegava na Via Chico Mendes.<\/p>\n<p style=\"text-align: justify;\">No ponto de parada em frente ao Departamento de Estradas de Rodagem, Infraestrutura Hidrovi\u00e1ria e Aeroportu\u00e1ria do Acre (Deracre) dois homens e uma mulher subiram no ve\u00edculo.<\/p>\n<p style=\"text-align: justify;\">Os tr\u00eas suspeitos estavam armados e anunciaram o assalto. Ap\u00f3s render o motorista, o trio levou R$ 16 do \u00f4nibus e R$ 22 do motorista. Por se tratar da primeira viagem do ve\u00edculo, n\u00e3o havia muito dinheiro em caixa.<\/p>\n<p style=\"text-align: justify;\">Em seguida, os suspeitos seguiram em dire\u00e7\u00e3o aos passageiros, cerca de 20 pessoas, e levaram todos os pertences e bens materiais das v\u00edtimas.<\/p>\n<p style=\"text-align: justify;\">Do lado de fora do \u00f4nibus estava um segundo grupo de bicicleta aguardando que o trio realizasse o assalto para auxiliar na fuga. O motorista foi at\u00e9 a Delegacia Central de Flagrantes (Defla) para registrar o boletim de ocorr\u00eancia.<\/p>\n<p style=\"text-align: justify;\">O segundo arrast\u00e3o aconteceu no \u00f4nibus da linha Santa Maria\/Vila Acre. Pr\u00f3ximo ao ramal do Canil, na rodovia AC-40, os dois suspeitos entraram no ve\u00edculo, mas aguardaram estar na Via Chico Mendes para anunciar o assalto.<\/p>\n<p style=\"text-align: justify;\">Armados com uma escopeta, a dupla levou R$ 52 do condutor e seguiram levando todos os pertences e bens materiais dos passageiros. Segundo o motorista do \u00f4nibus, a dupla fugiu entrando no bairro Taquari.<\/p>\n<p style=\"text-align: justify;\">O boletim de ocorr\u00eancias foi registrado na Delegacia Central de Flagrantes (Defla), mas at\u00e9 o fechamento da mat\u00e9ria nenhum suspeito havia sido identificado ou preso.<\/p>\n","protected":false},"excerpt":{"rendered":"<p style=\"text-align: justify;\">V\u00edtimas eram das linhas Liberdade e Santa Maria<\/p>\n","protected":false},"author":4,"featured_media":49761,"comment_status":"open","ping_status":"open","sticky":false,"template":"","format":"standard","meta":{"jnews-multi-image_gallery":[],"jnews_single_post":[],"jnews_primary_category":[],"jnews_social_meta":[],"jnews_review":[],"enable_review":"","type":"","name":"","summary":"","brand":"","sku":"","good":[],"bad":[],"score_override":"","override_value":"","rating":[],"price":[],"footnotes":""},"categories":[44],"tags":[],"class_list":["post-49762","post","type-post","status-publish","format-standard","has-post-thumbnail","hentry","category-policia"],"yoast_head":"<!-- This site is optimized with the Yoast SEO plugin v26.5 - https:\/\/yoast.com\/wordpress\/plugins\/seo\/ -->\n<title>Dois arrast\u00f5es a \u00f4nibus s\u00e3o registrados em Rio Branco - Agazeta.net<\/title>\n<meta name=\"robots\" content=\"index, follow, max-snippet:-1, max-image-preview:large, max-video-preview:-1\" \/>\n<link rel=\"canonical\" href=\"https:\/\/nk7-testes.com.br\/agazeta\/dois-arrastoes-a-onibus-sao-registrados-em-rio-branco\/\" \/>\n<meta property=\"og:locale\" content=\"pt_BR\" \/>\n<meta property=\"og:type\" content=\"article\" \/>\n<meta property=\"og:title\" content=\"Dois arrast\u00f5es a \u00f4nibus s\u00e3o registrados em Rio Branco - Agazeta.net\" \/>\n<meta property=\"og:description\" content=\"V\u00edtimas eram das linhas Liberdade e Santa Maria\" \/>\n<meta property=\"og:url\" content=\"https:\/\/nk7-testes.com.br\/agazeta\/dois-arrastoes-a-onibus-sao-registrados-em-rio-branco\/\" \/>\n<meta property=\"og:site_name\" content=\"Agazeta.net\" \/>\n<meta property=\"article:published_time\" content=\"2020-09-01T12:53:33+00:00\" \/>\n<meta property=\"og:image\" content=\"https:\/\/nk7-testes.com.br\/agazeta\/wp-content\/uploads\/2020\/09\/01-09-20-arrastao-onibus-rio-branco-dois.jpeg\" \/>\n\t<meta property=\"og:image:width\" content=\"458\" \/>\n\t<meta property=\"og:image:height\" content=\"340\" \/>\n\t<meta property=\"og:image:type\" content=\"image\/jpeg\" \/>\n<meta name=\"author\" content=\"Agazeta.Net\" \/>\n<meta name=\"twitter:card\" content=\"summary_large_image\" \/>\n<meta name=\"twitter:label1\" content=\"Escrito por\" \/>\n\t<meta name=\"twitter:data1\" content=\"Agazeta.Net\" \/>\n\t<meta name=\"twitter:label2\" content=\"Est. tempo de leitura\" \/>\n\t<meta name=\"twitter:data2\" content=\"2 minutos\" \/>\n<script type=\"application\/ld+json\" class=\"yoast-schema-graph\">{\"@context\":\"https:\/\/schema.org\",\"@graph\":[{\"@type\":\"WebPage\",\"@id\":\"https:\/\/nk7-testes.com.br\/agazeta\/dois-arrastoes-a-onibus-sao-registrados-em-rio-branco\/\",\"url\":\"https:\/\/nk7-testes.com.br\/agazeta\/dois-arrastoes-a-onibus-sao-registrados-em-rio-branco\/\",\"name\":\"Dois arrast\u00f5es a \u00f4nibus s\u00e3o registrados em Rio Branco - Agazeta.net\",\"isPartOf\":{\"@id\":\"https:\/\/nk7-testes.com.br\/agazeta\/#website\"},\"primaryImageOfPage\":{\"@id\":\"https:\/\/nk7-testes.com.br\/agazeta\/dois-arrastoes-a-onibus-sao-registrados-em-rio-branco\/#primaryimage\"},\"image\":{\"@id\":\"https:\/\/nk7-testes.com.br\/agazeta\/dois-arrastoes-a-onibus-sao-registrados-em-rio-branco\/#primaryimage\"},\"thumbnailUrl\":\"https:\/\/nk7-testes.com.br\/agazeta\/wp-content\/uploads\/2020\/09\/01-09-20-arrastao-onibus-rio-branco-dois.jpeg\",\"datePublished\":\"2020-09-01T12:53:33+00:00\",\"author\":{\"@id\":\"https:\/\/nk7-testes.com.br\/agazeta\/#\/schema\/person\/6d6e25cb0435eb4a02fd44d30b4e3020\"},\"breadcrumb\":{\"@id\":\"https:\/\/nk7-testes.com.br\/agazeta\/dois-arrastoes-a-onibus-sao-registrados-em-rio-branco\/#breadcrumb\"},\"inLanguage\":\"pt-BR\",\"potentialAction\":[{\"@type\":\"ReadAction\",\"target\":[\"https:\/\/nk7-testes.com.br\/agazeta\/dois-arrastoes-a-onibus-sao-registrados-em-rio-branco\/\"]}]},{\"@type\":\"ImageObject\",\"inLanguage\":\"pt-BR\",\"@id\":\"https:\/\/nk7-testes.com.br\/agazeta\/dois-arrastoes-a-onibus-sao-registrados-em-rio-branco\/#primaryimage\",\"url\":\"https:\/\/nk7-testes.com.br\/agazeta\/wp-content\/uploads\/2020\/09\/01-09-20-arrastao-onibus-rio-branco-dois.jpeg\",\"contentUrl\":\"https:\/\/nk7-testes.com.br\/agazeta\/wp-content\/uploads\/2020\/09\/01-09-20-arrastao-onibus-rio-branco-dois.jpeg\",\"width\":458,\"height\":340,\"caption\":\"01-09-20-arrast\u00e3o-onibus-rio-branco-dois\"},{\"@type\":\"BreadcrumbList\",\"@id\":\"https:\/\/nk7-testes.com.br\/agazeta\/dois-arrastoes-a-onibus-sao-registrados-em-rio-branco\/#breadcrumb\",\"itemListElement\":[{\"@type\":\"ListItem\",\"position\":1,\"name\":\"In\u00edcio\",\"item\":\"https:\/\/nk7-testes.com.br\/agazeta\/\"},{\"@type\":\"ListItem\",\"position\":2,\"name\":\"Dois arrast\u00f5es a \u00f4nibus s\u00e3o registrados em Rio Branco\"}]},{\"@type\":\"WebSite\",\"@id\":\"https:\/\/nk7-testes.com.br\/agazeta\/#website\",\"url\":\"https:\/\/nk7-testes.com.br\/agazeta\/\",\"name\":\"Agazeta.net\",\"description\":\"Agazeta.net - Not\u00edcias de Rio Branco\/AC\",\"potentialAction\":[{\"@type\":\"SearchAction\",\"target\":{\"@type\":\"EntryPoint\",\"urlTemplate\":\"https:\/\/nk7-testes.com.br\/agazeta\/?s={search_term_string}\"},\"query-input\":{\"@type\":\"PropertyValueSpecification\",\"valueRequired\":true,\"valueName\":\"search_term_string\"}}],\"inLanguage\":\"pt-BR\"},{\"@type\":\"Person\",\"@id\":\"https:\/\/nk7-testes.com.br\/agazeta\/#\/schema\/person\/6d6e25cb0435eb4a02fd44d30b4e3020\",\"name\":\"Agazeta.Net\",\"url\":\"https:\/\/nk7-testes.com.br\/agazeta\/author\/agazeta\/\"}]}<\/script>\n<!-- \/ Yoast SEO plugin. -->","yoast_head_json":{"title":"Dois arrast\u00f5es a \u00f4nibus s\u00e3o registrados em Rio Branco - Agazeta.net","robots":{"index":"index","follow":"follow","max-snippet":"max-snippet:-1","max-image-preview":"max-image-preview:large","max-video-preview":"max-video-preview:-1"},"canonical":"https:\/\/nk7-testes.com.br\/agazeta\/dois-arrastoes-a-onibus-sao-registrados-em-rio-branco\/","og_locale":"pt_BR","og_type":"article","og_title":"Dois arrast\u00f5es a \u00f4nibus s\u00e3o registrados em Rio Branco - Agazeta.net","og_description":"V\u00edtimas eram das linhas Liberdade e Santa Maria","og_url":"https:\/\/nk7-testes.com.br\/agazeta\/dois-arrastoes-a-onibus-sao-registrados-em-rio-branco\/","og_site_name":"Agazeta.net","article_published_time":"2020-09-01T12:53:33+00:00","og_image":[{"width":458,"height":340,"url":"https:\/\/nk7-testes.com.br\/agazeta\/wp-content\/uploads\/2020\/09\/01-09-20-arrastao-onibus-rio-branco-dois.jpeg","type":"image\/jpeg"}],"author":"Agazeta.Net","twitter_card":"summary_large_image","twitter_misc":{"Escrito por":"Agazeta.Net","Est. tempo de leitura":"2 minutos"},"schema":{"@context":"https:\/\/schema.org","@graph":[{"@type":"WebPage","@id":"https:\/\/nk7-testes.com.br\/agazeta\/dois-arrastoes-a-onibus-sao-registrados-em-rio-branco\/","url":"https:\/\/nk7-testes.com.br\/agazeta\/dois-arrastoes-a-onibus-sao-registrados-em-rio-branco\/","name":"Dois arrast\u00f5es a \u00f4nibus s\u00e3o registrados em Rio Branco - Agazeta.net","isPartOf":{"@id":"https:\/\/nk7-testes.com.br\/agazeta\/#website"},"primaryImageOfPage":{"@id":"https:\/\/nk7-testes.com.br\/agazeta\/dois-arrastoes-a-onibus-sao-registrados-em-rio-branco\/#primaryimage"},"image":{"@id":"https:\/\/nk7-testes.com.br\/agazeta\/dois-arrastoes-a-onibus-sao-registrados-em-rio-branco\/#primaryimage"},"thumbnailUrl":"https:\/\/nk7-testes.com.br\/agazeta\/wp-content\/uploads\/2020\/09\/01-09-20-arrastao-onibus-rio-branco-dois.jpeg","datePublished":"2020-09-01T12:53:33+00:00","author":{"@id":"https:\/\/nk7-testes.com.br\/agazeta\/#\/schema\/person\/6d6e25cb0435eb4a02fd44d30b4e3020"},"breadcrumb":{"@id":"https:\/\/nk7-testes.com.br\/agazeta\/dois-arrastoes-a-onibus-sao-registrados-em-rio-branco\/#breadcrumb"},"inLanguage":"pt-BR","potentialAction":[{"@type":"ReadAction","target":["https:\/\/nk7-testes.com.br\/agazeta\/dois-arrastoes-a-onibus-sao-registrados-em-rio-branco\/"]}]},{"@type":"ImageObject","inLanguage":"pt-BR","@id":"https:\/\/nk7-testes.com.br\/agazeta\/dois-arrastoes-a-onibus-sao-registrados-em-rio-branco\/#primaryimage","url":"https:\/\/nk7-testes.com.br\/agazeta\/wp-content\/uploads\/2020\/09\/01-09-20-arrastao-onibus-rio-branco-dois.jpeg","contentUrl":"https:\/\/nk7-testes.com.br\/agazeta\/wp-content\/uploads\/2020\/09\/01-09-20-arrastao-onibus-rio-branco-dois.jpeg","width":458,"height":340,"caption":"01-09-20-arrast\u00e3o-onibus-rio-branco-dois"},{"@type":"BreadcrumbList","@id":"https:\/\/nk7-testes.com.br\/agazeta\/dois-arrastoes-a-onibus-sao-registrados-em-rio-branco\/#breadcrumb","itemListElement":[{"@type":"ListItem","position":1,"name":"In\u00edcio","item":"https:\/\/nk7-testes.com.br\/agazeta\/"},{"@type":"ListItem","position":2,"name":"Dois arrast\u00f5es a \u00f4nibus s\u00e3o registrados em Rio Branco"}]},{"@type":"WebSite","@id":"https:\/\/nk7-testes.com.br\/agazeta\/#website","url":"https:\/\/nk7-testes.com.br\/agazeta\/","name":"Agazeta.net","description":"Agazeta.net - Not\u00edcias de Rio Branco\/AC","potentialAction":[{"@type":"SearchAction","target":{"@type":"EntryPoint","urlTemplate":"https:\/\/nk7-testes.com.br\/agazeta\/?s={search_term_string}"},"query-input":{"@type":"PropertyValueSpecification","valueRequired":true,"valueName":"search_term_string"}}],"inLanguage":"pt-BR"},{"@type":"Person","@id":"https:\/\/nk7-testes.com.br\/agazeta\/#\/schema\/person\/6d6e25cb0435eb4a02fd44d30b4e3020","name":"Agazeta.Net","url":"https:\/\/nk7-testes.com.br\/agazeta\/author\/agazeta\/"}]}},"_links":{"self":[{"href":"https:\/\/nk7-testes.com.br\/agazeta\/wp-json\/wp\/v2\/posts\/49762","targetHints":{"allow":["GET"]}}],"collection":[{"href":"https:\/\/nk7-testes.com.br\/agazeta\/wp-json\/wp\/v2\/posts"}],"about":[{"href":"https:\/\/nk7-testes.com.br\/agazeta\/wp-json\/wp\/v2\/types\/post"}],"author":[{"embeddable":true,"href":"https:\/\/nk7-testes.com.br\/agazeta\/wp-json\/wp\/v2\/users\/4"}],"replies":[{"embeddable":true,"href":"https:\/\/nk7-testes.com.br\/agazeta\/wp-json\/wp\/v2\/comments?post=49762"}],"version-history":[{"count":0,"href":"https:\/\/nk7-testes.com.br\/agazeta\/wp-json\/wp\/v2\/posts\/49762\/revisions"}],"wp:featuredmedia":[{"embeddable":true,"href":"https:\/\/nk7-testes.com.br\/agazeta\/wp-json\/wp\/v2\/media\/49761"}],"wp:attachment":[{"href":"https:\/\/nk7-testes.com.br\/agazeta\/wp-json\/wp\/v2\/media?parent=49762"}],"wp:term":[{"taxonomy":"category","embeddable":true,"href":"https:\/\/nk7-testes.com.br\/agazeta\/wp-json\/wp\/v2\/categories?post=49762"},{"taxonomy":"post_tag","embeddable":true,"href":"https:\/\/nk7-testes.com.br\/agazeta\/wp-json\/wp\/v2\/tags?post=49762"}],"curies":[{"name":"wp","href":"https:\/\/api.w.org\/{rel}","templated":true}]}}