{"id":49727,"date":"2020-08-30T20:15:30","date_gmt":"2020-08-30T20:15:30","guid":{"rendered":"https:\/\/abarevegan.com.br\/index.php\/2020\/08\/30\/pf-prende-imigrantes-ilegais-na-fronteira-de-assis-brasil\/"},"modified":"2020-08-30T20:15:30","modified_gmt":"2020-08-30T20:15:30","slug":"pf-prende-imigrantes-ilegais-na-fronteira-de-assis-brasil","status":"publish","type":"post","link":"https:\/\/nk7-testes.com.br\/agazeta\/pf-prende-imigrantes-ilegais-na-fronteira-de-assis-brasil\/","title":{"rendered":"PF prende imigrantes ilegais na fronteira de Assis Brasil"},"content":{"rendered":"<p style=\"text-align: justify;\"><span style=\"font-size: 13.2px;\">Eles usavam passaportes falsos e adulterados&nbsp;<\/span><\/p>\n<p style=\"text-align: justify;\">A Pol\u00edcia Federal (PF) recebeu informa\u00e7\u00e3o de que alguns estrangeiros planejavam entrar no Brasil usando passaportes falsos ou adulterados. Desta forma, uma barreira foi realizada no posto de fronteira de Assis Brasil e tr\u00eas t\u00e1xis foram abordados, nos ve\u00edculos havia dois canadenses, um dinamarqu\u00eas e cinco israelitas segundo os passaportes apresentados.<\/p>\n<p style=\"text-align: justify;\">Ao realizar a an\u00e1lise dos documentos, verificou-se que alguns deles tinham ind\u00edcios de falsidade. Assim, houve a condu\u00e7\u00e3o de todos estrangeiros para delegacia da PF para esclarecimento dos fatos.<\/p>\n<p style=\"text-align: justify;\">Na Delegacia da Pol\u00edcia Federal de Epitaciol\u00e2ndia foi feita uma an\u00e1lise minuciosa dos documentos e os ind\u00edcios de adultera\u00e7\u00e3o ficaram evidentes. A delegada acionou a INTERPOL que confirmou que os 5 passaportes israelitas, o passaporte dinamarqu\u00eas e um dos passaportes canadenses estavam na lista de alerta de documento roubado\/perdido e foram adulterados para serem usados pelos envolvidos.<\/p>\n<p style=\"text-align: justify;\">Os estrangeiros que usavam os passaportes de origem israelita s\u00e3o supostamente uma fam\u00edlia e entre eles h\u00e1 uma crian\u00e7a. O conselho tutelar foi acionado e a crian\u00e7a levada para um abrigo. O resto dos viajantes aparentemente se conheceram durante a viagem.<\/p>\n<p style=\"text-align: justify;\">Em investiga\u00e7\u00e3o e an\u00e1lise dos pertences dos viajantes chegou-se \u00e0 conclus\u00e3o de que todos os que estavam com passaporte adulterado s\u00e3o de nacionalidade iraniana. N\u00e3o se sabe ainda o motivo que levou os envolvidos a usarem da falsidade documental e quem foi o respons\u00e1vel pela adultera\u00e7\u00e3o e migra\u00e7\u00e3o ilegal dos estrangeiros.<\/p>\n<p style=\"text-align: justify;\">O crime de uso de documento falso est\u00e1 previsto no artigo 304 do C\u00f3digo Penal e, em se tratando de documento p\u00fablico, pode resultar em condena\u00e7\u00e3o em regime fechado de at\u00e9 06 anos de reclus\u00e3o. J\u00e1 o crime de Promo\u00e7\u00e3o de migra\u00e7\u00e3o ilegal est\u00e1 previsto no artigo. 232-A do C\u00f3digo Penal e pode chegar a 5 anos de reclus\u00e3o.<\/p>\n","protected":false},"excerpt":{"rendered":"<p style=\"text-align: justify;\"><span style=\"font-size: 13.2px;\">Eles usavam passaportes falsos e adulterados&nbsp;<\/span><\/p>\n","protected":false},"author":4,"featured_media":49726,"comment_status":"open","ping_status":"open","sticky":false,"template":"","format":"standard","meta":{"jnews-multi-image_gallery":[],"jnews_single_post":[],"jnews_primary_category":[],"jnews_social_meta":[],"jnews_review":[],"enable_review":"","type":"","name":"","summary":"","brand":"","sku":"","good":[],"bad":[],"score_override":"","override_value":"","rating":[],"price":[],"footnotes":""},"categories":[44],"tags":[],"class_list":["post-49727","post","type-post","status-publish","format-standard","has-post-thumbnail","hentry","category-policia"],"yoast_head":"<!-- This site is optimized with the Yoast SEO plugin v26.5 - https:\/\/yoast.com\/wordpress\/plugins\/seo\/ -->\n<title>PF prende imigrantes ilegais na fronteira de Assis Brasil - Agazeta.net<\/title>\n<meta name=\"robots\" content=\"index, follow, max-snippet:-1, max-image-preview:large, max-video-preview:-1\" \/>\n<link rel=\"canonical\" href=\"https:\/\/nk7-testes.com.br\/agazeta\/pf-prende-imigrantes-ilegais-na-fronteira-de-assis-brasil\/\" \/>\n<meta property=\"og:locale\" content=\"pt_BR\" \/>\n<meta property=\"og:type\" content=\"article\" \/>\n<meta property=\"og:title\" content=\"PF prende imigrantes ilegais na fronteira de Assis Brasil - Agazeta.net\" \/>\n<meta property=\"og:description\" content=\"Eles usavam passaportes falsos e adulterados&nbsp;\" \/>\n<meta property=\"og:url\" content=\"https:\/\/nk7-testes.com.br\/agazeta\/pf-prende-imigrantes-ilegais-na-fronteira-de-assis-brasil\/\" \/>\n<meta property=\"og:site_name\" content=\"Agazeta.net\" \/>\n<meta property=\"article:published_time\" content=\"2020-08-30T20:15:30+00:00\" \/>\n<meta property=\"og:image\" content=\"https:\/\/nk7-testes.com.br\/agazeta\/wp-content\/uploads\/2020\/08\/30-08-2020_pf-prende-imigrantes-ilegais-em-assis-brasil.jpeg\" \/>\n\t<meta property=\"og:image:width\" content=\"458\" \/>\n\t<meta property=\"og:image:height\" content=\"340\" \/>\n\t<meta property=\"og:image:type\" content=\"image\/jpeg\" \/>\n<meta name=\"author\" content=\"Agazeta.Net\" \/>\n<meta name=\"twitter:card\" content=\"summary_large_image\" \/>\n<meta name=\"twitter:label1\" content=\"Escrito por\" \/>\n\t<meta name=\"twitter:data1\" content=\"Agazeta.Net\" \/>\n\t<meta name=\"twitter:label2\" content=\"Est. tempo de leitura\" \/>\n\t<meta name=\"twitter:data2\" content=\"2 minutos\" \/>\n<script type=\"application\/ld+json\" class=\"yoast-schema-graph\">{\"@context\":\"https:\/\/schema.org\",\"@graph\":[{\"@type\":\"WebPage\",\"@id\":\"https:\/\/nk7-testes.com.br\/agazeta\/pf-prende-imigrantes-ilegais-na-fronteira-de-assis-brasil\/\",\"url\":\"https:\/\/nk7-testes.com.br\/agazeta\/pf-prende-imigrantes-ilegais-na-fronteira-de-assis-brasil\/\",\"name\":\"PF prende imigrantes ilegais na fronteira de Assis Brasil - Agazeta.net\",\"isPartOf\":{\"@id\":\"https:\/\/nk7-testes.com.br\/agazeta\/#website\"},\"primaryImageOfPage\":{\"@id\":\"https:\/\/nk7-testes.com.br\/agazeta\/pf-prende-imigrantes-ilegais-na-fronteira-de-assis-brasil\/#primaryimage\"},\"image\":{\"@id\":\"https:\/\/nk7-testes.com.br\/agazeta\/pf-prende-imigrantes-ilegais-na-fronteira-de-assis-brasil\/#primaryimage\"},\"thumbnailUrl\":\"https:\/\/nk7-testes.com.br\/agazeta\/wp-content\/uploads\/2020\/08\/30-08-2020_pf-prende-imigrantes-ilegais-em-assis-brasil.jpeg\",\"datePublished\":\"2020-08-30T20:15:30+00:00\",\"author\":{\"@id\":\"https:\/\/nk7-testes.com.br\/agazeta\/#\/schema\/person\/6d6e25cb0435eb4a02fd44d30b4e3020\"},\"breadcrumb\":{\"@id\":\"https:\/\/nk7-testes.com.br\/agazeta\/pf-prende-imigrantes-ilegais-na-fronteira-de-assis-brasil\/#breadcrumb\"},\"inLanguage\":\"pt-BR\",\"potentialAction\":[{\"@type\":\"ReadAction\",\"target\":[\"https:\/\/nk7-testes.com.br\/agazeta\/pf-prende-imigrantes-ilegais-na-fronteira-de-assis-brasil\/\"]}]},{\"@type\":\"ImageObject\",\"inLanguage\":\"pt-BR\",\"@id\":\"https:\/\/nk7-testes.com.br\/agazeta\/pf-prende-imigrantes-ilegais-na-fronteira-de-assis-brasil\/#primaryimage\",\"url\":\"https:\/\/nk7-testes.com.br\/agazeta\/wp-content\/uploads\/2020\/08\/30-08-2020_pf-prende-imigrantes-ilegais-em-assis-brasil.jpeg\",\"contentUrl\":\"https:\/\/nk7-testes.com.br\/agazeta\/wp-content\/uploads\/2020\/08\/30-08-2020_pf-prende-imigrantes-ilegais-em-assis-brasil.jpeg\",\"width\":458,\"height\":340,\"caption\":\"30-08-2020 pf-prende-imigrantes-ilegais-em-assis-brasil\"},{\"@type\":\"BreadcrumbList\",\"@id\":\"https:\/\/nk7-testes.com.br\/agazeta\/pf-prende-imigrantes-ilegais-na-fronteira-de-assis-brasil\/#breadcrumb\",\"itemListElement\":[{\"@type\":\"ListItem\",\"position\":1,\"name\":\"In\u00edcio\",\"item\":\"https:\/\/nk7-testes.com.br\/agazeta\/\"},{\"@type\":\"ListItem\",\"position\":2,\"name\":\"PF prende imigrantes ilegais na fronteira de Assis Brasil\"}]},{\"@type\":\"WebSite\",\"@id\":\"https:\/\/nk7-testes.com.br\/agazeta\/#website\",\"url\":\"https:\/\/nk7-testes.com.br\/agazeta\/\",\"name\":\"Agazeta.net\",\"description\":\"Agazeta.net - Not\u00edcias de Rio Branco\/AC\",\"potentialAction\":[{\"@type\":\"SearchAction\",\"target\":{\"@type\":\"EntryPoint\",\"urlTemplate\":\"https:\/\/nk7-testes.com.br\/agazeta\/?s={search_term_string}\"},\"query-input\":{\"@type\":\"PropertyValueSpecification\",\"valueRequired\":true,\"valueName\":\"search_term_string\"}}],\"inLanguage\":\"pt-BR\"},{\"@type\":\"Person\",\"@id\":\"https:\/\/nk7-testes.com.br\/agazeta\/#\/schema\/person\/6d6e25cb0435eb4a02fd44d30b4e3020\",\"name\":\"Agazeta.Net\",\"url\":\"https:\/\/nk7-testes.com.br\/agazeta\/author\/agazeta\/\"}]}<\/script>\n<!-- \/ Yoast SEO plugin. -->","yoast_head_json":{"title":"PF prende imigrantes ilegais na fronteira de Assis Brasil - Agazeta.net","robots":{"index":"index","follow":"follow","max-snippet":"max-snippet:-1","max-image-preview":"max-image-preview:large","max-video-preview":"max-video-preview:-1"},"canonical":"https:\/\/nk7-testes.com.br\/agazeta\/pf-prende-imigrantes-ilegais-na-fronteira-de-assis-brasil\/","og_locale":"pt_BR","og_type":"article","og_title":"PF prende imigrantes ilegais na fronteira de Assis Brasil - Agazeta.net","og_description":"Eles usavam passaportes falsos e adulterados&nbsp;","og_url":"https:\/\/nk7-testes.com.br\/agazeta\/pf-prende-imigrantes-ilegais-na-fronteira-de-assis-brasil\/","og_site_name":"Agazeta.net","article_published_time":"2020-08-30T20:15:30+00:00","og_image":[{"width":458,"height":340,"url":"https:\/\/nk7-testes.com.br\/agazeta\/wp-content\/uploads\/2020\/08\/30-08-2020_pf-prende-imigrantes-ilegais-em-assis-brasil.jpeg","type":"image\/jpeg"}],"author":"Agazeta.Net","twitter_card":"summary_large_image","twitter_misc":{"Escrito por":"Agazeta.Net","Est. tempo de leitura":"2 minutos"},"schema":{"@context":"https:\/\/schema.org","@graph":[{"@type":"WebPage","@id":"https:\/\/nk7-testes.com.br\/agazeta\/pf-prende-imigrantes-ilegais-na-fronteira-de-assis-brasil\/","url":"https:\/\/nk7-testes.com.br\/agazeta\/pf-prende-imigrantes-ilegais-na-fronteira-de-assis-brasil\/","name":"PF prende imigrantes ilegais na fronteira de Assis Brasil - Agazeta.net","isPartOf":{"@id":"https:\/\/nk7-testes.com.br\/agazeta\/#website"},"primaryImageOfPage":{"@id":"https:\/\/nk7-testes.com.br\/agazeta\/pf-prende-imigrantes-ilegais-na-fronteira-de-assis-brasil\/#primaryimage"},"image":{"@id":"https:\/\/nk7-testes.com.br\/agazeta\/pf-prende-imigrantes-ilegais-na-fronteira-de-assis-brasil\/#primaryimage"},"thumbnailUrl":"https:\/\/nk7-testes.com.br\/agazeta\/wp-content\/uploads\/2020\/08\/30-08-2020_pf-prende-imigrantes-ilegais-em-assis-brasil.jpeg","datePublished":"2020-08-30T20:15:30+00:00","author":{"@id":"https:\/\/nk7-testes.com.br\/agazeta\/#\/schema\/person\/6d6e25cb0435eb4a02fd44d30b4e3020"},"breadcrumb":{"@id":"https:\/\/nk7-testes.com.br\/agazeta\/pf-prende-imigrantes-ilegais-na-fronteira-de-assis-brasil\/#breadcrumb"},"inLanguage":"pt-BR","potentialAction":[{"@type":"ReadAction","target":["https:\/\/nk7-testes.com.br\/agazeta\/pf-prende-imigrantes-ilegais-na-fronteira-de-assis-brasil\/"]}]},{"@type":"ImageObject","inLanguage":"pt-BR","@id":"https:\/\/nk7-testes.com.br\/agazeta\/pf-prende-imigrantes-ilegais-na-fronteira-de-assis-brasil\/#primaryimage","url":"https:\/\/nk7-testes.com.br\/agazeta\/wp-content\/uploads\/2020\/08\/30-08-2020_pf-prende-imigrantes-ilegais-em-assis-brasil.jpeg","contentUrl":"https:\/\/nk7-testes.com.br\/agazeta\/wp-content\/uploads\/2020\/08\/30-08-2020_pf-prende-imigrantes-ilegais-em-assis-brasil.jpeg","width":458,"height":340,"caption":"30-08-2020 pf-prende-imigrantes-ilegais-em-assis-brasil"},{"@type":"BreadcrumbList","@id":"https:\/\/nk7-testes.com.br\/agazeta\/pf-prende-imigrantes-ilegais-na-fronteira-de-assis-brasil\/#breadcrumb","itemListElement":[{"@type":"ListItem","position":1,"name":"In\u00edcio","item":"https:\/\/nk7-testes.com.br\/agazeta\/"},{"@type":"ListItem","position":2,"name":"PF prende imigrantes ilegais na fronteira de Assis Brasil"}]},{"@type":"WebSite","@id":"https:\/\/nk7-testes.com.br\/agazeta\/#website","url":"https:\/\/nk7-testes.com.br\/agazeta\/","name":"Agazeta.net","description":"Agazeta.net - Not\u00edcias de Rio Branco\/AC","potentialAction":[{"@type":"SearchAction","target":{"@type":"EntryPoint","urlTemplate":"https:\/\/nk7-testes.com.br\/agazeta\/?s={search_term_string}"},"query-input":{"@type":"PropertyValueSpecification","valueRequired":true,"valueName":"search_term_string"}}],"inLanguage":"pt-BR"},{"@type":"Person","@id":"https:\/\/nk7-testes.com.br\/agazeta\/#\/schema\/person\/6d6e25cb0435eb4a02fd44d30b4e3020","name":"Agazeta.Net","url":"https:\/\/nk7-testes.com.br\/agazeta\/author\/agazeta\/"}]}},"_links":{"self":[{"href":"https:\/\/nk7-testes.com.br\/agazeta\/wp-json\/wp\/v2\/posts\/49727","targetHints":{"allow":["GET"]}}],"collection":[{"href":"https:\/\/nk7-testes.com.br\/agazeta\/wp-json\/wp\/v2\/posts"}],"about":[{"href":"https:\/\/nk7-testes.com.br\/agazeta\/wp-json\/wp\/v2\/types\/post"}],"author":[{"embeddable":true,"href":"https:\/\/nk7-testes.com.br\/agazeta\/wp-json\/wp\/v2\/users\/4"}],"replies":[{"embeddable":true,"href":"https:\/\/nk7-testes.com.br\/agazeta\/wp-json\/wp\/v2\/comments?post=49727"}],"version-history":[{"count":0,"href":"https:\/\/nk7-testes.com.br\/agazeta\/wp-json\/wp\/v2\/posts\/49727\/revisions"}],"wp:featuredmedia":[{"embeddable":true,"href":"https:\/\/nk7-testes.com.br\/agazeta\/wp-json\/wp\/v2\/media\/49726"}],"wp:attachment":[{"href":"https:\/\/nk7-testes.com.br\/agazeta\/wp-json\/wp\/v2\/media?parent=49727"}],"wp:term":[{"taxonomy":"category","embeddable":true,"href":"https:\/\/nk7-testes.com.br\/agazeta\/wp-json\/wp\/v2\/categories?post=49727"},{"taxonomy":"post_tag","embeddable":true,"href":"https:\/\/nk7-testes.com.br\/agazeta\/wp-json\/wp\/v2\/tags?post=49727"}],"curies":[{"name":"wp","href":"https:\/\/api.w.org\/{rel}","templated":true}]}}