{"id":49711,"date":"2020-08-29T18:50:46","date_gmt":"2020-08-29T18:50:46","guid":{"rendered":"https:\/\/abarevegan.com.br\/index.php\/2020\/08\/29\/pm-prende-suspeitos-de-arrombar-comercios-no-centro-de-rio-branco\/"},"modified":"2020-08-29T18:50:46","modified_gmt":"2020-08-29T18:50:46","slug":"pm-prende-suspeitos-de-arrombar-comercios-no-centro-de-rio-branco","status":"publish","type":"post","link":"https:\/\/nk7-testes.com.br\/agazeta\/pm-prende-suspeitos-de-arrombar-comercios-no-centro-de-rio-branco\/","title":{"rendered":"PM prende suspeitos de arrombar com\u00e9rcios no centro de Rio Branco"},"content":{"rendered":"<p style=\"text-align: justify;\"><span style=\"font-size: 13.2px;\">Suspeitos estavam com material que seria usado para roubos<\/span><\/p>\n<p style=\"text-align: justify;\">A Pol\u00edcia Militar recebeu uma den\u00fancia an\u00f4nima, informando que um grupo de integrantes de uma organiza\u00e7\u00e3o criminosa planejavam arrombar e roubar lojas no centro da cidade, na noite desta sexta-feira (28).<\/p>\n<p style=\"text-align: justify;\">Equipes de policiais foram ao local indicado. No lugar a equipe notou pessoas suspeitas que tentaram fugir, mas foram detidas. Eram tr\u00eas homens e tr\u00eas mulheres, com eles foram encontrados materiais que seriam utilizados para os arrombamentos, como marreta, alicate, serra, entre outros.<\/p>\n<p style=\"text-align: justify;\">As seis pessoas, dentre elas alguns j\u00e1 com passagens criminais por Furto Qualificado, foram encaminhadas a unidade de pol\u00edcia judici\u00e1ria para as provid\u00eancias cab\u00edveis.<\/p>\n","protected":false},"excerpt":{"rendered":"<p style=\"text-align: justify;\"><span style=\"font-size: 13.2px;\">Suspeitos estavam com material que seria usado para roubos<\/span><\/p>\n","protected":false},"author":4,"featured_media":49710,"comment_status":"open","ping_status":"open","sticky":false,"template":"","format":"standard","meta":{"jnews-multi-image_gallery":[],"jnews_single_post":[],"jnews_primary_category":[],"jnews_social_meta":[],"jnews_review":[],"enable_review":"","type":"","name":"","summary":"","brand":"","sku":"","good":[],"bad":[],"score_override":"","override_value":"","rating":[],"price":[],"footnotes":""},"categories":[44],"tags":[],"class_list":["post-49711","post","type-post","status-publish","format-standard","has-post-thumbnail","hentry","category-policia"],"yoast_head":"<!-- This site is optimized with the Yoast SEO plugin v26.5 - https:\/\/yoast.com\/wordpress\/plugins\/seo\/ -->\n<title>PM prende suspeitos de arrombar com\u00e9rcios no centro de Rio Branco - Agazeta.net<\/title>\n<meta name=\"robots\" content=\"index, follow, max-snippet:-1, max-image-preview:large, max-video-preview:-1\" \/>\n<link rel=\"canonical\" href=\"https:\/\/nk7-testes.com.br\/agazeta\/pm-prende-suspeitos-de-arrombar-comercios-no-centro-de-rio-branco\/\" \/>\n<meta property=\"og:locale\" content=\"pt_BR\" \/>\n<meta property=\"og:type\" content=\"article\" \/>\n<meta property=\"og:title\" content=\"PM prende suspeitos de arrombar com\u00e9rcios no centro de Rio Branco - Agazeta.net\" \/>\n<meta property=\"og:description\" content=\"Suspeitos estavam com material que seria usado para roubos\" \/>\n<meta property=\"og:url\" content=\"https:\/\/nk7-testes.com.br\/agazeta\/pm-prende-suspeitos-de-arrombar-comercios-no-centro-de-rio-branco\/\" \/>\n<meta property=\"og:site_name\" content=\"Agazeta.net\" \/>\n<meta property=\"article:published_time\" content=\"2020-08-29T18:50:46+00:00\" \/>\n<meta property=\"og:image\" content=\"https:\/\/nk7-testes.com.br\/agazeta\/wp-content\/uploads\/2020\/08\/29-08-2020_PM-prende-suspeitos-de-arrombamento.jpg\" \/>\n\t<meta property=\"og:image:width\" content=\"458\" \/>\n\t<meta property=\"og:image:height\" content=\"340\" \/>\n\t<meta property=\"og:image:type\" content=\"image\/jpeg\" \/>\n<meta name=\"author\" content=\"Agazeta.Net\" \/>\n<meta name=\"twitter:card\" content=\"summary_large_image\" \/>\n<meta name=\"twitter:label1\" content=\"Escrito por\" \/>\n\t<meta name=\"twitter:data1\" content=\"Agazeta.Net\" \/>\n\t<meta name=\"twitter:label2\" content=\"Est. tempo de leitura\" \/>\n\t<meta name=\"twitter:data2\" content=\"1 minuto\" \/>\n<script type=\"application\/ld+json\" class=\"yoast-schema-graph\">{\"@context\":\"https:\/\/schema.org\",\"@graph\":[{\"@type\":\"WebPage\",\"@id\":\"https:\/\/nk7-testes.com.br\/agazeta\/pm-prende-suspeitos-de-arrombar-comercios-no-centro-de-rio-branco\/\",\"url\":\"https:\/\/nk7-testes.com.br\/agazeta\/pm-prende-suspeitos-de-arrombar-comercios-no-centro-de-rio-branco\/\",\"name\":\"PM prende suspeitos de arrombar com\u00e9rcios no centro de Rio Branco - Agazeta.net\",\"isPartOf\":{\"@id\":\"https:\/\/nk7-testes.com.br\/agazeta\/#website\"},\"primaryImageOfPage\":{\"@id\":\"https:\/\/nk7-testes.com.br\/agazeta\/pm-prende-suspeitos-de-arrombar-comercios-no-centro-de-rio-branco\/#primaryimage\"},\"image\":{\"@id\":\"https:\/\/nk7-testes.com.br\/agazeta\/pm-prende-suspeitos-de-arrombar-comercios-no-centro-de-rio-branco\/#primaryimage\"},\"thumbnailUrl\":\"https:\/\/nk7-testes.com.br\/agazeta\/wp-content\/uploads\/2020\/08\/29-08-2020_PM-prende-suspeitos-de-arrombamento.jpg\",\"datePublished\":\"2020-08-29T18:50:46+00:00\",\"author\":{\"@id\":\"https:\/\/nk7-testes.com.br\/agazeta\/#\/schema\/person\/6d6e25cb0435eb4a02fd44d30b4e3020\"},\"breadcrumb\":{\"@id\":\"https:\/\/nk7-testes.com.br\/agazeta\/pm-prende-suspeitos-de-arrombar-comercios-no-centro-de-rio-branco\/#breadcrumb\"},\"inLanguage\":\"pt-BR\",\"potentialAction\":[{\"@type\":\"ReadAction\",\"target\":[\"https:\/\/nk7-testes.com.br\/agazeta\/pm-prende-suspeitos-de-arrombar-comercios-no-centro-de-rio-branco\/\"]}]},{\"@type\":\"ImageObject\",\"inLanguage\":\"pt-BR\",\"@id\":\"https:\/\/nk7-testes.com.br\/agazeta\/pm-prende-suspeitos-de-arrombar-comercios-no-centro-de-rio-branco\/#primaryimage\",\"url\":\"https:\/\/nk7-testes.com.br\/agazeta\/wp-content\/uploads\/2020\/08\/29-08-2020_PM-prende-suspeitos-de-arrombamento.jpg\",\"contentUrl\":\"https:\/\/nk7-testes.com.br\/agazeta\/wp-content\/uploads\/2020\/08\/29-08-2020_PM-prende-suspeitos-de-arrombamento.jpg\",\"width\":458,\"height\":340,\"caption\":\"29-08-2020 PM-prende-suspeitos-de-arrombamento\"},{\"@type\":\"BreadcrumbList\",\"@id\":\"https:\/\/nk7-testes.com.br\/agazeta\/pm-prende-suspeitos-de-arrombar-comercios-no-centro-de-rio-branco\/#breadcrumb\",\"itemListElement\":[{\"@type\":\"ListItem\",\"position\":1,\"name\":\"In\u00edcio\",\"item\":\"https:\/\/nk7-testes.com.br\/agazeta\/\"},{\"@type\":\"ListItem\",\"position\":2,\"name\":\"PM prende suspeitos de arrombar com\u00e9rcios no centro de Rio Branco\"}]},{\"@type\":\"WebSite\",\"@id\":\"https:\/\/nk7-testes.com.br\/agazeta\/#website\",\"url\":\"https:\/\/nk7-testes.com.br\/agazeta\/\",\"name\":\"Agazeta.net\",\"description\":\"Agazeta.net - Not\u00edcias de Rio Branco\/AC\",\"potentialAction\":[{\"@type\":\"SearchAction\",\"target\":{\"@type\":\"EntryPoint\",\"urlTemplate\":\"https:\/\/nk7-testes.com.br\/agazeta\/?s={search_term_string}\"},\"query-input\":{\"@type\":\"PropertyValueSpecification\",\"valueRequired\":true,\"valueName\":\"search_term_string\"}}],\"inLanguage\":\"pt-BR\"},{\"@type\":\"Person\",\"@id\":\"https:\/\/nk7-testes.com.br\/agazeta\/#\/schema\/person\/6d6e25cb0435eb4a02fd44d30b4e3020\",\"name\":\"Agazeta.Net\",\"url\":\"https:\/\/nk7-testes.com.br\/agazeta\/author\/agazeta\/\"}]}<\/script>\n<!-- \/ Yoast SEO plugin. -->","yoast_head_json":{"title":"PM prende suspeitos de arrombar com\u00e9rcios no centro de Rio Branco - Agazeta.net","robots":{"index":"index","follow":"follow","max-snippet":"max-snippet:-1","max-image-preview":"max-image-preview:large","max-video-preview":"max-video-preview:-1"},"canonical":"https:\/\/nk7-testes.com.br\/agazeta\/pm-prende-suspeitos-de-arrombar-comercios-no-centro-de-rio-branco\/","og_locale":"pt_BR","og_type":"article","og_title":"PM prende suspeitos de arrombar com\u00e9rcios no centro de Rio Branco - Agazeta.net","og_description":"Suspeitos estavam com material que seria usado para roubos","og_url":"https:\/\/nk7-testes.com.br\/agazeta\/pm-prende-suspeitos-de-arrombar-comercios-no-centro-de-rio-branco\/","og_site_name":"Agazeta.net","article_published_time":"2020-08-29T18:50:46+00:00","og_image":[{"width":458,"height":340,"url":"https:\/\/nk7-testes.com.br\/agazeta\/wp-content\/uploads\/2020\/08\/29-08-2020_PM-prende-suspeitos-de-arrombamento.jpg","type":"image\/jpeg"}],"author":"Agazeta.Net","twitter_card":"summary_large_image","twitter_misc":{"Escrito por":"Agazeta.Net","Est. tempo de leitura":"1 minuto"},"schema":{"@context":"https:\/\/schema.org","@graph":[{"@type":"WebPage","@id":"https:\/\/nk7-testes.com.br\/agazeta\/pm-prende-suspeitos-de-arrombar-comercios-no-centro-de-rio-branco\/","url":"https:\/\/nk7-testes.com.br\/agazeta\/pm-prende-suspeitos-de-arrombar-comercios-no-centro-de-rio-branco\/","name":"PM prende suspeitos de arrombar com\u00e9rcios no centro de Rio Branco - Agazeta.net","isPartOf":{"@id":"https:\/\/nk7-testes.com.br\/agazeta\/#website"},"primaryImageOfPage":{"@id":"https:\/\/nk7-testes.com.br\/agazeta\/pm-prende-suspeitos-de-arrombar-comercios-no-centro-de-rio-branco\/#primaryimage"},"image":{"@id":"https:\/\/nk7-testes.com.br\/agazeta\/pm-prende-suspeitos-de-arrombar-comercios-no-centro-de-rio-branco\/#primaryimage"},"thumbnailUrl":"https:\/\/nk7-testes.com.br\/agazeta\/wp-content\/uploads\/2020\/08\/29-08-2020_PM-prende-suspeitos-de-arrombamento.jpg","datePublished":"2020-08-29T18:50:46+00:00","author":{"@id":"https:\/\/nk7-testes.com.br\/agazeta\/#\/schema\/person\/6d6e25cb0435eb4a02fd44d30b4e3020"},"breadcrumb":{"@id":"https:\/\/nk7-testes.com.br\/agazeta\/pm-prende-suspeitos-de-arrombar-comercios-no-centro-de-rio-branco\/#breadcrumb"},"inLanguage":"pt-BR","potentialAction":[{"@type":"ReadAction","target":["https:\/\/nk7-testes.com.br\/agazeta\/pm-prende-suspeitos-de-arrombar-comercios-no-centro-de-rio-branco\/"]}]},{"@type":"ImageObject","inLanguage":"pt-BR","@id":"https:\/\/nk7-testes.com.br\/agazeta\/pm-prende-suspeitos-de-arrombar-comercios-no-centro-de-rio-branco\/#primaryimage","url":"https:\/\/nk7-testes.com.br\/agazeta\/wp-content\/uploads\/2020\/08\/29-08-2020_PM-prende-suspeitos-de-arrombamento.jpg","contentUrl":"https:\/\/nk7-testes.com.br\/agazeta\/wp-content\/uploads\/2020\/08\/29-08-2020_PM-prende-suspeitos-de-arrombamento.jpg","width":458,"height":340,"caption":"29-08-2020 PM-prende-suspeitos-de-arrombamento"},{"@type":"BreadcrumbList","@id":"https:\/\/nk7-testes.com.br\/agazeta\/pm-prende-suspeitos-de-arrombar-comercios-no-centro-de-rio-branco\/#breadcrumb","itemListElement":[{"@type":"ListItem","position":1,"name":"In\u00edcio","item":"https:\/\/nk7-testes.com.br\/agazeta\/"},{"@type":"ListItem","position":2,"name":"PM prende suspeitos de arrombar com\u00e9rcios no centro de Rio Branco"}]},{"@type":"WebSite","@id":"https:\/\/nk7-testes.com.br\/agazeta\/#website","url":"https:\/\/nk7-testes.com.br\/agazeta\/","name":"Agazeta.net","description":"Agazeta.net - Not\u00edcias de Rio Branco\/AC","potentialAction":[{"@type":"SearchAction","target":{"@type":"EntryPoint","urlTemplate":"https:\/\/nk7-testes.com.br\/agazeta\/?s={search_term_string}"},"query-input":{"@type":"PropertyValueSpecification","valueRequired":true,"valueName":"search_term_string"}}],"inLanguage":"pt-BR"},{"@type":"Person","@id":"https:\/\/nk7-testes.com.br\/agazeta\/#\/schema\/person\/6d6e25cb0435eb4a02fd44d30b4e3020","name":"Agazeta.Net","url":"https:\/\/nk7-testes.com.br\/agazeta\/author\/agazeta\/"}]}},"_links":{"self":[{"href":"https:\/\/nk7-testes.com.br\/agazeta\/wp-json\/wp\/v2\/posts\/49711","targetHints":{"allow":["GET"]}}],"collection":[{"href":"https:\/\/nk7-testes.com.br\/agazeta\/wp-json\/wp\/v2\/posts"}],"about":[{"href":"https:\/\/nk7-testes.com.br\/agazeta\/wp-json\/wp\/v2\/types\/post"}],"author":[{"embeddable":true,"href":"https:\/\/nk7-testes.com.br\/agazeta\/wp-json\/wp\/v2\/users\/4"}],"replies":[{"embeddable":true,"href":"https:\/\/nk7-testes.com.br\/agazeta\/wp-json\/wp\/v2\/comments?post=49711"}],"version-history":[{"count":0,"href":"https:\/\/nk7-testes.com.br\/agazeta\/wp-json\/wp\/v2\/posts\/49711\/revisions"}],"wp:featuredmedia":[{"embeddable":true,"href":"https:\/\/nk7-testes.com.br\/agazeta\/wp-json\/wp\/v2\/media\/49710"}],"wp:attachment":[{"href":"https:\/\/nk7-testes.com.br\/agazeta\/wp-json\/wp\/v2\/media?parent=49711"}],"wp:term":[{"taxonomy":"category","embeddable":true,"href":"https:\/\/nk7-testes.com.br\/agazeta\/wp-json\/wp\/v2\/categories?post=49711"},{"taxonomy":"post_tag","embeddable":true,"href":"https:\/\/nk7-testes.com.br\/agazeta\/wp-json\/wp\/v2\/tags?post=49711"}],"curies":[{"name":"wp","href":"https:\/\/api.w.org\/{rel}","templated":true}]}}