{"id":49580,"date":"2020-08-24T13:56:14","date_gmt":"2020-08-24T13:56:14","guid":{"rendered":"https:\/\/abarevegan.com.br\/index.php\/2020\/08\/24\/duas-pessoas-sao-presas-por-envolvimento-em-duplo-homicidio-em-feijo\/"},"modified":"2020-08-24T13:56:14","modified_gmt":"2020-08-24T13:56:14","slug":"duas-pessoas-sao-presas-por-envolvimento-em-duplo-homicidio-em-feijo","status":"publish","type":"post","link":"https:\/\/nk7-testes.com.br\/agazeta\/duas-pessoas-sao-presas-por-envolvimento-em-duplo-homicidio-em-feijo\/","title":{"rendered":"Pol\u00edcia prende duas pessoas suspeitas de duplo homic\u00eddio"},"content":{"rendered":"<p style=\"text-align: justify;\">Um terceiro suspeito foi identificado, mas segue foragido<\/p>\n<p style=\"text-align: justify;\">A Pol\u00edcia Civil de Feij\u00f3 vinha investigando um crime de sequestro e c\u00e1rcere privado ocorridos na manh\u00e3 do \u00faltimo dia (18), em que tr\u00eas suspeitos invadiram uma resid\u00eancia e, sequestraram dois irm\u00e3os, levando-os por uma \u00e1rea de mata fechada.<\/p>\n<p style=\"text-align: justify;\">A equipe de investigadores identificou os poss\u00edveis autores e tentou encontr\u00e1-los junto com as v\u00edtimas, e inicialmente n\u00e3o conseguiu.<\/p>\n<p style=\"text-align: justify;\">Com apoio da Pol\u00edcia Militar um menor de idade e um homem foram identificados como autores do crime, e em seguida foram presos.&nbsp;O terceiro suspeito tamb\u00e9m foi identificado, mas est\u00e1 foragido e segue sendo procurado pela pol\u00edcia.<\/p>\n<p style=\"text-align: justify;\">Os corpos das v\u00edtimas foram encontrados \u00e0s margens do Igarap\u00e9 Diabinho, apresentando diversas les\u00f5es por faca. Um dos adolescentes estava ainda uma orelha decepada e o outro com a cabe\u00e7a.<\/p>\n<p style=\"text-align: justify;\">Ambos os corpos foram identificados como sendo dos dois irm\u00e3os que estavam desaparecidos, e seguiram para per\u00edcia m\u00e9dica, para dar aos policiais mais detalhes do caso.<\/p>\n","protected":false},"excerpt":{"rendered":"<p style=\"text-align: justify;\">Um terceiro suspeito foi identificado, mas segue foragido<\/p>\n","protected":false},"author":4,"featured_media":49579,"comment_status":"open","ping_status":"open","sticky":false,"template":"","format":"standard","meta":{"jnews-multi-image_gallery":[],"jnews_single_post":[],"jnews_primary_category":[],"jnews_social_meta":[],"jnews_review":[],"enable_review":"","type":"","name":"","summary":"","brand":"","sku":"","good":[],"bad":[],"score_override":"","override_value":"","rating":[],"price":[],"footnotes":""},"categories":[44],"tags":[],"class_list":["post-49580","post","type-post","status-publish","format-standard","has-post-thumbnail","hentry","category-policia"],"yoast_head":"<!-- This site is optimized with the Yoast SEO plugin v26.5 - https:\/\/yoast.com\/wordpress\/plugins\/seo\/ -->\n<title>Pol\u00edcia prende duas pessoas suspeitas de duplo homic\u00eddio - Agazeta.net<\/title>\n<meta name=\"robots\" content=\"index, follow, max-snippet:-1, max-image-preview:large, max-video-preview:-1\" \/>\n<link rel=\"canonical\" href=\"https:\/\/nk7-testes.com.br\/agazeta\/duas-pessoas-sao-presas-por-envolvimento-em-duplo-homicidio-em-feijo\/\" \/>\n<meta property=\"og:locale\" content=\"pt_BR\" \/>\n<meta property=\"og:type\" content=\"article\" \/>\n<meta property=\"og:title\" content=\"Pol\u00edcia prende duas pessoas suspeitas de duplo homic\u00eddio - Agazeta.net\" \/>\n<meta property=\"og:description\" content=\"Um terceiro suspeito foi identificado, mas segue foragido\" \/>\n<meta property=\"og:url\" content=\"https:\/\/nk7-testes.com.br\/agazeta\/duas-pessoas-sao-presas-por-envolvimento-em-duplo-homicidio-em-feijo\/\" \/>\n<meta property=\"og:site_name\" content=\"Agazeta.net\" \/>\n<meta property=\"article:published_time\" content=\"2020-08-24T13:56:14+00:00\" \/>\n<meta property=\"og:image\" content=\"https:\/\/nk7-testes.com.br\/agazeta\/wp-content\/uploads\/2020\/08\/24-08-20-policia-civil-feijo-suspeitos-homicidio.jpeg\" \/>\n\t<meta property=\"og:image:width\" content=\"457\" \/>\n\t<meta property=\"og:image:height\" content=\"340\" \/>\n\t<meta property=\"og:image:type\" content=\"image\/jpeg\" \/>\n<meta name=\"author\" content=\"Agazeta.Net\" \/>\n<meta name=\"twitter:card\" content=\"summary_large_image\" \/>\n<meta name=\"twitter:label1\" content=\"Escrito por\" \/>\n\t<meta name=\"twitter:data1\" content=\"Agazeta.Net\" \/>\n\t<meta name=\"twitter:label2\" content=\"Est. tempo de leitura\" \/>\n\t<meta name=\"twitter:data2\" content=\"1 minuto\" \/>\n<script type=\"application\/ld+json\" class=\"yoast-schema-graph\">{\"@context\":\"https:\/\/schema.org\",\"@graph\":[{\"@type\":\"WebPage\",\"@id\":\"https:\/\/nk7-testes.com.br\/agazeta\/duas-pessoas-sao-presas-por-envolvimento-em-duplo-homicidio-em-feijo\/\",\"url\":\"https:\/\/nk7-testes.com.br\/agazeta\/duas-pessoas-sao-presas-por-envolvimento-em-duplo-homicidio-em-feijo\/\",\"name\":\"Pol\u00edcia prende duas pessoas suspeitas de duplo homic\u00eddio - Agazeta.net\",\"isPartOf\":{\"@id\":\"https:\/\/nk7-testes.com.br\/agazeta\/#website\"},\"primaryImageOfPage\":{\"@id\":\"https:\/\/nk7-testes.com.br\/agazeta\/duas-pessoas-sao-presas-por-envolvimento-em-duplo-homicidio-em-feijo\/#primaryimage\"},\"image\":{\"@id\":\"https:\/\/nk7-testes.com.br\/agazeta\/duas-pessoas-sao-presas-por-envolvimento-em-duplo-homicidio-em-feijo\/#primaryimage\"},\"thumbnailUrl\":\"https:\/\/nk7-testes.com.br\/agazeta\/wp-content\/uploads\/2020\/08\/24-08-20-policia-civil-feijo-suspeitos-homicidio.jpeg\",\"datePublished\":\"2020-08-24T13:56:14+00:00\",\"author\":{\"@id\":\"https:\/\/nk7-testes.com.br\/agazeta\/#\/schema\/person\/6d6e25cb0435eb4a02fd44d30b4e3020\"},\"breadcrumb\":{\"@id\":\"https:\/\/nk7-testes.com.br\/agazeta\/duas-pessoas-sao-presas-por-envolvimento-em-duplo-homicidio-em-feijo\/#breadcrumb\"},\"inLanguage\":\"pt-BR\",\"potentialAction\":[{\"@type\":\"ReadAction\",\"target\":[\"https:\/\/nk7-testes.com.br\/agazeta\/duas-pessoas-sao-presas-por-envolvimento-em-duplo-homicidio-em-feijo\/\"]}]},{\"@type\":\"ImageObject\",\"inLanguage\":\"pt-BR\",\"@id\":\"https:\/\/nk7-testes.com.br\/agazeta\/duas-pessoas-sao-presas-por-envolvimento-em-duplo-homicidio-em-feijo\/#primaryimage\",\"url\":\"https:\/\/nk7-testes.com.br\/agazeta\/wp-content\/uploads\/2020\/08\/24-08-20-policia-civil-feijo-suspeitos-homicidio.jpeg\",\"contentUrl\":\"https:\/\/nk7-testes.com.br\/agazeta\/wp-content\/uploads\/2020\/08\/24-08-20-policia-civil-feijo-suspeitos-homicidio.jpeg\",\"width\":457,\"height\":340,\"caption\":\"24-08-20-policia-civil-feijo-suspeitos-homicidio\"},{\"@type\":\"BreadcrumbList\",\"@id\":\"https:\/\/nk7-testes.com.br\/agazeta\/duas-pessoas-sao-presas-por-envolvimento-em-duplo-homicidio-em-feijo\/#breadcrumb\",\"itemListElement\":[{\"@type\":\"ListItem\",\"position\":1,\"name\":\"In\u00edcio\",\"item\":\"https:\/\/nk7-testes.com.br\/agazeta\/\"},{\"@type\":\"ListItem\",\"position\":2,\"name\":\"Pol\u00edcia prende duas pessoas suspeitas de duplo homic\u00eddio\"}]},{\"@type\":\"WebSite\",\"@id\":\"https:\/\/nk7-testes.com.br\/agazeta\/#website\",\"url\":\"https:\/\/nk7-testes.com.br\/agazeta\/\",\"name\":\"Agazeta.net\",\"description\":\"Agazeta.net - Not\u00edcias de Rio Branco\/AC\",\"potentialAction\":[{\"@type\":\"SearchAction\",\"target\":{\"@type\":\"EntryPoint\",\"urlTemplate\":\"https:\/\/nk7-testes.com.br\/agazeta\/?s={search_term_string}\"},\"query-input\":{\"@type\":\"PropertyValueSpecification\",\"valueRequired\":true,\"valueName\":\"search_term_string\"}}],\"inLanguage\":\"pt-BR\"},{\"@type\":\"Person\",\"@id\":\"https:\/\/nk7-testes.com.br\/agazeta\/#\/schema\/person\/6d6e25cb0435eb4a02fd44d30b4e3020\",\"name\":\"Agazeta.Net\",\"url\":\"https:\/\/nk7-testes.com.br\/agazeta\/author\/agazeta\/\"}]}<\/script>\n<!-- \/ Yoast SEO plugin. -->","yoast_head_json":{"title":"Pol\u00edcia prende duas pessoas suspeitas de duplo homic\u00eddio - Agazeta.net","robots":{"index":"index","follow":"follow","max-snippet":"max-snippet:-1","max-image-preview":"max-image-preview:large","max-video-preview":"max-video-preview:-1"},"canonical":"https:\/\/nk7-testes.com.br\/agazeta\/duas-pessoas-sao-presas-por-envolvimento-em-duplo-homicidio-em-feijo\/","og_locale":"pt_BR","og_type":"article","og_title":"Pol\u00edcia prende duas pessoas suspeitas de duplo homic\u00eddio - Agazeta.net","og_description":"Um terceiro suspeito foi identificado, mas segue foragido","og_url":"https:\/\/nk7-testes.com.br\/agazeta\/duas-pessoas-sao-presas-por-envolvimento-em-duplo-homicidio-em-feijo\/","og_site_name":"Agazeta.net","article_published_time":"2020-08-24T13:56:14+00:00","og_image":[{"width":457,"height":340,"url":"https:\/\/nk7-testes.com.br\/agazeta\/wp-content\/uploads\/2020\/08\/24-08-20-policia-civil-feijo-suspeitos-homicidio.jpeg","type":"image\/jpeg"}],"author":"Agazeta.Net","twitter_card":"summary_large_image","twitter_misc":{"Escrito por":"Agazeta.Net","Est. tempo de leitura":"1 minuto"},"schema":{"@context":"https:\/\/schema.org","@graph":[{"@type":"WebPage","@id":"https:\/\/nk7-testes.com.br\/agazeta\/duas-pessoas-sao-presas-por-envolvimento-em-duplo-homicidio-em-feijo\/","url":"https:\/\/nk7-testes.com.br\/agazeta\/duas-pessoas-sao-presas-por-envolvimento-em-duplo-homicidio-em-feijo\/","name":"Pol\u00edcia prende duas pessoas suspeitas de duplo homic\u00eddio - Agazeta.net","isPartOf":{"@id":"https:\/\/nk7-testes.com.br\/agazeta\/#website"},"primaryImageOfPage":{"@id":"https:\/\/nk7-testes.com.br\/agazeta\/duas-pessoas-sao-presas-por-envolvimento-em-duplo-homicidio-em-feijo\/#primaryimage"},"image":{"@id":"https:\/\/nk7-testes.com.br\/agazeta\/duas-pessoas-sao-presas-por-envolvimento-em-duplo-homicidio-em-feijo\/#primaryimage"},"thumbnailUrl":"https:\/\/nk7-testes.com.br\/agazeta\/wp-content\/uploads\/2020\/08\/24-08-20-policia-civil-feijo-suspeitos-homicidio.jpeg","datePublished":"2020-08-24T13:56:14+00:00","author":{"@id":"https:\/\/nk7-testes.com.br\/agazeta\/#\/schema\/person\/6d6e25cb0435eb4a02fd44d30b4e3020"},"breadcrumb":{"@id":"https:\/\/nk7-testes.com.br\/agazeta\/duas-pessoas-sao-presas-por-envolvimento-em-duplo-homicidio-em-feijo\/#breadcrumb"},"inLanguage":"pt-BR","potentialAction":[{"@type":"ReadAction","target":["https:\/\/nk7-testes.com.br\/agazeta\/duas-pessoas-sao-presas-por-envolvimento-em-duplo-homicidio-em-feijo\/"]}]},{"@type":"ImageObject","inLanguage":"pt-BR","@id":"https:\/\/nk7-testes.com.br\/agazeta\/duas-pessoas-sao-presas-por-envolvimento-em-duplo-homicidio-em-feijo\/#primaryimage","url":"https:\/\/nk7-testes.com.br\/agazeta\/wp-content\/uploads\/2020\/08\/24-08-20-policia-civil-feijo-suspeitos-homicidio.jpeg","contentUrl":"https:\/\/nk7-testes.com.br\/agazeta\/wp-content\/uploads\/2020\/08\/24-08-20-policia-civil-feijo-suspeitos-homicidio.jpeg","width":457,"height":340,"caption":"24-08-20-policia-civil-feijo-suspeitos-homicidio"},{"@type":"BreadcrumbList","@id":"https:\/\/nk7-testes.com.br\/agazeta\/duas-pessoas-sao-presas-por-envolvimento-em-duplo-homicidio-em-feijo\/#breadcrumb","itemListElement":[{"@type":"ListItem","position":1,"name":"In\u00edcio","item":"https:\/\/nk7-testes.com.br\/agazeta\/"},{"@type":"ListItem","position":2,"name":"Pol\u00edcia prende duas pessoas suspeitas de duplo homic\u00eddio"}]},{"@type":"WebSite","@id":"https:\/\/nk7-testes.com.br\/agazeta\/#website","url":"https:\/\/nk7-testes.com.br\/agazeta\/","name":"Agazeta.net","description":"Agazeta.net - Not\u00edcias de Rio Branco\/AC","potentialAction":[{"@type":"SearchAction","target":{"@type":"EntryPoint","urlTemplate":"https:\/\/nk7-testes.com.br\/agazeta\/?s={search_term_string}"},"query-input":{"@type":"PropertyValueSpecification","valueRequired":true,"valueName":"search_term_string"}}],"inLanguage":"pt-BR"},{"@type":"Person","@id":"https:\/\/nk7-testes.com.br\/agazeta\/#\/schema\/person\/6d6e25cb0435eb4a02fd44d30b4e3020","name":"Agazeta.Net","url":"https:\/\/nk7-testes.com.br\/agazeta\/author\/agazeta\/"}]}},"_links":{"self":[{"href":"https:\/\/nk7-testes.com.br\/agazeta\/wp-json\/wp\/v2\/posts\/49580","targetHints":{"allow":["GET"]}}],"collection":[{"href":"https:\/\/nk7-testes.com.br\/agazeta\/wp-json\/wp\/v2\/posts"}],"about":[{"href":"https:\/\/nk7-testes.com.br\/agazeta\/wp-json\/wp\/v2\/types\/post"}],"author":[{"embeddable":true,"href":"https:\/\/nk7-testes.com.br\/agazeta\/wp-json\/wp\/v2\/users\/4"}],"replies":[{"embeddable":true,"href":"https:\/\/nk7-testes.com.br\/agazeta\/wp-json\/wp\/v2\/comments?post=49580"}],"version-history":[{"count":0,"href":"https:\/\/nk7-testes.com.br\/agazeta\/wp-json\/wp\/v2\/posts\/49580\/revisions"}],"wp:featuredmedia":[{"embeddable":true,"href":"https:\/\/nk7-testes.com.br\/agazeta\/wp-json\/wp\/v2\/media\/49579"}],"wp:attachment":[{"href":"https:\/\/nk7-testes.com.br\/agazeta\/wp-json\/wp\/v2\/media?parent=49580"}],"wp:term":[{"taxonomy":"category","embeddable":true,"href":"https:\/\/nk7-testes.com.br\/agazeta\/wp-json\/wp\/v2\/categories?post=49580"},{"taxonomy":"post_tag","embeddable":true,"href":"https:\/\/nk7-testes.com.br\/agazeta\/wp-json\/wp\/v2\/tags?post=49580"}],"curies":[{"name":"wp","href":"https:\/\/api.w.org\/{rel}","templated":true}]}}