{"id":49564,"date":"2020-08-23T04:15:47","date_gmt":"2020-08-23T04:15:47","guid":{"rendered":"https:\/\/abarevegan.com.br\/index.php\/2020\/08\/23\/policia-militar-prende-dupla-com-drogas-no-bairro-vila-acre\/"},"modified":"2020-08-23T04:15:47","modified_gmt":"2020-08-23T04:15:47","slug":"policia-militar-prende-dupla-com-drogas-no-bairro-vila-acre","status":"publish","type":"post","link":"https:\/\/nk7-testes.com.br\/agazeta\/policia-militar-prende-dupla-com-drogas-no-bairro-vila-acre\/","title":{"rendered":"Pol\u00edcia Militar prende dupla com drogas no bairro Vila Acre"},"content":{"rendered":"<p style=\"text-align: justify;\">Um dos presos estava com um mandado de pris\u00e3o em aberto<\/p>\n<p style=\"text-align: justify;\">Policiais militares do 2\u00b0 BPM prenderam na noite de sexta-feira, 21, dois homens e apreenderam uma vasta quantidade de drogas no bairro Vila Acre.<\/p>\n<p style=\"text-align: justify;\">Os militares realizavam patrulhamento no bairro quando avistaram um grupo de pessoas em atitude suspeita. Ao se aproximarem, os militares perceberam que um homem saiu correndo tentando se desfazer de um objeto.<\/p>\n<p style=\"text-align: justify;\">Durante abordagem a um dos suspeitos, a pol\u00edcia percebeu que ele constava como foragido do sistema prisional. Com ele foram encontrados 14 barrinhas de maconha e 38 de coca\u00edna.<\/p>\n<p style=\"text-align: justify;\">O suspeito assumiu aos militares ter mais produtos enterrados nos fundos da resid\u00eancia, e ao fazer as buscas no quintal, foram encontrados um tijolo de maconha pesando 285g e dois pacotes com coca\u00edna ambos pesando 132g cada.<\/p>\n<p style=\"text-align: justify;\">O propriet\u00e1rio da resid\u00eancia e o foragido da justi\u00e7a foram presos por tr\u00e1fico de drogas e encaminhados \u00e0 Delegacia Central de Flagrantes (Defla).<\/p>\n","protected":false},"excerpt":{"rendered":"<p style=\"text-align: justify;\">Um dos presos estava com um mandado de pris\u00e3o em aberto<\/p>\n","protected":false},"author":4,"featured_media":49563,"comment_status":"open","ping_status":"open","sticky":false,"template":"","format":"standard","meta":{"jnews-multi-image_gallery":[],"jnews_single_post":[],"jnews_primary_category":[],"jnews_social_meta":[],"jnews_review":[],"enable_review":"","type":"","name":"","summary":"","brand":"","sku":"","good":[],"bad":[],"score_override":"","override_value":"","rating":[],"price":[],"footnotes":""},"categories":[44],"tags":[],"class_list":["post-49564","post","type-post","status-publish","format-standard","has-post-thumbnail","hentry","category-policia"],"yoast_head":"<!-- This site is optimized with the Yoast SEO plugin v26.5 - https:\/\/yoast.com\/wordpress\/plugins\/seo\/ -->\n<title>Pol\u00edcia Militar prende dupla com drogas no bairro Vila Acre - Agazeta.net<\/title>\n<meta name=\"robots\" content=\"index, follow, max-snippet:-1, max-image-preview:large, max-video-preview:-1\" \/>\n<link rel=\"canonical\" href=\"https:\/\/nk7-testes.com.br\/agazeta\/policia-militar-prende-dupla-com-drogas-no-bairro-vila-acre\/\" \/>\n<meta property=\"og:locale\" content=\"pt_BR\" \/>\n<meta property=\"og:type\" content=\"article\" \/>\n<meta property=\"og:title\" content=\"Pol\u00edcia Militar prende dupla com drogas no bairro Vila Acre - Agazeta.net\" \/>\n<meta property=\"og:description\" content=\"Um dos presos estava com um mandado de pris\u00e3o em aberto\" \/>\n<meta property=\"og:url\" content=\"https:\/\/nk7-testes.com.br\/agazeta\/policia-militar-prende-dupla-com-drogas-no-bairro-vila-acre\/\" \/>\n<meta property=\"og:site_name\" content=\"Agazeta.net\" \/>\n<meta property=\"article:published_time\" content=\"2020-08-23T04:15:47+00:00\" \/>\n<meta property=\"og:image\" content=\"https:\/\/nk7-testes.com.br\/agazeta\/wp-content\/uploads\/2020\/08\/22-08-20-presos-drogas-vila-acre.jpeg\" \/>\n\t<meta property=\"og:image:width\" content=\"458\" \/>\n\t<meta property=\"og:image:height\" content=\"340\" \/>\n\t<meta property=\"og:image:type\" content=\"image\/jpeg\" \/>\n<meta name=\"author\" content=\"Agazeta.Net\" \/>\n<meta name=\"twitter:card\" content=\"summary_large_image\" \/>\n<meta name=\"twitter:label1\" content=\"Escrito por\" \/>\n\t<meta name=\"twitter:data1\" content=\"Agazeta.Net\" \/>\n\t<meta name=\"twitter:label2\" content=\"Est. tempo de leitura\" \/>\n\t<meta name=\"twitter:data2\" content=\"1 minuto\" \/>\n<script type=\"application\/ld+json\" class=\"yoast-schema-graph\">{\"@context\":\"https:\/\/schema.org\",\"@graph\":[{\"@type\":\"WebPage\",\"@id\":\"https:\/\/nk7-testes.com.br\/agazeta\/policia-militar-prende-dupla-com-drogas-no-bairro-vila-acre\/\",\"url\":\"https:\/\/nk7-testes.com.br\/agazeta\/policia-militar-prende-dupla-com-drogas-no-bairro-vila-acre\/\",\"name\":\"Pol\u00edcia Militar prende dupla com drogas no bairro Vila Acre - Agazeta.net\",\"isPartOf\":{\"@id\":\"https:\/\/nk7-testes.com.br\/agazeta\/#website\"},\"primaryImageOfPage\":{\"@id\":\"https:\/\/nk7-testes.com.br\/agazeta\/policia-militar-prende-dupla-com-drogas-no-bairro-vila-acre\/#primaryimage\"},\"image\":{\"@id\":\"https:\/\/nk7-testes.com.br\/agazeta\/policia-militar-prende-dupla-com-drogas-no-bairro-vila-acre\/#primaryimage\"},\"thumbnailUrl\":\"https:\/\/nk7-testes.com.br\/agazeta\/wp-content\/uploads\/2020\/08\/22-08-20-presos-drogas-vila-acre.jpeg\",\"datePublished\":\"2020-08-23T04:15:47+00:00\",\"author\":{\"@id\":\"https:\/\/nk7-testes.com.br\/agazeta\/#\/schema\/person\/6d6e25cb0435eb4a02fd44d30b4e3020\"},\"breadcrumb\":{\"@id\":\"https:\/\/nk7-testes.com.br\/agazeta\/policia-militar-prende-dupla-com-drogas-no-bairro-vila-acre\/#breadcrumb\"},\"inLanguage\":\"pt-BR\",\"potentialAction\":[{\"@type\":\"ReadAction\",\"target\":[\"https:\/\/nk7-testes.com.br\/agazeta\/policia-militar-prende-dupla-com-drogas-no-bairro-vila-acre\/\"]}]},{\"@type\":\"ImageObject\",\"inLanguage\":\"pt-BR\",\"@id\":\"https:\/\/nk7-testes.com.br\/agazeta\/policia-militar-prende-dupla-com-drogas-no-bairro-vila-acre\/#primaryimage\",\"url\":\"https:\/\/nk7-testes.com.br\/agazeta\/wp-content\/uploads\/2020\/08\/22-08-20-presos-drogas-vila-acre.jpeg\",\"contentUrl\":\"https:\/\/nk7-testes.com.br\/agazeta\/wp-content\/uploads\/2020\/08\/22-08-20-presos-drogas-vila-acre.jpeg\",\"width\":458,\"height\":340,\"caption\":\"22-08-20-presos-drogas-vila-acre\"},{\"@type\":\"BreadcrumbList\",\"@id\":\"https:\/\/nk7-testes.com.br\/agazeta\/policia-militar-prende-dupla-com-drogas-no-bairro-vila-acre\/#breadcrumb\",\"itemListElement\":[{\"@type\":\"ListItem\",\"position\":1,\"name\":\"In\u00edcio\",\"item\":\"https:\/\/nk7-testes.com.br\/agazeta\/\"},{\"@type\":\"ListItem\",\"position\":2,\"name\":\"Pol\u00edcia Militar prende dupla com drogas no bairro Vila Acre\"}]},{\"@type\":\"WebSite\",\"@id\":\"https:\/\/nk7-testes.com.br\/agazeta\/#website\",\"url\":\"https:\/\/nk7-testes.com.br\/agazeta\/\",\"name\":\"Agazeta.net\",\"description\":\"Agazeta.net - Not\u00edcias de Rio Branco\/AC\",\"potentialAction\":[{\"@type\":\"SearchAction\",\"target\":{\"@type\":\"EntryPoint\",\"urlTemplate\":\"https:\/\/nk7-testes.com.br\/agazeta\/?s={search_term_string}\"},\"query-input\":{\"@type\":\"PropertyValueSpecification\",\"valueRequired\":true,\"valueName\":\"search_term_string\"}}],\"inLanguage\":\"pt-BR\"},{\"@type\":\"Person\",\"@id\":\"https:\/\/nk7-testes.com.br\/agazeta\/#\/schema\/person\/6d6e25cb0435eb4a02fd44d30b4e3020\",\"name\":\"Agazeta.Net\",\"url\":\"https:\/\/nk7-testes.com.br\/agazeta\/author\/agazeta\/\"}]}<\/script>\n<!-- \/ Yoast SEO plugin. -->","yoast_head_json":{"title":"Pol\u00edcia Militar prende dupla com drogas no bairro Vila Acre - Agazeta.net","robots":{"index":"index","follow":"follow","max-snippet":"max-snippet:-1","max-image-preview":"max-image-preview:large","max-video-preview":"max-video-preview:-1"},"canonical":"https:\/\/nk7-testes.com.br\/agazeta\/policia-militar-prende-dupla-com-drogas-no-bairro-vila-acre\/","og_locale":"pt_BR","og_type":"article","og_title":"Pol\u00edcia Militar prende dupla com drogas no bairro Vila Acre - Agazeta.net","og_description":"Um dos presos estava com um mandado de pris\u00e3o em aberto","og_url":"https:\/\/nk7-testes.com.br\/agazeta\/policia-militar-prende-dupla-com-drogas-no-bairro-vila-acre\/","og_site_name":"Agazeta.net","article_published_time":"2020-08-23T04:15:47+00:00","og_image":[{"width":458,"height":340,"url":"https:\/\/nk7-testes.com.br\/agazeta\/wp-content\/uploads\/2020\/08\/22-08-20-presos-drogas-vila-acre.jpeg","type":"image\/jpeg"}],"author":"Agazeta.Net","twitter_card":"summary_large_image","twitter_misc":{"Escrito por":"Agazeta.Net","Est. tempo de leitura":"1 minuto"},"schema":{"@context":"https:\/\/schema.org","@graph":[{"@type":"WebPage","@id":"https:\/\/nk7-testes.com.br\/agazeta\/policia-militar-prende-dupla-com-drogas-no-bairro-vila-acre\/","url":"https:\/\/nk7-testes.com.br\/agazeta\/policia-militar-prende-dupla-com-drogas-no-bairro-vila-acre\/","name":"Pol\u00edcia Militar prende dupla com drogas no bairro Vila Acre - Agazeta.net","isPartOf":{"@id":"https:\/\/nk7-testes.com.br\/agazeta\/#website"},"primaryImageOfPage":{"@id":"https:\/\/nk7-testes.com.br\/agazeta\/policia-militar-prende-dupla-com-drogas-no-bairro-vila-acre\/#primaryimage"},"image":{"@id":"https:\/\/nk7-testes.com.br\/agazeta\/policia-militar-prende-dupla-com-drogas-no-bairro-vila-acre\/#primaryimage"},"thumbnailUrl":"https:\/\/nk7-testes.com.br\/agazeta\/wp-content\/uploads\/2020\/08\/22-08-20-presos-drogas-vila-acre.jpeg","datePublished":"2020-08-23T04:15:47+00:00","author":{"@id":"https:\/\/nk7-testes.com.br\/agazeta\/#\/schema\/person\/6d6e25cb0435eb4a02fd44d30b4e3020"},"breadcrumb":{"@id":"https:\/\/nk7-testes.com.br\/agazeta\/policia-militar-prende-dupla-com-drogas-no-bairro-vila-acre\/#breadcrumb"},"inLanguage":"pt-BR","potentialAction":[{"@type":"ReadAction","target":["https:\/\/nk7-testes.com.br\/agazeta\/policia-militar-prende-dupla-com-drogas-no-bairro-vila-acre\/"]}]},{"@type":"ImageObject","inLanguage":"pt-BR","@id":"https:\/\/nk7-testes.com.br\/agazeta\/policia-militar-prende-dupla-com-drogas-no-bairro-vila-acre\/#primaryimage","url":"https:\/\/nk7-testes.com.br\/agazeta\/wp-content\/uploads\/2020\/08\/22-08-20-presos-drogas-vila-acre.jpeg","contentUrl":"https:\/\/nk7-testes.com.br\/agazeta\/wp-content\/uploads\/2020\/08\/22-08-20-presos-drogas-vila-acre.jpeg","width":458,"height":340,"caption":"22-08-20-presos-drogas-vila-acre"},{"@type":"BreadcrumbList","@id":"https:\/\/nk7-testes.com.br\/agazeta\/policia-militar-prende-dupla-com-drogas-no-bairro-vila-acre\/#breadcrumb","itemListElement":[{"@type":"ListItem","position":1,"name":"In\u00edcio","item":"https:\/\/nk7-testes.com.br\/agazeta\/"},{"@type":"ListItem","position":2,"name":"Pol\u00edcia Militar prende dupla com drogas no bairro Vila Acre"}]},{"@type":"WebSite","@id":"https:\/\/nk7-testes.com.br\/agazeta\/#website","url":"https:\/\/nk7-testes.com.br\/agazeta\/","name":"Agazeta.net","description":"Agazeta.net - Not\u00edcias de Rio Branco\/AC","potentialAction":[{"@type":"SearchAction","target":{"@type":"EntryPoint","urlTemplate":"https:\/\/nk7-testes.com.br\/agazeta\/?s={search_term_string}"},"query-input":{"@type":"PropertyValueSpecification","valueRequired":true,"valueName":"search_term_string"}}],"inLanguage":"pt-BR"},{"@type":"Person","@id":"https:\/\/nk7-testes.com.br\/agazeta\/#\/schema\/person\/6d6e25cb0435eb4a02fd44d30b4e3020","name":"Agazeta.Net","url":"https:\/\/nk7-testes.com.br\/agazeta\/author\/agazeta\/"}]}},"_links":{"self":[{"href":"https:\/\/nk7-testes.com.br\/agazeta\/wp-json\/wp\/v2\/posts\/49564","targetHints":{"allow":["GET"]}}],"collection":[{"href":"https:\/\/nk7-testes.com.br\/agazeta\/wp-json\/wp\/v2\/posts"}],"about":[{"href":"https:\/\/nk7-testes.com.br\/agazeta\/wp-json\/wp\/v2\/types\/post"}],"author":[{"embeddable":true,"href":"https:\/\/nk7-testes.com.br\/agazeta\/wp-json\/wp\/v2\/users\/4"}],"replies":[{"embeddable":true,"href":"https:\/\/nk7-testes.com.br\/agazeta\/wp-json\/wp\/v2\/comments?post=49564"}],"version-history":[{"count":0,"href":"https:\/\/nk7-testes.com.br\/agazeta\/wp-json\/wp\/v2\/posts\/49564\/revisions"}],"wp:featuredmedia":[{"embeddable":true,"href":"https:\/\/nk7-testes.com.br\/agazeta\/wp-json\/wp\/v2\/media\/49563"}],"wp:attachment":[{"href":"https:\/\/nk7-testes.com.br\/agazeta\/wp-json\/wp\/v2\/media?parent=49564"}],"wp:term":[{"taxonomy":"category","embeddable":true,"href":"https:\/\/nk7-testes.com.br\/agazeta\/wp-json\/wp\/v2\/categories?post=49564"},{"taxonomy":"post_tag","embeddable":true,"href":"https:\/\/nk7-testes.com.br\/agazeta\/wp-json\/wp\/v2\/tags?post=49564"}],"curies":[{"name":"wp","href":"https:\/\/api.w.org\/{rel}","templated":true}]}}