{"id":49415,"date":"2020-08-14T21:49:00","date_gmt":"2020-08-14T21:49:00","guid":{"rendered":"https:\/\/abarevegan.com.br\/index.php\/2020\/08\/14\/aprovados-na-policia-civil-pressionam-governo-por-nomeacao\/"},"modified":"2020-08-14T21:49:00","modified_gmt":"2020-08-14T21:49:00","slug":"aprovados-na-policia-civil-pressionam-governo-por-nomeacao","status":"publish","type":"post","link":"https:\/\/nk7-testes.com.br\/agazeta\/aprovados-na-policia-civil-pressionam-governo-por-nomeacao\/","title":{"rendered":"Aprovados na Pol\u00edcia Civil pressionam governo por nomea\u00e7\u00e3o"},"content":{"rendered":"<p style=\"text-align: justify;\">Das 269 pessoas aptas, s\u00f3 67 foram convocadas pelo estado<\/p>\n<p style=\"text-align: justify;\">Aprovados no concurso de 2017 da Pol\u00edcia Civil do Acre se reuniram na tarde desta sexta-feira (14), na frente da dire\u00e7\u00e3o Geral da Pol\u00edcia Civil para falar com diretor geral, Josemar Portes, sobre as convoca\u00e7\u00f5es.<\/p>\n<p style=\"text-align: justify;\">Quatro representantes entraram para uma reuni\u00e3o para cobrar as nomea\u00e7\u00f5es dos aprovados no concurso p\u00fablico. Foram 269 pessoas aprovadas que j\u00e1 fizeram o curso de forma\u00e7\u00e3o, em novembro de 2019 e ainda est\u00e3o aguardando a convoca\u00e7\u00e3o.<\/p>\n<p style=\"text-align: justify;\">At\u00e9 hoje, somente 67 pessoas foram nomeadas, e dessas, cinco foram convocadas nesta sexta-feira. Ou seja, ainda restam 202 aprovados aguardando uma resposta.<\/p>\n<p style=\"text-align: justify;\">Alguns aprovados alegam que largaram seus empregos para se dedicar aos estudos e prepara\u00e7\u00e3o do concurso p\u00fablico, e nesse per\u00edodo de pandemia do novo coronav\u00edrus est\u00e3o precisando ainda mais do emprego.<\/p>\n<p style=\"text-align: justify;\">Entre os cargos que aguardam a convoca\u00e7\u00e3o do Governo do Estado do Acre est\u00e3o agentes de pol\u00edcia, auxiliar de necropsia, delegados e escriv\u00e3es.<\/p>\n","protected":false},"excerpt":{"rendered":"<p style=\"text-align: justify;\">Das 269 pessoas aptas, s\u00f3 67 foram convocadas pelo estado<\/p>\n","protected":false},"author":4,"featured_media":49414,"comment_status":"open","ping_status":"open","sticky":false,"template":"","format":"standard","meta":{"jnews-multi-image_gallery":[],"jnews_single_post":[],"jnews_primary_category":[],"jnews_social_meta":[],"jnews_review":[],"enable_review":"","type":"","name":"","summary":"","brand":"","sku":"","good":[],"bad":[],"score_override":"","override_value":"","rating":[],"price":[],"footnotes":""},"categories":[44],"tags":[],"class_list":["post-49415","post","type-post","status-publish","format-standard","has-post-thumbnail","hentry","category-policia"],"yoast_head":"<!-- This site is optimized with the Yoast SEO plugin v26.5 - https:\/\/yoast.com\/wordpress\/plugins\/seo\/ -->\n<title>Aprovados na Pol\u00edcia Civil pressionam governo por nomea\u00e7\u00e3o - Agazeta.net<\/title>\n<meta name=\"robots\" content=\"index, follow, max-snippet:-1, max-image-preview:large, max-video-preview:-1\" \/>\n<link rel=\"canonical\" href=\"https:\/\/nk7-testes.com.br\/agazeta\/aprovados-na-policia-civil-pressionam-governo-por-nomeacao\/\" \/>\n<meta property=\"og:locale\" content=\"pt_BR\" \/>\n<meta property=\"og:type\" content=\"article\" \/>\n<meta property=\"og:title\" content=\"Aprovados na Pol\u00edcia Civil pressionam governo por nomea\u00e7\u00e3o - Agazeta.net\" \/>\n<meta property=\"og:description\" content=\"Das 269 pessoas aptas, s\u00f3 67 foram convocadas pelo estado\" \/>\n<meta property=\"og:url\" content=\"https:\/\/nk7-testes.com.br\/agazeta\/aprovados-na-policia-civil-pressionam-governo-por-nomeacao\/\" \/>\n<meta property=\"og:site_name\" content=\"Agazeta.net\" \/>\n<meta property=\"article:published_time\" content=\"2020-08-14T21:49:00+00:00\" \/>\n<meta property=\"og:image\" content=\"https:\/\/nk7-testes.com.br\/agazeta\/wp-content\/uploads\/2020\/08\/14-08-20-policia-civil-aprovados-nao-convocados.jpeg\" \/>\n\t<meta property=\"og:image:width\" content=\"458\" \/>\n\t<meta property=\"og:image:height\" content=\"340\" \/>\n\t<meta property=\"og:image:type\" content=\"image\/jpeg\" \/>\n<meta name=\"author\" content=\"Agazeta.Net\" \/>\n<meta name=\"twitter:card\" content=\"summary_large_image\" \/>\n<meta name=\"twitter:label1\" content=\"Escrito por\" \/>\n\t<meta name=\"twitter:data1\" content=\"Agazeta.Net\" \/>\n\t<meta name=\"twitter:label2\" content=\"Est. tempo de leitura\" \/>\n\t<meta name=\"twitter:data2\" content=\"1 minuto\" \/>\n<script type=\"application\/ld+json\" class=\"yoast-schema-graph\">{\"@context\":\"https:\/\/schema.org\",\"@graph\":[{\"@type\":\"WebPage\",\"@id\":\"https:\/\/nk7-testes.com.br\/agazeta\/aprovados-na-policia-civil-pressionam-governo-por-nomeacao\/\",\"url\":\"https:\/\/nk7-testes.com.br\/agazeta\/aprovados-na-policia-civil-pressionam-governo-por-nomeacao\/\",\"name\":\"Aprovados na Pol\u00edcia Civil pressionam governo por nomea\u00e7\u00e3o - Agazeta.net\",\"isPartOf\":{\"@id\":\"https:\/\/nk7-testes.com.br\/agazeta\/#website\"},\"primaryImageOfPage\":{\"@id\":\"https:\/\/nk7-testes.com.br\/agazeta\/aprovados-na-policia-civil-pressionam-governo-por-nomeacao\/#primaryimage\"},\"image\":{\"@id\":\"https:\/\/nk7-testes.com.br\/agazeta\/aprovados-na-policia-civil-pressionam-governo-por-nomeacao\/#primaryimage\"},\"thumbnailUrl\":\"https:\/\/nk7-testes.com.br\/agazeta\/wp-content\/uploads\/2020\/08\/14-08-20-policia-civil-aprovados-nao-convocados.jpeg\",\"datePublished\":\"2020-08-14T21:49:00+00:00\",\"author\":{\"@id\":\"https:\/\/nk7-testes.com.br\/agazeta\/#\/schema\/person\/ff6b39d54d6973bfc57f4140f659b23f\"},\"breadcrumb\":{\"@id\":\"https:\/\/nk7-testes.com.br\/agazeta\/aprovados-na-policia-civil-pressionam-governo-por-nomeacao\/#breadcrumb\"},\"inLanguage\":\"pt-BR\",\"potentialAction\":[{\"@type\":\"ReadAction\",\"target\":[\"https:\/\/nk7-testes.com.br\/agazeta\/aprovados-na-policia-civil-pressionam-governo-por-nomeacao\/\"]}]},{\"@type\":\"ImageObject\",\"inLanguage\":\"pt-BR\",\"@id\":\"https:\/\/nk7-testes.com.br\/agazeta\/aprovados-na-policia-civil-pressionam-governo-por-nomeacao\/#primaryimage\",\"url\":\"https:\/\/nk7-testes.com.br\/agazeta\/wp-content\/uploads\/2020\/08\/14-08-20-policia-civil-aprovados-nao-convocados.jpeg\",\"contentUrl\":\"https:\/\/nk7-testes.com.br\/agazeta\/wp-content\/uploads\/2020\/08\/14-08-20-policia-civil-aprovados-nao-convocados.jpeg\",\"width\":458,\"height\":340,\"caption\":\"14-08-20-policia-civil-aprovados-nao-convocados\"},{\"@type\":\"BreadcrumbList\",\"@id\":\"https:\/\/nk7-testes.com.br\/agazeta\/aprovados-na-policia-civil-pressionam-governo-por-nomeacao\/#breadcrumb\",\"itemListElement\":[{\"@type\":\"ListItem\",\"position\":1,\"name\":\"In\u00edcio\",\"item\":\"https:\/\/nk7-testes.com.br\/agazeta\/\"},{\"@type\":\"ListItem\",\"position\":2,\"name\":\"Aprovados na Pol\u00edcia Civil pressionam governo por nomea\u00e7\u00e3o\"}]},{\"@type\":\"WebSite\",\"@id\":\"https:\/\/nk7-testes.com.br\/agazeta\/#website\",\"url\":\"https:\/\/nk7-testes.com.br\/agazeta\/\",\"name\":\"Agazeta.net\",\"description\":\"Agazeta.net - Not\u00edcias de Rio Branco\/AC\",\"potentialAction\":[{\"@type\":\"SearchAction\",\"target\":{\"@type\":\"EntryPoint\",\"urlTemplate\":\"https:\/\/nk7-testes.com.br\/agazeta\/?s={search_term_string}\"},\"query-input\":{\"@type\":\"PropertyValueSpecification\",\"valueRequired\":true,\"valueName\":\"search_term_string\"}}],\"inLanguage\":\"pt-BR\"},{\"@type\":\"Person\",\"@id\":\"https:\/\/nk7-testes.com.br\/agazeta\/#\/schema\/person\/ff6b39d54d6973bfc57f4140f659b23f\",\"name\":\"Agazeta.Net\",\"url\":\"https:\/\/nk7-testes.com.br\/agazeta\/author\/agazeta\/\"}]}<\/script>\n<!-- \/ Yoast SEO plugin. -->","yoast_head_json":{"title":"Aprovados na Pol\u00edcia Civil pressionam governo por nomea\u00e7\u00e3o - Agazeta.net","robots":{"index":"index","follow":"follow","max-snippet":"max-snippet:-1","max-image-preview":"max-image-preview:large","max-video-preview":"max-video-preview:-1"},"canonical":"https:\/\/nk7-testes.com.br\/agazeta\/aprovados-na-policia-civil-pressionam-governo-por-nomeacao\/","og_locale":"pt_BR","og_type":"article","og_title":"Aprovados na Pol\u00edcia Civil pressionam governo por nomea\u00e7\u00e3o - Agazeta.net","og_description":"Das 269 pessoas aptas, s\u00f3 67 foram convocadas pelo estado","og_url":"https:\/\/nk7-testes.com.br\/agazeta\/aprovados-na-policia-civil-pressionam-governo-por-nomeacao\/","og_site_name":"Agazeta.net","article_published_time":"2020-08-14T21:49:00+00:00","og_image":[{"width":458,"height":340,"url":"https:\/\/nk7-testes.com.br\/agazeta\/wp-content\/uploads\/2020\/08\/14-08-20-policia-civil-aprovados-nao-convocados.jpeg","type":"image\/jpeg"}],"author":"Agazeta.Net","twitter_card":"summary_large_image","twitter_misc":{"Escrito por":"Agazeta.Net","Est. tempo de leitura":"1 minuto"},"schema":{"@context":"https:\/\/schema.org","@graph":[{"@type":"WebPage","@id":"https:\/\/nk7-testes.com.br\/agazeta\/aprovados-na-policia-civil-pressionam-governo-por-nomeacao\/","url":"https:\/\/nk7-testes.com.br\/agazeta\/aprovados-na-policia-civil-pressionam-governo-por-nomeacao\/","name":"Aprovados na Pol\u00edcia Civil pressionam governo por nomea\u00e7\u00e3o - Agazeta.net","isPartOf":{"@id":"https:\/\/nk7-testes.com.br\/agazeta\/#website"},"primaryImageOfPage":{"@id":"https:\/\/nk7-testes.com.br\/agazeta\/aprovados-na-policia-civil-pressionam-governo-por-nomeacao\/#primaryimage"},"image":{"@id":"https:\/\/nk7-testes.com.br\/agazeta\/aprovados-na-policia-civil-pressionam-governo-por-nomeacao\/#primaryimage"},"thumbnailUrl":"https:\/\/nk7-testes.com.br\/agazeta\/wp-content\/uploads\/2020\/08\/14-08-20-policia-civil-aprovados-nao-convocados.jpeg","datePublished":"2020-08-14T21:49:00+00:00","author":{"@id":"https:\/\/nk7-testes.com.br\/agazeta\/#\/schema\/person\/ff6b39d54d6973bfc57f4140f659b23f"},"breadcrumb":{"@id":"https:\/\/nk7-testes.com.br\/agazeta\/aprovados-na-policia-civil-pressionam-governo-por-nomeacao\/#breadcrumb"},"inLanguage":"pt-BR","potentialAction":[{"@type":"ReadAction","target":["https:\/\/nk7-testes.com.br\/agazeta\/aprovados-na-policia-civil-pressionam-governo-por-nomeacao\/"]}]},{"@type":"ImageObject","inLanguage":"pt-BR","@id":"https:\/\/nk7-testes.com.br\/agazeta\/aprovados-na-policia-civil-pressionam-governo-por-nomeacao\/#primaryimage","url":"https:\/\/nk7-testes.com.br\/agazeta\/wp-content\/uploads\/2020\/08\/14-08-20-policia-civil-aprovados-nao-convocados.jpeg","contentUrl":"https:\/\/nk7-testes.com.br\/agazeta\/wp-content\/uploads\/2020\/08\/14-08-20-policia-civil-aprovados-nao-convocados.jpeg","width":458,"height":340,"caption":"14-08-20-policia-civil-aprovados-nao-convocados"},{"@type":"BreadcrumbList","@id":"https:\/\/nk7-testes.com.br\/agazeta\/aprovados-na-policia-civil-pressionam-governo-por-nomeacao\/#breadcrumb","itemListElement":[{"@type":"ListItem","position":1,"name":"In\u00edcio","item":"https:\/\/nk7-testes.com.br\/agazeta\/"},{"@type":"ListItem","position":2,"name":"Aprovados na Pol\u00edcia Civil pressionam governo por nomea\u00e7\u00e3o"}]},{"@type":"WebSite","@id":"https:\/\/nk7-testes.com.br\/agazeta\/#website","url":"https:\/\/nk7-testes.com.br\/agazeta\/","name":"Agazeta.net","description":"Agazeta.net - Not\u00edcias de Rio Branco\/AC","potentialAction":[{"@type":"SearchAction","target":{"@type":"EntryPoint","urlTemplate":"https:\/\/nk7-testes.com.br\/agazeta\/?s={search_term_string}"},"query-input":{"@type":"PropertyValueSpecification","valueRequired":true,"valueName":"search_term_string"}}],"inLanguage":"pt-BR"},{"@type":"Person","@id":"https:\/\/nk7-testes.com.br\/agazeta\/#\/schema\/person\/ff6b39d54d6973bfc57f4140f659b23f","name":"Agazeta.Net","url":"https:\/\/nk7-testes.com.br\/agazeta\/author\/agazeta\/"}]}},"_links":{"self":[{"href":"https:\/\/nk7-testes.com.br\/agazeta\/wp-json\/wp\/v2\/posts\/49415","targetHints":{"allow":["GET"]}}],"collection":[{"href":"https:\/\/nk7-testes.com.br\/agazeta\/wp-json\/wp\/v2\/posts"}],"about":[{"href":"https:\/\/nk7-testes.com.br\/agazeta\/wp-json\/wp\/v2\/types\/post"}],"author":[{"embeddable":true,"href":"https:\/\/nk7-testes.com.br\/agazeta\/wp-json\/wp\/v2\/users\/4"}],"replies":[{"embeddable":true,"href":"https:\/\/nk7-testes.com.br\/agazeta\/wp-json\/wp\/v2\/comments?post=49415"}],"version-history":[{"count":0,"href":"https:\/\/nk7-testes.com.br\/agazeta\/wp-json\/wp\/v2\/posts\/49415\/revisions"}],"wp:featuredmedia":[{"embeddable":true,"href":"https:\/\/nk7-testes.com.br\/agazeta\/wp-json\/wp\/v2\/media\/49414"}],"wp:attachment":[{"href":"https:\/\/nk7-testes.com.br\/agazeta\/wp-json\/wp\/v2\/media?parent=49415"}],"wp:term":[{"taxonomy":"category","embeddable":true,"href":"https:\/\/nk7-testes.com.br\/agazeta\/wp-json\/wp\/v2\/categories?post=49415"},{"taxonomy":"post_tag","embeddable":true,"href":"https:\/\/nk7-testes.com.br\/agazeta\/wp-json\/wp\/v2\/tags?post=49415"}],"curies":[{"name":"wp","href":"https:\/\/api.w.org\/{rel}","templated":true}]}}