{"id":49401,"date":"2020-08-14T13:55:26","date_gmt":"2020-08-14T13:55:26","guid":{"rendered":"https:\/\/abarevegan.com.br\/index.php\/2020\/08\/14\/acusados-de-atropelar-e-matar-jovem-em-acidente-recebem-mandado-de-prisao\/"},"modified":"2020-08-14T13:55:26","modified_gmt":"2020-08-14T13:55:26","slug":"acusados-de-atropelar-e-matar-jovem-em-acidente-recebem-mandado-de-prisao","status":"publish","type":"post","link":"https:\/\/nk7-testes.com.br\/agazeta\/acusados-de-atropelar-e-matar-jovem-em-acidente-recebem-mandado-de-prisao\/","title":{"rendered":"Acusados de matar jovem em acidente recebem ordem de pris\u00e3o"},"content":{"rendered":"<p><span style=\"font-size: 13.2px;\">Alan foi preso, enquanto que \u00cdcaro estaria de \u201cf\u00e9rias\u201d em Fortaleza<\/span><\/p>\n<p style=\"text-align: justify;\">Acusados de atropelar e matar a jovem Johnliane Paiva em um acidente de carro recebem mandados de pris\u00e3o preventiva. O mandado foi expedido pela Delegacia de Pol\u00edcia Civil da 1\u00aa Regional ainda no dia de ontem (13).<\/p>\n<p>\u00cdcaro Jos\u00e9 da Silva Pinto que, segundo investiga\u00e7\u00f5es, dirigia o carro que atropelou e matou a jovem Johnliane, foi visto por populares em uma praia na cidade de Fortaleza \u2013 CE, nesta quinta-feira, e o filmaram tomando \u00e1gua de coco na companhia do pai e da namorada, que estaria com ele no carro no momento do acidente.<\/p>\n<p style=\"text-align: justify;\">Em depoimento, a namorada de \u00cdcaro disse que n\u00e3o estavam envolvidos em racha, que eles haviam sa\u00eddo de uma festa onde ingeriram bebidas alco\u00f3licas e estavam discutindo no momento do acidente. Em v\u00eddeo de c\u00e2mera de seguran\u00e7a, \u00e9 poss\u00edvel ver ambos andando de m\u00e3os dadas na rua, depois de fugirem do local sem prestar socorro \u00e0 v\u00edtima.<\/p>\n<p style=\"text-align: justify;\">Alan Lima, que dirigia um dos carros envolvidos no suposto racha, foi preso por volta das 5h e 30 da manh\u00e3 de hoje (14), em sua resid\u00eancia.<\/p>\n<p style=\"text-align: justify;\">Veja o v\u00eddeo que circula na internet:<\/p>\n<p>{mp4}acusados{\/mp4}<\/p>\n","protected":false},"excerpt":{"rendered":"<p><span style=\"font-size: 13.2px;\">Alan foi preso, enquanto que \u00cdcaro estaria de \u201cf\u00e9rias\u201d em Fortaleza<\/span><\/p>\n","protected":false},"author":4,"featured_media":49400,"comment_status":"open","ping_status":"open","sticky":false,"template":"","format":"standard","meta":{"jnews-multi-image_gallery":[],"jnews_single_post":[],"jnews_primary_category":[],"jnews_social_meta":[],"jnews_review":[],"enable_review":"","type":"","name":"","summary":"","brand":"","sku":"","good":[],"bad":[],"score_override":"","override_value":"","rating":[],"price":[],"footnotes":""},"categories":[44],"tags":[],"class_list":["post-49401","post","type-post","status-publish","format-standard","has-post-thumbnail","hentry","category-policia"],"yoast_head":"<!-- This site is optimized with the Yoast SEO plugin v26.5 - https:\/\/yoast.com\/wordpress\/plugins\/seo\/ -->\n<title>Acusados de matar jovem em acidente recebem ordem de pris\u00e3o - Agazeta.net<\/title>\n<meta name=\"robots\" content=\"index, follow, max-snippet:-1, max-image-preview:large, max-video-preview:-1\" \/>\n<link rel=\"canonical\" href=\"https:\/\/nk7-testes.com.br\/agazeta\/acusados-de-atropelar-e-matar-jovem-em-acidente-recebem-mandado-de-prisao\/\" \/>\n<meta property=\"og:locale\" content=\"pt_BR\" \/>\n<meta property=\"og:type\" content=\"article\" \/>\n<meta property=\"og:title\" content=\"Acusados de matar jovem em acidente recebem ordem de pris\u00e3o - Agazeta.net\" \/>\n<meta property=\"og:description\" content=\"Alan foi preso, enquanto que \u00cdcaro estaria de \u201cf\u00e9rias\u201d em Fortaleza\" \/>\n<meta property=\"og:url\" content=\"https:\/\/nk7-testes.com.br\/agazeta\/acusados-de-atropelar-e-matar-jovem-em-acidente-recebem-mandado-de-prisao\/\" \/>\n<meta property=\"og:site_name\" content=\"Agazeta.net\" \/>\n<meta property=\"article:published_time\" content=\"2020-08-14T13:55:26+00:00\" \/>\n<meta property=\"og:image\" content=\"https:\/\/nk7-testes.com.br\/agazeta\/wp-content\/uploads\/2020\/08\/14-08-2020_mandado-de-prisao.jpeg\" \/>\n\t<meta property=\"og:image:width\" content=\"458\" \/>\n\t<meta property=\"og:image:height\" content=\"340\" \/>\n\t<meta property=\"og:image:type\" content=\"image\/jpeg\" \/>\n<meta name=\"author\" content=\"Agazeta.Net\" \/>\n<meta name=\"twitter:card\" content=\"summary_large_image\" \/>\n<meta name=\"twitter:label1\" content=\"Escrito por\" \/>\n\t<meta name=\"twitter:data1\" content=\"Agazeta.Net\" \/>\n\t<meta name=\"twitter:label2\" content=\"Est. tempo de leitura\" \/>\n\t<meta name=\"twitter:data2\" content=\"1 minuto\" \/>\n<script type=\"application\/ld+json\" class=\"yoast-schema-graph\">{\"@context\":\"https:\/\/schema.org\",\"@graph\":[{\"@type\":\"WebPage\",\"@id\":\"https:\/\/nk7-testes.com.br\/agazeta\/acusados-de-atropelar-e-matar-jovem-em-acidente-recebem-mandado-de-prisao\/\",\"url\":\"https:\/\/nk7-testes.com.br\/agazeta\/acusados-de-atropelar-e-matar-jovem-em-acidente-recebem-mandado-de-prisao\/\",\"name\":\"Acusados de matar jovem em acidente recebem ordem de pris\u00e3o - Agazeta.net\",\"isPartOf\":{\"@id\":\"https:\/\/nk7-testes.com.br\/agazeta\/#website\"},\"primaryImageOfPage\":{\"@id\":\"https:\/\/nk7-testes.com.br\/agazeta\/acusados-de-atropelar-e-matar-jovem-em-acidente-recebem-mandado-de-prisao\/#primaryimage\"},\"image\":{\"@id\":\"https:\/\/nk7-testes.com.br\/agazeta\/acusados-de-atropelar-e-matar-jovem-em-acidente-recebem-mandado-de-prisao\/#primaryimage\"},\"thumbnailUrl\":\"https:\/\/nk7-testes.com.br\/agazeta\/wp-content\/uploads\/2020\/08\/14-08-2020_mandado-de-prisao.jpeg\",\"datePublished\":\"2020-08-14T13:55:26+00:00\",\"author\":{\"@id\":\"https:\/\/nk7-testes.com.br\/agazeta\/#\/schema\/person\/ff6b39d54d6973bfc57f4140f659b23f\"},\"breadcrumb\":{\"@id\":\"https:\/\/nk7-testes.com.br\/agazeta\/acusados-de-atropelar-e-matar-jovem-em-acidente-recebem-mandado-de-prisao\/#breadcrumb\"},\"inLanguage\":\"pt-BR\",\"potentialAction\":[{\"@type\":\"ReadAction\",\"target\":[\"https:\/\/nk7-testes.com.br\/agazeta\/acusados-de-atropelar-e-matar-jovem-em-acidente-recebem-mandado-de-prisao\/\"]}]},{\"@type\":\"ImageObject\",\"inLanguage\":\"pt-BR\",\"@id\":\"https:\/\/nk7-testes.com.br\/agazeta\/acusados-de-atropelar-e-matar-jovem-em-acidente-recebem-mandado-de-prisao\/#primaryimage\",\"url\":\"https:\/\/nk7-testes.com.br\/agazeta\/wp-content\/uploads\/2020\/08\/14-08-2020_mandado-de-prisao.jpeg\",\"contentUrl\":\"https:\/\/nk7-testes.com.br\/agazeta\/wp-content\/uploads\/2020\/08\/14-08-2020_mandado-de-prisao.jpeg\",\"width\":458,\"height\":340,\"caption\":\"14-08-2020 mandado-de-pris\u00e3o\"},{\"@type\":\"BreadcrumbList\",\"@id\":\"https:\/\/nk7-testes.com.br\/agazeta\/acusados-de-atropelar-e-matar-jovem-em-acidente-recebem-mandado-de-prisao\/#breadcrumb\",\"itemListElement\":[{\"@type\":\"ListItem\",\"position\":1,\"name\":\"In\u00edcio\",\"item\":\"https:\/\/nk7-testes.com.br\/agazeta\/\"},{\"@type\":\"ListItem\",\"position\":2,\"name\":\"Acusados de matar jovem em acidente recebem ordem de pris\u00e3o\"}]},{\"@type\":\"WebSite\",\"@id\":\"https:\/\/nk7-testes.com.br\/agazeta\/#website\",\"url\":\"https:\/\/nk7-testes.com.br\/agazeta\/\",\"name\":\"Agazeta.net\",\"description\":\"Agazeta.net - Not\u00edcias de Rio Branco\/AC\",\"potentialAction\":[{\"@type\":\"SearchAction\",\"target\":{\"@type\":\"EntryPoint\",\"urlTemplate\":\"https:\/\/nk7-testes.com.br\/agazeta\/?s={search_term_string}\"},\"query-input\":{\"@type\":\"PropertyValueSpecification\",\"valueRequired\":true,\"valueName\":\"search_term_string\"}}],\"inLanguage\":\"pt-BR\"},{\"@type\":\"Person\",\"@id\":\"https:\/\/nk7-testes.com.br\/agazeta\/#\/schema\/person\/ff6b39d54d6973bfc57f4140f659b23f\",\"name\":\"Agazeta.Net\",\"url\":\"https:\/\/nk7-testes.com.br\/agazeta\/author\/agazeta\/\"}]}<\/script>\n<!-- \/ Yoast SEO plugin. -->","yoast_head_json":{"title":"Acusados de matar jovem em acidente recebem ordem de pris\u00e3o - Agazeta.net","robots":{"index":"index","follow":"follow","max-snippet":"max-snippet:-1","max-image-preview":"max-image-preview:large","max-video-preview":"max-video-preview:-1"},"canonical":"https:\/\/nk7-testes.com.br\/agazeta\/acusados-de-atropelar-e-matar-jovem-em-acidente-recebem-mandado-de-prisao\/","og_locale":"pt_BR","og_type":"article","og_title":"Acusados de matar jovem em acidente recebem ordem de pris\u00e3o - Agazeta.net","og_description":"Alan foi preso, enquanto que \u00cdcaro estaria de \u201cf\u00e9rias\u201d em Fortaleza","og_url":"https:\/\/nk7-testes.com.br\/agazeta\/acusados-de-atropelar-e-matar-jovem-em-acidente-recebem-mandado-de-prisao\/","og_site_name":"Agazeta.net","article_published_time":"2020-08-14T13:55:26+00:00","og_image":[{"width":458,"height":340,"url":"https:\/\/nk7-testes.com.br\/agazeta\/wp-content\/uploads\/2020\/08\/14-08-2020_mandado-de-prisao.jpeg","type":"image\/jpeg"}],"author":"Agazeta.Net","twitter_card":"summary_large_image","twitter_misc":{"Escrito por":"Agazeta.Net","Est. tempo de leitura":"1 minuto"},"schema":{"@context":"https:\/\/schema.org","@graph":[{"@type":"WebPage","@id":"https:\/\/nk7-testes.com.br\/agazeta\/acusados-de-atropelar-e-matar-jovem-em-acidente-recebem-mandado-de-prisao\/","url":"https:\/\/nk7-testes.com.br\/agazeta\/acusados-de-atropelar-e-matar-jovem-em-acidente-recebem-mandado-de-prisao\/","name":"Acusados de matar jovem em acidente recebem ordem de pris\u00e3o - Agazeta.net","isPartOf":{"@id":"https:\/\/nk7-testes.com.br\/agazeta\/#website"},"primaryImageOfPage":{"@id":"https:\/\/nk7-testes.com.br\/agazeta\/acusados-de-atropelar-e-matar-jovem-em-acidente-recebem-mandado-de-prisao\/#primaryimage"},"image":{"@id":"https:\/\/nk7-testes.com.br\/agazeta\/acusados-de-atropelar-e-matar-jovem-em-acidente-recebem-mandado-de-prisao\/#primaryimage"},"thumbnailUrl":"https:\/\/nk7-testes.com.br\/agazeta\/wp-content\/uploads\/2020\/08\/14-08-2020_mandado-de-prisao.jpeg","datePublished":"2020-08-14T13:55:26+00:00","author":{"@id":"https:\/\/nk7-testes.com.br\/agazeta\/#\/schema\/person\/ff6b39d54d6973bfc57f4140f659b23f"},"breadcrumb":{"@id":"https:\/\/nk7-testes.com.br\/agazeta\/acusados-de-atropelar-e-matar-jovem-em-acidente-recebem-mandado-de-prisao\/#breadcrumb"},"inLanguage":"pt-BR","potentialAction":[{"@type":"ReadAction","target":["https:\/\/nk7-testes.com.br\/agazeta\/acusados-de-atropelar-e-matar-jovem-em-acidente-recebem-mandado-de-prisao\/"]}]},{"@type":"ImageObject","inLanguage":"pt-BR","@id":"https:\/\/nk7-testes.com.br\/agazeta\/acusados-de-atropelar-e-matar-jovem-em-acidente-recebem-mandado-de-prisao\/#primaryimage","url":"https:\/\/nk7-testes.com.br\/agazeta\/wp-content\/uploads\/2020\/08\/14-08-2020_mandado-de-prisao.jpeg","contentUrl":"https:\/\/nk7-testes.com.br\/agazeta\/wp-content\/uploads\/2020\/08\/14-08-2020_mandado-de-prisao.jpeg","width":458,"height":340,"caption":"14-08-2020 mandado-de-pris\u00e3o"},{"@type":"BreadcrumbList","@id":"https:\/\/nk7-testes.com.br\/agazeta\/acusados-de-atropelar-e-matar-jovem-em-acidente-recebem-mandado-de-prisao\/#breadcrumb","itemListElement":[{"@type":"ListItem","position":1,"name":"In\u00edcio","item":"https:\/\/nk7-testes.com.br\/agazeta\/"},{"@type":"ListItem","position":2,"name":"Acusados de matar jovem em acidente recebem ordem de pris\u00e3o"}]},{"@type":"WebSite","@id":"https:\/\/nk7-testes.com.br\/agazeta\/#website","url":"https:\/\/nk7-testes.com.br\/agazeta\/","name":"Agazeta.net","description":"Agazeta.net - Not\u00edcias de Rio Branco\/AC","potentialAction":[{"@type":"SearchAction","target":{"@type":"EntryPoint","urlTemplate":"https:\/\/nk7-testes.com.br\/agazeta\/?s={search_term_string}"},"query-input":{"@type":"PropertyValueSpecification","valueRequired":true,"valueName":"search_term_string"}}],"inLanguage":"pt-BR"},{"@type":"Person","@id":"https:\/\/nk7-testes.com.br\/agazeta\/#\/schema\/person\/ff6b39d54d6973bfc57f4140f659b23f","name":"Agazeta.Net","url":"https:\/\/nk7-testes.com.br\/agazeta\/author\/agazeta\/"}]}},"_links":{"self":[{"href":"https:\/\/nk7-testes.com.br\/agazeta\/wp-json\/wp\/v2\/posts\/49401","targetHints":{"allow":["GET"]}}],"collection":[{"href":"https:\/\/nk7-testes.com.br\/agazeta\/wp-json\/wp\/v2\/posts"}],"about":[{"href":"https:\/\/nk7-testes.com.br\/agazeta\/wp-json\/wp\/v2\/types\/post"}],"author":[{"embeddable":true,"href":"https:\/\/nk7-testes.com.br\/agazeta\/wp-json\/wp\/v2\/users\/4"}],"replies":[{"embeddable":true,"href":"https:\/\/nk7-testes.com.br\/agazeta\/wp-json\/wp\/v2\/comments?post=49401"}],"version-history":[{"count":0,"href":"https:\/\/nk7-testes.com.br\/agazeta\/wp-json\/wp\/v2\/posts\/49401\/revisions"}],"wp:featuredmedia":[{"embeddable":true,"href":"https:\/\/nk7-testes.com.br\/agazeta\/wp-json\/wp\/v2\/media\/49400"}],"wp:attachment":[{"href":"https:\/\/nk7-testes.com.br\/agazeta\/wp-json\/wp\/v2\/media?parent=49401"}],"wp:term":[{"taxonomy":"category","embeddable":true,"href":"https:\/\/nk7-testes.com.br\/agazeta\/wp-json\/wp\/v2\/categories?post=49401"},{"taxonomy":"post_tag","embeddable":true,"href":"https:\/\/nk7-testes.com.br\/agazeta\/wp-json\/wp\/v2\/tags?post=49401"}],"curies":[{"name":"wp","href":"https:\/\/api.w.org\/{rel}","templated":true}]}}