{"id":49393,"date":"2020-08-13T19:18:04","date_gmt":"2020-08-13T19:18:04","guid":{"rendered":"https:\/\/abarevegan.com.br\/index.php\/2020\/08\/13\/jovem-e-executado-a-tiros-no-bairro-aroeira-em-rio-branco\/"},"modified":"2020-08-13T19:18:04","modified_gmt":"2020-08-13T19:18:04","slug":"jovem-e-executado-a-tiros-no-bairro-aroeira-em-rio-branco","status":"publish","type":"post","link":"https:\/\/nk7-testes.com.br\/agazeta\/jovem-e-executado-a-tiros-no-bairro-aroeira-em-rio-branco\/","title":{"rendered":"Jovem \u00e9 executado a tiros no bairro Aroeira, em Rio Branco"},"content":{"rendered":"<p style=\"text-align: justify;\">Foram cerca de 12 disparos de arma de fogo<\/p>\n<p style=\"text-align: justify;\">Mais um jovem teve a vida ceifada, no inicio da tarde desta quinta-feira (13), em Rio Branco.<\/p>\n<p style=\"text-align: justify;\">De acordo com informa\u00e7\u00f5es da pol\u00edcia, Rai Alan Pereira Freitas, 19 anos, estava na parte de tr\u00e1s do terreno da casa onde mora, na rua das Flores, bairro Aroeira, quando foi surpreendido por homens armados.<\/p>\n<p style=\"text-align: justify;\">Ainda segundo a pol\u00edcia, foram disparados, pelo menos, 12 tiros contra a v\u00edtima. Rai Alan n\u00e3o resistiu e morreu no local.&nbsp;At\u00e9 o fechamento da mat\u00e9ria nenhum suspeito foi preso ou identificado pela pol\u00edcia.<\/p>\n","protected":false},"excerpt":{"rendered":"<p style=\"text-align: justify;\">Foram cerca de 12 disparos de arma de fogo<\/p>\n","protected":false},"author":4,"featured_media":49392,"comment_status":"open","ping_status":"open","sticky":false,"template":"","format":"standard","meta":{"jnews-multi-image_gallery":[],"jnews_single_post":[],"jnews_primary_category":[],"jnews_social_meta":[],"jnews_review":[],"enable_review":"","type":"","name":"","summary":"","brand":"","sku":"","good":[],"bad":[],"score_override":"","override_value":"","rating":[],"price":[],"footnotes":""},"categories":[44],"tags":[],"class_list":["post-49393","post","type-post","status-publish","format-standard","has-post-thumbnail","hentry","category-policia"],"yoast_head":"<!-- This site is optimized with the Yoast SEO plugin v26.5 - https:\/\/yoast.com\/wordpress\/plugins\/seo\/ -->\n<title>Jovem \u00e9 executado a tiros no bairro Aroeira, em Rio Branco - Agazeta.net<\/title>\n<meta name=\"robots\" content=\"index, follow, max-snippet:-1, max-image-preview:large, max-video-preview:-1\" \/>\n<link rel=\"canonical\" href=\"https:\/\/nk7-testes.com.br\/agazeta\/jovem-e-executado-a-tiros-no-bairro-aroeira-em-rio-branco\/\" \/>\n<meta property=\"og:locale\" content=\"pt_BR\" \/>\n<meta property=\"og:type\" content=\"article\" \/>\n<meta property=\"og:title\" content=\"Jovem \u00e9 executado a tiros no bairro Aroeira, em Rio Branco - Agazeta.net\" \/>\n<meta property=\"og:description\" content=\"Foram cerca de 12 disparos de arma de fogo\" \/>\n<meta property=\"og:url\" content=\"https:\/\/nk7-testes.com.br\/agazeta\/jovem-e-executado-a-tiros-no-bairro-aroeira-em-rio-branco\/\" \/>\n<meta property=\"og:site_name\" content=\"Agazeta.net\" \/>\n<meta property=\"article:published_time\" content=\"2020-08-13T19:18:04+00:00\" \/>\n<meta property=\"og:image\" content=\"https:\/\/nk7-testes.com.br\/agazeta\/wp-content\/uploads\/2020\/08\/13-08-20-jovem-morto-a-tiros-no-bairro-aroeira.jpeg\" \/>\n\t<meta property=\"og:image:width\" content=\"458\" \/>\n\t<meta property=\"og:image:height\" content=\"340\" \/>\n\t<meta property=\"og:image:type\" content=\"image\/jpeg\" \/>\n<meta name=\"author\" content=\"Agazeta.Net\" \/>\n<meta name=\"twitter:card\" content=\"summary_large_image\" \/>\n<meta name=\"twitter:label1\" content=\"Escrito por\" \/>\n\t<meta name=\"twitter:data1\" content=\"Agazeta.Net\" \/>\n\t<meta name=\"twitter:label2\" content=\"Est. tempo de leitura\" \/>\n\t<meta name=\"twitter:data2\" content=\"1 minuto\" \/>\n<script type=\"application\/ld+json\" class=\"yoast-schema-graph\">{\"@context\":\"https:\/\/schema.org\",\"@graph\":[{\"@type\":\"WebPage\",\"@id\":\"https:\/\/nk7-testes.com.br\/agazeta\/jovem-e-executado-a-tiros-no-bairro-aroeira-em-rio-branco\/\",\"url\":\"https:\/\/nk7-testes.com.br\/agazeta\/jovem-e-executado-a-tiros-no-bairro-aroeira-em-rio-branco\/\",\"name\":\"Jovem \u00e9 executado a tiros no bairro Aroeira, em Rio Branco - Agazeta.net\",\"isPartOf\":{\"@id\":\"https:\/\/nk7-testes.com.br\/agazeta\/#website\"},\"primaryImageOfPage\":{\"@id\":\"https:\/\/nk7-testes.com.br\/agazeta\/jovem-e-executado-a-tiros-no-bairro-aroeira-em-rio-branco\/#primaryimage\"},\"image\":{\"@id\":\"https:\/\/nk7-testes.com.br\/agazeta\/jovem-e-executado-a-tiros-no-bairro-aroeira-em-rio-branco\/#primaryimage\"},\"thumbnailUrl\":\"https:\/\/nk7-testes.com.br\/agazeta\/wp-content\/uploads\/2020\/08\/13-08-20-jovem-morto-a-tiros-no-bairro-aroeira.jpeg\",\"datePublished\":\"2020-08-13T19:18:04+00:00\",\"author\":{\"@id\":\"https:\/\/nk7-testes.com.br\/agazeta\/#\/schema\/person\/ff6b39d54d6973bfc57f4140f659b23f\"},\"breadcrumb\":{\"@id\":\"https:\/\/nk7-testes.com.br\/agazeta\/jovem-e-executado-a-tiros-no-bairro-aroeira-em-rio-branco\/#breadcrumb\"},\"inLanguage\":\"pt-BR\",\"potentialAction\":[{\"@type\":\"ReadAction\",\"target\":[\"https:\/\/nk7-testes.com.br\/agazeta\/jovem-e-executado-a-tiros-no-bairro-aroeira-em-rio-branco\/\"]}]},{\"@type\":\"ImageObject\",\"inLanguage\":\"pt-BR\",\"@id\":\"https:\/\/nk7-testes.com.br\/agazeta\/jovem-e-executado-a-tiros-no-bairro-aroeira-em-rio-branco\/#primaryimage\",\"url\":\"https:\/\/nk7-testes.com.br\/agazeta\/wp-content\/uploads\/2020\/08\/13-08-20-jovem-morto-a-tiros-no-bairro-aroeira.jpeg\",\"contentUrl\":\"https:\/\/nk7-testes.com.br\/agazeta\/wp-content\/uploads\/2020\/08\/13-08-20-jovem-morto-a-tiros-no-bairro-aroeira.jpeg\",\"width\":458,\"height\":340,\"caption\":\"13-08-20-jovem-morto-a-tiros-no-bairro-aroeira\"},{\"@type\":\"BreadcrumbList\",\"@id\":\"https:\/\/nk7-testes.com.br\/agazeta\/jovem-e-executado-a-tiros-no-bairro-aroeira-em-rio-branco\/#breadcrumb\",\"itemListElement\":[{\"@type\":\"ListItem\",\"position\":1,\"name\":\"In\u00edcio\",\"item\":\"https:\/\/nk7-testes.com.br\/agazeta\/\"},{\"@type\":\"ListItem\",\"position\":2,\"name\":\"Jovem \u00e9 executado a tiros no bairro Aroeira, em Rio Branco\"}]},{\"@type\":\"WebSite\",\"@id\":\"https:\/\/nk7-testes.com.br\/agazeta\/#website\",\"url\":\"https:\/\/nk7-testes.com.br\/agazeta\/\",\"name\":\"Agazeta.net\",\"description\":\"Agazeta.net - Not\u00edcias de Rio Branco\/AC\",\"potentialAction\":[{\"@type\":\"SearchAction\",\"target\":{\"@type\":\"EntryPoint\",\"urlTemplate\":\"https:\/\/nk7-testes.com.br\/agazeta\/?s={search_term_string}\"},\"query-input\":{\"@type\":\"PropertyValueSpecification\",\"valueRequired\":true,\"valueName\":\"search_term_string\"}}],\"inLanguage\":\"pt-BR\"},{\"@type\":\"Person\",\"@id\":\"https:\/\/nk7-testes.com.br\/agazeta\/#\/schema\/person\/ff6b39d54d6973bfc57f4140f659b23f\",\"name\":\"Agazeta.Net\",\"url\":\"https:\/\/nk7-testes.com.br\/agazeta\/author\/agazeta\/\"}]}<\/script>\n<!-- \/ Yoast SEO plugin. -->","yoast_head_json":{"title":"Jovem \u00e9 executado a tiros no bairro Aroeira, em Rio Branco - Agazeta.net","robots":{"index":"index","follow":"follow","max-snippet":"max-snippet:-1","max-image-preview":"max-image-preview:large","max-video-preview":"max-video-preview:-1"},"canonical":"https:\/\/nk7-testes.com.br\/agazeta\/jovem-e-executado-a-tiros-no-bairro-aroeira-em-rio-branco\/","og_locale":"pt_BR","og_type":"article","og_title":"Jovem \u00e9 executado a tiros no bairro Aroeira, em Rio Branco - Agazeta.net","og_description":"Foram cerca de 12 disparos de arma de fogo","og_url":"https:\/\/nk7-testes.com.br\/agazeta\/jovem-e-executado-a-tiros-no-bairro-aroeira-em-rio-branco\/","og_site_name":"Agazeta.net","article_published_time":"2020-08-13T19:18:04+00:00","og_image":[{"width":458,"height":340,"url":"https:\/\/nk7-testes.com.br\/agazeta\/wp-content\/uploads\/2020\/08\/13-08-20-jovem-morto-a-tiros-no-bairro-aroeira.jpeg","type":"image\/jpeg"}],"author":"Agazeta.Net","twitter_card":"summary_large_image","twitter_misc":{"Escrito por":"Agazeta.Net","Est. tempo de leitura":"1 minuto"},"schema":{"@context":"https:\/\/schema.org","@graph":[{"@type":"WebPage","@id":"https:\/\/nk7-testes.com.br\/agazeta\/jovem-e-executado-a-tiros-no-bairro-aroeira-em-rio-branco\/","url":"https:\/\/nk7-testes.com.br\/agazeta\/jovem-e-executado-a-tiros-no-bairro-aroeira-em-rio-branco\/","name":"Jovem \u00e9 executado a tiros no bairro Aroeira, em Rio Branco - Agazeta.net","isPartOf":{"@id":"https:\/\/nk7-testes.com.br\/agazeta\/#website"},"primaryImageOfPage":{"@id":"https:\/\/nk7-testes.com.br\/agazeta\/jovem-e-executado-a-tiros-no-bairro-aroeira-em-rio-branco\/#primaryimage"},"image":{"@id":"https:\/\/nk7-testes.com.br\/agazeta\/jovem-e-executado-a-tiros-no-bairro-aroeira-em-rio-branco\/#primaryimage"},"thumbnailUrl":"https:\/\/nk7-testes.com.br\/agazeta\/wp-content\/uploads\/2020\/08\/13-08-20-jovem-morto-a-tiros-no-bairro-aroeira.jpeg","datePublished":"2020-08-13T19:18:04+00:00","author":{"@id":"https:\/\/nk7-testes.com.br\/agazeta\/#\/schema\/person\/ff6b39d54d6973bfc57f4140f659b23f"},"breadcrumb":{"@id":"https:\/\/nk7-testes.com.br\/agazeta\/jovem-e-executado-a-tiros-no-bairro-aroeira-em-rio-branco\/#breadcrumb"},"inLanguage":"pt-BR","potentialAction":[{"@type":"ReadAction","target":["https:\/\/nk7-testes.com.br\/agazeta\/jovem-e-executado-a-tiros-no-bairro-aroeira-em-rio-branco\/"]}]},{"@type":"ImageObject","inLanguage":"pt-BR","@id":"https:\/\/nk7-testes.com.br\/agazeta\/jovem-e-executado-a-tiros-no-bairro-aroeira-em-rio-branco\/#primaryimage","url":"https:\/\/nk7-testes.com.br\/agazeta\/wp-content\/uploads\/2020\/08\/13-08-20-jovem-morto-a-tiros-no-bairro-aroeira.jpeg","contentUrl":"https:\/\/nk7-testes.com.br\/agazeta\/wp-content\/uploads\/2020\/08\/13-08-20-jovem-morto-a-tiros-no-bairro-aroeira.jpeg","width":458,"height":340,"caption":"13-08-20-jovem-morto-a-tiros-no-bairro-aroeira"},{"@type":"BreadcrumbList","@id":"https:\/\/nk7-testes.com.br\/agazeta\/jovem-e-executado-a-tiros-no-bairro-aroeira-em-rio-branco\/#breadcrumb","itemListElement":[{"@type":"ListItem","position":1,"name":"In\u00edcio","item":"https:\/\/nk7-testes.com.br\/agazeta\/"},{"@type":"ListItem","position":2,"name":"Jovem \u00e9 executado a tiros no bairro Aroeira, em Rio Branco"}]},{"@type":"WebSite","@id":"https:\/\/nk7-testes.com.br\/agazeta\/#website","url":"https:\/\/nk7-testes.com.br\/agazeta\/","name":"Agazeta.net","description":"Agazeta.net - Not\u00edcias de Rio Branco\/AC","potentialAction":[{"@type":"SearchAction","target":{"@type":"EntryPoint","urlTemplate":"https:\/\/nk7-testes.com.br\/agazeta\/?s={search_term_string}"},"query-input":{"@type":"PropertyValueSpecification","valueRequired":true,"valueName":"search_term_string"}}],"inLanguage":"pt-BR"},{"@type":"Person","@id":"https:\/\/nk7-testes.com.br\/agazeta\/#\/schema\/person\/ff6b39d54d6973bfc57f4140f659b23f","name":"Agazeta.Net","url":"https:\/\/nk7-testes.com.br\/agazeta\/author\/agazeta\/"}]}},"_links":{"self":[{"href":"https:\/\/nk7-testes.com.br\/agazeta\/wp-json\/wp\/v2\/posts\/49393","targetHints":{"allow":["GET"]}}],"collection":[{"href":"https:\/\/nk7-testes.com.br\/agazeta\/wp-json\/wp\/v2\/posts"}],"about":[{"href":"https:\/\/nk7-testes.com.br\/agazeta\/wp-json\/wp\/v2\/types\/post"}],"author":[{"embeddable":true,"href":"https:\/\/nk7-testes.com.br\/agazeta\/wp-json\/wp\/v2\/users\/4"}],"replies":[{"embeddable":true,"href":"https:\/\/nk7-testes.com.br\/agazeta\/wp-json\/wp\/v2\/comments?post=49393"}],"version-history":[{"count":0,"href":"https:\/\/nk7-testes.com.br\/agazeta\/wp-json\/wp\/v2\/posts\/49393\/revisions"}],"wp:featuredmedia":[{"embeddable":true,"href":"https:\/\/nk7-testes.com.br\/agazeta\/wp-json\/wp\/v2\/media\/49392"}],"wp:attachment":[{"href":"https:\/\/nk7-testes.com.br\/agazeta\/wp-json\/wp\/v2\/media?parent=49393"}],"wp:term":[{"taxonomy":"category","embeddable":true,"href":"https:\/\/nk7-testes.com.br\/agazeta\/wp-json\/wp\/v2\/categories?post=49393"},{"taxonomy":"post_tag","embeddable":true,"href":"https:\/\/nk7-testes.com.br\/agazeta\/wp-json\/wp\/v2\/tags?post=49393"}],"curies":[{"name":"wp","href":"https:\/\/api.w.org\/{rel}","templated":true}]}}