{"id":49378,"date":"2020-08-13T13:31:13","date_gmt":"2020-08-13T13:31:13","guid":{"rendered":"https:\/\/abarevegan.com.br\/index.php\/2020\/08\/13\/motorista-de-aplicativo-e-preso-por-trafico-de-drogas\/"},"modified":"2020-08-13T13:31:13","modified_gmt":"2020-08-13T13:31:13","slug":"motorista-de-aplicativo-e-preso-por-trafico-de-drogas","status":"publish","type":"post","link":"https:\/\/nk7-testes.com.br\/agazeta\/motorista-de-aplicativo-e-preso-por-trafico-de-drogas\/","title":{"rendered":"Motorista de aplicativo \u00e9 preso por tr\u00e1fico de drogas"},"content":{"rendered":"<p style=\"text-align: justify;\">No carro do suspeito havia meio Kg de coca\u00edna<\/p>\n<p style=\"text-align: justify;\">Policiais militares prenderam um motorista de aplicativo, e outras tr\u00eas pessoas, na noite desta quarta-feira (12). No carro em que os suspeitos estavam, havia cerca de meio Kg de coca\u00edna.<\/p>\n<p style=\"text-align: justify;\">Segundo os policiais, eles estavam em patrulhamento de rotina pela rua Joaquim Macedo, bairro S\u00e3o Francisco, quando notaram um casal dentro de um carro conversando com dois homens, que estavam na rua.<\/p>\n<p style=\"text-align: justify;\">Diante da suspeita, os policiais decidiram abordar o grupo e acabaram encontrando a droga e R$1.105,00 em dinheiro. Foi dado voz de pris\u00e3o aos quatro suspeitos.<br \/>Ainda de acordo com a pol\u00edcia, durante uma conversa com os suspeitos, eles descobriram que o motorista do carro seria de um aplicativo de corrida. Ele e a esposa teriam levado a droga para um traficante.<\/p>\n<p style=\"text-align: justify;\">J\u00e1 o motorista, contou que teria recebido uma chamada no residencial Andir\u00e1, quando ele chegou ao local, um homem teria mandado levar uma encomenda at\u00e9 o bairro S\u00e3o Francisco. Ele disse que n\u00e3o sabia do que se tratava o embrulho.<\/p>\n","protected":false},"excerpt":{"rendered":"<p style=\"text-align: justify;\">No carro do suspeito havia meio Kg de coca\u00edna<\/p>\n","protected":false},"author":4,"featured_media":49377,"comment_status":"open","ping_status":"open","sticky":false,"template":"","format":"standard","meta":{"jnews-multi-image_gallery":[],"jnews_single_post":[],"jnews_primary_category":[],"jnews_social_meta":[],"jnews_review":[],"enable_review":"","type":"","name":"","summary":"","brand":"","sku":"","good":[],"bad":[],"score_override":"","override_value":"","rating":[],"price":[],"footnotes":""},"categories":[44],"tags":[],"class_list":["post-49378","post","type-post","status-publish","format-standard","has-post-thumbnail","hentry","category-policia"],"yoast_head":"<!-- This site is optimized with the Yoast SEO plugin v26.5 - https:\/\/yoast.com\/wordpress\/plugins\/seo\/ -->\n<title>Motorista de aplicativo \u00e9 preso por tr\u00e1fico de drogas - Agazeta.net<\/title>\n<meta name=\"robots\" content=\"index, follow, max-snippet:-1, max-image-preview:large, max-video-preview:-1\" \/>\n<link rel=\"canonical\" href=\"https:\/\/nk7-testes.com.br\/agazeta\/motorista-de-aplicativo-e-preso-por-trafico-de-drogas\/\" \/>\n<meta property=\"og:locale\" content=\"pt_BR\" \/>\n<meta property=\"og:type\" content=\"article\" \/>\n<meta property=\"og:title\" content=\"Motorista de aplicativo \u00e9 preso por tr\u00e1fico de drogas - Agazeta.net\" \/>\n<meta property=\"og:description\" content=\"No carro do suspeito havia meio Kg de coca\u00edna\" \/>\n<meta property=\"og:url\" content=\"https:\/\/nk7-testes.com.br\/agazeta\/motorista-de-aplicativo-e-preso-por-trafico-de-drogas\/\" \/>\n<meta property=\"og:site_name\" content=\"Agazeta.net\" \/>\n<meta property=\"article:published_time\" content=\"2020-08-13T13:31:13+00:00\" \/>\n<meta property=\"og:image\" content=\"https:\/\/nk7-testes.com.br\/agazeta\/wp-content\/uploads\/2020\/08\/13082020-droga-uber.jpg\" \/>\n\t<meta property=\"og:image:width\" content=\"458\" \/>\n\t<meta property=\"og:image:height\" content=\"340\" \/>\n\t<meta property=\"og:image:type\" content=\"image\/jpeg\" \/>\n<meta name=\"author\" content=\"Agazeta.Net\" \/>\n<meta name=\"twitter:card\" content=\"summary_large_image\" \/>\n<meta name=\"twitter:label1\" content=\"Escrito por\" \/>\n\t<meta name=\"twitter:data1\" content=\"Agazeta.Net\" \/>\n\t<meta name=\"twitter:label2\" content=\"Est. tempo de leitura\" \/>\n\t<meta name=\"twitter:data2\" content=\"1 minuto\" \/>\n<script type=\"application\/ld+json\" class=\"yoast-schema-graph\">{\"@context\":\"https:\/\/schema.org\",\"@graph\":[{\"@type\":\"WebPage\",\"@id\":\"https:\/\/nk7-testes.com.br\/agazeta\/motorista-de-aplicativo-e-preso-por-trafico-de-drogas\/\",\"url\":\"https:\/\/nk7-testes.com.br\/agazeta\/motorista-de-aplicativo-e-preso-por-trafico-de-drogas\/\",\"name\":\"Motorista de aplicativo \u00e9 preso por tr\u00e1fico de drogas - Agazeta.net\",\"isPartOf\":{\"@id\":\"https:\/\/nk7-testes.com.br\/agazeta\/#website\"},\"primaryImageOfPage\":{\"@id\":\"https:\/\/nk7-testes.com.br\/agazeta\/motorista-de-aplicativo-e-preso-por-trafico-de-drogas\/#primaryimage\"},\"image\":{\"@id\":\"https:\/\/nk7-testes.com.br\/agazeta\/motorista-de-aplicativo-e-preso-por-trafico-de-drogas\/#primaryimage\"},\"thumbnailUrl\":\"https:\/\/nk7-testes.com.br\/agazeta\/wp-content\/uploads\/2020\/08\/13082020-droga-uber.jpg\",\"datePublished\":\"2020-08-13T13:31:13+00:00\",\"author\":{\"@id\":\"https:\/\/nk7-testes.com.br\/agazeta\/#\/schema\/person\/ff6b39d54d6973bfc57f4140f659b23f\"},\"breadcrumb\":{\"@id\":\"https:\/\/nk7-testes.com.br\/agazeta\/motorista-de-aplicativo-e-preso-por-trafico-de-drogas\/#breadcrumb\"},\"inLanguage\":\"pt-BR\",\"potentialAction\":[{\"@type\":\"ReadAction\",\"target\":[\"https:\/\/nk7-testes.com.br\/agazeta\/motorista-de-aplicativo-e-preso-por-trafico-de-drogas\/\"]}]},{\"@type\":\"ImageObject\",\"inLanguage\":\"pt-BR\",\"@id\":\"https:\/\/nk7-testes.com.br\/agazeta\/motorista-de-aplicativo-e-preso-por-trafico-de-drogas\/#primaryimage\",\"url\":\"https:\/\/nk7-testes.com.br\/agazeta\/wp-content\/uploads\/2020\/08\/13082020-droga-uber.jpg\",\"contentUrl\":\"https:\/\/nk7-testes.com.br\/agazeta\/wp-content\/uploads\/2020\/08\/13082020-droga-uber.jpg\",\"width\":458,\"height\":340,\"caption\":\"13082020-droga-uber\"},{\"@type\":\"BreadcrumbList\",\"@id\":\"https:\/\/nk7-testes.com.br\/agazeta\/motorista-de-aplicativo-e-preso-por-trafico-de-drogas\/#breadcrumb\",\"itemListElement\":[{\"@type\":\"ListItem\",\"position\":1,\"name\":\"In\u00edcio\",\"item\":\"https:\/\/nk7-testes.com.br\/agazeta\/\"},{\"@type\":\"ListItem\",\"position\":2,\"name\":\"Motorista de aplicativo \u00e9 preso por tr\u00e1fico de drogas\"}]},{\"@type\":\"WebSite\",\"@id\":\"https:\/\/nk7-testes.com.br\/agazeta\/#website\",\"url\":\"https:\/\/nk7-testes.com.br\/agazeta\/\",\"name\":\"Agazeta.net\",\"description\":\"Agazeta.net - Not\u00edcias de Rio Branco\/AC\",\"potentialAction\":[{\"@type\":\"SearchAction\",\"target\":{\"@type\":\"EntryPoint\",\"urlTemplate\":\"https:\/\/nk7-testes.com.br\/agazeta\/?s={search_term_string}\"},\"query-input\":{\"@type\":\"PropertyValueSpecification\",\"valueRequired\":true,\"valueName\":\"search_term_string\"}}],\"inLanguage\":\"pt-BR\"},{\"@type\":\"Person\",\"@id\":\"https:\/\/nk7-testes.com.br\/agazeta\/#\/schema\/person\/ff6b39d54d6973bfc57f4140f659b23f\",\"name\":\"Agazeta.Net\",\"url\":\"https:\/\/nk7-testes.com.br\/agazeta\/author\/agazeta\/\"}]}<\/script>\n<!-- \/ Yoast SEO plugin. -->","yoast_head_json":{"title":"Motorista de aplicativo \u00e9 preso por tr\u00e1fico de drogas - Agazeta.net","robots":{"index":"index","follow":"follow","max-snippet":"max-snippet:-1","max-image-preview":"max-image-preview:large","max-video-preview":"max-video-preview:-1"},"canonical":"https:\/\/nk7-testes.com.br\/agazeta\/motorista-de-aplicativo-e-preso-por-trafico-de-drogas\/","og_locale":"pt_BR","og_type":"article","og_title":"Motorista de aplicativo \u00e9 preso por tr\u00e1fico de drogas - Agazeta.net","og_description":"No carro do suspeito havia meio Kg de coca\u00edna","og_url":"https:\/\/nk7-testes.com.br\/agazeta\/motorista-de-aplicativo-e-preso-por-trafico-de-drogas\/","og_site_name":"Agazeta.net","article_published_time":"2020-08-13T13:31:13+00:00","og_image":[{"width":458,"height":340,"url":"https:\/\/nk7-testes.com.br\/agazeta\/wp-content\/uploads\/2020\/08\/13082020-droga-uber.jpg","type":"image\/jpeg"}],"author":"Agazeta.Net","twitter_card":"summary_large_image","twitter_misc":{"Escrito por":"Agazeta.Net","Est. tempo de leitura":"1 minuto"},"schema":{"@context":"https:\/\/schema.org","@graph":[{"@type":"WebPage","@id":"https:\/\/nk7-testes.com.br\/agazeta\/motorista-de-aplicativo-e-preso-por-trafico-de-drogas\/","url":"https:\/\/nk7-testes.com.br\/agazeta\/motorista-de-aplicativo-e-preso-por-trafico-de-drogas\/","name":"Motorista de aplicativo \u00e9 preso por tr\u00e1fico de drogas - Agazeta.net","isPartOf":{"@id":"https:\/\/nk7-testes.com.br\/agazeta\/#website"},"primaryImageOfPage":{"@id":"https:\/\/nk7-testes.com.br\/agazeta\/motorista-de-aplicativo-e-preso-por-trafico-de-drogas\/#primaryimage"},"image":{"@id":"https:\/\/nk7-testes.com.br\/agazeta\/motorista-de-aplicativo-e-preso-por-trafico-de-drogas\/#primaryimage"},"thumbnailUrl":"https:\/\/nk7-testes.com.br\/agazeta\/wp-content\/uploads\/2020\/08\/13082020-droga-uber.jpg","datePublished":"2020-08-13T13:31:13+00:00","author":{"@id":"https:\/\/nk7-testes.com.br\/agazeta\/#\/schema\/person\/ff6b39d54d6973bfc57f4140f659b23f"},"breadcrumb":{"@id":"https:\/\/nk7-testes.com.br\/agazeta\/motorista-de-aplicativo-e-preso-por-trafico-de-drogas\/#breadcrumb"},"inLanguage":"pt-BR","potentialAction":[{"@type":"ReadAction","target":["https:\/\/nk7-testes.com.br\/agazeta\/motorista-de-aplicativo-e-preso-por-trafico-de-drogas\/"]}]},{"@type":"ImageObject","inLanguage":"pt-BR","@id":"https:\/\/nk7-testes.com.br\/agazeta\/motorista-de-aplicativo-e-preso-por-trafico-de-drogas\/#primaryimage","url":"https:\/\/nk7-testes.com.br\/agazeta\/wp-content\/uploads\/2020\/08\/13082020-droga-uber.jpg","contentUrl":"https:\/\/nk7-testes.com.br\/agazeta\/wp-content\/uploads\/2020\/08\/13082020-droga-uber.jpg","width":458,"height":340,"caption":"13082020-droga-uber"},{"@type":"BreadcrumbList","@id":"https:\/\/nk7-testes.com.br\/agazeta\/motorista-de-aplicativo-e-preso-por-trafico-de-drogas\/#breadcrumb","itemListElement":[{"@type":"ListItem","position":1,"name":"In\u00edcio","item":"https:\/\/nk7-testes.com.br\/agazeta\/"},{"@type":"ListItem","position":2,"name":"Motorista de aplicativo \u00e9 preso por tr\u00e1fico de drogas"}]},{"@type":"WebSite","@id":"https:\/\/nk7-testes.com.br\/agazeta\/#website","url":"https:\/\/nk7-testes.com.br\/agazeta\/","name":"Agazeta.net","description":"Agazeta.net - Not\u00edcias de Rio Branco\/AC","potentialAction":[{"@type":"SearchAction","target":{"@type":"EntryPoint","urlTemplate":"https:\/\/nk7-testes.com.br\/agazeta\/?s={search_term_string}"},"query-input":{"@type":"PropertyValueSpecification","valueRequired":true,"valueName":"search_term_string"}}],"inLanguage":"pt-BR"},{"@type":"Person","@id":"https:\/\/nk7-testes.com.br\/agazeta\/#\/schema\/person\/ff6b39d54d6973bfc57f4140f659b23f","name":"Agazeta.Net","url":"https:\/\/nk7-testes.com.br\/agazeta\/author\/agazeta\/"}]}},"_links":{"self":[{"href":"https:\/\/nk7-testes.com.br\/agazeta\/wp-json\/wp\/v2\/posts\/49378","targetHints":{"allow":["GET"]}}],"collection":[{"href":"https:\/\/nk7-testes.com.br\/agazeta\/wp-json\/wp\/v2\/posts"}],"about":[{"href":"https:\/\/nk7-testes.com.br\/agazeta\/wp-json\/wp\/v2\/types\/post"}],"author":[{"embeddable":true,"href":"https:\/\/nk7-testes.com.br\/agazeta\/wp-json\/wp\/v2\/users\/4"}],"replies":[{"embeddable":true,"href":"https:\/\/nk7-testes.com.br\/agazeta\/wp-json\/wp\/v2\/comments?post=49378"}],"version-history":[{"count":0,"href":"https:\/\/nk7-testes.com.br\/agazeta\/wp-json\/wp\/v2\/posts\/49378\/revisions"}],"wp:featuredmedia":[{"embeddable":true,"href":"https:\/\/nk7-testes.com.br\/agazeta\/wp-json\/wp\/v2\/media\/49377"}],"wp:attachment":[{"href":"https:\/\/nk7-testes.com.br\/agazeta\/wp-json\/wp\/v2\/media?parent=49378"}],"wp:term":[{"taxonomy":"category","embeddable":true,"href":"https:\/\/nk7-testes.com.br\/agazeta\/wp-json\/wp\/v2\/categories?post=49378"},{"taxonomy":"post_tag","embeddable":true,"href":"https:\/\/nk7-testes.com.br\/agazeta\/wp-json\/wp\/v2\/tags?post=49378"}],"curies":[{"name":"wp","href":"https:\/\/api.w.org\/{rel}","templated":true}]}}