{"id":49220,"date":"2020-08-04T16:53:20","date_gmt":"2020-08-04T16:53:20","guid":{"rendered":"https:\/\/abarevegan.com.br\/index.php\/2020\/08\/04\/adolescente-e-morto-a-tiros-no-bairro-santa-ines\/"},"modified":"2020-08-04T16:53:20","modified_gmt":"2020-08-04T16:53:20","slug":"adolescente-e-morto-a-tiros-no-bairro-santa-ines","status":"publish","type":"post","link":"https:\/\/nk7-testes.com.br\/agazeta\/adolescente-e-morto-a-tiros-no-bairro-santa-ines\/","title":{"rendered":"Adolescente \u00e9 morto a tiros no bairro Santa In\u00eas"},"content":{"rendered":"<p style=\"text-align: justify;\">Garoto foi atingido com tr\u00eas disparos de arma de fogo<\/p>\n<p style=\"text-align: justify;\">Um adolescente de 14 anos foi assassinado na tarde desta segunda-feira (03), no bairro Santa In\u00eas. Segundo informa\u00e7\u00f5es de familiares, o jovem foi baleado tr\u00eas vezes, um tiro atingiu o rosto e os outros dois atingiram o corpo da v\u00edtima.<\/p>\n<p style=\"text-align: justify;\">e acordo com informa\u00e7\u00f5es da Delegacia de Homic\u00eddio e Prote\u00e7\u00e3o a Pessoa (DHPP), o jovem estava na casa da fam\u00edlia quando o suspeito chegou de bicicleta, o chamou pelo nome no port\u00e3o, quando o adolescente saiu, o suspeito disparou v\u00e1rias vezes contra o garoto.<\/p>\n<p style=\"text-align: justify;\">Ainda de acordo com a pol\u00edcia, dois homens em uma moto preta chegaram em seguida e juntos os suspeitos fugiram. Uma viatura do Samu foi acionada, mas quando os m\u00e9dicos chegaram ao local do crime o adolescente j\u00e1 estava morto.<\/p>\n<p style=\"text-align: justify;\">A tia do adolescente pede justi\u00e7a e diz que o jovem n\u00e3o tinha envolvimento com organiza\u00e7\u00f5es criminosas, \u201cele tinha apenas 14 anos, ia fazer anivers\u00e1rio dia 16 e infelizmente isso aconteceu. S\u00f3 pedimos justi\u00e7a, ele era s\u00f3 uma crian\u00e7a, n\u00e3o tinha envolvimento com fac\u00e7\u00e3o\u201d, diz.<\/p>\n<p style=\"text-align: justify;\">A Pol\u00edcia Militar fez buscas e um cerco na regi\u00e3o, mas n\u00e3o conseguiu localizar os suspeitos.<\/p>\n","protected":false},"excerpt":{"rendered":"<p style=\"text-align: justify;\">Garoto foi atingido com tr\u00eas disparos de arma de fogo<\/p>\n","protected":false},"author":4,"featured_media":49219,"comment_status":"open","ping_status":"open","sticky":false,"template":"","format":"standard","meta":{"jnews-multi-image_gallery":[],"jnews_single_post":[],"jnews_primary_category":[],"jnews_social_meta":[],"jnews_review":[],"enable_review":"","type":"","name":"","summary":"","brand":"","sku":"","good":[],"bad":[],"score_override":"","override_value":"","rating":[],"price":[],"footnotes":""},"categories":[44],"tags":[],"class_list":["post-49220","post","type-post","status-publish","format-standard","has-post-thumbnail","hentry","category-policia"],"yoast_head":"<!-- This site is optimized with the Yoast SEO plugin v26.5 - https:\/\/yoast.com\/wordpress\/plugins\/seo\/ -->\n<title>Adolescente \u00e9 morto a tiros no bairro Santa In\u00eas - Agazeta.net<\/title>\n<meta name=\"robots\" content=\"index, follow, max-snippet:-1, max-image-preview:large, max-video-preview:-1\" \/>\n<link rel=\"canonical\" href=\"https:\/\/nk7-testes.com.br\/agazeta\/adolescente-e-morto-a-tiros-no-bairro-santa-ines\/\" \/>\n<meta property=\"og:locale\" content=\"pt_BR\" \/>\n<meta property=\"og:type\" content=\"article\" \/>\n<meta property=\"og:title\" content=\"Adolescente \u00e9 morto a tiros no bairro Santa In\u00eas - Agazeta.net\" \/>\n<meta property=\"og:description\" content=\"Garoto foi atingido com tr\u00eas disparos de arma de fogo\" \/>\n<meta property=\"og:url\" content=\"https:\/\/nk7-testes.com.br\/agazeta\/adolescente-e-morto-a-tiros-no-bairro-santa-ines\/\" \/>\n<meta property=\"og:site_name\" content=\"Agazeta.net\" \/>\n<meta property=\"article:published_time\" content=\"2020-08-04T16:53:20+00:00\" \/>\n<meta property=\"og:image\" content=\"https:\/\/nk7-testes.com.br\/agazeta\/wp-content\/uploads\/2020\/08\/04082020-garoto-morto-santa-ines.jpg\" \/>\n\t<meta property=\"og:image:width\" content=\"458\" \/>\n\t<meta property=\"og:image:height\" content=\"340\" \/>\n\t<meta property=\"og:image:type\" content=\"image\/jpeg\" \/>\n<meta name=\"author\" content=\"Agazeta.Net\" \/>\n<meta name=\"twitter:card\" content=\"summary_large_image\" \/>\n<meta name=\"twitter:label1\" content=\"Escrito por\" \/>\n\t<meta name=\"twitter:data1\" content=\"Agazeta.Net\" \/>\n\t<meta name=\"twitter:label2\" content=\"Est. tempo de leitura\" \/>\n\t<meta name=\"twitter:data2\" content=\"1 minuto\" \/>\n<script type=\"application\/ld+json\" class=\"yoast-schema-graph\">{\"@context\":\"https:\/\/schema.org\",\"@graph\":[{\"@type\":\"WebPage\",\"@id\":\"https:\/\/nk7-testes.com.br\/agazeta\/adolescente-e-morto-a-tiros-no-bairro-santa-ines\/\",\"url\":\"https:\/\/nk7-testes.com.br\/agazeta\/adolescente-e-morto-a-tiros-no-bairro-santa-ines\/\",\"name\":\"Adolescente \u00e9 morto a tiros no bairro Santa In\u00eas - Agazeta.net\",\"isPartOf\":{\"@id\":\"https:\/\/nk7-testes.com.br\/agazeta\/#website\"},\"primaryImageOfPage\":{\"@id\":\"https:\/\/nk7-testes.com.br\/agazeta\/adolescente-e-morto-a-tiros-no-bairro-santa-ines\/#primaryimage\"},\"image\":{\"@id\":\"https:\/\/nk7-testes.com.br\/agazeta\/adolescente-e-morto-a-tiros-no-bairro-santa-ines\/#primaryimage\"},\"thumbnailUrl\":\"https:\/\/nk7-testes.com.br\/agazeta\/wp-content\/uploads\/2020\/08\/04082020-garoto-morto-santa-ines.jpg\",\"datePublished\":\"2020-08-04T16:53:20+00:00\",\"author\":{\"@id\":\"https:\/\/nk7-testes.com.br\/agazeta\/#\/schema\/person\/ff6b39d54d6973bfc57f4140f659b23f\"},\"breadcrumb\":{\"@id\":\"https:\/\/nk7-testes.com.br\/agazeta\/adolescente-e-morto-a-tiros-no-bairro-santa-ines\/#breadcrumb\"},\"inLanguage\":\"pt-BR\",\"potentialAction\":[{\"@type\":\"ReadAction\",\"target\":[\"https:\/\/nk7-testes.com.br\/agazeta\/adolescente-e-morto-a-tiros-no-bairro-santa-ines\/\"]}]},{\"@type\":\"ImageObject\",\"inLanguage\":\"pt-BR\",\"@id\":\"https:\/\/nk7-testes.com.br\/agazeta\/adolescente-e-morto-a-tiros-no-bairro-santa-ines\/#primaryimage\",\"url\":\"https:\/\/nk7-testes.com.br\/agazeta\/wp-content\/uploads\/2020\/08\/04082020-garoto-morto-santa-ines.jpg\",\"contentUrl\":\"https:\/\/nk7-testes.com.br\/agazeta\/wp-content\/uploads\/2020\/08\/04082020-garoto-morto-santa-ines.jpg\",\"width\":458,\"height\":340,\"caption\":\"04082020-garoto-morto-santa-ines\"},{\"@type\":\"BreadcrumbList\",\"@id\":\"https:\/\/nk7-testes.com.br\/agazeta\/adolescente-e-morto-a-tiros-no-bairro-santa-ines\/#breadcrumb\",\"itemListElement\":[{\"@type\":\"ListItem\",\"position\":1,\"name\":\"In\u00edcio\",\"item\":\"https:\/\/nk7-testes.com.br\/agazeta\/\"},{\"@type\":\"ListItem\",\"position\":2,\"name\":\"Adolescente \u00e9 morto a tiros no bairro Santa In\u00eas\"}]},{\"@type\":\"WebSite\",\"@id\":\"https:\/\/nk7-testes.com.br\/agazeta\/#website\",\"url\":\"https:\/\/nk7-testes.com.br\/agazeta\/\",\"name\":\"Agazeta.net\",\"description\":\"Agazeta.net - Not\u00edcias de Rio Branco\/AC\",\"potentialAction\":[{\"@type\":\"SearchAction\",\"target\":{\"@type\":\"EntryPoint\",\"urlTemplate\":\"https:\/\/nk7-testes.com.br\/agazeta\/?s={search_term_string}\"},\"query-input\":{\"@type\":\"PropertyValueSpecification\",\"valueRequired\":true,\"valueName\":\"search_term_string\"}}],\"inLanguage\":\"pt-BR\"},{\"@type\":\"Person\",\"@id\":\"https:\/\/nk7-testes.com.br\/agazeta\/#\/schema\/person\/ff6b39d54d6973bfc57f4140f659b23f\",\"name\":\"Agazeta.Net\",\"url\":\"https:\/\/nk7-testes.com.br\/agazeta\/author\/agazeta\/\"}]}<\/script>\n<!-- \/ Yoast SEO plugin. -->","yoast_head_json":{"title":"Adolescente \u00e9 morto a tiros no bairro Santa In\u00eas - Agazeta.net","robots":{"index":"index","follow":"follow","max-snippet":"max-snippet:-1","max-image-preview":"max-image-preview:large","max-video-preview":"max-video-preview:-1"},"canonical":"https:\/\/nk7-testes.com.br\/agazeta\/adolescente-e-morto-a-tiros-no-bairro-santa-ines\/","og_locale":"pt_BR","og_type":"article","og_title":"Adolescente \u00e9 morto a tiros no bairro Santa In\u00eas - Agazeta.net","og_description":"Garoto foi atingido com tr\u00eas disparos de arma de fogo","og_url":"https:\/\/nk7-testes.com.br\/agazeta\/adolescente-e-morto-a-tiros-no-bairro-santa-ines\/","og_site_name":"Agazeta.net","article_published_time":"2020-08-04T16:53:20+00:00","og_image":[{"width":458,"height":340,"url":"https:\/\/nk7-testes.com.br\/agazeta\/wp-content\/uploads\/2020\/08\/04082020-garoto-morto-santa-ines.jpg","type":"image\/jpeg"}],"author":"Agazeta.Net","twitter_card":"summary_large_image","twitter_misc":{"Escrito por":"Agazeta.Net","Est. tempo de leitura":"1 minuto"},"schema":{"@context":"https:\/\/schema.org","@graph":[{"@type":"WebPage","@id":"https:\/\/nk7-testes.com.br\/agazeta\/adolescente-e-morto-a-tiros-no-bairro-santa-ines\/","url":"https:\/\/nk7-testes.com.br\/agazeta\/adolescente-e-morto-a-tiros-no-bairro-santa-ines\/","name":"Adolescente \u00e9 morto a tiros no bairro Santa In\u00eas - Agazeta.net","isPartOf":{"@id":"https:\/\/nk7-testes.com.br\/agazeta\/#website"},"primaryImageOfPage":{"@id":"https:\/\/nk7-testes.com.br\/agazeta\/adolescente-e-morto-a-tiros-no-bairro-santa-ines\/#primaryimage"},"image":{"@id":"https:\/\/nk7-testes.com.br\/agazeta\/adolescente-e-morto-a-tiros-no-bairro-santa-ines\/#primaryimage"},"thumbnailUrl":"https:\/\/nk7-testes.com.br\/agazeta\/wp-content\/uploads\/2020\/08\/04082020-garoto-morto-santa-ines.jpg","datePublished":"2020-08-04T16:53:20+00:00","author":{"@id":"https:\/\/nk7-testes.com.br\/agazeta\/#\/schema\/person\/ff6b39d54d6973bfc57f4140f659b23f"},"breadcrumb":{"@id":"https:\/\/nk7-testes.com.br\/agazeta\/adolescente-e-morto-a-tiros-no-bairro-santa-ines\/#breadcrumb"},"inLanguage":"pt-BR","potentialAction":[{"@type":"ReadAction","target":["https:\/\/nk7-testes.com.br\/agazeta\/adolescente-e-morto-a-tiros-no-bairro-santa-ines\/"]}]},{"@type":"ImageObject","inLanguage":"pt-BR","@id":"https:\/\/nk7-testes.com.br\/agazeta\/adolescente-e-morto-a-tiros-no-bairro-santa-ines\/#primaryimage","url":"https:\/\/nk7-testes.com.br\/agazeta\/wp-content\/uploads\/2020\/08\/04082020-garoto-morto-santa-ines.jpg","contentUrl":"https:\/\/nk7-testes.com.br\/agazeta\/wp-content\/uploads\/2020\/08\/04082020-garoto-morto-santa-ines.jpg","width":458,"height":340,"caption":"04082020-garoto-morto-santa-ines"},{"@type":"BreadcrumbList","@id":"https:\/\/nk7-testes.com.br\/agazeta\/adolescente-e-morto-a-tiros-no-bairro-santa-ines\/#breadcrumb","itemListElement":[{"@type":"ListItem","position":1,"name":"In\u00edcio","item":"https:\/\/nk7-testes.com.br\/agazeta\/"},{"@type":"ListItem","position":2,"name":"Adolescente \u00e9 morto a tiros no bairro Santa In\u00eas"}]},{"@type":"WebSite","@id":"https:\/\/nk7-testes.com.br\/agazeta\/#website","url":"https:\/\/nk7-testes.com.br\/agazeta\/","name":"Agazeta.net","description":"Agazeta.net - Not\u00edcias de Rio Branco\/AC","potentialAction":[{"@type":"SearchAction","target":{"@type":"EntryPoint","urlTemplate":"https:\/\/nk7-testes.com.br\/agazeta\/?s={search_term_string}"},"query-input":{"@type":"PropertyValueSpecification","valueRequired":true,"valueName":"search_term_string"}}],"inLanguage":"pt-BR"},{"@type":"Person","@id":"https:\/\/nk7-testes.com.br\/agazeta\/#\/schema\/person\/ff6b39d54d6973bfc57f4140f659b23f","name":"Agazeta.Net","url":"https:\/\/nk7-testes.com.br\/agazeta\/author\/agazeta\/"}]}},"_links":{"self":[{"href":"https:\/\/nk7-testes.com.br\/agazeta\/wp-json\/wp\/v2\/posts\/49220","targetHints":{"allow":["GET"]}}],"collection":[{"href":"https:\/\/nk7-testes.com.br\/agazeta\/wp-json\/wp\/v2\/posts"}],"about":[{"href":"https:\/\/nk7-testes.com.br\/agazeta\/wp-json\/wp\/v2\/types\/post"}],"author":[{"embeddable":true,"href":"https:\/\/nk7-testes.com.br\/agazeta\/wp-json\/wp\/v2\/users\/4"}],"replies":[{"embeddable":true,"href":"https:\/\/nk7-testes.com.br\/agazeta\/wp-json\/wp\/v2\/comments?post=49220"}],"version-history":[{"count":0,"href":"https:\/\/nk7-testes.com.br\/agazeta\/wp-json\/wp\/v2\/posts\/49220\/revisions"}],"wp:featuredmedia":[{"embeddable":true,"href":"https:\/\/nk7-testes.com.br\/agazeta\/wp-json\/wp\/v2\/media\/49219"}],"wp:attachment":[{"href":"https:\/\/nk7-testes.com.br\/agazeta\/wp-json\/wp\/v2\/media?parent=49220"}],"wp:term":[{"taxonomy":"category","embeddable":true,"href":"https:\/\/nk7-testes.com.br\/agazeta\/wp-json\/wp\/v2\/categories?post=49220"},{"taxonomy":"post_tag","embeddable":true,"href":"https:\/\/nk7-testes.com.br\/agazeta\/wp-json\/wp\/v2\/tags?post=49220"}],"curies":[{"name":"wp","href":"https:\/\/api.w.org\/{rel}","templated":true}]}}