{"id":49136,"date":"2020-07-30T21:46:18","date_gmt":"2020-07-30T21:46:18","guid":{"rendered":"https:\/\/abarevegan.com.br\/index.php\/2020\/07\/30\/prf-realiza-campanha-de-combate-ao-trafico-de-seres-humanos-no-acre\/"},"modified":"2020-07-30T21:46:18","modified_gmt":"2020-07-30T21:46:18","slug":"prf-realiza-campanha-de-combate-ao-trafico-de-seres-humanos-no-acre","status":"publish","type":"post","link":"https:\/\/nk7-testes.com.br\/agazeta\/prf-realiza-campanha-de-combate-ao-trafico-de-seres-humanos-no-acre\/","title":{"rendered":"PRF realiza campanha de combate ao tr\u00e1fico de pessoas"},"content":{"rendered":"<p>P\u00fablico alcan\u00e7ado foi motoristas e passageiros<\/p>\n<p style=\"text-align: justify;\">A Pol\u00edcia Rodovi\u00e1ria Federal (PRF) e diversos parceiros est\u00e3o desenvolvendo v\u00e1rias a\u00e7\u00f5es em alus\u00e3o \u00e0 Campanha Mundial de Combate ao Tr\u00e1fico de Pessoas. As atividades da Semana Nacional de Enfrentamento ao Tr\u00e1fico de Seres Humanos come\u00e7aram na \u00faltima segunda-feira (27).<\/p>\n<p style=\"text-align: justify;\">Est\u00e3o entre as atividades reuni\u00f5es com integrantes dos Conselhos Tutelares, participa\u00e7\u00f5es em redes sociais, entrevistas, eventos educativos e ostensivos. S\u00e3o objetivos da campanha conscientizar a sociedade contra os atos atentat\u00f3rios \u00e0 dignidade humana, informar os canais para den\u00fancia, incentivar a integra\u00e7\u00e3o entre os \u00f3rg\u00e3os participantes e realizar fiscaliza\u00e7\u00f5es para combater essas pr\u00e1ticas, principalmente, na regi\u00e3o de fronteira.<\/p>\n<p style=\"text-align: justify;\">Nesta quinta-feira (30), Dia Internacional de Combate ao Tr\u00e1fico de Seres Humanos, a PRF realizou abordagens educativas, ostensivas e distribuiu materiais informativos, em parceria com a Secret\u00e1ria Estadual de Assist\u00eancia Social, dos Direitos Humanos e de Pol\u00edticas para as Mulheres (SEASDHM).<\/p>\n<p style=\"text-align: justify;\">O p\u00fablico alcan\u00e7ado pelas informa\u00e7\u00f5es foi motoristas e passageiros; al\u00e9m disso, os PRFs fiscalizaram os viajantes, com foco nas pessoas mais suscet\u00edveis ao tr\u00e1fico humano: crian\u00e7as e adolescentes do g\u00eanero feminino, mulheres jovens e estrangeiros. As a\u00e7\u00f5es aconteceram na BR-317, na Unidade Operacional da PRF, em Xapuri, interior do estado do Acre, e nas proximidades da fronteira.<\/p>\n<p style=\"text-align: justify;\">Dicas para se proteger<\/p>\n<p style=\"text-align: justify;\">A PRF orienta algumas formas de preven\u00e7\u00e3o contra os crimes que atentam contra a dignidade humana: duvidar de propostas de emprego f\u00e1cil, nunca aceitar caronas de pessoas estranhas, n\u00e3o disponibilizar c\u00f3pias de documentos pessoais (identidade e passaporte, por exemplo); no caso de realizar viagens, deixar contato e local de onde ir\u00e1 se hospedar com parentes e, sempre que poss\u00edvel, avisar amigos e familiares situa\u00e7\u00f5es suspeitas, independentemente do tipo e destino da viagem.<\/p>\n<p style=\"text-align: justify;\">Em caso de Tr\u00e1fico de Pessoas e demais crimes, fa\u00e7a den\u00fancia pelo n\u00famero 180, Disque 100 ou pelo telefone da PRF 191.<\/p>\n","protected":false},"excerpt":{"rendered":"<p>P\u00fablico alcan\u00e7ado foi motoristas e passageiros<\/p>\n","protected":false},"author":4,"featured_media":49135,"comment_status":"open","ping_status":"open","sticky":false,"template":"","format":"standard","meta":{"jnews-multi-image_gallery":[],"jnews_single_post":[],"jnews_primary_category":[],"jnews_social_meta":[],"jnews_review":[],"enable_review":"","type":"","name":"","summary":"","brand":"","sku":"","good":[],"bad":[],"score_override":"","override_value":"","rating":[],"price":[],"footnotes":""},"categories":[44],"tags":[],"class_list":["post-49136","post","type-post","status-publish","format-standard","has-post-thumbnail","hentry","category-policia"],"yoast_head":"<!-- This site is optimized with the Yoast SEO plugin v26.5 - https:\/\/yoast.com\/wordpress\/plugins\/seo\/ -->\n<title>PRF realiza campanha de combate ao tr\u00e1fico de pessoas - Agazeta.net<\/title>\n<meta name=\"robots\" content=\"index, follow, max-snippet:-1, max-image-preview:large, max-video-preview:-1\" \/>\n<link rel=\"canonical\" href=\"https:\/\/nk7-testes.com.br\/agazeta\/prf-realiza-campanha-de-combate-ao-trafico-de-seres-humanos-no-acre\/\" \/>\n<meta property=\"og:locale\" content=\"pt_BR\" \/>\n<meta property=\"og:type\" content=\"article\" \/>\n<meta property=\"og:title\" content=\"PRF realiza campanha de combate ao tr\u00e1fico de pessoas - Agazeta.net\" \/>\n<meta property=\"og:description\" content=\"P\u00fablico alcan\u00e7ado foi motoristas e passageiros\" \/>\n<meta property=\"og:url\" content=\"https:\/\/nk7-testes.com.br\/agazeta\/prf-realiza-campanha-de-combate-ao-trafico-de-seres-humanos-no-acre\/\" \/>\n<meta property=\"og:site_name\" content=\"Agazeta.net\" \/>\n<meta property=\"article:published_time\" content=\"2020-07-30T21:46:18+00:00\" \/>\n<meta property=\"og:image\" content=\"https:\/\/nk7-testes.com.br\/agazeta\/wp-content\/uploads\/2020\/07\/30-07-20-prf-campanha-trafico-de-pessoas.jpg\" \/>\n\t<meta property=\"og:image:width\" content=\"458\" \/>\n\t<meta property=\"og:image:height\" content=\"340\" \/>\n\t<meta property=\"og:image:type\" content=\"image\/jpeg\" \/>\n<meta name=\"author\" content=\"Agazeta.Net\" \/>\n<meta name=\"twitter:card\" content=\"summary_large_image\" \/>\n<meta name=\"twitter:label1\" content=\"Escrito por\" \/>\n\t<meta name=\"twitter:data1\" content=\"Agazeta.Net\" \/>\n\t<meta name=\"twitter:label2\" content=\"Est. tempo de leitura\" \/>\n\t<meta name=\"twitter:data2\" content=\"2 minutos\" \/>\n<script type=\"application\/ld+json\" class=\"yoast-schema-graph\">{\"@context\":\"https:\/\/schema.org\",\"@graph\":[{\"@type\":\"WebPage\",\"@id\":\"https:\/\/nk7-testes.com.br\/agazeta\/prf-realiza-campanha-de-combate-ao-trafico-de-seres-humanos-no-acre\/\",\"url\":\"https:\/\/nk7-testes.com.br\/agazeta\/prf-realiza-campanha-de-combate-ao-trafico-de-seres-humanos-no-acre\/\",\"name\":\"PRF realiza campanha de combate ao tr\u00e1fico de pessoas - Agazeta.net\",\"isPartOf\":{\"@id\":\"https:\/\/nk7-testes.com.br\/agazeta\/#website\"},\"primaryImageOfPage\":{\"@id\":\"https:\/\/nk7-testes.com.br\/agazeta\/prf-realiza-campanha-de-combate-ao-trafico-de-seres-humanos-no-acre\/#primaryimage\"},\"image\":{\"@id\":\"https:\/\/nk7-testes.com.br\/agazeta\/prf-realiza-campanha-de-combate-ao-trafico-de-seres-humanos-no-acre\/#primaryimage\"},\"thumbnailUrl\":\"https:\/\/nk7-testes.com.br\/agazeta\/wp-content\/uploads\/2020\/07\/30-07-20-prf-campanha-trafico-de-pessoas.jpg\",\"datePublished\":\"2020-07-30T21:46:18+00:00\",\"author\":{\"@id\":\"https:\/\/nk7-testes.com.br\/agazeta\/#\/schema\/person\/ff6b39d54d6973bfc57f4140f659b23f\"},\"breadcrumb\":{\"@id\":\"https:\/\/nk7-testes.com.br\/agazeta\/prf-realiza-campanha-de-combate-ao-trafico-de-seres-humanos-no-acre\/#breadcrumb\"},\"inLanguage\":\"pt-BR\",\"potentialAction\":[{\"@type\":\"ReadAction\",\"target\":[\"https:\/\/nk7-testes.com.br\/agazeta\/prf-realiza-campanha-de-combate-ao-trafico-de-seres-humanos-no-acre\/\"]}]},{\"@type\":\"ImageObject\",\"inLanguage\":\"pt-BR\",\"@id\":\"https:\/\/nk7-testes.com.br\/agazeta\/prf-realiza-campanha-de-combate-ao-trafico-de-seres-humanos-no-acre\/#primaryimage\",\"url\":\"https:\/\/nk7-testes.com.br\/agazeta\/wp-content\/uploads\/2020\/07\/30-07-20-prf-campanha-trafico-de-pessoas.jpg\",\"contentUrl\":\"https:\/\/nk7-testes.com.br\/agazeta\/wp-content\/uploads\/2020\/07\/30-07-20-prf-campanha-trafico-de-pessoas.jpg\",\"width\":458,\"height\":340,\"caption\":\"30-07-20-prf-campanha-trafico-de-pessoas\"},{\"@type\":\"BreadcrumbList\",\"@id\":\"https:\/\/nk7-testes.com.br\/agazeta\/prf-realiza-campanha-de-combate-ao-trafico-de-seres-humanos-no-acre\/#breadcrumb\",\"itemListElement\":[{\"@type\":\"ListItem\",\"position\":1,\"name\":\"In\u00edcio\",\"item\":\"https:\/\/nk7-testes.com.br\/agazeta\/\"},{\"@type\":\"ListItem\",\"position\":2,\"name\":\"PRF realiza campanha de combate ao tr\u00e1fico de pessoas\"}]},{\"@type\":\"WebSite\",\"@id\":\"https:\/\/nk7-testes.com.br\/agazeta\/#website\",\"url\":\"https:\/\/nk7-testes.com.br\/agazeta\/\",\"name\":\"Agazeta.net\",\"description\":\"Agazeta.net - Not\u00edcias de Rio Branco\/AC\",\"potentialAction\":[{\"@type\":\"SearchAction\",\"target\":{\"@type\":\"EntryPoint\",\"urlTemplate\":\"https:\/\/nk7-testes.com.br\/agazeta\/?s={search_term_string}\"},\"query-input\":{\"@type\":\"PropertyValueSpecification\",\"valueRequired\":true,\"valueName\":\"search_term_string\"}}],\"inLanguage\":\"pt-BR\"},{\"@type\":\"Person\",\"@id\":\"https:\/\/nk7-testes.com.br\/agazeta\/#\/schema\/person\/ff6b39d54d6973bfc57f4140f659b23f\",\"name\":\"Agazeta.Net\",\"url\":\"https:\/\/nk7-testes.com.br\/agazeta\/author\/agazeta\/\"}]}<\/script>\n<!-- \/ Yoast SEO plugin. -->","yoast_head_json":{"title":"PRF realiza campanha de combate ao tr\u00e1fico de pessoas - Agazeta.net","robots":{"index":"index","follow":"follow","max-snippet":"max-snippet:-1","max-image-preview":"max-image-preview:large","max-video-preview":"max-video-preview:-1"},"canonical":"https:\/\/nk7-testes.com.br\/agazeta\/prf-realiza-campanha-de-combate-ao-trafico-de-seres-humanos-no-acre\/","og_locale":"pt_BR","og_type":"article","og_title":"PRF realiza campanha de combate ao tr\u00e1fico de pessoas - Agazeta.net","og_description":"P\u00fablico alcan\u00e7ado foi motoristas e passageiros","og_url":"https:\/\/nk7-testes.com.br\/agazeta\/prf-realiza-campanha-de-combate-ao-trafico-de-seres-humanos-no-acre\/","og_site_name":"Agazeta.net","article_published_time":"2020-07-30T21:46:18+00:00","og_image":[{"width":458,"height":340,"url":"https:\/\/nk7-testes.com.br\/agazeta\/wp-content\/uploads\/2020\/07\/30-07-20-prf-campanha-trafico-de-pessoas.jpg","type":"image\/jpeg"}],"author":"Agazeta.Net","twitter_card":"summary_large_image","twitter_misc":{"Escrito por":"Agazeta.Net","Est. tempo de leitura":"2 minutos"},"schema":{"@context":"https:\/\/schema.org","@graph":[{"@type":"WebPage","@id":"https:\/\/nk7-testes.com.br\/agazeta\/prf-realiza-campanha-de-combate-ao-trafico-de-seres-humanos-no-acre\/","url":"https:\/\/nk7-testes.com.br\/agazeta\/prf-realiza-campanha-de-combate-ao-trafico-de-seres-humanos-no-acre\/","name":"PRF realiza campanha de combate ao tr\u00e1fico de pessoas - Agazeta.net","isPartOf":{"@id":"https:\/\/nk7-testes.com.br\/agazeta\/#website"},"primaryImageOfPage":{"@id":"https:\/\/nk7-testes.com.br\/agazeta\/prf-realiza-campanha-de-combate-ao-trafico-de-seres-humanos-no-acre\/#primaryimage"},"image":{"@id":"https:\/\/nk7-testes.com.br\/agazeta\/prf-realiza-campanha-de-combate-ao-trafico-de-seres-humanos-no-acre\/#primaryimage"},"thumbnailUrl":"https:\/\/nk7-testes.com.br\/agazeta\/wp-content\/uploads\/2020\/07\/30-07-20-prf-campanha-trafico-de-pessoas.jpg","datePublished":"2020-07-30T21:46:18+00:00","author":{"@id":"https:\/\/nk7-testes.com.br\/agazeta\/#\/schema\/person\/ff6b39d54d6973bfc57f4140f659b23f"},"breadcrumb":{"@id":"https:\/\/nk7-testes.com.br\/agazeta\/prf-realiza-campanha-de-combate-ao-trafico-de-seres-humanos-no-acre\/#breadcrumb"},"inLanguage":"pt-BR","potentialAction":[{"@type":"ReadAction","target":["https:\/\/nk7-testes.com.br\/agazeta\/prf-realiza-campanha-de-combate-ao-trafico-de-seres-humanos-no-acre\/"]}]},{"@type":"ImageObject","inLanguage":"pt-BR","@id":"https:\/\/nk7-testes.com.br\/agazeta\/prf-realiza-campanha-de-combate-ao-trafico-de-seres-humanos-no-acre\/#primaryimage","url":"https:\/\/nk7-testes.com.br\/agazeta\/wp-content\/uploads\/2020\/07\/30-07-20-prf-campanha-trafico-de-pessoas.jpg","contentUrl":"https:\/\/nk7-testes.com.br\/agazeta\/wp-content\/uploads\/2020\/07\/30-07-20-prf-campanha-trafico-de-pessoas.jpg","width":458,"height":340,"caption":"30-07-20-prf-campanha-trafico-de-pessoas"},{"@type":"BreadcrumbList","@id":"https:\/\/nk7-testes.com.br\/agazeta\/prf-realiza-campanha-de-combate-ao-trafico-de-seres-humanos-no-acre\/#breadcrumb","itemListElement":[{"@type":"ListItem","position":1,"name":"In\u00edcio","item":"https:\/\/nk7-testes.com.br\/agazeta\/"},{"@type":"ListItem","position":2,"name":"PRF realiza campanha de combate ao tr\u00e1fico de pessoas"}]},{"@type":"WebSite","@id":"https:\/\/nk7-testes.com.br\/agazeta\/#website","url":"https:\/\/nk7-testes.com.br\/agazeta\/","name":"Agazeta.net","description":"Agazeta.net - Not\u00edcias de Rio Branco\/AC","potentialAction":[{"@type":"SearchAction","target":{"@type":"EntryPoint","urlTemplate":"https:\/\/nk7-testes.com.br\/agazeta\/?s={search_term_string}"},"query-input":{"@type":"PropertyValueSpecification","valueRequired":true,"valueName":"search_term_string"}}],"inLanguage":"pt-BR"},{"@type":"Person","@id":"https:\/\/nk7-testes.com.br\/agazeta\/#\/schema\/person\/ff6b39d54d6973bfc57f4140f659b23f","name":"Agazeta.Net","url":"https:\/\/nk7-testes.com.br\/agazeta\/author\/agazeta\/"}]}},"_links":{"self":[{"href":"https:\/\/nk7-testes.com.br\/agazeta\/wp-json\/wp\/v2\/posts\/49136","targetHints":{"allow":["GET"]}}],"collection":[{"href":"https:\/\/nk7-testes.com.br\/agazeta\/wp-json\/wp\/v2\/posts"}],"about":[{"href":"https:\/\/nk7-testes.com.br\/agazeta\/wp-json\/wp\/v2\/types\/post"}],"author":[{"embeddable":true,"href":"https:\/\/nk7-testes.com.br\/agazeta\/wp-json\/wp\/v2\/users\/4"}],"replies":[{"embeddable":true,"href":"https:\/\/nk7-testes.com.br\/agazeta\/wp-json\/wp\/v2\/comments?post=49136"}],"version-history":[{"count":0,"href":"https:\/\/nk7-testes.com.br\/agazeta\/wp-json\/wp\/v2\/posts\/49136\/revisions"}],"wp:featuredmedia":[{"embeddable":true,"href":"https:\/\/nk7-testes.com.br\/agazeta\/wp-json\/wp\/v2\/media\/49135"}],"wp:attachment":[{"href":"https:\/\/nk7-testes.com.br\/agazeta\/wp-json\/wp\/v2\/media?parent=49136"}],"wp:term":[{"taxonomy":"category","embeddable":true,"href":"https:\/\/nk7-testes.com.br\/agazeta\/wp-json\/wp\/v2\/categories?post=49136"},{"taxonomy":"post_tag","embeddable":true,"href":"https:\/\/nk7-testes.com.br\/agazeta\/wp-json\/wp\/v2\/tags?post=49136"}],"curies":[{"name":"wp","href":"https:\/\/api.w.org\/{rel}","templated":true}]}}