{"id":49099,"date":"2020-07-29T15:44:43","date_gmt":"2020-07-29T15:44:43","guid":{"rendered":"https:\/\/abarevegan.com.br\/index.php\/2020\/07\/29\/prf-prende-homem-transportando-em-fundo-falso-de-carro\/"},"modified":"2020-07-29T15:44:43","modified_gmt":"2020-07-29T15:44:43","slug":"prf-prende-homem-transportando-em-fundo-falso-de-carro","status":"publish","type":"post","link":"https:\/\/nk7-testes.com.br\/agazeta\/prf-prende-homem-transportando-em-fundo-falso-de-carro\/","title":{"rendered":"PRF prende homem com droga em fundo falso de carro"},"content":{"rendered":"<p style=\"text-align: justify;\">Foram encontrados mais de 2 Kg de pasta-base de coca\u00edna<\/p>\n<p style=\"text-align: justify;\">Policiais rodovi\u00e1rios federais prenderam homem, de 39 anos, por tr\u00e1fico de drogas. O suspeito estava num ve\u00edculo e foi abordado na BR-317, em Senador Guiomard.<\/p>\n<p style=\"text-align: justify;\">De acordo com os policiais, o motorista teria ficado nervoso e diante da suspeita eles decidiram revistar o ve\u00edculo.<\/p>\n<p style=\"text-align: justify;\">Durante a vistoria os policiais encontraram dois tabletes de drogas num fundo falso, debaixo do banco traseiro.<\/p>\n<p style=\"text-align: justify;\">O suspeito acabou revelando que teria comprado a droga por R$ 13 mil, na cidade de Brasileia, e levaria o material para ser vendido em Ji-Paran\u00e1 (RO).<\/p>\n","protected":false},"excerpt":{"rendered":"<p style=\"text-align: justify;\">Foram encontrados mais de 2 Kg de pasta-base de coca\u00edna<\/p>\n","protected":false},"author":4,"featured_media":49098,"comment_status":"open","ping_status":"open","sticky":false,"template":"","format":"standard","meta":{"jnews-multi-image_gallery":[],"jnews_single_post":[],"jnews_primary_category":[],"jnews_social_meta":[],"jnews_review":[],"enable_review":"","type":"","name":"","summary":"","brand":"","sku":"","good":[],"bad":[],"score_override":"","override_value":"","rating":[],"price":[],"footnotes":""},"categories":[44],"tags":[],"class_list":["post-49099","post","type-post","status-publish","format-standard","has-post-thumbnail","hentry","category-policia"],"yoast_head":"<!-- This site is optimized with the Yoast SEO plugin v26.5 - https:\/\/yoast.com\/wordpress\/plugins\/seo\/ -->\n<title>PRF prende homem com droga em fundo falso de carro - Agazeta.net<\/title>\n<meta name=\"robots\" content=\"index, follow, max-snippet:-1, max-image-preview:large, max-video-preview:-1\" \/>\n<link rel=\"canonical\" href=\"https:\/\/nk7-testes.com.br\/agazeta\/prf-prende-homem-transportando-em-fundo-falso-de-carro\/\" \/>\n<meta property=\"og:locale\" content=\"pt_BR\" \/>\n<meta property=\"og:type\" content=\"article\" \/>\n<meta property=\"og:title\" content=\"PRF prende homem com droga em fundo falso de carro - Agazeta.net\" \/>\n<meta property=\"og:description\" content=\"Foram encontrados mais de 2 Kg de pasta-base de coca\u00edna\" \/>\n<meta property=\"og:url\" content=\"https:\/\/nk7-testes.com.br\/agazeta\/prf-prende-homem-transportando-em-fundo-falso-de-carro\/\" \/>\n<meta property=\"og:site_name\" content=\"Agazeta.net\" \/>\n<meta property=\"article:published_time\" content=\"2020-07-29T15:44:43+00:00\" \/>\n<meta property=\"og:image\" content=\"https:\/\/nk7-testes.com.br\/agazeta\/wp-content\/uploads\/2020\/07\/29072020-apreensaodedroga.jpg\" \/>\n\t<meta property=\"og:image:width\" content=\"458\" \/>\n\t<meta property=\"og:image:height\" content=\"340\" \/>\n\t<meta property=\"og:image:type\" content=\"image\/jpeg\" \/>\n<meta name=\"author\" content=\"Agazeta.Net\" \/>\n<meta name=\"twitter:card\" content=\"summary_large_image\" \/>\n<meta name=\"twitter:label1\" content=\"Escrito por\" \/>\n\t<meta name=\"twitter:data1\" content=\"Agazeta.Net\" \/>\n\t<meta name=\"twitter:label2\" content=\"Est. tempo de leitura\" \/>\n\t<meta name=\"twitter:data2\" content=\"1 minuto\" \/>\n<script type=\"application\/ld+json\" class=\"yoast-schema-graph\">{\"@context\":\"https:\/\/schema.org\",\"@graph\":[{\"@type\":\"WebPage\",\"@id\":\"https:\/\/nk7-testes.com.br\/agazeta\/prf-prende-homem-transportando-em-fundo-falso-de-carro\/\",\"url\":\"https:\/\/nk7-testes.com.br\/agazeta\/prf-prende-homem-transportando-em-fundo-falso-de-carro\/\",\"name\":\"PRF prende homem com droga em fundo falso de carro - Agazeta.net\",\"isPartOf\":{\"@id\":\"https:\/\/nk7-testes.com.br\/agazeta\/#website\"},\"primaryImageOfPage\":{\"@id\":\"https:\/\/nk7-testes.com.br\/agazeta\/prf-prende-homem-transportando-em-fundo-falso-de-carro\/#primaryimage\"},\"image\":{\"@id\":\"https:\/\/nk7-testes.com.br\/agazeta\/prf-prende-homem-transportando-em-fundo-falso-de-carro\/#primaryimage\"},\"thumbnailUrl\":\"https:\/\/nk7-testes.com.br\/agazeta\/wp-content\/uploads\/2020\/07\/29072020-apreensaodedroga.jpg\",\"datePublished\":\"2020-07-29T15:44:43+00:00\",\"author\":{\"@id\":\"https:\/\/nk7-testes.com.br\/agazeta\/#\/schema\/person\/ff6b39d54d6973bfc57f4140f659b23f\"},\"breadcrumb\":{\"@id\":\"https:\/\/nk7-testes.com.br\/agazeta\/prf-prende-homem-transportando-em-fundo-falso-de-carro\/#breadcrumb\"},\"inLanguage\":\"pt-BR\",\"potentialAction\":[{\"@type\":\"ReadAction\",\"target\":[\"https:\/\/nk7-testes.com.br\/agazeta\/prf-prende-homem-transportando-em-fundo-falso-de-carro\/\"]}]},{\"@type\":\"ImageObject\",\"inLanguage\":\"pt-BR\",\"@id\":\"https:\/\/nk7-testes.com.br\/agazeta\/prf-prende-homem-transportando-em-fundo-falso-de-carro\/#primaryimage\",\"url\":\"https:\/\/nk7-testes.com.br\/agazeta\/wp-content\/uploads\/2020\/07\/29072020-apreensaodedroga.jpg\",\"contentUrl\":\"https:\/\/nk7-testes.com.br\/agazeta\/wp-content\/uploads\/2020\/07\/29072020-apreensaodedroga.jpg\",\"width\":458,\"height\":340,\"caption\":\"29072020-apreensaodedroga\"},{\"@type\":\"BreadcrumbList\",\"@id\":\"https:\/\/nk7-testes.com.br\/agazeta\/prf-prende-homem-transportando-em-fundo-falso-de-carro\/#breadcrumb\",\"itemListElement\":[{\"@type\":\"ListItem\",\"position\":1,\"name\":\"In\u00edcio\",\"item\":\"https:\/\/nk7-testes.com.br\/agazeta\/\"},{\"@type\":\"ListItem\",\"position\":2,\"name\":\"PRF prende homem com droga em fundo falso de carro\"}]},{\"@type\":\"WebSite\",\"@id\":\"https:\/\/nk7-testes.com.br\/agazeta\/#website\",\"url\":\"https:\/\/nk7-testes.com.br\/agazeta\/\",\"name\":\"Agazeta.net\",\"description\":\"Agazeta.net - Not\u00edcias de Rio Branco\/AC\",\"potentialAction\":[{\"@type\":\"SearchAction\",\"target\":{\"@type\":\"EntryPoint\",\"urlTemplate\":\"https:\/\/nk7-testes.com.br\/agazeta\/?s={search_term_string}\"},\"query-input\":{\"@type\":\"PropertyValueSpecification\",\"valueRequired\":true,\"valueName\":\"search_term_string\"}}],\"inLanguage\":\"pt-BR\"},{\"@type\":\"Person\",\"@id\":\"https:\/\/nk7-testes.com.br\/agazeta\/#\/schema\/person\/ff6b39d54d6973bfc57f4140f659b23f\",\"name\":\"Agazeta.Net\",\"url\":\"https:\/\/nk7-testes.com.br\/agazeta\/author\/agazeta\/\"}]}<\/script>\n<!-- \/ Yoast SEO plugin. -->","yoast_head_json":{"title":"PRF prende homem com droga em fundo falso de carro - Agazeta.net","robots":{"index":"index","follow":"follow","max-snippet":"max-snippet:-1","max-image-preview":"max-image-preview:large","max-video-preview":"max-video-preview:-1"},"canonical":"https:\/\/nk7-testes.com.br\/agazeta\/prf-prende-homem-transportando-em-fundo-falso-de-carro\/","og_locale":"pt_BR","og_type":"article","og_title":"PRF prende homem com droga em fundo falso de carro - Agazeta.net","og_description":"Foram encontrados mais de 2 Kg de pasta-base de coca\u00edna","og_url":"https:\/\/nk7-testes.com.br\/agazeta\/prf-prende-homem-transportando-em-fundo-falso-de-carro\/","og_site_name":"Agazeta.net","article_published_time":"2020-07-29T15:44:43+00:00","og_image":[{"width":458,"height":340,"url":"https:\/\/nk7-testes.com.br\/agazeta\/wp-content\/uploads\/2020\/07\/29072020-apreensaodedroga.jpg","type":"image\/jpeg"}],"author":"Agazeta.Net","twitter_card":"summary_large_image","twitter_misc":{"Escrito por":"Agazeta.Net","Est. tempo de leitura":"1 minuto"},"schema":{"@context":"https:\/\/schema.org","@graph":[{"@type":"WebPage","@id":"https:\/\/nk7-testes.com.br\/agazeta\/prf-prende-homem-transportando-em-fundo-falso-de-carro\/","url":"https:\/\/nk7-testes.com.br\/agazeta\/prf-prende-homem-transportando-em-fundo-falso-de-carro\/","name":"PRF prende homem com droga em fundo falso de carro - Agazeta.net","isPartOf":{"@id":"https:\/\/nk7-testes.com.br\/agazeta\/#website"},"primaryImageOfPage":{"@id":"https:\/\/nk7-testes.com.br\/agazeta\/prf-prende-homem-transportando-em-fundo-falso-de-carro\/#primaryimage"},"image":{"@id":"https:\/\/nk7-testes.com.br\/agazeta\/prf-prende-homem-transportando-em-fundo-falso-de-carro\/#primaryimage"},"thumbnailUrl":"https:\/\/nk7-testes.com.br\/agazeta\/wp-content\/uploads\/2020\/07\/29072020-apreensaodedroga.jpg","datePublished":"2020-07-29T15:44:43+00:00","author":{"@id":"https:\/\/nk7-testes.com.br\/agazeta\/#\/schema\/person\/ff6b39d54d6973bfc57f4140f659b23f"},"breadcrumb":{"@id":"https:\/\/nk7-testes.com.br\/agazeta\/prf-prende-homem-transportando-em-fundo-falso-de-carro\/#breadcrumb"},"inLanguage":"pt-BR","potentialAction":[{"@type":"ReadAction","target":["https:\/\/nk7-testes.com.br\/agazeta\/prf-prende-homem-transportando-em-fundo-falso-de-carro\/"]}]},{"@type":"ImageObject","inLanguage":"pt-BR","@id":"https:\/\/nk7-testes.com.br\/agazeta\/prf-prende-homem-transportando-em-fundo-falso-de-carro\/#primaryimage","url":"https:\/\/nk7-testes.com.br\/agazeta\/wp-content\/uploads\/2020\/07\/29072020-apreensaodedroga.jpg","contentUrl":"https:\/\/nk7-testes.com.br\/agazeta\/wp-content\/uploads\/2020\/07\/29072020-apreensaodedroga.jpg","width":458,"height":340,"caption":"29072020-apreensaodedroga"},{"@type":"BreadcrumbList","@id":"https:\/\/nk7-testes.com.br\/agazeta\/prf-prende-homem-transportando-em-fundo-falso-de-carro\/#breadcrumb","itemListElement":[{"@type":"ListItem","position":1,"name":"In\u00edcio","item":"https:\/\/nk7-testes.com.br\/agazeta\/"},{"@type":"ListItem","position":2,"name":"PRF prende homem com droga em fundo falso de carro"}]},{"@type":"WebSite","@id":"https:\/\/nk7-testes.com.br\/agazeta\/#website","url":"https:\/\/nk7-testes.com.br\/agazeta\/","name":"Agazeta.net","description":"Agazeta.net - Not\u00edcias de Rio Branco\/AC","potentialAction":[{"@type":"SearchAction","target":{"@type":"EntryPoint","urlTemplate":"https:\/\/nk7-testes.com.br\/agazeta\/?s={search_term_string}"},"query-input":{"@type":"PropertyValueSpecification","valueRequired":true,"valueName":"search_term_string"}}],"inLanguage":"pt-BR"},{"@type":"Person","@id":"https:\/\/nk7-testes.com.br\/agazeta\/#\/schema\/person\/ff6b39d54d6973bfc57f4140f659b23f","name":"Agazeta.Net","url":"https:\/\/nk7-testes.com.br\/agazeta\/author\/agazeta\/"}]}},"_links":{"self":[{"href":"https:\/\/nk7-testes.com.br\/agazeta\/wp-json\/wp\/v2\/posts\/49099","targetHints":{"allow":["GET"]}}],"collection":[{"href":"https:\/\/nk7-testes.com.br\/agazeta\/wp-json\/wp\/v2\/posts"}],"about":[{"href":"https:\/\/nk7-testes.com.br\/agazeta\/wp-json\/wp\/v2\/types\/post"}],"author":[{"embeddable":true,"href":"https:\/\/nk7-testes.com.br\/agazeta\/wp-json\/wp\/v2\/users\/4"}],"replies":[{"embeddable":true,"href":"https:\/\/nk7-testes.com.br\/agazeta\/wp-json\/wp\/v2\/comments?post=49099"}],"version-history":[{"count":0,"href":"https:\/\/nk7-testes.com.br\/agazeta\/wp-json\/wp\/v2\/posts\/49099\/revisions"}],"wp:featuredmedia":[{"embeddable":true,"href":"https:\/\/nk7-testes.com.br\/agazeta\/wp-json\/wp\/v2\/media\/49098"}],"wp:attachment":[{"href":"https:\/\/nk7-testes.com.br\/agazeta\/wp-json\/wp\/v2\/media?parent=49099"}],"wp:term":[{"taxonomy":"category","embeddable":true,"href":"https:\/\/nk7-testes.com.br\/agazeta\/wp-json\/wp\/v2\/categories?post=49099"},{"taxonomy":"post_tag","embeddable":true,"href":"https:\/\/nk7-testes.com.br\/agazeta\/wp-json\/wp\/v2\/tags?post=49099"}],"curies":[{"name":"wp","href":"https:\/\/api.w.org\/{rel}","templated":true}]}}