{"id":49072,"date":"2020-07-28T15:40:27","date_gmt":"2020-07-28T15:40:27","guid":{"rendered":"https:\/\/abarevegan.com.br\/index.php\/2020\/07\/28\/incendio-a-uma-residencia-e-registrado-no-cidade-nova\/"},"modified":"2020-07-28T15:40:27","modified_gmt":"2020-07-28T15:40:27","slug":"incendio-a-uma-residencia-e-registrado-no-cidade-nova","status":"publish","type":"post","link":"https:\/\/nk7-testes.com.br\/agazeta\/incendio-a-uma-residencia-e-registrado-no-cidade-nova\/","title":{"rendered":"Inc\u00eandio a uma resid\u00eancia \u00e9 registrado no Cidade Nova"},"content":{"rendered":"<p style=\"text-align: justify;\">Casa era pichada com s\u00edmbolos de organiza\u00e7\u00f5es criminosas<\/p>\n<p style=\"text-align: justify;\">Um inc\u00eandio a uma resid\u00eancia foi registrado por volta das 22 horas, na rua Barra do Sol, bairro Cidade Nova.<\/p>\n<p style=\"text-align: justify;\">De acordo com a assessoria do Corpo de Bombeiros, a equipe agiu rapidamente e evitou que as chamas atingissem outras propriedades.<\/p>\n<p style=\"text-align: justify;\">Desconfia-se de que o inc\u00eandio tenha sido criminoso, \u201cas pessoas que estavam l\u00e1 n\u00e3o deram nenhuma informa\u00e7\u00e3o concreta, mas deu pra identificar na casa o s\u00edmbolo de uma fac\u00e7\u00e3o e um outro s\u00edmbolo pintado recentemente\u201d explicou o Major do Corpo de Bombeiros, Cl\u00e1udio Falc\u00e3o.<\/p>\n<p style=\"text-align: justify;\">Vale lembrar tamb\u00e9m que nos \u00faltimos dias <a href=\"policia\/25867-novo-chefe-de-policia-civil-garante-por-fim-a-guerra-entre-faccoes\"><span style=\"color: #0000ff;\">v\u00e1rios crimes foram registrados no bairr<\/span>o<\/a> tendo em vista a guerra entre fac\u00e7\u00f5es pela tomada da venda de drogas no local.<\/p>\n","protected":false},"excerpt":{"rendered":"<p style=\"text-align: justify;\">Casa era pichada com s\u00edmbolos de organiza\u00e7\u00f5es criminosas<\/p>\n","protected":false},"author":4,"featured_media":49071,"comment_status":"open","ping_status":"open","sticky":false,"template":"","format":"standard","meta":{"jnews-multi-image_gallery":[],"jnews_single_post":[],"jnews_primary_category":[],"jnews_social_meta":[],"jnews_review":[],"enable_review":"","type":"","name":"","summary":"","brand":"","sku":"","good":[],"bad":[],"score_override":"","override_value":"","rating":[],"price":[],"footnotes":""},"categories":[44],"tags":[],"class_list":["post-49072","post","type-post","status-publish","format-standard","has-post-thumbnail","hentry","category-policia"],"yoast_head":"<!-- This site is optimized with the Yoast SEO plugin v26.5 - https:\/\/yoast.com\/wordpress\/plugins\/seo\/ -->\n<title>Inc\u00eandio a uma resid\u00eancia \u00e9 registrado no Cidade Nova - Agazeta.net<\/title>\n<meta name=\"robots\" content=\"index, follow, max-snippet:-1, max-image-preview:large, max-video-preview:-1\" \/>\n<link rel=\"canonical\" href=\"https:\/\/nk7-testes.com.br\/agazeta\/incendio-a-uma-residencia-e-registrado-no-cidade-nova\/\" \/>\n<meta property=\"og:locale\" content=\"pt_BR\" \/>\n<meta property=\"og:type\" content=\"article\" \/>\n<meta property=\"og:title\" content=\"Inc\u00eandio a uma resid\u00eancia \u00e9 registrado no Cidade Nova - Agazeta.net\" \/>\n<meta property=\"og:description\" content=\"Casa era pichada com s\u00edmbolos de organiza\u00e7\u00f5es criminosas\" \/>\n<meta property=\"og:url\" content=\"https:\/\/nk7-testes.com.br\/agazeta\/incendio-a-uma-residencia-e-registrado-no-cidade-nova\/\" \/>\n<meta property=\"og:site_name\" content=\"Agazeta.net\" \/>\n<meta property=\"article:published_time\" content=\"2020-07-28T15:40:27+00:00\" \/>\n<meta property=\"og:image\" content=\"https:\/\/nk7-testes.com.br\/agazeta\/wp-content\/uploads\/2020\/07\/28072020-casa-incendiada.jpg\" \/>\n\t<meta property=\"og:image:width\" content=\"458\" \/>\n\t<meta property=\"og:image:height\" content=\"340\" \/>\n\t<meta property=\"og:image:type\" content=\"image\/jpeg\" \/>\n<meta name=\"author\" content=\"Agazeta.Net\" \/>\n<meta name=\"twitter:card\" content=\"summary_large_image\" \/>\n<meta name=\"twitter:label1\" content=\"Escrito por\" \/>\n\t<meta name=\"twitter:data1\" content=\"Agazeta.Net\" \/>\n\t<meta name=\"twitter:label2\" content=\"Est. tempo de leitura\" \/>\n\t<meta name=\"twitter:data2\" content=\"1 minuto\" \/>\n<script type=\"application\/ld+json\" class=\"yoast-schema-graph\">{\"@context\":\"https:\/\/schema.org\",\"@graph\":[{\"@type\":\"WebPage\",\"@id\":\"https:\/\/nk7-testes.com.br\/agazeta\/incendio-a-uma-residencia-e-registrado-no-cidade-nova\/\",\"url\":\"https:\/\/nk7-testes.com.br\/agazeta\/incendio-a-uma-residencia-e-registrado-no-cidade-nova\/\",\"name\":\"Inc\u00eandio a uma resid\u00eancia \u00e9 registrado no Cidade Nova - Agazeta.net\",\"isPartOf\":{\"@id\":\"https:\/\/nk7-testes.com.br\/agazeta\/#website\"},\"primaryImageOfPage\":{\"@id\":\"https:\/\/nk7-testes.com.br\/agazeta\/incendio-a-uma-residencia-e-registrado-no-cidade-nova\/#primaryimage\"},\"image\":{\"@id\":\"https:\/\/nk7-testes.com.br\/agazeta\/incendio-a-uma-residencia-e-registrado-no-cidade-nova\/#primaryimage\"},\"thumbnailUrl\":\"https:\/\/nk7-testes.com.br\/agazeta\/wp-content\/uploads\/2020\/07\/28072020-casa-incendiada.jpg\",\"datePublished\":\"2020-07-28T15:40:27+00:00\",\"author\":{\"@id\":\"https:\/\/nk7-testes.com.br\/agazeta\/#\/schema\/person\/ff6b39d54d6973bfc57f4140f659b23f\"},\"breadcrumb\":{\"@id\":\"https:\/\/nk7-testes.com.br\/agazeta\/incendio-a-uma-residencia-e-registrado-no-cidade-nova\/#breadcrumb\"},\"inLanguage\":\"pt-BR\",\"potentialAction\":[{\"@type\":\"ReadAction\",\"target\":[\"https:\/\/nk7-testes.com.br\/agazeta\/incendio-a-uma-residencia-e-registrado-no-cidade-nova\/\"]}]},{\"@type\":\"ImageObject\",\"inLanguage\":\"pt-BR\",\"@id\":\"https:\/\/nk7-testes.com.br\/agazeta\/incendio-a-uma-residencia-e-registrado-no-cidade-nova\/#primaryimage\",\"url\":\"https:\/\/nk7-testes.com.br\/agazeta\/wp-content\/uploads\/2020\/07\/28072020-casa-incendiada.jpg\",\"contentUrl\":\"https:\/\/nk7-testes.com.br\/agazeta\/wp-content\/uploads\/2020\/07\/28072020-casa-incendiada.jpg\",\"width\":458,\"height\":340,\"caption\":\"28072020-casa-incendiada\"},{\"@type\":\"BreadcrumbList\",\"@id\":\"https:\/\/nk7-testes.com.br\/agazeta\/incendio-a-uma-residencia-e-registrado-no-cidade-nova\/#breadcrumb\",\"itemListElement\":[{\"@type\":\"ListItem\",\"position\":1,\"name\":\"In\u00edcio\",\"item\":\"https:\/\/nk7-testes.com.br\/agazeta\/\"},{\"@type\":\"ListItem\",\"position\":2,\"name\":\"Inc\u00eandio a uma resid\u00eancia \u00e9 registrado no Cidade Nova\"}]},{\"@type\":\"WebSite\",\"@id\":\"https:\/\/nk7-testes.com.br\/agazeta\/#website\",\"url\":\"https:\/\/nk7-testes.com.br\/agazeta\/\",\"name\":\"Agazeta.net\",\"description\":\"Agazeta.net - Not\u00edcias de Rio Branco\/AC\",\"potentialAction\":[{\"@type\":\"SearchAction\",\"target\":{\"@type\":\"EntryPoint\",\"urlTemplate\":\"https:\/\/nk7-testes.com.br\/agazeta\/?s={search_term_string}\"},\"query-input\":{\"@type\":\"PropertyValueSpecification\",\"valueRequired\":true,\"valueName\":\"search_term_string\"}}],\"inLanguage\":\"pt-BR\"},{\"@type\":\"Person\",\"@id\":\"https:\/\/nk7-testes.com.br\/agazeta\/#\/schema\/person\/ff6b39d54d6973bfc57f4140f659b23f\",\"name\":\"Agazeta.Net\",\"url\":\"https:\/\/nk7-testes.com.br\/agazeta\/author\/agazeta\/\"}]}<\/script>\n<!-- \/ Yoast SEO plugin. -->","yoast_head_json":{"title":"Inc\u00eandio a uma resid\u00eancia \u00e9 registrado no Cidade Nova - Agazeta.net","robots":{"index":"index","follow":"follow","max-snippet":"max-snippet:-1","max-image-preview":"max-image-preview:large","max-video-preview":"max-video-preview:-1"},"canonical":"https:\/\/nk7-testes.com.br\/agazeta\/incendio-a-uma-residencia-e-registrado-no-cidade-nova\/","og_locale":"pt_BR","og_type":"article","og_title":"Inc\u00eandio a uma resid\u00eancia \u00e9 registrado no Cidade Nova - Agazeta.net","og_description":"Casa era pichada com s\u00edmbolos de organiza\u00e7\u00f5es criminosas","og_url":"https:\/\/nk7-testes.com.br\/agazeta\/incendio-a-uma-residencia-e-registrado-no-cidade-nova\/","og_site_name":"Agazeta.net","article_published_time":"2020-07-28T15:40:27+00:00","og_image":[{"width":458,"height":340,"url":"https:\/\/nk7-testes.com.br\/agazeta\/wp-content\/uploads\/2020\/07\/28072020-casa-incendiada.jpg","type":"image\/jpeg"}],"author":"Agazeta.Net","twitter_card":"summary_large_image","twitter_misc":{"Escrito por":"Agazeta.Net","Est. tempo de leitura":"1 minuto"},"schema":{"@context":"https:\/\/schema.org","@graph":[{"@type":"WebPage","@id":"https:\/\/nk7-testes.com.br\/agazeta\/incendio-a-uma-residencia-e-registrado-no-cidade-nova\/","url":"https:\/\/nk7-testes.com.br\/agazeta\/incendio-a-uma-residencia-e-registrado-no-cidade-nova\/","name":"Inc\u00eandio a uma resid\u00eancia \u00e9 registrado no Cidade Nova - Agazeta.net","isPartOf":{"@id":"https:\/\/nk7-testes.com.br\/agazeta\/#website"},"primaryImageOfPage":{"@id":"https:\/\/nk7-testes.com.br\/agazeta\/incendio-a-uma-residencia-e-registrado-no-cidade-nova\/#primaryimage"},"image":{"@id":"https:\/\/nk7-testes.com.br\/agazeta\/incendio-a-uma-residencia-e-registrado-no-cidade-nova\/#primaryimage"},"thumbnailUrl":"https:\/\/nk7-testes.com.br\/agazeta\/wp-content\/uploads\/2020\/07\/28072020-casa-incendiada.jpg","datePublished":"2020-07-28T15:40:27+00:00","author":{"@id":"https:\/\/nk7-testes.com.br\/agazeta\/#\/schema\/person\/ff6b39d54d6973bfc57f4140f659b23f"},"breadcrumb":{"@id":"https:\/\/nk7-testes.com.br\/agazeta\/incendio-a-uma-residencia-e-registrado-no-cidade-nova\/#breadcrumb"},"inLanguage":"pt-BR","potentialAction":[{"@type":"ReadAction","target":["https:\/\/nk7-testes.com.br\/agazeta\/incendio-a-uma-residencia-e-registrado-no-cidade-nova\/"]}]},{"@type":"ImageObject","inLanguage":"pt-BR","@id":"https:\/\/nk7-testes.com.br\/agazeta\/incendio-a-uma-residencia-e-registrado-no-cidade-nova\/#primaryimage","url":"https:\/\/nk7-testes.com.br\/agazeta\/wp-content\/uploads\/2020\/07\/28072020-casa-incendiada.jpg","contentUrl":"https:\/\/nk7-testes.com.br\/agazeta\/wp-content\/uploads\/2020\/07\/28072020-casa-incendiada.jpg","width":458,"height":340,"caption":"28072020-casa-incendiada"},{"@type":"BreadcrumbList","@id":"https:\/\/nk7-testes.com.br\/agazeta\/incendio-a-uma-residencia-e-registrado-no-cidade-nova\/#breadcrumb","itemListElement":[{"@type":"ListItem","position":1,"name":"In\u00edcio","item":"https:\/\/nk7-testes.com.br\/agazeta\/"},{"@type":"ListItem","position":2,"name":"Inc\u00eandio a uma resid\u00eancia \u00e9 registrado no Cidade Nova"}]},{"@type":"WebSite","@id":"https:\/\/nk7-testes.com.br\/agazeta\/#website","url":"https:\/\/nk7-testes.com.br\/agazeta\/","name":"Agazeta.net","description":"Agazeta.net - Not\u00edcias de Rio Branco\/AC","potentialAction":[{"@type":"SearchAction","target":{"@type":"EntryPoint","urlTemplate":"https:\/\/nk7-testes.com.br\/agazeta\/?s={search_term_string}"},"query-input":{"@type":"PropertyValueSpecification","valueRequired":true,"valueName":"search_term_string"}}],"inLanguage":"pt-BR"},{"@type":"Person","@id":"https:\/\/nk7-testes.com.br\/agazeta\/#\/schema\/person\/ff6b39d54d6973bfc57f4140f659b23f","name":"Agazeta.Net","url":"https:\/\/nk7-testes.com.br\/agazeta\/author\/agazeta\/"}]}},"_links":{"self":[{"href":"https:\/\/nk7-testes.com.br\/agazeta\/wp-json\/wp\/v2\/posts\/49072","targetHints":{"allow":["GET"]}}],"collection":[{"href":"https:\/\/nk7-testes.com.br\/agazeta\/wp-json\/wp\/v2\/posts"}],"about":[{"href":"https:\/\/nk7-testes.com.br\/agazeta\/wp-json\/wp\/v2\/types\/post"}],"author":[{"embeddable":true,"href":"https:\/\/nk7-testes.com.br\/agazeta\/wp-json\/wp\/v2\/users\/4"}],"replies":[{"embeddable":true,"href":"https:\/\/nk7-testes.com.br\/agazeta\/wp-json\/wp\/v2\/comments?post=49072"}],"version-history":[{"count":0,"href":"https:\/\/nk7-testes.com.br\/agazeta\/wp-json\/wp\/v2\/posts\/49072\/revisions"}],"wp:featuredmedia":[{"embeddable":true,"href":"https:\/\/nk7-testes.com.br\/agazeta\/wp-json\/wp\/v2\/media\/49071"}],"wp:attachment":[{"href":"https:\/\/nk7-testes.com.br\/agazeta\/wp-json\/wp\/v2\/media?parent=49072"}],"wp:term":[{"taxonomy":"category","embeddable":true,"href":"https:\/\/nk7-testes.com.br\/agazeta\/wp-json\/wp\/v2\/categories?post=49072"},{"taxonomy":"post_tag","embeddable":true,"href":"https:\/\/nk7-testes.com.br\/agazeta\/wp-json\/wp\/v2\/tags?post=49072"}],"curies":[{"name":"wp","href":"https:\/\/api.w.org\/{rel}","templated":true}]}}