{"id":49058,"date":"2020-07-27T19:17:40","date_gmt":"2020-07-27T19:17:40","guid":{"rendered":"https:\/\/abarevegan.com.br\/index.php\/2020\/07\/27\/iapen-prorroga-suspensao-de-visitas-aos-presidios-do-acre\/"},"modified":"2020-07-27T19:17:40","modified_gmt":"2020-07-27T19:17:40","slug":"iapen-prorroga-suspensao-de-visitas-aos-presidios-do-acre","status":"publish","type":"post","link":"https:\/\/nk7-testes.com.br\/agazeta\/iapen-prorroga-suspensao-de-visitas-aos-presidios-do-acre\/","title":{"rendered":"Iapen prorroga suspens\u00e3o de visitas aos pres\u00eddios do Acre"},"content":{"rendered":"<p style=\"text-align: justify;\">Informa\u00e7\u00e3o foi publicada no Di\u00e1rio Oficial do Estado<\/p>\n<p style=\"text-align: justify;\">O Instituto de Administra\u00e7\u00e3o Penitenci\u00e1ria (Iapen), divulgou no Di\u00e1rio Oficial desta segunda-feira (27) a prorroga\u00e7\u00e3o de suspens\u00e3o de visitas nos pres\u00eddios do Acre.<\/p>\n<p style=\"text-align: justify;\">O instrumento estabelece o per\u00edodo de mais 15 dias em que apenas as visitas dos advogados s\u00e3o permitidas, sendo limitada a quantidade de quatro detentos por profissional.<\/p>\n<p style=\"text-align: justify;\">A suspens\u00e3o tem efeitos retroativos a contar de 24 de julho e as visitas poder\u00e3o ser restabelecidas antes dos 15 dias, caso as cidades que contam com unidades penitenci\u00e1rias sejam classificadas no n\u00edvel de aten\u00e7\u00e3o identificado pela cor amarela.<\/p>\n<p style=\"text-align: justify;\">De acordo com a publica\u00e7\u00e3o, a decis\u00e3o considera a vig\u00eancia do decreto governamental n\u00ba 5.465, de 16 de mar\u00e7o, que disp\u00f5e sobre medidas tempor\u00e1rias a serem adotadas, no \u00e2mbito do Estado do Acre, para enfrentamento da emerg\u00eancia de sa\u00fade p\u00fablica decorrente da Covid-19.<\/p>\n<p style=\"text-align: justify;\">Tamb\u00e9m considera o decreto governamental n\u00ba 6.206, de 22 de junho, que disp\u00f5e sobre a cria\u00e7\u00e3o do Pacto Acre Sem Covid e a evolu\u00e7\u00e3o da classifica\u00e7\u00e3o dos n\u00edveis de risco por regionais. Al\u00e9m disso, considera a necessidade de manuten\u00e7\u00e3o das medidas de preven\u00e7\u00e3o e combate \u00e0 Covid-19 no \u00e2mbito do Iapen.<\/p>\n<p style=\"text-align: justify;\">Al\u00e9m da prorroga\u00e7\u00e3o, o Iapen decidiu manter as medidas j\u00e1 disciplinadas no Plano de Conting\u00eancia da Institui\u00e7\u00e3o, quanto aos procedimentos a serem adotados pelas ger\u00eancias em \u00e2mbito prisional nos casos de confirma\u00e7\u00e3o de Covid-19.<\/p>\n","protected":false},"excerpt":{"rendered":"<p style=\"text-align: justify;\">Informa\u00e7\u00e3o foi publicada no Di\u00e1rio Oficial do Estado<\/p>\n","protected":false},"author":4,"featured_media":45611,"comment_status":"open","ping_status":"open","sticky":false,"template":"","format":"standard","meta":{"jnews-multi-image_gallery":[],"jnews_single_post":[],"jnews_primary_category":[],"jnews_social_meta":[],"jnews_review":[],"enable_review":"","type":"","name":"","summary":"","brand":"","sku":"","good":[],"bad":[],"score_override":"","override_value":"","rating":[],"price":[],"footnotes":""},"categories":[44],"tags":[],"class_list":["post-49058","post","type-post","status-publish","format-standard","has-post-thumbnail","hentry","category-policia"],"yoast_head":"<!-- This site is optimized with the Yoast SEO plugin v26.5 - https:\/\/yoast.com\/wordpress\/plugins\/seo\/ -->\n<title>Iapen prorroga suspens\u00e3o de visitas aos pres\u00eddios do Acre - Agazeta.net<\/title>\n<meta name=\"robots\" content=\"index, follow, max-snippet:-1, max-image-preview:large, max-video-preview:-1\" \/>\n<link rel=\"canonical\" href=\"https:\/\/nk7-testes.com.br\/agazeta\/iapen-prorroga-suspensao-de-visitas-aos-presidios-do-acre\/\" \/>\n<meta property=\"og:locale\" content=\"pt_BR\" \/>\n<meta property=\"og:type\" content=\"article\" \/>\n<meta property=\"og:title\" content=\"Iapen prorroga suspens\u00e3o de visitas aos pres\u00eddios do Acre - Agazeta.net\" \/>\n<meta property=\"og:description\" content=\"Informa\u00e7\u00e3o foi publicada no Di\u00e1rio Oficial do Estado\" \/>\n<meta property=\"og:url\" content=\"https:\/\/nk7-testes.com.br\/agazeta\/iapen-prorroga-suspensao-de-visitas-aos-presidios-do-acre\/\" \/>\n<meta property=\"og:site_name\" content=\"Agazeta.net\" \/>\n<meta property=\"article:published_time\" content=\"2020-07-27T19:17:40+00:00\" \/>\n<meta property=\"og:image\" content=\"https:\/\/nk7-testes.com.br\/agazeta\/wp-content\/uploads\/2020\/01\/20-01-20_FOC.jpg\" \/>\n\t<meta property=\"og:image:width\" content=\"456\" \/>\n\t<meta property=\"og:image:height\" content=\"340\" \/>\n\t<meta property=\"og:image:type\" content=\"image\/jpeg\" \/>\n<meta name=\"author\" content=\"Agazeta.Net\" \/>\n<meta name=\"twitter:card\" content=\"summary_large_image\" \/>\n<meta name=\"twitter:label1\" content=\"Escrito por\" \/>\n\t<meta name=\"twitter:data1\" content=\"Agazeta.Net\" \/>\n\t<meta name=\"twitter:label2\" content=\"Est. tempo de leitura\" \/>\n\t<meta name=\"twitter:data2\" content=\"1 minuto\" \/>\n<script type=\"application\/ld+json\" class=\"yoast-schema-graph\">{\"@context\":\"https:\/\/schema.org\",\"@graph\":[{\"@type\":\"WebPage\",\"@id\":\"https:\/\/nk7-testes.com.br\/agazeta\/iapen-prorroga-suspensao-de-visitas-aos-presidios-do-acre\/\",\"url\":\"https:\/\/nk7-testes.com.br\/agazeta\/iapen-prorroga-suspensao-de-visitas-aos-presidios-do-acre\/\",\"name\":\"Iapen prorroga suspens\u00e3o de visitas aos pres\u00eddios do Acre - Agazeta.net\",\"isPartOf\":{\"@id\":\"https:\/\/nk7-testes.com.br\/agazeta\/#website\"},\"primaryImageOfPage\":{\"@id\":\"https:\/\/nk7-testes.com.br\/agazeta\/iapen-prorroga-suspensao-de-visitas-aos-presidios-do-acre\/#primaryimage\"},\"image\":{\"@id\":\"https:\/\/nk7-testes.com.br\/agazeta\/iapen-prorroga-suspensao-de-visitas-aos-presidios-do-acre\/#primaryimage\"},\"thumbnailUrl\":\"https:\/\/nk7-testes.com.br\/agazeta\/wp-content\/uploads\/2020\/01\/20-01-20_FOC.jpg\",\"datePublished\":\"2020-07-27T19:17:40+00:00\",\"author\":{\"@id\":\"https:\/\/nk7-testes.com.br\/agazeta\/#\/schema\/person\/ff6b39d54d6973bfc57f4140f659b23f\"},\"breadcrumb\":{\"@id\":\"https:\/\/nk7-testes.com.br\/agazeta\/iapen-prorroga-suspensao-de-visitas-aos-presidios-do-acre\/#breadcrumb\"},\"inLanguage\":\"pt-BR\",\"potentialAction\":[{\"@type\":\"ReadAction\",\"target\":[\"https:\/\/nk7-testes.com.br\/agazeta\/iapen-prorroga-suspensao-de-visitas-aos-presidios-do-acre\/\"]}]},{\"@type\":\"ImageObject\",\"inLanguage\":\"pt-BR\",\"@id\":\"https:\/\/nk7-testes.com.br\/agazeta\/iapen-prorroga-suspensao-de-visitas-aos-presidios-do-acre\/#primaryimage\",\"url\":\"https:\/\/nk7-testes.com.br\/agazeta\/wp-content\/uploads\/2020\/01\/20-01-20_FOC.jpg\",\"contentUrl\":\"https:\/\/nk7-testes.com.br\/agazeta\/wp-content\/uploads\/2020\/01\/20-01-20_FOC.jpg\",\"width\":456,\"height\":340,\"caption\":\"20-01-20 FOC\"},{\"@type\":\"BreadcrumbList\",\"@id\":\"https:\/\/nk7-testes.com.br\/agazeta\/iapen-prorroga-suspensao-de-visitas-aos-presidios-do-acre\/#breadcrumb\",\"itemListElement\":[{\"@type\":\"ListItem\",\"position\":1,\"name\":\"In\u00edcio\",\"item\":\"https:\/\/nk7-testes.com.br\/agazeta\/\"},{\"@type\":\"ListItem\",\"position\":2,\"name\":\"Iapen prorroga suspens\u00e3o de visitas aos pres\u00eddios do Acre\"}]},{\"@type\":\"WebSite\",\"@id\":\"https:\/\/nk7-testes.com.br\/agazeta\/#website\",\"url\":\"https:\/\/nk7-testes.com.br\/agazeta\/\",\"name\":\"Agazeta.net\",\"description\":\"Agazeta.net - Not\u00edcias de Rio Branco\/AC\",\"potentialAction\":[{\"@type\":\"SearchAction\",\"target\":{\"@type\":\"EntryPoint\",\"urlTemplate\":\"https:\/\/nk7-testes.com.br\/agazeta\/?s={search_term_string}\"},\"query-input\":{\"@type\":\"PropertyValueSpecification\",\"valueRequired\":true,\"valueName\":\"search_term_string\"}}],\"inLanguage\":\"pt-BR\"},{\"@type\":\"Person\",\"@id\":\"https:\/\/nk7-testes.com.br\/agazeta\/#\/schema\/person\/ff6b39d54d6973bfc57f4140f659b23f\",\"name\":\"Agazeta.Net\",\"url\":\"https:\/\/nk7-testes.com.br\/agazeta\/author\/agazeta\/\"}]}<\/script>\n<!-- \/ Yoast SEO plugin. -->","yoast_head_json":{"title":"Iapen prorroga suspens\u00e3o de visitas aos pres\u00eddios do Acre - Agazeta.net","robots":{"index":"index","follow":"follow","max-snippet":"max-snippet:-1","max-image-preview":"max-image-preview:large","max-video-preview":"max-video-preview:-1"},"canonical":"https:\/\/nk7-testes.com.br\/agazeta\/iapen-prorroga-suspensao-de-visitas-aos-presidios-do-acre\/","og_locale":"pt_BR","og_type":"article","og_title":"Iapen prorroga suspens\u00e3o de visitas aos pres\u00eddios do Acre - Agazeta.net","og_description":"Informa\u00e7\u00e3o foi publicada no Di\u00e1rio Oficial do Estado","og_url":"https:\/\/nk7-testes.com.br\/agazeta\/iapen-prorroga-suspensao-de-visitas-aos-presidios-do-acre\/","og_site_name":"Agazeta.net","article_published_time":"2020-07-27T19:17:40+00:00","og_image":[{"width":456,"height":340,"url":"https:\/\/nk7-testes.com.br\/agazeta\/wp-content\/uploads\/2020\/01\/20-01-20_FOC.jpg","type":"image\/jpeg"}],"author":"Agazeta.Net","twitter_card":"summary_large_image","twitter_misc":{"Escrito por":"Agazeta.Net","Est. tempo de leitura":"1 minuto"},"schema":{"@context":"https:\/\/schema.org","@graph":[{"@type":"WebPage","@id":"https:\/\/nk7-testes.com.br\/agazeta\/iapen-prorroga-suspensao-de-visitas-aos-presidios-do-acre\/","url":"https:\/\/nk7-testes.com.br\/agazeta\/iapen-prorroga-suspensao-de-visitas-aos-presidios-do-acre\/","name":"Iapen prorroga suspens\u00e3o de visitas aos pres\u00eddios do Acre - Agazeta.net","isPartOf":{"@id":"https:\/\/nk7-testes.com.br\/agazeta\/#website"},"primaryImageOfPage":{"@id":"https:\/\/nk7-testes.com.br\/agazeta\/iapen-prorroga-suspensao-de-visitas-aos-presidios-do-acre\/#primaryimage"},"image":{"@id":"https:\/\/nk7-testes.com.br\/agazeta\/iapen-prorroga-suspensao-de-visitas-aos-presidios-do-acre\/#primaryimage"},"thumbnailUrl":"https:\/\/nk7-testes.com.br\/agazeta\/wp-content\/uploads\/2020\/01\/20-01-20_FOC.jpg","datePublished":"2020-07-27T19:17:40+00:00","author":{"@id":"https:\/\/nk7-testes.com.br\/agazeta\/#\/schema\/person\/ff6b39d54d6973bfc57f4140f659b23f"},"breadcrumb":{"@id":"https:\/\/nk7-testes.com.br\/agazeta\/iapen-prorroga-suspensao-de-visitas-aos-presidios-do-acre\/#breadcrumb"},"inLanguage":"pt-BR","potentialAction":[{"@type":"ReadAction","target":["https:\/\/nk7-testes.com.br\/agazeta\/iapen-prorroga-suspensao-de-visitas-aos-presidios-do-acre\/"]}]},{"@type":"ImageObject","inLanguage":"pt-BR","@id":"https:\/\/nk7-testes.com.br\/agazeta\/iapen-prorroga-suspensao-de-visitas-aos-presidios-do-acre\/#primaryimage","url":"https:\/\/nk7-testes.com.br\/agazeta\/wp-content\/uploads\/2020\/01\/20-01-20_FOC.jpg","contentUrl":"https:\/\/nk7-testes.com.br\/agazeta\/wp-content\/uploads\/2020\/01\/20-01-20_FOC.jpg","width":456,"height":340,"caption":"20-01-20 FOC"},{"@type":"BreadcrumbList","@id":"https:\/\/nk7-testes.com.br\/agazeta\/iapen-prorroga-suspensao-de-visitas-aos-presidios-do-acre\/#breadcrumb","itemListElement":[{"@type":"ListItem","position":1,"name":"In\u00edcio","item":"https:\/\/nk7-testes.com.br\/agazeta\/"},{"@type":"ListItem","position":2,"name":"Iapen prorroga suspens\u00e3o de visitas aos pres\u00eddios do Acre"}]},{"@type":"WebSite","@id":"https:\/\/nk7-testes.com.br\/agazeta\/#website","url":"https:\/\/nk7-testes.com.br\/agazeta\/","name":"Agazeta.net","description":"Agazeta.net - Not\u00edcias de Rio Branco\/AC","potentialAction":[{"@type":"SearchAction","target":{"@type":"EntryPoint","urlTemplate":"https:\/\/nk7-testes.com.br\/agazeta\/?s={search_term_string}"},"query-input":{"@type":"PropertyValueSpecification","valueRequired":true,"valueName":"search_term_string"}}],"inLanguage":"pt-BR"},{"@type":"Person","@id":"https:\/\/nk7-testes.com.br\/agazeta\/#\/schema\/person\/ff6b39d54d6973bfc57f4140f659b23f","name":"Agazeta.Net","url":"https:\/\/nk7-testes.com.br\/agazeta\/author\/agazeta\/"}]}},"_links":{"self":[{"href":"https:\/\/nk7-testes.com.br\/agazeta\/wp-json\/wp\/v2\/posts\/49058","targetHints":{"allow":["GET"]}}],"collection":[{"href":"https:\/\/nk7-testes.com.br\/agazeta\/wp-json\/wp\/v2\/posts"}],"about":[{"href":"https:\/\/nk7-testes.com.br\/agazeta\/wp-json\/wp\/v2\/types\/post"}],"author":[{"embeddable":true,"href":"https:\/\/nk7-testes.com.br\/agazeta\/wp-json\/wp\/v2\/users\/4"}],"replies":[{"embeddable":true,"href":"https:\/\/nk7-testes.com.br\/agazeta\/wp-json\/wp\/v2\/comments?post=49058"}],"version-history":[{"count":0,"href":"https:\/\/nk7-testes.com.br\/agazeta\/wp-json\/wp\/v2\/posts\/49058\/revisions"}],"wp:featuredmedia":[{"embeddable":true,"href":"https:\/\/nk7-testes.com.br\/agazeta\/wp-json\/wp\/v2\/media\/45611"}],"wp:attachment":[{"href":"https:\/\/nk7-testes.com.br\/agazeta\/wp-json\/wp\/v2\/media?parent=49058"}],"wp:term":[{"taxonomy":"category","embeddable":true,"href":"https:\/\/nk7-testes.com.br\/agazeta\/wp-json\/wp\/v2\/categories?post=49058"},{"taxonomy":"post_tag","embeddable":true,"href":"https:\/\/nk7-testes.com.br\/agazeta\/wp-json\/wp\/v2\/tags?post=49058"}],"curies":[{"name":"wp","href":"https:\/\/api.w.org\/{rel}","templated":true}]}}