{"id":49048,"date":"2020-07-27T13:09:20","date_gmt":"2020-07-27T13:09:20","guid":{"rendered":"https:\/\/abarevegan.com.br\/index.php\/2020\/07\/27\/novo-chefe-de-policia-civil-garante-por-fim-a-guerra-entre-faccoes\/"},"modified":"2020-07-27T13:09:20","modified_gmt":"2020-07-27T13:09:20","slug":"novo-chefe-de-policia-civil-garante-por-fim-a-guerra-entre-faccoes","status":"publish","type":"post","link":"https:\/\/nk7-testes.com.br\/agazeta\/novo-chefe-de-policia-civil-garante-por-fim-a-guerra-entre-faccoes\/","title":{"rendered":"Chefe da Pol\u00edcia Civil garante por fim a guerra entre fac\u00e7\u00f5es"},"content":{"rendered":"<p style=\"text-align: justify;\">Cidade Nova teve duas mortes por conta do conflito<\/p>\n<p style=\"text-align: justify;\">Moradores do bairro Cidade Nova, no Segundo Distrito de Rio Branco, est\u00e3o h\u00e1 duas semanas convivendo com a onda de medo e terror causada pela briga de duas fac\u00e7\u00f5es pelo controle da venda de drogas na regi\u00e3o.<\/p>\n<p style=\"text-align: justify;\">Na semana passada, houve at\u00e9 toque recolher, principalmente nas ruas pr\u00f3ximas \u00e0s margens do rio Acre. A partir das 18 h ningu\u00e9m poderia colocar os p\u00e9s nas ruas. Durante a madrugada s\u00e3o registrados tiroteios todos os dias.<\/p>\n<p style=\"text-align: justify;\">O saldo da briga s\u00e3o duas mortes e v\u00e1rios jovens que fugiram do bairro para se esconder da fac\u00e7\u00e3o CV que est\u00e1 tomando \u00e1reas que antes pertenciam ao B13.<\/p>\n<p style=\"text-align: justify;\">Na \u00faltima quarta-feira (22), um jovem de 20 anos foi retirado de casa, levado at\u00e9 a margem rio e executado com 3 facadas e um tiro na cabe\u00e7a. Na quinta-feira (23), a v\u00edtima foi o mec\u00e2nico Jeferson Maia de Lima, 40 anos. Ele foi amarrado dentro de casa e morto com v\u00e1rios tiros.<\/p>\n<p style=\"text-align: justify;\">Nos muros do bairro, as siglas do B13 est\u00e3o sendo cobertas com um X e ao lado escrito CV. \u00c9 a mensagem entre os grupos criminosos que naquela \u00e1rea tem um novo \u201cdono\u201d.<\/p>\n<p style=\"text-align: justify;\">Na mesma semana das mortes a Pol\u00edcia Militar evitou um conflito maior quando prendeu seis homens que estavam de posse de 3 rev\u00f3lveres calibre 38 e uma submetralhadora. Eles foram flagrados quando entravam no bairro Cidade Nova. Tudo indica que iriam matar algu\u00e9m.<\/p>\n<p style=\"text-align: justify;\">Os moradores assustados assistem as cenas de viol\u00eancia e tentam se proteger como podem.<\/p>\n<p style=\"text-align: justify;\">O novo chefe de Pol\u00edcia Civil, delegado Josemar Portes, foi informado sobre a situa\u00e7\u00e3o no Cidade Nova e disse que o servi\u00e7o de intelig\u00eancia j\u00e1 est\u00e1 trabalhando e o Estado se prepara para tomar uma provid\u00eancia en\u00e9rgica na regi\u00e3o. \u201cN\u00e3o podemos aceitar uma situa\u00e7\u00e3o dessas, mas, infelizmente os grupos criminosos vivem mudando suas estrat\u00e9gias e s\u00f3 nos resta acompanhar e tentar impedir essas a\u00e7\u00f5es criminosas. Com certeza vamos intervir nesse confronto para dar tranquilidade \u00e0s pessoas de bem que vivem no bairro\u201d, garantiu.<\/p>\n","protected":false},"excerpt":{"rendered":"<p style=\"text-align: justify;\">Cidade Nova teve duas mortes por conta do conflito<\/p>\n","protected":false},"author":4,"featured_media":49047,"comment_status":"open","ping_status":"open","sticky":false,"template":"","format":"standard","meta":{"jnews-multi-image_gallery":[],"jnews_single_post":[],"jnews_primary_category":[],"jnews_social_meta":[],"jnews_review":[],"enable_review":"","type":"","name":"","summary":"","brand":"","sku":"","good":[],"bad":[],"score_override":"","override_value":"","rating":[],"price":[],"footnotes":""},"categories":[44],"tags":[],"class_list":["post-49048","post","type-post","status-publish","format-standard","has-post-thumbnail","hentry","category-policia"],"yoast_head":"<!-- This site is optimized with the Yoast SEO plugin v26.5 - https:\/\/yoast.com\/wordpress\/plugins\/seo\/ -->\n<title>Chefe da Pol\u00edcia Civil garante por fim a guerra entre fac\u00e7\u00f5es - Agazeta.net<\/title>\n<meta name=\"robots\" content=\"index, follow, max-snippet:-1, max-image-preview:large, max-video-preview:-1\" \/>\n<link rel=\"canonical\" href=\"https:\/\/nk7-testes.com.br\/agazeta\/novo-chefe-de-policia-civil-garante-por-fim-a-guerra-entre-faccoes\/\" \/>\n<meta property=\"og:locale\" content=\"pt_BR\" \/>\n<meta property=\"og:type\" content=\"article\" \/>\n<meta property=\"og:title\" content=\"Chefe da Pol\u00edcia Civil garante por fim a guerra entre fac\u00e7\u00f5es - Agazeta.net\" \/>\n<meta property=\"og:description\" content=\"Cidade Nova teve duas mortes por conta do conflito\" \/>\n<meta property=\"og:url\" content=\"https:\/\/nk7-testes.com.br\/agazeta\/novo-chefe-de-policia-civil-garante-por-fim-a-guerra-entre-faccoes\/\" \/>\n<meta property=\"og:site_name\" content=\"Agazeta.net\" \/>\n<meta property=\"article:published_time\" content=\"2020-07-27T13:09:20+00:00\" \/>\n<meta property=\"og:image\" content=\"https:\/\/nk7-testes.com.br\/agazeta\/wp-content\/uploads\/2020\/07\/270702020-mortes-cidade-nova.jpg\" \/>\n\t<meta property=\"og:image:width\" content=\"458\" \/>\n\t<meta property=\"og:image:height\" content=\"340\" \/>\n\t<meta property=\"og:image:type\" content=\"image\/jpeg\" \/>\n<meta name=\"author\" content=\"Agazeta.Net\" \/>\n<meta name=\"twitter:card\" content=\"summary_large_image\" \/>\n<meta name=\"twitter:label1\" content=\"Escrito por\" \/>\n\t<meta name=\"twitter:data1\" content=\"Agazeta.Net\" \/>\n\t<meta name=\"twitter:label2\" content=\"Est. tempo de leitura\" \/>\n\t<meta name=\"twitter:data2\" content=\"2 minutos\" \/>\n<script type=\"application\/ld+json\" class=\"yoast-schema-graph\">{\"@context\":\"https:\/\/schema.org\",\"@graph\":[{\"@type\":\"WebPage\",\"@id\":\"https:\/\/nk7-testes.com.br\/agazeta\/novo-chefe-de-policia-civil-garante-por-fim-a-guerra-entre-faccoes\/\",\"url\":\"https:\/\/nk7-testes.com.br\/agazeta\/novo-chefe-de-policia-civil-garante-por-fim-a-guerra-entre-faccoes\/\",\"name\":\"Chefe da Pol\u00edcia Civil garante por fim a guerra entre fac\u00e7\u00f5es - Agazeta.net\",\"isPartOf\":{\"@id\":\"https:\/\/nk7-testes.com.br\/agazeta\/#website\"},\"primaryImageOfPage\":{\"@id\":\"https:\/\/nk7-testes.com.br\/agazeta\/novo-chefe-de-policia-civil-garante-por-fim-a-guerra-entre-faccoes\/#primaryimage\"},\"image\":{\"@id\":\"https:\/\/nk7-testes.com.br\/agazeta\/novo-chefe-de-policia-civil-garante-por-fim-a-guerra-entre-faccoes\/#primaryimage\"},\"thumbnailUrl\":\"https:\/\/nk7-testes.com.br\/agazeta\/wp-content\/uploads\/2020\/07\/270702020-mortes-cidade-nova.jpg\",\"datePublished\":\"2020-07-27T13:09:20+00:00\",\"author\":{\"@id\":\"https:\/\/nk7-testes.com.br\/agazeta\/#\/schema\/person\/ff6b39d54d6973bfc57f4140f659b23f\"},\"breadcrumb\":{\"@id\":\"https:\/\/nk7-testes.com.br\/agazeta\/novo-chefe-de-policia-civil-garante-por-fim-a-guerra-entre-faccoes\/#breadcrumb\"},\"inLanguage\":\"pt-BR\",\"potentialAction\":[{\"@type\":\"ReadAction\",\"target\":[\"https:\/\/nk7-testes.com.br\/agazeta\/novo-chefe-de-policia-civil-garante-por-fim-a-guerra-entre-faccoes\/\"]}]},{\"@type\":\"ImageObject\",\"inLanguage\":\"pt-BR\",\"@id\":\"https:\/\/nk7-testes.com.br\/agazeta\/novo-chefe-de-policia-civil-garante-por-fim-a-guerra-entre-faccoes\/#primaryimage\",\"url\":\"https:\/\/nk7-testes.com.br\/agazeta\/wp-content\/uploads\/2020\/07\/270702020-mortes-cidade-nova.jpg\",\"contentUrl\":\"https:\/\/nk7-testes.com.br\/agazeta\/wp-content\/uploads\/2020\/07\/270702020-mortes-cidade-nova.jpg\",\"width\":458,\"height\":340,\"caption\":\"270702020-mortes-cidade-nova\"},{\"@type\":\"BreadcrumbList\",\"@id\":\"https:\/\/nk7-testes.com.br\/agazeta\/novo-chefe-de-policia-civil-garante-por-fim-a-guerra-entre-faccoes\/#breadcrumb\",\"itemListElement\":[{\"@type\":\"ListItem\",\"position\":1,\"name\":\"In\u00edcio\",\"item\":\"https:\/\/nk7-testes.com.br\/agazeta\/\"},{\"@type\":\"ListItem\",\"position\":2,\"name\":\"Chefe da Pol\u00edcia Civil garante por fim a guerra entre fac\u00e7\u00f5es\"}]},{\"@type\":\"WebSite\",\"@id\":\"https:\/\/nk7-testes.com.br\/agazeta\/#website\",\"url\":\"https:\/\/nk7-testes.com.br\/agazeta\/\",\"name\":\"Agazeta.net\",\"description\":\"Agazeta.net - Not\u00edcias de Rio Branco\/AC\",\"potentialAction\":[{\"@type\":\"SearchAction\",\"target\":{\"@type\":\"EntryPoint\",\"urlTemplate\":\"https:\/\/nk7-testes.com.br\/agazeta\/?s={search_term_string}\"},\"query-input\":{\"@type\":\"PropertyValueSpecification\",\"valueRequired\":true,\"valueName\":\"search_term_string\"}}],\"inLanguage\":\"pt-BR\"},{\"@type\":\"Person\",\"@id\":\"https:\/\/nk7-testes.com.br\/agazeta\/#\/schema\/person\/ff6b39d54d6973bfc57f4140f659b23f\",\"name\":\"Agazeta.Net\",\"url\":\"https:\/\/nk7-testes.com.br\/agazeta\/author\/agazeta\/\"}]}<\/script>\n<!-- \/ Yoast SEO plugin. -->","yoast_head_json":{"title":"Chefe da Pol\u00edcia Civil garante por fim a guerra entre fac\u00e7\u00f5es - Agazeta.net","robots":{"index":"index","follow":"follow","max-snippet":"max-snippet:-1","max-image-preview":"max-image-preview:large","max-video-preview":"max-video-preview:-1"},"canonical":"https:\/\/nk7-testes.com.br\/agazeta\/novo-chefe-de-policia-civil-garante-por-fim-a-guerra-entre-faccoes\/","og_locale":"pt_BR","og_type":"article","og_title":"Chefe da Pol\u00edcia Civil garante por fim a guerra entre fac\u00e7\u00f5es - Agazeta.net","og_description":"Cidade Nova teve duas mortes por conta do conflito","og_url":"https:\/\/nk7-testes.com.br\/agazeta\/novo-chefe-de-policia-civil-garante-por-fim-a-guerra-entre-faccoes\/","og_site_name":"Agazeta.net","article_published_time":"2020-07-27T13:09:20+00:00","og_image":[{"width":458,"height":340,"url":"https:\/\/nk7-testes.com.br\/agazeta\/wp-content\/uploads\/2020\/07\/270702020-mortes-cidade-nova.jpg","type":"image\/jpeg"}],"author":"Agazeta.Net","twitter_card":"summary_large_image","twitter_misc":{"Escrito por":"Agazeta.Net","Est. tempo de leitura":"2 minutos"},"schema":{"@context":"https:\/\/schema.org","@graph":[{"@type":"WebPage","@id":"https:\/\/nk7-testes.com.br\/agazeta\/novo-chefe-de-policia-civil-garante-por-fim-a-guerra-entre-faccoes\/","url":"https:\/\/nk7-testes.com.br\/agazeta\/novo-chefe-de-policia-civil-garante-por-fim-a-guerra-entre-faccoes\/","name":"Chefe da Pol\u00edcia Civil garante por fim a guerra entre fac\u00e7\u00f5es - Agazeta.net","isPartOf":{"@id":"https:\/\/nk7-testes.com.br\/agazeta\/#website"},"primaryImageOfPage":{"@id":"https:\/\/nk7-testes.com.br\/agazeta\/novo-chefe-de-policia-civil-garante-por-fim-a-guerra-entre-faccoes\/#primaryimage"},"image":{"@id":"https:\/\/nk7-testes.com.br\/agazeta\/novo-chefe-de-policia-civil-garante-por-fim-a-guerra-entre-faccoes\/#primaryimage"},"thumbnailUrl":"https:\/\/nk7-testes.com.br\/agazeta\/wp-content\/uploads\/2020\/07\/270702020-mortes-cidade-nova.jpg","datePublished":"2020-07-27T13:09:20+00:00","author":{"@id":"https:\/\/nk7-testes.com.br\/agazeta\/#\/schema\/person\/ff6b39d54d6973bfc57f4140f659b23f"},"breadcrumb":{"@id":"https:\/\/nk7-testes.com.br\/agazeta\/novo-chefe-de-policia-civil-garante-por-fim-a-guerra-entre-faccoes\/#breadcrumb"},"inLanguage":"pt-BR","potentialAction":[{"@type":"ReadAction","target":["https:\/\/nk7-testes.com.br\/agazeta\/novo-chefe-de-policia-civil-garante-por-fim-a-guerra-entre-faccoes\/"]}]},{"@type":"ImageObject","inLanguage":"pt-BR","@id":"https:\/\/nk7-testes.com.br\/agazeta\/novo-chefe-de-policia-civil-garante-por-fim-a-guerra-entre-faccoes\/#primaryimage","url":"https:\/\/nk7-testes.com.br\/agazeta\/wp-content\/uploads\/2020\/07\/270702020-mortes-cidade-nova.jpg","contentUrl":"https:\/\/nk7-testes.com.br\/agazeta\/wp-content\/uploads\/2020\/07\/270702020-mortes-cidade-nova.jpg","width":458,"height":340,"caption":"270702020-mortes-cidade-nova"},{"@type":"BreadcrumbList","@id":"https:\/\/nk7-testes.com.br\/agazeta\/novo-chefe-de-policia-civil-garante-por-fim-a-guerra-entre-faccoes\/#breadcrumb","itemListElement":[{"@type":"ListItem","position":1,"name":"In\u00edcio","item":"https:\/\/nk7-testes.com.br\/agazeta\/"},{"@type":"ListItem","position":2,"name":"Chefe da Pol\u00edcia Civil garante por fim a guerra entre fac\u00e7\u00f5es"}]},{"@type":"WebSite","@id":"https:\/\/nk7-testes.com.br\/agazeta\/#website","url":"https:\/\/nk7-testes.com.br\/agazeta\/","name":"Agazeta.net","description":"Agazeta.net - Not\u00edcias de Rio Branco\/AC","potentialAction":[{"@type":"SearchAction","target":{"@type":"EntryPoint","urlTemplate":"https:\/\/nk7-testes.com.br\/agazeta\/?s={search_term_string}"},"query-input":{"@type":"PropertyValueSpecification","valueRequired":true,"valueName":"search_term_string"}}],"inLanguage":"pt-BR"},{"@type":"Person","@id":"https:\/\/nk7-testes.com.br\/agazeta\/#\/schema\/person\/ff6b39d54d6973bfc57f4140f659b23f","name":"Agazeta.Net","url":"https:\/\/nk7-testes.com.br\/agazeta\/author\/agazeta\/"}]}},"_links":{"self":[{"href":"https:\/\/nk7-testes.com.br\/agazeta\/wp-json\/wp\/v2\/posts\/49048","targetHints":{"allow":["GET"]}}],"collection":[{"href":"https:\/\/nk7-testes.com.br\/agazeta\/wp-json\/wp\/v2\/posts"}],"about":[{"href":"https:\/\/nk7-testes.com.br\/agazeta\/wp-json\/wp\/v2\/types\/post"}],"author":[{"embeddable":true,"href":"https:\/\/nk7-testes.com.br\/agazeta\/wp-json\/wp\/v2\/users\/4"}],"replies":[{"embeddable":true,"href":"https:\/\/nk7-testes.com.br\/agazeta\/wp-json\/wp\/v2\/comments?post=49048"}],"version-history":[{"count":0,"href":"https:\/\/nk7-testes.com.br\/agazeta\/wp-json\/wp\/v2\/posts\/49048\/revisions"}],"wp:featuredmedia":[{"embeddable":true,"href":"https:\/\/nk7-testes.com.br\/agazeta\/wp-json\/wp\/v2\/media\/49047"}],"wp:attachment":[{"href":"https:\/\/nk7-testes.com.br\/agazeta\/wp-json\/wp\/v2\/media?parent=49048"}],"wp:term":[{"taxonomy":"category","embeddable":true,"href":"https:\/\/nk7-testes.com.br\/agazeta\/wp-json\/wp\/v2\/categories?post=49048"},{"taxonomy":"post_tag","embeddable":true,"href":"https:\/\/nk7-testes.com.br\/agazeta\/wp-json\/wp\/v2\/tags?post=49048"}],"curies":[{"name":"wp","href":"https:\/\/api.w.org\/{rel}","templated":true}]}}