{"id":49037,"date":"2020-07-25T17:20:02","date_gmt":"2020-07-25T17:20:02","guid":{"rendered":"https:\/\/abarevegan.com.br\/index.php\/2020\/07\/25\/ministerio-publico-estadual-move-acao-civil-contra-governo-do-acre-2-2\/"},"modified":"2020-07-25T17:20:02","modified_gmt":"2020-07-25T17:20:02","slug":"ministerio-publico-estadual-move-acao-civil-contra-governo-do-acre-2-2","status":"publish","type":"post","link":"https:\/\/nk7-testes.com.br\/agazeta\/ministerio-publico-estadual-move-acao-civil-contra-governo-do-acre-2-2\/","title":{"rendered":"Policiais civis e militares prendem dois suspeitos"},"content":{"rendered":"<p style=\"text-align: justify;\">Arma, drogas, muni\u00e7\u00f5es e moto furtada foram apreendidos<\/p>\n<p style=\"text-align: justify;\"><span style=\"font-size: 13.2px;\">Policiais civis e militares do munic\u00edpio de Sena Madureira, conseguiram prender durante a\u00e7\u00e3o conjunta, nesta sexta-feira (24), dois suspeitos com diversos produtos ilicitos.<\/span><\/p>\n<p style=\"text-align: justify;\">De acordo com a assessoria da Pol\u00edcia Civil, um dos suspeitos, Francimar Souza de Ara\u00fajo, vulgo &#8220;dentinho&#8221;, era foragido da justi\u00e7a.&nbsp;<\/p>\n<p style=\"text-align: justify;\">Com a dupla a pol\u00edcia apreendeu rev\u00f3lver, drogas, muni\u00e7\u00f5es e uma motocicleta furtada.<\/p>\n<p style=\"text-align: justify;\">&nbsp;Os presos foram conduzidos \u00e0 Delegacia de Pol\u00edcia Civil de Sena Madureira para as procedimentos legais.<\/p>\n<p style=\"text-align: justify;\"><span style=\"font-size: 13.2px;\">&nbsp;<\/span><\/p>\n","protected":false},"excerpt":{"rendered":"<p style=\"text-align: justify;\">Arma, drogas, muni\u00e7\u00f5es e moto furtada foram apreendidos<\/p>\n","protected":false},"author":4,"featured_media":49036,"comment_status":"open","ping_status":"open","sticky":false,"template":"","format":"standard","meta":{"jnews-multi-image_gallery":[],"jnews_single_post":[],"jnews_primary_category":[],"jnews_social_meta":[],"jnews_review":[],"enable_review":"","type":"","name":"","summary":"","brand":"","sku":"","good":[],"bad":[],"score_override":"","override_value":"","rating":[],"price":[],"footnotes":""},"categories":[44],"tags":[],"class_list":["post-49037","post","type-post","status-publish","format-standard","has-post-thumbnail","hentry","category-policia"],"yoast_head":"<!-- This site is optimized with the Yoast SEO plugin v26.5 - https:\/\/yoast.com\/wordpress\/plugins\/seo\/ -->\n<title>Policiais civis e militares prendem dois suspeitos - Agazeta.net<\/title>\n<meta name=\"robots\" content=\"index, follow, max-snippet:-1, max-image-preview:large, max-video-preview:-1\" \/>\n<link rel=\"canonical\" href=\"https:\/\/nk7-testes.com.br\/agazeta\/ministerio-publico-estadual-move-acao-civil-contra-governo-do-acre-2-2\/\" \/>\n<meta property=\"og:locale\" content=\"pt_BR\" \/>\n<meta property=\"og:type\" content=\"article\" \/>\n<meta property=\"og:title\" content=\"Policiais civis e militares prendem dois suspeitos - Agazeta.net\" \/>\n<meta property=\"og:description\" content=\"Arma, drogas, muni\u00e7\u00f5es e moto furtada foram apreendidos\" \/>\n<meta property=\"og:url\" content=\"https:\/\/nk7-testes.com.br\/agazeta\/ministerio-publico-estadual-move-acao-civil-contra-governo-do-acre-2-2\/\" \/>\n<meta property=\"og:site_name\" content=\"Agazeta.net\" \/>\n<meta property=\"article:published_time\" content=\"2020-07-25T17:20:02+00:00\" \/>\n<meta property=\"og:image\" content=\"https:\/\/nk7-testes.com.br\/agazeta\/wp-content\/uploads\/2020\/07\/Policiais_civis_e_militares_prendem_dois_suspeitos.jpeg\" \/>\n\t<meta property=\"og:image:width\" content=\"458\" \/>\n\t<meta property=\"og:image:height\" content=\"340\" \/>\n\t<meta property=\"og:image:type\" content=\"image\/jpeg\" \/>\n<meta name=\"author\" content=\"Agazeta.Net\" \/>\n<meta name=\"twitter:card\" content=\"summary_large_image\" \/>\n<meta name=\"twitter:label1\" content=\"Escrito por\" \/>\n\t<meta name=\"twitter:data1\" content=\"Agazeta.Net\" \/>\n<script type=\"application\/ld+json\" class=\"yoast-schema-graph\">{\"@context\":\"https:\/\/schema.org\",\"@graph\":[{\"@type\":\"WebPage\",\"@id\":\"https:\/\/nk7-testes.com.br\/agazeta\/ministerio-publico-estadual-move-acao-civil-contra-governo-do-acre-2-2\/\",\"url\":\"https:\/\/nk7-testes.com.br\/agazeta\/ministerio-publico-estadual-move-acao-civil-contra-governo-do-acre-2-2\/\",\"name\":\"Policiais civis e militares prendem dois suspeitos - Agazeta.net\",\"isPartOf\":{\"@id\":\"https:\/\/nk7-testes.com.br\/agazeta\/#website\"},\"primaryImageOfPage\":{\"@id\":\"https:\/\/nk7-testes.com.br\/agazeta\/ministerio-publico-estadual-move-acao-civil-contra-governo-do-acre-2-2\/#primaryimage\"},\"image\":{\"@id\":\"https:\/\/nk7-testes.com.br\/agazeta\/ministerio-publico-estadual-move-acao-civil-contra-governo-do-acre-2-2\/#primaryimage\"},\"thumbnailUrl\":\"https:\/\/nk7-testes.com.br\/agazeta\/wp-content\/uploads\/2020\/07\/Policiais_civis_e_militares_prendem_dois_suspeitos.jpeg\",\"datePublished\":\"2020-07-25T17:20:02+00:00\",\"author\":{\"@id\":\"https:\/\/nk7-testes.com.br\/agazeta\/#\/schema\/person\/ff6b39d54d6973bfc57f4140f659b23f\"},\"breadcrumb\":{\"@id\":\"https:\/\/nk7-testes.com.br\/agazeta\/ministerio-publico-estadual-move-acao-civil-contra-governo-do-acre-2-2\/#breadcrumb\"},\"inLanguage\":\"pt-BR\",\"potentialAction\":[{\"@type\":\"ReadAction\",\"target\":[\"https:\/\/nk7-testes.com.br\/agazeta\/ministerio-publico-estadual-move-acao-civil-contra-governo-do-acre-2-2\/\"]}]},{\"@type\":\"ImageObject\",\"inLanguage\":\"pt-BR\",\"@id\":\"https:\/\/nk7-testes.com.br\/agazeta\/ministerio-publico-estadual-move-acao-civil-contra-governo-do-acre-2-2\/#primaryimage\",\"url\":\"https:\/\/nk7-testes.com.br\/agazeta\/wp-content\/uploads\/2020\/07\/Policiais_civis_e_militares_prendem_dois_suspeitos.jpeg\",\"contentUrl\":\"https:\/\/nk7-testes.com.br\/agazeta\/wp-content\/uploads\/2020\/07\/Policiais_civis_e_militares_prendem_dois_suspeitos.jpeg\",\"width\":458,\"height\":340,\"caption\":\"Policiais civis e militares prendem dois suspeitos\"},{\"@type\":\"BreadcrumbList\",\"@id\":\"https:\/\/nk7-testes.com.br\/agazeta\/ministerio-publico-estadual-move-acao-civil-contra-governo-do-acre-2-2\/#breadcrumb\",\"itemListElement\":[{\"@type\":\"ListItem\",\"position\":1,\"name\":\"In\u00edcio\",\"item\":\"https:\/\/nk7-testes.com.br\/agazeta\/\"},{\"@type\":\"ListItem\",\"position\":2,\"name\":\"Policiais civis e militares prendem dois suspeitos\"}]},{\"@type\":\"WebSite\",\"@id\":\"https:\/\/nk7-testes.com.br\/agazeta\/#website\",\"url\":\"https:\/\/nk7-testes.com.br\/agazeta\/\",\"name\":\"Agazeta.net\",\"description\":\"Agazeta.net - Not\u00edcias de Rio Branco\/AC\",\"potentialAction\":[{\"@type\":\"SearchAction\",\"target\":{\"@type\":\"EntryPoint\",\"urlTemplate\":\"https:\/\/nk7-testes.com.br\/agazeta\/?s={search_term_string}\"},\"query-input\":{\"@type\":\"PropertyValueSpecification\",\"valueRequired\":true,\"valueName\":\"search_term_string\"}}],\"inLanguage\":\"pt-BR\"},{\"@type\":\"Person\",\"@id\":\"https:\/\/nk7-testes.com.br\/agazeta\/#\/schema\/person\/ff6b39d54d6973bfc57f4140f659b23f\",\"name\":\"Agazeta.Net\",\"url\":\"https:\/\/nk7-testes.com.br\/agazeta\/author\/agazeta\/\"}]}<\/script>\n<!-- \/ Yoast SEO plugin. -->","yoast_head_json":{"title":"Policiais civis e militares prendem dois suspeitos - Agazeta.net","robots":{"index":"index","follow":"follow","max-snippet":"max-snippet:-1","max-image-preview":"max-image-preview:large","max-video-preview":"max-video-preview:-1"},"canonical":"https:\/\/nk7-testes.com.br\/agazeta\/ministerio-publico-estadual-move-acao-civil-contra-governo-do-acre-2-2\/","og_locale":"pt_BR","og_type":"article","og_title":"Policiais civis e militares prendem dois suspeitos - Agazeta.net","og_description":"Arma, drogas, muni\u00e7\u00f5es e moto furtada foram apreendidos","og_url":"https:\/\/nk7-testes.com.br\/agazeta\/ministerio-publico-estadual-move-acao-civil-contra-governo-do-acre-2-2\/","og_site_name":"Agazeta.net","article_published_time":"2020-07-25T17:20:02+00:00","og_image":[{"width":458,"height":340,"url":"https:\/\/nk7-testes.com.br\/agazeta\/wp-content\/uploads\/2020\/07\/Policiais_civis_e_militares_prendem_dois_suspeitos.jpeg","type":"image\/jpeg"}],"author":"Agazeta.Net","twitter_card":"summary_large_image","twitter_misc":{"Escrito por":"Agazeta.Net"},"schema":{"@context":"https:\/\/schema.org","@graph":[{"@type":"WebPage","@id":"https:\/\/nk7-testes.com.br\/agazeta\/ministerio-publico-estadual-move-acao-civil-contra-governo-do-acre-2-2\/","url":"https:\/\/nk7-testes.com.br\/agazeta\/ministerio-publico-estadual-move-acao-civil-contra-governo-do-acre-2-2\/","name":"Policiais civis e militares prendem dois suspeitos - Agazeta.net","isPartOf":{"@id":"https:\/\/nk7-testes.com.br\/agazeta\/#website"},"primaryImageOfPage":{"@id":"https:\/\/nk7-testes.com.br\/agazeta\/ministerio-publico-estadual-move-acao-civil-contra-governo-do-acre-2-2\/#primaryimage"},"image":{"@id":"https:\/\/nk7-testes.com.br\/agazeta\/ministerio-publico-estadual-move-acao-civil-contra-governo-do-acre-2-2\/#primaryimage"},"thumbnailUrl":"https:\/\/nk7-testes.com.br\/agazeta\/wp-content\/uploads\/2020\/07\/Policiais_civis_e_militares_prendem_dois_suspeitos.jpeg","datePublished":"2020-07-25T17:20:02+00:00","author":{"@id":"https:\/\/nk7-testes.com.br\/agazeta\/#\/schema\/person\/ff6b39d54d6973bfc57f4140f659b23f"},"breadcrumb":{"@id":"https:\/\/nk7-testes.com.br\/agazeta\/ministerio-publico-estadual-move-acao-civil-contra-governo-do-acre-2-2\/#breadcrumb"},"inLanguage":"pt-BR","potentialAction":[{"@type":"ReadAction","target":["https:\/\/nk7-testes.com.br\/agazeta\/ministerio-publico-estadual-move-acao-civil-contra-governo-do-acre-2-2\/"]}]},{"@type":"ImageObject","inLanguage":"pt-BR","@id":"https:\/\/nk7-testes.com.br\/agazeta\/ministerio-publico-estadual-move-acao-civil-contra-governo-do-acre-2-2\/#primaryimage","url":"https:\/\/nk7-testes.com.br\/agazeta\/wp-content\/uploads\/2020\/07\/Policiais_civis_e_militares_prendem_dois_suspeitos.jpeg","contentUrl":"https:\/\/nk7-testes.com.br\/agazeta\/wp-content\/uploads\/2020\/07\/Policiais_civis_e_militares_prendem_dois_suspeitos.jpeg","width":458,"height":340,"caption":"Policiais civis e militares prendem dois suspeitos"},{"@type":"BreadcrumbList","@id":"https:\/\/nk7-testes.com.br\/agazeta\/ministerio-publico-estadual-move-acao-civil-contra-governo-do-acre-2-2\/#breadcrumb","itemListElement":[{"@type":"ListItem","position":1,"name":"In\u00edcio","item":"https:\/\/nk7-testes.com.br\/agazeta\/"},{"@type":"ListItem","position":2,"name":"Policiais civis e militares prendem dois suspeitos"}]},{"@type":"WebSite","@id":"https:\/\/nk7-testes.com.br\/agazeta\/#website","url":"https:\/\/nk7-testes.com.br\/agazeta\/","name":"Agazeta.net","description":"Agazeta.net - Not\u00edcias de Rio Branco\/AC","potentialAction":[{"@type":"SearchAction","target":{"@type":"EntryPoint","urlTemplate":"https:\/\/nk7-testes.com.br\/agazeta\/?s={search_term_string}"},"query-input":{"@type":"PropertyValueSpecification","valueRequired":true,"valueName":"search_term_string"}}],"inLanguage":"pt-BR"},{"@type":"Person","@id":"https:\/\/nk7-testes.com.br\/agazeta\/#\/schema\/person\/ff6b39d54d6973bfc57f4140f659b23f","name":"Agazeta.Net","url":"https:\/\/nk7-testes.com.br\/agazeta\/author\/agazeta\/"}]}},"_links":{"self":[{"href":"https:\/\/nk7-testes.com.br\/agazeta\/wp-json\/wp\/v2\/posts\/49037","targetHints":{"allow":["GET"]}}],"collection":[{"href":"https:\/\/nk7-testes.com.br\/agazeta\/wp-json\/wp\/v2\/posts"}],"about":[{"href":"https:\/\/nk7-testes.com.br\/agazeta\/wp-json\/wp\/v2\/types\/post"}],"author":[{"embeddable":true,"href":"https:\/\/nk7-testes.com.br\/agazeta\/wp-json\/wp\/v2\/users\/4"}],"replies":[{"embeddable":true,"href":"https:\/\/nk7-testes.com.br\/agazeta\/wp-json\/wp\/v2\/comments?post=49037"}],"version-history":[{"count":0,"href":"https:\/\/nk7-testes.com.br\/agazeta\/wp-json\/wp\/v2\/posts\/49037\/revisions"}],"wp:featuredmedia":[{"embeddable":true,"href":"https:\/\/nk7-testes.com.br\/agazeta\/wp-json\/wp\/v2\/media\/49036"}],"wp:attachment":[{"href":"https:\/\/nk7-testes.com.br\/agazeta\/wp-json\/wp\/v2\/media?parent=49037"}],"wp:term":[{"taxonomy":"category","embeddable":true,"href":"https:\/\/nk7-testes.com.br\/agazeta\/wp-json\/wp\/v2\/categories?post=49037"},{"taxonomy":"post_tag","embeddable":true,"href":"https:\/\/nk7-testes.com.br\/agazeta\/wp-json\/wp\/v2\/tags?post=49037"}],"curies":[{"name":"wp","href":"https:\/\/api.w.org\/{rel}","templated":true}]}}