{"id":48852,"date":"2020-07-15T16:41:25","date_gmt":"2020-07-15T16:41:25","guid":{"rendered":"https:\/\/abarevegan.com.br\/index.php\/2020\/07\/15\/policiais-de-mancio-lima-cumprem-mandados-de-prisoes\/"},"modified":"2020-07-15T16:41:25","modified_gmt":"2020-07-15T16:41:25","slug":"policiais-de-mancio-lima-cumprem-mandados-de-prisoes","status":"publish","type":"post","link":"https:\/\/nk7-testes.com.br\/agazeta\/policiais-de-mancio-lima-cumprem-mandados-de-prisoes\/","title":{"rendered":"Policiais de M\u00e2ncio Lima cumprem mandados de pris\u00f5es"},"content":{"rendered":"<p style=\"text-align: justify;\">Acusados teriam realizado v\u00e1rios assaltos na regi\u00e3o<\/p>\n<p style=\"text-align: justify;\">Policiais civis do munic\u00edpio de M\u00e2ncio Lima cumpriram dois mandados de pris\u00f5es preventivas na manh\u00e3 desta quarta-feira (15).<\/p>\n<p style=\"text-align: justify;\">Davi Macedo dos Reis e Gean da Silva Leite, ambos moradores da comunidade Santa Rosa, foram presos pela pr\u00e1tica do crime de roubo.<\/p>\n<p style=\"text-align: justify;\">De acordo com delegado Jos\u00e9 Obet\u00e2nio, os acusados teriam usado armas de fogo para roubar duas cidad\u00e3s em uma mercearia no bairro Guarani. Do mesmo modo eles teriam praticado outro crime de roubo majorado pelo emprego de arma de fogo contra o propriet\u00e1rio de uma Distribuidora tamb\u00e9m localizada no bairro Guarani, na cidade de M\u00e2ncio Lima.<\/p>\n<p>O Delegado explicou que os acusados tamb\u00e9m v\u00e3o ser investigados pelo crime de organiza\u00e7\u00e3o criminosa, al\u00e9m de outros crimes contra o patrim\u00f4nio no munic\u00edpio de Rodrigues Alves.<\/p>\n","protected":false},"excerpt":{"rendered":"<p style=\"text-align: justify;\">Acusados teriam realizado v\u00e1rios assaltos na regi\u00e3o<\/p>\n","protected":false},"author":4,"featured_media":48851,"comment_status":"open","ping_status":"open","sticky":false,"template":"","format":"standard","meta":{"jnews-multi-image_gallery":[],"jnews_single_post":[],"jnews_primary_category":[],"jnews_social_meta":[],"jnews_review":[],"enable_review":"","type":"","name":"","summary":"","brand":"","sku":"","good":[],"bad":[],"score_override":"","override_value":"","rating":[],"price":[],"footnotes":""},"categories":[44],"tags":[],"class_list":["post-48852","post","type-post","status-publish","format-standard","has-post-thumbnail","hentry","category-policia"],"yoast_head":"<!-- This site is optimized with the Yoast SEO plugin v26.5 - https:\/\/yoast.com\/wordpress\/plugins\/seo\/ -->\n<title>Policiais de M\u00e2ncio Lima cumprem mandados de pris\u00f5es - Agazeta.net<\/title>\n<meta name=\"robots\" content=\"index, follow, max-snippet:-1, max-image-preview:large, max-video-preview:-1\" \/>\n<link rel=\"canonical\" href=\"https:\/\/nk7-testes.com.br\/agazeta\/policiais-de-mancio-lima-cumprem-mandados-de-prisoes\/\" \/>\n<meta property=\"og:locale\" content=\"pt_BR\" \/>\n<meta property=\"og:type\" content=\"article\" \/>\n<meta property=\"og:title\" content=\"Policiais de M\u00e2ncio Lima cumprem mandados de pris\u00f5es - Agazeta.net\" \/>\n<meta property=\"og:description\" content=\"Acusados teriam realizado v\u00e1rios assaltos na regi\u00e3o\" \/>\n<meta property=\"og:url\" content=\"https:\/\/nk7-testes.com.br\/agazeta\/policiais-de-mancio-lima-cumprem-mandados-de-prisoes\/\" \/>\n<meta property=\"og:site_name\" content=\"Agazeta.net\" \/>\n<meta property=\"article:published_time\" content=\"2020-07-15T16:41:25+00:00\" \/>\n<meta property=\"og:image\" content=\"https:\/\/nk7-testes.com.br\/agazeta\/wp-content\/uploads\/2020\/07\/15072020-presos-mancio-lima.jpg\" \/>\n\t<meta property=\"og:image:width\" content=\"458\" \/>\n\t<meta property=\"og:image:height\" content=\"340\" \/>\n\t<meta property=\"og:image:type\" content=\"image\/jpeg\" \/>\n<meta name=\"author\" content=\"Agazeta.Net\" \/>\n<meta name=\"twitter:card\" content=\"summary_large_image\" \/>\n<meta name=\"twitter:label1\" content=\"Escrito por\" \/>\n\t<meta name=\"twitter:data1\" content=\"Agazeta.Net\" \/>\n\t<meta name=\"twitter:label2\" content=\"Est. tempo de leitura\" \/>\n\t<meta name=\"twitter:data2\" content=\"1 minuto\" \/>\n<script type=\"application\/ld+json\" class=\"yoast-schema-graph\">{\"@context\":\"https:\/\/schema.org\",\"@graph\":[{\"@type\":\"WebPage\",\"@id\":\"https:\/\/nk7-testes.com.br\/agazeta\/policiais-de-mancio-lima-cumprem-mandados-de-prisoes\/\",\"url\":\"https:\/\/nk7-testes.com.br\/agazeta\/policiais-de-mancio-lima-cumprem-mandados-de-prisoes\/\",\"name\":\"Policiais de M\u00e2ncio Lima cumprem mandados de pris\u00f5es - Agazeta.net\",\"isPartOf\":{\"@id\":\"https:\/\/nk7-testes.com.br\/agazeta\/#website\"},\"primaryImageOfPage\":{\"@id\":\"https:\/\/nk7-testes.com.br\/agazeta\/policiais-de-mancio-lima-cumprem-mandados-de-prisoes\/#primaryimage\"},\"image\":{\"@id\":\"https:\/\/nk7-testes.com.br\/agazeta\/policiais-de-mancio-lima-cumprem-mandados-de-prisoes\/#primaryimage\"},\"thumbnailUrl\":\"https:\/\/nk7-testes.com.br\/agazeta\/wp-content\/uploads\/2020\/07\/15072020-presos-mancio-lima.jpg\",\"datePublished\":\"2020-07-15T16:41:25+00:00\",\"author\":{\"@id\":\"https:\/\/nk7-testes.com.br\/agazeta\/#\/schema\/person\/ff6b39d54d6973bfc57f4140f659b23f\"},\"breadcrumb\":{\"@id\":\"https:\/\/nk7-testes.com.br\/agazeta\/policiais-de-mancio-lima-cumprem-mandados-de-prisoes\/#breadcrumb\"},\"inLanguage\":\"pt-BR\",\"potentialAction\":[{\"@type\":\"ReadAction\",\"target\":[\"https:\/\/nk7-testes.com.br\/agazeta\/policiais-de-mancio-lima-cumprem-mandados-de-prisoes\/\"]}]},{\"@type\":\"ImageObject\",\"inLanguage\":\"pt-BR\",\"@id\":\"https:\/\/nk7-testes.com.br\/agazeta\/policiais-de-mancio-lima-cumprem-mandados-de-prisoes\/#primaryimage\",\"url\":\"https:\/\/nk7-testes.com.br\/agazeta\/wp-content\/uploads\/2020\/07\/15072020-presos-mancio-lima.jpg\",\"contentUrl\":\"https:\/\/nk7-testes.com.br\/agazeta\/wp-content\/uploads\/2020\/07\/15072020-presos-mancio-lima.jpg\",\"width\":458,\"height\":340,\"caption\":\"15072020-presos-mancio-lima\"},{\"@type\":\"BreadcrumbList\",\"@id\":\"https:\/\/nk7-testes.com.br\/agazeta\/policiais-de-mancio-lima-cumprem-mandados-de-prisoes\/#breadcrumb\",\"itemListElement\":[{\"@type\":\"ListItem\",\"position\":1,\"name\":\"In\u00edcio\",\"item\":\"https:\/\/nk7-testes.com.br\/agazeta\/\"},{\"@type\":\"ListItem\",\"position\":2,\"name\":\"Policiais de M\u00e2ncio Lima cumprem mandados de pris\u00f5es\"}]},{\"@type\":\"WebSite\",\"@id\":\"https:\/\/nk7-testes.com.br\/agazeta\/#website\",\"url\":\"https:\/\/nk7-testes.com.br\/agazeta\/\",\"name\":\"Agazeta.net\",\"description\":\"Agazeta.net - Not\u00edcias de Rio Branco\/AC\",\"potentialAction\":[{\"@type\":\"SearchAction\",\"target\":{\"@type\":\"EntryPoint\",\"urlTemplate\":\"https:\/\/nk7-testes.com.br\/agazeta\/?s={search_term_string}\"},\"query-input\":{\"@type\":\"PropertyValueSpecification\",\"valueRequired\":true,\"valueName\":\"search_term_string\"}}],\"inLanguage\":\"pt-BR\"},{\"@type\":\"Person\",\"@id\":\"https:\/\/nk7-testes.com.br\/agazeta\/#\/schema\/person\/ff6b39d54d6973bfc57f4140f659b23f\",\"name\":\"Agazeta.Net\",\"url\":\"https:\/\/nk7-testes.com.br\/agazeta\/author\/agazeta\/\"}]}<\/script>\n<!-- \/ Yoast SEO plugin. -->","yoast_head_json":{"title":"Policiais de M\u00e2ncio Lima cumprem mandados de pris\u00f5es - Agazeta.net","robots":{"index":"index","follow":"follow","max-snippet":"max-snippet:-1","max-image-preview":"max-image-preview:large","max-video-preview":"max-video-preview:-1"},"canonical":"https:\/\/nk7-testes.com.br\/agazeta\/policiais-de-mancio-lima-cumprem-mandados-de-prisoes\/","og_locale":"pt_BR","og_type":"article","og_title":"Policiais de M\u00e2ncio Lima cumprem mandados de pris\u00f5es - Agazeta.net","og_description":"Acusados teriam realizado v\u00e1rios assaltos na regi\u00e3o","og_url":"https:\/\/nk7-testes.com.br\/agazeta\/policiais-de-mancio-lima-cumprem-mandados-de-prisoes\/","og_site_name":"Agazeta.net","article_published_time":"2020-07-15T16:41:25+00:00","og_image":[{"width":458,"height":340,"url":"https:\/\/nk7-testes.com.br\/agazeta\/wp-content\/uploads\/2020\/07\/15072020-presos-mancio-lima.jpg","type":"image\/jpeg"}],"author":"Agazeta.Net","twitter_card":"summary_large_image","twitter_misc":{"Escrito por":"Agazeta.Net","Est. tempo de leitura":"1 minuto"},"schema":{"@context":"https:\/\/schema.org","@graph":[{"@type":"WebPage","@id":"https:\/\/nk7-testes.com.br\/agazeta\/policiais-de-mancio-lima-cumprem-mandados-de-prisoes\/","url":"https:\/\/nk7-testes.com.br\/agazeta\/policiais-de-mancio-lima-cumprem-mandados-de-prisoes\/","name":"Policiais de M\u00e2ncio Lima cumprem mandados de pris\u00f5es - Agazeta.net","isPartOf":{"@id":"https:\/\/nk7-testes.com.br\/agazeta\/#website"},"primaryImageOfPage":{"@id":"https:\/\/nk7-testes.com.br\/agazeta\/policiais-de-mancio-lima-cumprem-mandados-de-prisoes\/#primaryimage"},"image":{"@id":"https:\/\/nk7-testes.com.br\/agazeta\/policiais-de-mancio-lima-cumprem-mandados-de-prisoes\/#primaryimage"},"thumbnailUrl":"https:\/\/nk7-testes.com.br\/agazeta\/wp-content\/uploads\/2020\/07\/15072020-presos-mancio-lima.jpg","datePublished":"2020-07-15T16:41:25+00:00","author":{"@id":"https:\/\/nk7-testes.com.br\/agazeta\/#\/schema\/person\/ff6b39d54d6973bfc57f4140f659b23f"},"breadcrumb":{"@id":"https:\/\/nk7-testes.com.br\/agazeta\/policiais-de-mancio-lima-cumprem-mandados-de-prisoes\/#breadcrumb"},"inLanguage":"pt-BR","potentialAction":[{"@type":"ReadAction","target":["https:\/\/nk7-testes.com.br\/agazeta\/policiais-de-mancio-lima-cumprem-mandados-de-prisoes\/"]}]},{"@type":"ImageObject","inLanguage":"pt-BR","@id":"https:\/\/nk7-testes.com.br\/agazeta\/policiais-de-mancio-lima-cumprem-mandados-de-prisoes\/#primaryimage","url":"https:\/\/nk7-testes.com.br\/agazeta\/wp-content\/uploads\/2020\/07\/15072020-presos-mancio-lima.jpg","contentUrl":"https:\/\/nk7-testes.com.br\/agazeta\/wp-content\/uploads\/2020\/07\/15072020-presos-mancio-lima.jpg","width":458,"height":340,"caption":"15072020-presos-mancio-lima"},{"@type":"BreadcrumbList","@id":"https:\/\/nk7-testes.com.br\/agazeta\/policiais-de-mancio-lima-cumprem-mandados-de-prisoes\/#breadcrumb","itemListElement":[{"@type":"ListItem","position":1,"name":"In\u00edcio","item":"https:\/\/nk7-testes.com.br\/agazeta\/"},{"@type":"ListItem","position":2,"name":"Policiais de M\u00e2ncio Lima cumprem mandados de pris\u00f5es"}]},{"@type":"WebSite","@id":"https:\/\/nk7-testes.com.br\/agazeta\/#website","url":"https:\/\/nk7-testes.com.br\/agazeta\/","name":"Agazeta.net","description":"Agazeta.net - Not\u00edcias de Rio Branco\/AC","potentialAction":[{"@type":"SearchAction","target":{"@type":"EntryPoint","urlTemplate":"https:\/\/nk7-testes.com.br\/agazeta\/?s={search_term_string}"},"query-input":{"@type":"PropertyValueSpecification","valueRequired":true,"valueName":"search_term_string"}}],"inLanguage":"pt-BR"},{"@type":"Person","@id":"https:\/\/nk7-testes.com.br\/agazeta\/#\/schema\/person\/ff6b39d54d6973bfc57f4140f659b23f","name":"Agazeta.Net","url":"https:\/\/nk7-testes.com.br\/agazeta\/author\/agazeta\/"}]}},"_links":{"self":[{"href":"https:\/\/nk7-testes.com.br\/agazeta\/wp-json\/wp\/v2\/posts\/48852","targetHints":{"allow":["GET"]}}],"collection":[{"href":"https:\/\/nk7-testes.com.br\/agazeta\/wp-json\/wp\/v2\/posts"}],"about":[{"href":"https:\/\/nk7-testes.com.br\/agazeta\/wp-json\/wp\/v2\/types\/post"}],"author":[{"embeddable":true,"href":"https:\/\/nk7-testes.com.br\/agazeta\/wp-json\/wp\/v2\/users\/4"}],"replies":[{"embeddable":true,"href":"https:\/\/nk7-testes.com.br\/agazeta\/wp-json\/wp\/v2\/comments?post=48852"}],"version-history":[{"count":0,"href":"https:\/\/nk7-testes.com.br\/agazeta\/wp-json\/wp\/v2\/posts\/48852\/revisions"}],"wp:featuredmedia":[{"embeddable":true,"href":"https:\/\/nk7-testes.com.br\/agazeta\/wp-json\/wp\/v2\/media\/48851"}],"wp:attachment":[{"href":"https:\/\/nk7-testes.com.br\/agazeta\/wp-json\/wp\/v2\/media?parent=48852"}],"wp:term":[{"taxonomy":"category","embeddable":true,"href":"https:\/\/nk7-testes.com.br\/agazeta\/wp-json\/wp\/v2\/categories?post=48852"},{"taxonomy":"post_tag","embeddable":true,"href":"https:\/\/nk7-testes.com.br\/agazeta\/wp-json\/wp\/v2\/tags?post=48852"}],"curies":[{"name":"wp","href":"https:\/\/api.w.org\/{rel}","templated":true}]}}