{"id":48678,"date":"2020-07-04T14:41:44","date_gmt":"2020-07-04T14:41:44","guid":{"rendered":"https:\/\/abarevegan.com.br\/index.php\/2020\/07\/04\/acao-conjunta-resulta-na-prisao-de-um-homem-por-trafico-de-drogas\/"},"modified":"2020-07-04T14:41:44","modified_gmt":"2020-07-04T14:41:44","slug":"acao-conjunta-resulta-na-prisao-de-um-homem-por-trafico-de-drogas","status":"publish","type":"post","link":"https:\/\/nk7-testes.com.br\/agazeta\/acao-conjunta-resulta-na-prisao-de-um-homem-por-trafico-de-drogas\/","title":{"rendered":"A\u00e7\u00e3o conjunta resulta na pris\u00e3o de um homem por tr\u00e1fico de drogas"},"content":{"rendered":"<p>Suspeito transportava mais de 13 kg de pasta-base de coca\u00edna<\/p>\n<p>Durante a\u00e7\u00e3o conjunta, entre as Pol\u00edcias Rodovi\u00e1ria Federal e Militar, um homem de 29 anos, que n\u00e3o deve o nome divulgado, foi preso pelo crime de tr\u00e1fico de drogas.<\/p>\n<p>De acordo com a pol\u00edcia, durante ronda, na BR-364, Km 65, na localidade de Vila Campinas, interior do Acre, uma equipe da Pol\u00edcia Rodovi\u00e1ria Federal (PRF) ordenou que um motorista parasse para ser fiscalizado. No exato momento, uma viatura da Pol\u00edcia Militar (PM) parou para prestar apoio \u00e0 PRF.<\/p>\n<p>Durante a entrevista policial, o motorista ficou visivelmente nervoso e n\u00e3o soube precisar os motivos da viagem. Diante da suspeita, os policiais decidiram realizar a vistoria no ve\u00edculo, onde foi encontrados 14 tabletes de pasta-base de coca\u00edna, totalizando 13kg e 200 gramas.<\/p>\n<p>O material il\u00edcito, o ve\u00edculo e o condutor foram levadas \u00e0 delegacia.<\/p>\n","protected":false},"excerpt":{"rendered":"<p>Suspeito transportava mais de 13 kg de pasta-base de coca\u00edna<\/p>\n","protected":false},"author":4,"featured_media":48677,"comment_status":"open","ping_status":"open","sticky":false,"template":"","format":"standard","meta":{"jnews-multi-image_gallery":[],"jnews_single_post":[],"jnews_primary_category":[],"jnews_social_meta":[],"jnews_review":[],"enable_review":"","type":"","name":"","summary":"","brand":"","sku":"","good":[],"bad":[],"score_override":"","override_value":"","rating":[],"price":[],"footnotes":""},"categories":[44],"tags":[],"class_list":["post-48678","post","type-post","status-publish","format-standard","has-post-thumbnail","hentry","category-policia"],"yoast_head":"<!-- This site is optimized with the Yoast SEO plugin v26.5 - https:\/\/yoast.com\/wordpress\/plugins\/seo\/ -->\n<title>A\u00e7\u00e3o conjunta resulta na pris\u00e3o de um homem por tr\u00e1fico de drogas - Agazeta.net<\/title>\n<meta name=\"robots\" content=\"index, follow, max-snippet:-1, max-image-preview:large, max-video-preview:-1\" \/>\n<link rel=\"canonical\" href=\"https:\/\/nk7-testes.com.br\/agazeta\/acao-conjunta-resulta-na-prisao-de-um-homem-por-trafico-de-drogas\/\" \/>\n<meta property=\"og:locale\" content=\"pt_BR\" \/>\n<meta property=\"og:type\" content=\"article\" \/>\n<meta property=\"og:title\" content=\"A\u00e7\u00e3o conjunta resulta na pris\u00e3o de um homem por tr\u00e1fico de drogas - Agazeta.net\" \/>\n<meta property=\"og:description\" content=\"Suspeito transportava mais de 13 kg de pasta-base de coca\u00edna\" \/>\n<meta property=\"og:url\" content=\"https:\/\/nk7-testes.com.br\/agazeta\/acao-conjunta-resulta-na-prisao-de-um-homem-por-trafico-de-drogas\/\" \/>\n<meta property=\"og:site_name\" content=\"Agazeta.net\" \/>\n<meta property=\"article:published_time\" content=\"2020-07-04T14:41:44+00:00\" \/>\n<meta property=\"og:image\" content=\"https:\/\/nk7-testes.com.br\/agazeta\/wp-content\/uploads\/2020\/07\/04072020-apreensao-drogas.jpg\" \/>\n\t<meta property=\"og:image:width\" content=\"458\" \/>\n\t<meta property=\"og:image:height\" content=\"340\" \/>\n\t<meta property=\"og:image:type\" content=\"image\/jpeg\" \/>\n<meta name=\"author\" content=\"Agazeta.Net\" \/>\n<meta name=\"twitter:card\" content=\"summary_large_image\" \/>\n<meta name=\"twitter:label1\" content=\"Escrito por\" \/>\n\t<meta name=\"twitter:data1\" content=\"Agazeta.Net\" \/>\n\t<meta name=\"twitter:label2\" content=\"Est. tempo de leitura\" \/>\n\t<meta name=\"twitter:data2\" content=\"1 minuto\" \/>\n<script type=\"application\/ld+json\" class=\"yoast-schema-graph\">{\"@context\":\"https:\/\/schema.org\",\"@graph\":[{\"@type\":\"WebPage\",\"@id\":\"https:\/\/nk7-testes.com.br\/agazeta\/acao-conjunta-resulta-na-prisao-de-um-homem-por-trafico-de-drogas\/\",\"url\":\"https:\/\/nk7-testes.com.br\/agazeta\/acao-conjunta-resulta-na-prisao-de-um-homem-por-trafico-de-drogas\/\",\"name\":\"A\u00e7\u00e3o conjunta resulta na pris\u00e3o de um homem por tr\u00e1fico de drogas - Agazeta.net\",\"isPartOf\":{\"@id\":\"https:\/\/nk7-testes.com.br\/agazeta\/#website\"},\"primaryImageOfPage\":{\"@id\":\"https:\/\/nk7-testes.com.br\/agazeta\/acao-conjunta-resulta-na-prisao-de-um-homem-por-trafico-de-drogas\/#primaryimage\"},\"image\":{\"@id\":\"https:\/\/nk7-testes.com.br\/agazeta\/acao-conjunta-resulta-na-prisao-de-um-homem-por-trafico-de-drogas\/#primaryimage\"},\"thumbnailUrl\":\"https:\/\/nk7-testes.com.br\/agazeta\/wp-content\/uploads\/2020\/07\/04072020-apreensao-drogas.jpg\",\"datePublished\":\"2020-07-04T14:41:44+00:00\",\"author\":{\"@id\":\"https:\/\/nk7-testes.com.br\/agazeta\/#\/schema\/person\/ff6b39d54d6973bfc57f4140f659b23f\"},\"breadcrumb\":{\"@id\":\"https:\/\/nk7-testes.com.br\/agazeta\/acao-conjunta-resulta-na-prisao-de-um-homem-por-trafico-de-drogas\/#breadcrumb\"},\"inLanguage\":\"pt-BR\",\"potentialAction\":[{\"@type\":\"ReadAction\",\"target\":[\"https:\/\/nk7-testes.com.br\/agazeta\/acao-conjunta-resulta-na-prisao-de-um-homem-por-trafico-de-drogas\/\"]}]},{\"@type\":\"ImageObject\",\"inLanguage\":\"pt-BR\",\"@id\":\"https:\/\/nk7-testes.com.br\/agazeta\/acao-conjunta-resulta-na-prisao-de-um-homem-por-trafico-de-drogas\/#primaryimage\",\"url\":\"https:\/\/nk7-testes.com.br\/agazeta\/wp-content\/uploads\/2020\/07\/04072020-apreensao-drogas.jpg\",\"contentUrl\":\"https:\/\/nk7-testes.com.br\/agazeta\/wp-content\/uploads\/2020\/07\/04072020-apreensao-drogas.jpg\",\"width\":458,\"height\":340,\"caption\":\"04072020-apreensao-drogas\"},{\"@type\":\"BreadcrumbList\",\"@id\":\"https:\/\/nk7-testes.com.br\/agazeta\/acao-conjunta-resulta-na-prisao-de-um-homem-por-trafico-de-drogas\/#breadcrumb\",\"itemListElement\":[{\"@type\":\"ListItem\",\"position\":1,\"name\":\"In\u00edcio\",\"item\":\"https:\/\/nk7-testes.com.br\/agazeta\/\"},{\"@type\":\"ListItem\",\"position\":2,\"name\":\"A\u00e7\u00e3o conjunta resulta na pris\u00e3o de um homem por tr\u00e1fico de drogas\"}]},{\"@type\":\"WebSite\",\"@id\":\"https:\/\/nk7-testes.com.br\/agazeta\/#website\",\"url\":\"https:\/\/nk7-testes.com.br\/agazeta\/\",\"name\":\"Agazeta.net\",\"description\":\"Agazeta.net - Not\u00edcias de Rio Branco\/AC\",\"potentialAction\":[{\"@type\":\"SearchAction\",\"target\":{\"@type\":\"EntryPoint\",\"urlTemplate\":\"https:\/\/nk7-testes.com.br\/agazeta\/?s={search_term_string}\"},\"query-input\":{\"@type\":\"PropertyValueSpecification\",\"valueRequired\":true,\"valueName\":\"search_term_string\"}}],\"inLanguage\":\"pt-BR\"},{\"@type\":\"Person\",\"@id\":\"https:\/\/nk7-testes.com.br\/agazeta\/#\/schema\/person\/ff6b39d54d6973bfc57f4140f659b23f\",\"name\":\"Agazeta.Net\",\"url\":\"https:\/\/nk7-testes.com.br\/agazeta\/author\/agazeta\/\"}]}<\/script>\n<!-- \/ Yoast SEO plugin. -->","yoast_head_json":{"title":"A\u00e7\u00e3o conjunta resulta na pris\u00e3o de um homem por tr\u00e1fico de drogas - Agazeta.net","robots":{"index":"index","follow":"follow","max-snippet":"max-snippet:-1","max-image-preview":"max-image-preview:large","max-video-preview":"max-video-preview:-1"},"canonical":"https:\/\/nk7-testes.com.br\/agazeta\/acao-conjunta-resulta-na-prisao-de-um-homem-por-trafico-de-drogas\/","og_locale":"pt_BR","og_type":"article","og_title":"A\u00e7\u00e3o conjunta resulta na pris\u00e3o de um homem por tr\u00e1fico de drogas - Agazeta.net","og_description":"Suspeito transportava mais de 13 kg de pasta-base de coca\u00edna","og_url":"https:\/\/nk7-testes.com.br\/agazeta\/acao-conjunta-resulta-na-prisao-de-um-homem-por-trafico-de-drogas\/","og_site_name":"Agazeta.net","article_published_time":"2020-07-04T14:41:44+00:00","og_image":[{"width":458,"height":340,"url":"https:\/\/nk7-testes.com.br\/agazeta\/wp-content\/uploads\/2020\/07\/04072020-apreensao-drogas.jpg","type":"image\/jpeg"}],"author":"Agazeta.Net","twitter_card":"summary_large_image","twitter_misc":{"Escrito por":"Agazeta.Net","Est. tempo de leitura":"1 minuto"},"schema":{"@context":"https:\/\/schema.org","@graph":[{"@type":"WebPage","@id":"https:\/\/nk7-testes.com.br\/agazeta\/acao-conjunta-resulta-na-prisao-de-um-homem-por-trafico-de-drogas\/","url":"https:\/\/nk7-testes.com.br\/agazeta\/acao-conjunta-resulta-na-prisao-de-um-homem-por-trafico-de-drogas\/","name":"A\u00e7\u00e3o conjunta resulta na pris\u00e3o de um homem por tr\u00e1fico de drogas - Agazeta.net","isPartOf":{"@id":"https:\/\/nk7-testes.com.br\/agazeta\/#website"},"primaryImageOfPage":{"@id":"https:\/\/nk7-testes.com.br\/agazeta\/acao-conjunta-resulta-na-prisao-de-um-homem-por-trafico-de-drogas\/#primaryimage"},"image":{"@id":"https:\/\/nk7-testes.com.br\/agazeta\/acao-conjunta-resulta-na-prisao-de-um-homem-por-trafico-de-drogas\/#primaryimage"},"thumbnailUrl":"https:\/\/nk7-testes.com.br\/agazeta\/wp-content\/uploads\/2020\/07\/04072020-apreensao-drogas.jpg","datePublished":"2020-07-04T14:41:44+00:00","author":{"@id":"https:\/\/nk7-testes.com.br\/agazeta\/#\/schema\/person\/ff6b39d54d6973bfc57f4140f659b23f"},"breadcrumb":{"@id":"https:\/\/nk7-testes.com.br\/agazeta\/acao-conjunta-resulta-na-prisao-de-um-homem-por-trafico-de-drogas\/#breadcrumb"},"inLanguage":"pt-BR","potentialAction":[{"@type":"ReadAction","target":["https:\/\/nk7-testes.com.br\/agazeta\/acao-conjunta-resulta-na-prisao-de-um-homem-por-trafico-de-drogas\/"]}]},{"@type":"ImageObject","inLanguage":"pt-BR","@id":"https:\/\/nk7-testes.com.br\/agazeta\/acao-conjunta-resulta-na-prisao-de-um-homem-por-trafico-de-drogas\/#primaryimage","url":"https:\/\/nk7-testes.com.br\/agazeta\/wp-content\/uploads\/2020\/07\/04072020-apreensao-drogas.jpg","contentUrl":"https:\/\/nk7-testes.com.br\/agazeta\/wp-content\/uploads\/2020\/07\/04072020-apreensao-drogas.jpg","width":458,"height":340,"caption":"04072020-apreensao-drogas"},{"@type":"BreadcrumbList","@id":"https:\/\/nk7-testes.com.br\/agazeta\/acao-conjunta-resulta-na-prisao-de-um-homem-por-trafico-de-drogas\/#breadcrumb","itemListElement":[{"@type":"ListItem","position":1,"name":"In\u00edcio","item":"https:\/\/nk7-testes.com.br\/agazeta\/"},{"@type":"ListItem","position":2,"name":"A\u00e7\u00e3o conjunta resulta na pris\u00e3o de um homem por tr\u00e1fico de drogas"}]},{"@type":"WebSite","@id":"https:\/\/nk7-testes.com.br\/agazeta\/#website","url":"https:\/\/nk7-testes.com.br\/agazeta\/","name":"Agazeta.net","description":"Agazeta.net - Not\u00edcias de Rio Branco\/AC","potentialAction":[{"@type":"SearchAction","target":{"@type":"EntryPoint","urlTemplate":"https:\/\/nk7-testes.com.br\/agazeta\/?s={search_term_string}"},"query-input":{"@type":"PropertyValueSpecification","valueRequired":true,"valueName":"search_term_string"}}],"inLanguage":"pt-BR"},{"@type":"Person","@id":"https:\/\/nk7-testes.com.br\/agazeta\/#\/schema\/person\/ff6b39d54d6973bfc57f4140f659b23f","name":"Agazeta.Net","url":"https:\/\/nk7-testes.com.br\/agazeta\/author\/agazeta\/"}]}},"_links":{"self":[{"href":"https:\/\/nk7-testes.com.br\/agazeta\/wp-json\/wp\/v2\/posts\/48678","targetHints":{"allow":["GET"]}}],"collection":[{"href":"https:\/\/nk7-testes.com.br\/agazeta\/wp-json\/wp\/v2\/posts"}],"about":[{"href":"https:\/\/nk7-testes.com.br\/agazeta\/wp-json\/wp\/v2\/types\/post"}],"author":[{"embeddable":true,"href":"https:\/\/nk7-testes.com.br\/agazeta\/wp-json\/wp\/v2\/users\/4"}],"replies":[{"embeddable":true,"href":"https:\/\/nk7-testes.com.br\/agazeta\/wp-json\/wp\/v2\/comments?post=48678"}],"version-history":[{"count":0,"href":"https:\/\/nk7-testes.com.br\/agazeta\/wp-json\/wp\/v2\/posts\/48678\/revisions"}],"wp:featuredmedia":[{"embeddable":true,"href":"https:\/\/nk7-testes.com.br\/agazeta\/wp-json\/wp\/v2\/media\/48677"}],"wp:attachment":[{"href":"https:\/\/nk7-testes.com.br\/agazeta\/wp-json\/wp\/v2\/media?parent=48678"}],"wp:term":[{"taxonomy":"category","embeddable":true,"href":"https:\/\/nk7-testes.com.br\/agazeta\/wp-json\/wp\/v2\/categories?post=48678"},{"taxonomy":"post_tag","embeddable":true,"href":"https:\/\/nk7-testes.com.br\/agazeta\/wp-json\/wp\/v2\/tags?post=48678"}],"curies":[{"name":"wp","href":"https:\/\/api.w.org\/{rel}","templated":true}]}}