{"id":48584,"date":"2020-06-30T13:02:20","date_gmt":"2020-06-30T13:02:20","guid":{"rendered":"https:\/\/abarevegan.com.br\/index.php\/2020\/06\/30\/criminosos-invadem-residencias-no-conjunto-rosa-linda\/"},"modified":"2020-06-30T13:02:20","modified_gmt":"2020-06-30T13:02:20","slug":"criminosos-invadem-residencias-no-conjunto-rosa-linda","status":"publish","type":"post","link":"https:\/\/nk7-testes.com.br\/agazeta\/criminosos-invadem-residencias-no-conjunto-rosa-linda\/","title":{"rendered":"Criminosos invadem resid\u00eancias no conjunto Rosa Linda"},"content":{"rendered":"<p>Homem foi morto e outro acabou ferido<\/p>\n<p>Durante a noite desta segunda-feira (29) bandidos teriam invadido pelo menos 3 casas localizadas no residencial Rosa Linda.<\/p>\n<p>Segundo uma testemunha, que teve a casa invadida, os criminosos entraram no local perguntando se ele seria de uma determinada fac\u00e7\u00e3o, ele respondeu que n\u00e3o. Os bandidos levaram v\u00e1rios pertences da v\u00edtima.<\/p>\n<p>O grupo criminoso entrou ainda em outras duas resid\u00eancias, numa delas eles atiraram numa v\u00edtima e na outra assassinaram Andr\u00e9 Saraiva da Costa, 34 anos.<\/p>\n<p>A pol\u00edcia acredita que o crime tenha acontecido em retalia\u00e7\u00e3o \u00e0 morte de Nunes Pereira, 31 anos, ocorrida no bairro Santa In\u00eas, ainda na tarde de ontem.&nbsp;<\/p>\n<div id=\"_mcePaste\" class=\"mcePaste\" data-mce-bogus=\"1\" style=\"position: absolute; left: 0px; top: -25px; width: 1px; height: 1px; overflow: hidden;\">\n<div id=\"_mcePaste\" class=\"mcePaste\" data-mce-bogus=\"1\" style=\"position: absolute; left: 0px; top: -25px; width: 1px; height: 1px; overflow: hidden;\">Criminosos invadem resid\u00eancias no conjunto Rosa Linda<\/div>\n<div id=\"_mcePaste\" class=\"mcePaste\" data-mce-bogus=\"1\" style=\"position: absolute; left: 0px; top: -25px; width: 1px; height: 1px; overflow: hidden;\">&nbsp;<\/div>\n<div id=\"_mcePaste\" class=\"mcePaste\" data-mce-bogus=\"1\" style=\"position: absolute; left: 0px; top: -25px; width: 1px; height: 1px; overflow: hidden;\">Homem foi morto e outro acabou ferido<\/div>\n<div id=\"_mcePaste\" class=\"mcePaste\" data-mce-bogus=\"1\" style=\"position: absolute; left: 0px; top: -25px; width: 1px; height: 1px; overflow: hidden;\">&nbsp;<\/div>\n<div id=\"_mcePaste\" class=\"mcePaste\" data-mce-bogus=\"1\" style=\"position: absolute; left: 0px; top: -25px; width: 1px; height: 1px; overflow: hidden;\">Durante a noite desta segunda-feira (29) bandidos teriam invadido pelo menos 3 casas localizadas no residencial Rosa Linda.<\/div>\n<div id=\"_mcePaste\" class=\"mcePaste\" data-mce-bogus=\"1\" style=\"position: absolute; left: 0px; top: -25px; width: 1px; height: 1px; overflow: hidden;\">&nbsp;<\/div>\n<div id=\"_mcePaste\" class=\"mcePaste\" data-mce-bogus=\"1\" style=\"position: absolute; left: 0px; top: -25px; width: 1px; height: 1px; overflow: hidden;\">Segundo uma testemunha, que teve a casa invadida, os criminosos entraram no local perguntando se ele seria de uma determinada fac\u00e7\u00e3o, ele respondeu que n\u00e3o. Os bandidos levaram v\u00e1rios pertences da v\u00edtima.<\/div>\n<div id=\"_mcePaste\" class=\"mcePaste\" data-mce-bogus=\"1\" style=\"position: absolute; left: 0px; top: -25px; width: 1px; height: 1px; overflow: hidden;\">&nbsp;<\/div>\n<div id=\"_mcePaste\" class=\"mcePaste\" data-mce-bogus=\"1\" style=\"position: absolute; left: 0px; top: -25px; width: 1px; height: 1px; overflow: hidden;\">O grupo criminoso entrou ainda em outras duas resid\u00eancias, numa delas eles atiraram numa v\u00edtima e na outra assassinaram Andr\u00e9 Saraiva da Costa, 34 anos.<\/div>\n<div id=\"_mcePaste\" class=\"mcePaste\" data-mce-bogus=\"1\" style=\"position: absolute; left: 0px; top: -25px; width: 1px; height: 1px; overflow: hidden;\">&nbsp;<\/div>\n<div id=\"_mcePaste\" class=\"mcePaste\" data-mce-bogus=\"1\" style=\"position: absolute; left: 0px; top: -25px; width: 1px; height: 1px; overflow: hidden;\">A pol\u00edcia acredita que o crime tenha acontecido em retalia\u00e7\u00e3o \u00e0 morte de Nunes Pereira, 31 anos, ocorrida no bairro Santa In\u00eas, ainda na tarde de ontem.&nbsp;<\/div><\/div>\n","protected":false},"excerpt":{"rendered":"<p>Homem foi morto e outro acabou ferido<\/p>\n","protected":false},"author":4,"featured_media":48583,"comment_status":"open","ping_status":"open","sticky":false,"template":"","format":"standard","meta":{"jnews-multi-image_gallery":[],"jnews_single_post":[],"jnews_primary_category":[],"jnews_social_meta":[],"jnews_review":[],"enable_review":"","type":"","name":"","summary":"","brand":"","sku":"","good":[],"bad":[],"score_override":"","override_value":"","rating":[],"price":[],"footnotes":""},"categories":[44],"tags":[],"class_list":["post-48584","post","type-post","status-publish","format-standard","has-post-thumbnail","hentry","category-policia"],"yoast_head":"<!-- This site is optimized with the Yoast SEO plugin v26.5 - https:\/\/yoast.com\/wordpress\/plugins\/seo\/ -->\n<title>Criminosos invadem resid\u00eancias no conjunto Rosa Linda - Agazeta.net<\/title>\n<meta name=\"robots\" content=\"index, follow, max-snippet:-1, max-image-preview:large, max-video-preview:-1\" \/>\n<link rel=\"canonical\" href=\"https:\/\/nk7-testes.com.br\/agazeta\/criminosos-invadem-residencias-no-conjunto-rosa-linda\/\" \/>\n<meta property=\"og:locale\" content=\"pt_BR\" \/>\n<meta property=\"og:type\" content=\"article\" \/>\n<meta property=\"og:title\" content=\"Criminosos invadem resid\u00eancias no conjunto Rosa Linda - Agazeta.net\" \/>\n<meta property=\"og:description\" content=\"Homem foi morto e outro acabou ferido\" \/>\n<meta property=\"og:url\" content=\"https:\/\/nk7-testes.com.br\/agazeta\/criminosos-invadem-residencias-no-conjunto-rosa-linda\/\" \/>\n<meta property=\"og:site_name\" content=\"Agazeta.net\" \/>\n<meta property=\"article:published_time\" content=\"2020-06-30T13:02:20+00:00\" \/>\n<meta property=\"og:image\" content=\"https:\/\/nk7-testes.com.br\/agazeta\/wp-content\/uploads\/2020\/06\/30062020-crime-rosa-linda.jpg\" \/>\n\t<meta property=\"og:image:width\" content=\"458\" \/>\n\t<meta property=\"og:image:height\" content=\"340\" \/>\n\t<meta property=\"og:image:type\" content=\"image\/jpeg\" \/>\n<meta name=\"author\" content=\"Agazeta.Net\" \/>\n<meta name=\"twitter:card\" content=\"summary_large_image\" \/>\n<meta name=\"twitter:label1\" content=\"Escrito por\" \/>\n\t<meta name=\"twitter:data1\" content=\"Agazeta.Net\" \/>\n\t<meta name=\"twitter:label2\" content=\"Est. tempo de leitura\" \/>\n\t<meta name=\"twitter:data2\" content=\"1 minuto\" \/>\n<script type=\"application\/ld+json\" class=\"yoast-schema-graph\">{\"@context\":\"https:\/\/schema.org\",\"@graph\":[{\"@type\":\"WebPage\",\"@id\":\"https:\/\/nk7-testes.com.br\/agazeta\/criminosos-invadem-residencias-no-conjunto-rosa-linda\/\",\"url\":\"https:\/\/nk7-testes.com.br\/agazeta\/criminosos-invadem-residencias-no-conjunto-rosa-linda\/\",\"name\":\"Criminosos invadem resid\u00eancias no conjunto Rosa Linda - Agazeta.net\",\"isPartOf\":{\"@id\":\"https:\/\/nk7-testes.com.br\/agazeta\/#website\"},\"primaryImageOfPage\":{\"@id\":\"https:\/\/nk7-testes.com.br\/agazeta\/criminosos-invadem-residencias-no-conjunto-rosa-linda\/#primaryimage\"},\"image\":{\"@id\":\"https:\/\/nk7-testes.com.br\/agazeta\/criminosos-invadem-residencias-no-conjunto-rosa-linda\/#primaryimage\"},\"thumbnailUrl\":\"https:\/\/nk7-testes.com.br\/agazeta\/wp-content\/uploads\/2020\/06\/30062020-crime-rosa-linda.jpg\",\"datePublished\":\"2020-06-30T13:02:20+00:00\",\"author\":{\"@id\":\"https:\/\/nk7-testes.com.br\/agazeta\/#\/schema\/person\/ff6b39d54d6973bfc57f4140f659b23f\"},\"breadcrumb\":{\"@id\":\"https:\/\/nk7-testes.com.br\/agazeta\/criminosos-invadem-residencias-no-conjunto-rosa-linda\/#breadcrumb\"},\"inLanguage\":\"pt-BR\",\"potentialAction\":[{\"@type\":\"ReadAction\",\"target\":[\"https:\/\/nk7-testes.com.br\/agazeta\/criminosos-invadem-residencias-no-conjunto-rosa-linda\/\"]}]},{\"@type\":\"ImageObject\",\"inLanguage\":\"pt-BR\",\"@id\":\"https:\/\/nk7-testes.com.br\/agazeta\/criminosos-invadem-residencias-no-conjunto-rosa-linda\/#primaryimage\",\"url\":\"https:\/\/nk7-testes.com.br\/agazeta\/wp-content\/uploads\/2020\/06\/30062020-crime-rosa-linda.jpg\",\"contentUrl\":\"https:\/\/nk7-testes.com.br\/agazeta\/wp-content\/uploads\/2020\/06\/30062020-crime-rosa-linda.jpg\",\"width\":458,\"height\":340,\"caption\":\"30062020-crime-rosa-linda\"},{\"@type\":\"BreadcrumbList\",\"@id\":\"https:\/\/nk7-testes.com.br\/agazeta\/criminosos-invadem-residencias-no-conjunto-rosa-linda\/#breadcrumb\",\"itemListElement\":[{\"@type\":\"ListItem\",\"position\":1,\"name\":\"In\u00edcio\",\"item\":\"https:\/\/nk7-testes.com.br\/agazeta\/\"},{\"@type\":\"ListItem\",\"position\":2,\"name\":\"Criminosos invadem resid\u00eancias no conjunto Rosa Linda\"}]},{\"@type\":\"WebSite\",\"@id\":\"https:\/\/nk7-testes.com.br\/agazeta\/#website\",\"url\":\"https:\/\/nk7-testes.com.br\/agazeta\/\",\"name\":\"Agazeta.net\",\"description\":\"Agazeta.net - Not\u00edcias de Rio Branco\/AC\",\"potentialAction\":[{\"@type\":\"SearchAction\",\"target\":{\"@type\":\"EntryPoint\",\"urlTemplate\":\"https:\/\/nk7-testes.com.br\/agazeta\/?s={search_term_string}\"},\"query-input\":{\"@type\":\"PropertyValueSpecification\",\"valueRequired\":true,\"valueName\":\"search_term_string\"}}],\"inLanguage\":\"pt-BR\"},{\"@type\":\"Person\",\"@id\":\"https:\/\/nk7-testes.com.br\/agazeta\/#\/schema\/person\/ff6b39d54d6973bfc57f4140f659b23f\",\"name\":\"Agazeta.Net\",\"url\":\"https:\/\/nk7-testes.com.br\/agazeta\/author\/agazeta\/\"}]}<\/script>\n<!-- \/ Yoast SEO plugin. -->","yoast_head_json":{"title":"Criminosos invadem resid\u00eancias no conjunto Rosa Linda - Agazeta.net","robots":{"index":"index","follow":"follow","max-snippet":"max-snippet:-1","max-image-preview":"max-image-preview:large","max-video-preview":"max-video-preview:-1"},"canonical":"https:\/\/nk7-testes.com.br\/agazeta\/criminosos-invadem-residencias-no-conjunto-rosa-linda\/","og_locale":"pt_BR","og_type":"article","og_title":"Criminosos invadem resid\u00eancias no conjunto Rosa Linda - Agazeta.net","og_description":"Homem foi morto e outro acabou ferido","og_url":"https:\/\/nk7-testes.com.br\/agazeta\/criminosos-invadem-residencias-no-conjunto-rosa-linda\/","og_site_name":"Agazeta.net","article_published_time":"2020-06-30T13:02:20+00:00","og_image":[{"width":458,"height":340,"url":"https:\/\/nk7-testes.com.br\/agazeta\/wp-content\/uploads\/2020\/06\/30062020-crime-rosa-linda.jpg","type":"image\/jpeg"}],"author":"Agazeta.Net","twitter_card":"summary_large_image","twitter_misc":{"Escrito por":"Agazeta.Net","Est. tempo de leitura":"1 minuto"},"schema":{"@context":"https:\/\/schema.org","@graph":[{"@type":"WebPage","@id":"https:\/\/nk7-testes.com.br\/agazeta\/criminosos-invadem-residencias-no-conjunto-rosa-linda\/","url":"https:\/\/nk7-testes.com.br\/agazeta\/criminosos-invadem-residencias-no-conjunto-rosa-linda\/","name":"Criminosos invadem resid\u00eancias no conjunto Rosa Linda - Agazeta.net","isPartOf":{"@id":"https:\/\/nk7-testes.com.br\/agazeta\/#website"},"primaryImageOfPage":{"@id":"https:\/\/nk7-testes.com.br\/agazeta\/criminosos-invadem-residencias-no-conjunto-rosa-linda\/#primaryimage"},"image":{"@id":"https:\/\/nk7-testes.com.br\/agazeta\/criminosos-invadem-residencias-no-conjunto-rosa-linda\/#primaryimage"},"thumbnailUrl":"https:\/\/nk7-testes.com.br\/agazeta\/wp-content\/uploads\/2020\/06\/30062020-crime-rosa-linda.jpg","datePublished":"2020-06-30T13:02:20+00:00","author":{"@id":"https:\/\/nk7-testes.com.br\/agazeta\/#\/schema\/person\/ff6b39d54d6973bfc57f4140f659b23f"},"breadcrumb":{"@id":"https:\/\/nk7-testes.com.br\/agazeta\/criminosos-invadem-residencias-no-conjunto-rosa-linda\/#breadcrumb"},"inLanguage":"pt-BR","potentialAction":[{"@type":"ReadAction","target":["https:\/\/nk7-testes.com.br\/agazeta\/criminosos-invadem-residencias-no-conjunto-rosa-linda\/"]}]},{"@type":"ImageObject","inLanguage":"pt-BR","@id":"https:\/\/nk7-testes.com.br\/agazeta\/criminosos-invadem-residencias-no-conjunto-rosa-linda\/#primaryimage","url":"https:\/\/nk7-testes.com.br\/agazeta\/wp-content\/uploads\/2020\/06\/30062020-crime-rosa-linda.jpg","contentUrl":"https:\/\/nk7-testes.com.br\/agazeta\/wp-content\/uploads\/2020\/06\/30062020-crime-rosa-linda.jpg","width":458,"height":340,"caption":"30062020-crime-rosa-linda"},{"@type":"BreadcrumbList","@id":"https:\/\/nk7-testes.com.br\/agazeta\/criminosos-invadem-residencias-no-conjunto-rosa-linda\/#breadcrumb","itemListElement":[{"@type":"ListItem","position":1,"name":"In\u00edcio","item":"https:\/\/nk7-testes.com.br\/agazeta\/"},{"@type":"ListItem","position":2,"name":"Criminosos invadem resid\u00eancias no conjunto Rosa Linda"}]},{"@type":"WebSite","@id":"https:\/\/nk7-testes.com.br\/agazeta\/#website","url":"https:\/\/nk7-testes.com.br\/agazeta\/","name":"Agazeta.net","description":"Agazeta.net - Not\u00edcias de Rio Branco\/AC","potentialAction":[{"@type":"SearchAction","target":{"@type":"EntryPoint","urlTemplate":"https:\/\/nk7-testes.com.br\/agazeta\/?s={search_term_string}"},"query-input":{"@type":"PropertyValueSpecification","valueRequired":true,"valueName":"search_term_string"}}],"inLanguage":"pt-BR"},{"@type":"Person","@id":"https:\/\/nk7-testes.com.br\/agazeta\/#\/schema\/person\/ff6b39d54d6973bfc57f4140f659b23f","name":"Agazeta.Net","url":"https:\/\/nk7-testes.com.br\/agazeta\/author\/agazeta\/"}]}},"_links":{"self":[{"href":"https:\/\/nk7-testes.com.br\/agazeta\/wp-json\/wp\/v2\/posts\/48584","targetHints":{"allow":["GET"]}}],"collection":[{"href":"https:\/\/nk7-testes.com.br\/agazeta\/wp-json\/wp\/v2\/posts"}],"about":[{"href":"https:\/\/nk7-testes.com.br\/agazeta\/wp-json\/wp\/v2\/types\/post"}],"author":[{"embeddable":true,"href":"https:\/\/nk7-testes.com.br\/agazeta\/wp-json\/wp\/v2\/users\/4"}],"replies":[{"embeddable":true,"href":"https:\/\/nk7-testes.com.br\/agazeta\/wp-json\/wp\/v2\/comments?post=48584"}],"version-history":[{"count":0,"href":"https:\/\/nk7-testes.com.br\/agazeta\/wp-json\/wp\/v2\/posts\/48584\/revisions"}],"wp:featuredmedia":[{"embeddable":true,"href":"https:\/\/nk7-testes.com.br\/agazeta\/wp-json\/wp\/v2\/media\/48583"}],"wp:attachment":[{"href":"https:\/\/nk7-testes.com.br\/agazeta\/wp-json\/wp\/v2\/media?parent=48584"}],"wp:term":[{"taxonomy":"category","embeddable":true,"href":"https:\/\/nk7-testes.com.br\/agazeta\/wp-json\/wp\/v2\/categories?post=48584"},{"taxonomy":"post_tag","embeddable":true,"href":"https:\/\/nk7-testes.com.br\/agazeta\/wp-json\/wp\/v2\/tags?post=48584"}],"curies":[{"name":"wp","href":"https:\/\/api.w.org\/{rel}","templated":true}]}}