{"id":48393,"date":"2020-06-17T17:18:50","date_gmt":"2020-06-17T17:18:50","guid":{"rendered":"https:\/\/abarevegan.com.br\/index.php\/2020\/06\/17\/prf-prende-quatro-pessoas-em-menos-de-24-horas\/"},"modified":"2020-06-17T17:18:50","modified_gmt":"2020-06-17T17:18:50","slug":"prf-prende-quatro-pessoas-em-menos-de-24-horas","status":"publish","type":"post","link":"https:\/\/nk7-testes.com.br\/agazeta\/prf-prende-quatro-pessoas-em-menos-de-24-horas\/","title":{"rendered":"PRF prende quatro pessoas em menos de 24 horas"},"content":{"rendered":"<p style=\"text-align: justify;\"><span style=\"font-size: 13.2px;\">Droga e arma foram apreendidas, e um carro recuperado<\/span><\/p>\n<p style=\"text-align: justify;\">Quatro pris\u00f5es foram realizadas pela Pol\u00edcia Rodovi\u00e1ria Federal (PRF), entre a ter\u00e7a-feira (16) e esta quarta-feira (17), na capital acreana e no interior do estado.<\/p>\n<p style=\"text-align: justify;\">Na tarde de ontem (16), a PRF realizava ronda no KM 46 da BR-364, em Acrel\u00e2ndia, quando se deparou com um motociclista que portava uma espingarda. Os policiais deram ordem de parada ao homem, e constataram que a arma estava municiada.<\/p>\n<p style=\"text-align: justify;\">O condutor informou que era morador da zona rural e usava o armamento para ca\u00e7a, mas n\u00e3o apresentou a documenta\u00e7\u00e3o do objeto. O homem, de 40 anos, recebeu voz de pris\u00e3o e foi conduzido \u00e0 Delegacia do munic\u00edpio.<\/p>\n<p style=\"text-align: justify;\">Durante a noite, do mesmo dia (16), no KM 124, em Rio Branco, a equipe da PRF abordou um ve\u00edculo no qual um dos passageiros n\u00e3o possu\u00eda documento e se identificou apenas pelo nome. Atrav\u00e9s de consulta, os policiais identificaram inconsist\u00eancia de informa\u00e7\u00f5es.<\/p>\n<p style=\"text-align: justify;\">O suspeito confessou que havia dado um nome falso por ser foragido do sistema prisional. Ele contou que h\u00e1 quatro meses estava no regime semi-aberto e quebrou a tornozeleira de monitoramento eletr\u00f4nico. O homem, de 28 anos, foi recapturado e conduzido \u00e0 Delegacia de Flagrantes, na capital.<\/p>\n<p style=\"text-align: justify;\">J\u00e1 na madrugada desta quarta-feira (17), no KM 118, aconteceu a abordagem a duas pessoas que seguiam em um carro com placa de Belo Horizonte (MG). Ao verificar o documento do ve\u00edculo, os policiais confirmaram que o documento continha rasuras.<\/p>\n<p style=\"text-align: justify;\">A equipe realizou inspe\u00e7\u00e3o veicular, e nos sistemas constava que o carro era de propriedade de uma empresa, e possu\u00eda restri\u00e7\u00e3o de roubo. Tamb\u00e9m foi feita uma busca no ve\u00edculo, onde foi encontrada uma bolsa com potes contendo skunk e material para comercializa\u00e7\u00e3o da droga.<\/p>\n<p style=\"text-align: justify;\">O motorista, de 26 anos, informou que havia adquirido o carro em Cuiab\u00e1 (MT), por R$8 mil, onde tamb\u00e9m comprou a droga, que afirmou ser para consumo. Ele e o passageiro, de 21 anos, foram presos e conduzidos, junto ao ve\u00edculo e \u00e0 droga, para a Delegacia de Flagrantes (Defla).<\/p>\n","protected":false},"excerpt":{"rendered":"<p style=\"text-align: justify;\"><span style=\"font-size: 13.2px;\">Droga e arma foram apreendidas, e um carro recuperado<\/span><\/p>\n","protected":false},"author":4,"featured_media":48392,"comment_status":"open","ping_status":"open","sticky":false,"template":"","format":"standard","meta":{"jnews-multi-image_gallery":[],"jnews_single_post":[],"jnews_primary_category":[],"jnews_social_meta":[],"jnews_review":[],"enable_review":"","type":"","name":"","summary":"","brand":"","sku":"","good":[],"bad":[],"score_override":"","override_value":"","rating":[],"price":[],"footnotes":""},"categories":[44],"tags":[],"class_list":["post-48393","post","type-post","status-publish","format-standard","has-post-thumbnail","hentry","category-policia"],"yoast_head":"<!-- This site is optimized with the Yoast SEO plugin v26.5 - https:\/\/yoast.com\/wordpress\/plugins\/seo\/ -->\n<title>PRF prende quatro pessoas em menos de 24 horas - Agazeta.net<\/title>\n<meta name=\"robots\" content=\"index, follow, max-snippet:-1, max-image-preview:large, max-video-preview:-1\" \/>\n<link rel=\"canonical\" href=\"https:\/\/nk7-testes.com.br\/agazeta\/prf-prende-quatro-pessoas-em-menos-de-24-horas\/\" \/>\n<meta property=\"og:locale\" content=\"pt_BR\" \/>\n<meta property=\"og:type\" content=\"article\" \/>\n<meta property=\"og:title\" content=\"PRF prende quatro pessoas em menos de 24 horas - Agazeta.net\" \/>\n<meta property=\"og:description\" content=\"Droga e arma foram apreendidas, e um carro recuperado\" \/>\n<meta property=\"og:url\" content=\"https:\/\/nk7-testes.com.br\/agazeta\/prf-prende-quatro-pessoas-em-menos-de-24-horas\/\" \/>\n<meta property=\"og:site_name\" content=\"Agazeta.net\" \/>\n<meta property=\"article:published_time\" content=\"2020-06-17T17:18:50+00:00\" \/>\n<meta property=\"og:image\" content=\"https:\/\/nk7-testes.com.br\/agazeta\/wp-content\/uploads\/2020\/06\/17-06-20_prf.jpg\" \/>\n\t<meta property=\"og:image:width\" content=\"456\" \/>\n\t<meta property=\"og:image:height\" content=\"340\" \/>\n\t<meta property=\"og:image:type\" content=\"image\/jpeg\" \/>\n<meta name=\"author\" content=\"Agazeta.Net\" \/>\n<meta name=\"twitter:card\" content=\"summary_large_image\" \/>\n<meta name=\"twitter:label1\" content=\"Escrito por\" \/>\n\t<meta name=\"twitter:data1\" content=\"Agazeta.Net\" \/>\n\t<meta name=\"twitter:label2\" content=\"Est. tempo de leitura\" \/>\n\t<meta name=\"twitter:data2\" content=\"2 minutos\" \/>\n<script type=\"application\/ld+json\" class=\"yoast-schema-graph\">{\"@context\":\"https:\/\/schema.org\",\"@graph\":[{\"@type\":\"WebPage\",\"@id\":\"https:\/\/nk7-testes.com.br\/agazeta\/prf-prende-quatro-pessoas-em-menos-de-24-horas\/\",\"url\":\"https:\/\/nk7-testes.com.br\/agazeta\/prf-prende-quatro-pessoas-em-menos-de-24-horas\/\",\"name\":\"PRF prende quatro pessoas em menos de 24 horas - Agazeta.net\",\"isPartOf\":{\"@id\":\"https:\/\/nk7-testes.com.br\/agazeta\/#website\"},\"primaryImageOfPage\":{\"@id\":\"https:\/\/nk7-testes.com.br\/agazeta\/prf-prende-quatro-pessoas-em-menos-de-24-horas\/#primaryimage\"},\"image\":{\"@id\":\"https:\/\/nk7-testes.com.br\/agazeta\/prf-prende-quatro-pessoas-em-menos-de-24-horas\/#primaryimage\"},\"thumbnailUrl\":\"https:\/\/nk7-testes.com.br\/agazeta\/wp-content\/uploads\/2020\/06\/17-06-20_prf.jpg\",\"datePublished\":\"2020-06-17T17:18:50+00:00\",\"author\":{\"@id\":\"https:\/\/nk7-testes.com.br\/agazeta\/#\/schema\/person\/ff6b39d54d6973bfc57f4140f659b23f\"},\"breadcrumb\":{\"@id\":\"https:\/\/nk7-testes.com.br\/agazeta\/prf-prende-quatro-pessoas-em-menos-de-24-horas\/#breadcrumb\"},\"inLanguage\":\"pt-BR\",\"potentialAction\":[{\"@type\":\"ReadAction\",\"target\":[\"https:\/\/nk7-testes.com.br\/agazeta\/prf-prende-quatro-pessoas-em-menos-de-24-horas\/\"]}]},{\"@type\":\"ImageObject\",\"inLanguage\":\"pt-BR\",\"@id\":\"https:\/\/nk7-testes.com.br\/agazeta\/prf-prende-quatro-pessoas-em-menos-de-24-horas\/#primaryimage\",\"url\":\"https:\/\/nk7-testes.com.br\/agazeta\/wp-content\/uploads\/2020\/06\/17-06-20_prf.jpg\",\"contentUrl\":\"https:\/\/nk7-testes.com.br\/agazeta\/wp-content\/uploads\/2020\/06\/17-06-20_prf.jpg\",\"width\":456,\"height\":340,\"caption\":\"17-06-20 prf\"},{\"@type\":\"BreadcrumbList\",\"@id\":\"https:\/\/nk7-testes.com.br\/agazeta\/prf-prende-quatro-pessoas-em-menos-de-24-horas\/#breadcrumb\",\"itemListElement\":[{\"@type\":\"ListItem\",\"position\":1,\"name\":\"In\u00edcio\",\"item\":\"https:\/\/nk7-testes.com.br\/agazeta\/\"},{\"@type\":\"ListItem\",\"position\":2,\"name\":\"PRF prende quatro pessoas em menos de 24 horas\"}]},{\"@type\":\"WebSite\",\"@id\":\"https:\/\/nk7-testes.com.br\/agazeta\/#website\",\"url\":\"https:\/\/nk7-testes.com.br\/agazeta\/\",\"name\":\"Agazeta.net\",\"description\":\"Agazeta.net - Not\u00edcias de Rio Branco\/AC\",\"potentialAction\":[{\"@type\":\"SearchAction\",\"target\":{\"@type\":\"EntryPoint\",\"urlTemplate\":\"https:\/\/nk7-testes.com.br\/agazeta\/?s={search_term_string}\"},\"query-input\":{\"@type\":\"PropertyValueSpecification\",\"valueRequired\":true,\"valueName\":\"search_term_string\"}}],\"inLanguage\":\"pt-BR\"},{\"@type\":\"Person\",\"@id\":\"https:\/\/nk7-testes.com.br\/agazeta\/#\/schema\/person\/ff6b39d54d6973bfc57f4140f659b23f\",\"name\":\"Agazeta.Net\",\"url\":\"https:\/\/nk7-testes.com.br\/agazeta\/author\/agazeta\/\"}]}<\/script>\n<!-- \/ Yoast SEO plugin. -->","yoast_head_json":{"title":"PRF prende quatro pessoas em menos de 24 horas - Agazeta.net","robots":{"index":"index","follow":"follow","max-snippet":"max-snippet:-1","max-image-preview":"max-image-preview:large","max-video-preview":"max-video-preview:-1"},"canonical":"https:\/\/nk7-testes.com.br\/agazeta\/prf-prende-quatro-pessoas-em-menos-de-24-horas\/","og_locale":"pt_BR","og_type":"article","og_title":"PRF prende quatro pessoas em menos de 24 horas - Agazeta.net","og_description":"Droga e arma foram apreendidas, e um carro recuperado","og_url":"https:\/\/nk7-testes.com.br\/agazeta\/prf-prende-quatro-pessoas-em-menos-de-24-horas\/","og_site_name":"Agazeta.net","article_published_time":"2020-06-17T17:18:50+00:00","og_image":[{"width":456,"height":340,"url":"https:\/\/nk7-testes.com.br\/agazeta\/wp-content\/uploads\/2020\/06\/17-06-20_prf.jpg","type":"image\/jpeg"}],"author":"Agazeta.Net","twitter_card":"summary_large_image","twitter_misc":{"Escrito por":"Agazeta.Net","Est. tempo de leitura":"2 minutos"},"schema":{"@context":"https:\/\/schema.org","@graph":[{"@type":"WebPage","@id":"https:\/\/nk7-testes.com.br\/agazeta\/prf-prende-quatro-pessoas-em-menos-de-24-horas\/","url":"https:\/\/nk7-testes.com.br\/agazeta\/prf-prende-quatro-pessoas-em-menos-de-24-horas\/","name":"PRF prende quatro pessoas em menos de 24 horas - Agazeta.net","isPartOf":{"@id":"https:\/\/nk7-testes.com.br\/agazeta\/#website"},"primaryImageOfPage":{"@id":"https:\/\/nk7-testes.com.br\/agazeta\/prf-prende-quatro-pessoas-em-menos-de-24-horas\/#primaryimage"},"image":{"@id":"https:\/\/nk7-testes.com.br\/agazeta\/prf-prende-quatro-pessoas-em-menos-de-24-horas\/#primaryimage"},"thumbnailUrl":"https:\/\/nk7-testes.com.br\/agazeta\/wp-content\/uploads\/2020\/06\/17-06-20_prf.jpg","datePublished":"2020-06-17T17:18:50+00:00","author":{"@id":"https:\/\/nk7-testes.com.br\/agazeta\/#\/schema\/person\/ff6b39d54d6973bfc57f4140f659b23f"},"breadcrumb":{"@id":"https:\/\/nk7-testes.com.br\/agazeta\/prf-prende-quatro-pessoas-em-menos-de-24-horas\/#breadcrumb"},"inLanguage":"pt-BR","potentialAction":[{"@type":"ReadAction","target":["https:\/\/nk7-testes.com.br\/agazeta\/prf-prende-quatro-pessoas-em-menos-de-24-horas\/"]}]},{"@type":"ImageObject","inLanguage":"pt-BR","@id":"https:\/\/nk7-testes.com.br\/agazeta\/prf-prende-quatro-pessoas-em-menos-de-24-horas\/#primaryimage","url":"https:\/\/nk7-testes.com.br\/agazeta\/wp-content\/uploads\/2020\/06\/17-06-20_prf.jpg","contentUrl":"https:\/\/nk7-testes.com.br\/agazeta\/wp-content\/uploads\/2020\/06\/17-06-20_prf.jpg","width":456,"height":340,"caption":"17-06-20 prf"},{"@type":"BreadcrumbList","@id":"https:\/\/nk7-testes.com.br\/agazeta\/prf-prende-quatro-pessoas-em-menos-de-24-horas\/#breadcrumb","itemListElement":[{"@type":"ListItem","position":1,"name":"In\u00edcio","item":"https:\/\/nk7-testes.com.br\/agazeta\/"},{"@type":"ListItem","position":2,"name":"PRF prende quatro pessoas em menos de 24 horas"}]},{"@type":"WebSite","@id":"https:\/\/nk7-testes.com.br\/agazeta\/#website","url":"https:\/\/nk7-testes.com.br\/agazeta\/","name":"Agazeta.net","description":"Agazeta.net - Not\u00edcias de Rio Branco\/AC","potentialAction":[{"@type":"SearchAction","target":{"@type":"EntryPoint","urlTemplate":"https:\/\/nk7-testes.com.br\/agazeta\/?s={search_term_string}"},"query-input":{"@type":"PropertyValueSpecification","valueRequired":true,"valueName":"search_term_string"}}],"inLanguage":"pt-BR"},{"@type":"Person","@id":"https:\/\/nk7-testes.com.br\/agazeta\/#\/schema\/person\/ff6b39d54d6973bfc57f4140f659b23f","name":"Agazeta.Net","url":"https:\/\/nk7-testes.com.br\/agazeta\/author\/agazeta\/"}]}},"_links":{"self":[{"href":"https:\/\/nk7-testes.com.br\/agazeta\/wp-json\/wp\/v2\/posts\/48393","targetHints":{"allow":["GET"]}}],"collection":[{"href":"https:\/\/nk7-testes.com.br\/agazeta\/wp-json\/wp\/v2\/posts"}],"about":[{"href":"https:\/\/nk7-testes.com.br\/agazeta\/wp-json\/wp\/v2\/types\/post"}],"author":[{"embeddable":true,"href":"https:\/\/nk7-testes.com.br\/agazeta\/wp-json\/wp\/v2\/users\/4"}],"replies":[{"embeddable":true,"href":"https:\/\/nk7-testes.com.br\/agazeta\/wp-json\/wp\/v2\/comments?post=48393"}],"version-history":[{"count":0,"href":"https:\/\/nk7-testes.com.br\/agazeta\/wp-json\/wp\/v2\/posts\/48393\/revisions"}],"wp:featuredmedia":[{"embeddable":true,"href":"https:\/\/nk7-testes.com.br\/agazeta\/wp-json\/wp\/v2\/media\/48392"}],"wp:attachment":[{"href":"https:\/\/nk7-testes.com.br\/agazeta\/wp-json\/wp\/v2\/media?parent=48393"}],"wp:term":[{"taxonomy":"category","embeddable":true,"href":"https:\/\/nk7-testes.com.br\/agazeta\/wp-json\/wp\/v2\/categories?post=48393"},{"taxonomy":"post_tag","embeddable":true,"href":"https:\/\/nk7-testes.com.br\/agazeta\/wp-json\/wp\/v2\/tags?post=48393"}],"curies":[{"name":"wp","href":"https:\/\/api.w.org\/{rel}","templated":true}]}}