{"id":48274,"date":"2020-06-10T14:06:43","date_gmt":"2020-06-10T14:06:43","guid":{"rendered":"https:\/\/abarevegan.com.br\/index.php\/2020\/06\/10\/pf-prende-duas-pessoas-durante-operacao-assepsia-em-rio-branco\/"},"modified":"2020-06-10T14:06:43","modified_gmt":"2020-06-10T14:06:43","slug":"pf-prende-duas-pessoas-durante-operacao-assepsia-em-rio-branco","status":"publish","type":"post","link":"https:\/\/nk7-testes.com.br\/agazeta\/pf-prende-duas-pessoas-durante-operacao-assepsia-em-rio-branco\/","title":{"rendered":"PF prende duas pessoas durante Opera\u00e7\u00e3o Assepsia, em Rio Branco"},"content":{"rendered":"<p style=\"text-align: justify;\"><span style=\"font-size: 13.2px;\">Irregularidades foram constatadas na Secretaria Municipal de Sa\u00fade<br \/><\/span><\/p>\n<p style=\"text-align: justify;\">A Pol\u00edcia Federal deflagrou mais uma opera\u00e7\u00e3o envolvendo poss\u00edveis desvios de verbas destinadas \u00e0 sa\u00fade p\u00fablica. A Opera\u00e7\u00e3o Assepsia investiga, junto com a Controladoria Geral da Uni\u00e3o (CGU), fraudes na aquisi\u00e7\u00e3o de m\u00e1scaras e \u00e1lcool em gel, por parte da&nbsp;<span style=\"font-size: 13.2px; text-align: justify;\">Secretaria Municipal de Sa\u00fade de Rio Branco (Semsa),<\/span>&nbsp;para o enfrentamento da pandemia de Covid-19.<\/p>\n<p style=\"text-align: justify;\">As investiga\u00e7\u00f5es iniciaram no dia 7 de abril, quando a Semsa homologou a dispensa de licita\u00e7\u00e3o para aquisi\u00e7\u00e3o de mais de 70 mil litros de \u00e1lcool em gel e quase um milh\u00e3o de m\u00e1scaras. O valor da contrata\u00e7\u00e3o foi de R$6.993.975,00, com previs\u00e3o de os produtos serem adquiridos em apenas quatro meses.<\/p>\n<p style=\"text-align: justify;\">Com o levantamento feito pela PF, ficaram constatados ind\u00edcios de montagem processual, simula\u00e7\u00e3o de pesquisas de pre\u00e7os e falsidades de assinaturas nos documentos da empresa contratada. Fatos confirmados pela CGU, em 28 de abril, que constatou ind\u00edcios de simula\u00e7\u00e3o no procedimento de verifica\u00e7\u00e3o do valor de mercado dos produtos a serem adquiridos.<\/p>\n<p style=\"text-align: justify;\">A pesquisa de pre\u00e7os foi realizada apenas com tr\u00eas fornecedores localizados em outros estados, inclusive a empresa contratada. Nenhuma das empresas consultadas possui hist\u00f3rico de atua\u00e7\u00e3o em contratos p\u00fablicos no Estado do Acre.<\/p>\n<p style=\"text-align: justify;\">Al\u00e9m disso, os auditores da CGU tamb\u00e9m identificaram sobrepre\u00e7o na aquisi\u00e7\u00e3o do \u00e1lcool em gel. A SEMSA j\u00e1 pagou o total de 32 mil litros do produto, causando um preju\u00edzo de R$ 1.075.200,00. Se for realizado o pagamento do quantitativo total do contrato, o preju\u00edzo pode chegar a R$ 2.353.680,00.<\/p>\n<p style=\"text-align: justify;\"><strong>Dilig\u00eancias<\/strong><br \/>A Opera\u00e7\u00e3o Assepsia cumpre dois mandados de pris\u00e3o tempor\u00e1ria e sete mandados de busca e apreens\u00e3o em \u00f3rg\u00e3os p\u00fablicos, empresas, escrit\u00f3rios de advocacia e resid\u00eancias localizados nos munic\u00edpios de Rio Branco, Porto Velho (RO), Santo Andr\u00e9 (SP) e S\u00e3o Bernardo do Campo (SP).<\/p>\n<p style=\"text-align: justify;\">Seis pessoas foram intimadas para prestarem esclarecimentos. Os trabalhos contam com a participa\u00e7\u00e3o de 46 policiais federais e de dois auditores da CGU.<\/p>\n<p style=\"text-align: justify;\"><strong>Crimes investigados<\/strong><br \/>Os envolvidos est\u00e3o sendo investigados pelos crimes de peculato, associa\u00e7\u00e3o criminosa, corrup\u00e7\u00e3o passiva, corrup\u00e7\u00e3o ativa e falsidade ideol\u00f3gica, al\u00e9m de dispensa indevida de licita\u00e7\u00e3o e lavagem de dinheiro.<\/p>\n<p style=\"text-align: justify;\">O nome da opera\u00e7\u00e3o est\u00e1 relacionado \u00e0 estimativa de consumo de 70.000 litros de \u00e1lcool gel em apenas quatro meses. Com isso, precisariam ser consumidos mais de 580 litros do produto por dia, quantidade suficiente para desinfectar uma grande quantidade de pessoas. Em mar\u00e7o, o munic\u00edpio de Rio Branco possu\u00eda 6.795 servidores ativos, sendo 38 m\u00e9dicos, 142 enfermeiros e 192 t\u00e9cnicos e auxiliares de enfermagem.<\/p>\n","protected":false},"excerpt":{"rendered":"<p style=\"text-align: justify;\"><span style=\"font-size: 13.2px;\">Irregularidades foram constatadas na Secretaria Municipal de Sa\u00fade<br \/><\/span><\/p>\n","protected":false},"author":4,"featured_media":48273,"comment_status":"open","ping_status":"open","sticky":false,"template":"","format":"standard","meta":{"jnews-multi-image_gallery":[],"jnews_single_post":[],"jnews_primary_category":[],"jnews_social_meta":[],"jnews_review":[],"enable_review":"","type":"","name":"","summary":"","brand":"","sku":"","good":[],"bad":[],"score_override":"","override_value":"","rating":[],"price":[],"footnotes":""},"categories":[44],"tags":[],"class_list":["post-48274","post","type-post","status-publish","format-standard","has-post-thumbnail","hentry","category-policia"],"yoast_head":"<!-- This site is optimized with the Yoast SEO plugin v26.5 - https:\/\/yoast.com\/wordpress\/plugins\/seo\/ -->\n<title>PF prende duas pessoas durante Opera\u00e7\u00e3o Assepsia, em Rio Branco - Agazeta.net<\/title>\n<meta name=\"robots\" content=\"index, follow, max-snippet:-1, max-image-preview:large, max-video-preview:-1\" \/>\n<link rel=\"canonical\" href=\"https:\/\/nk7-testes.com.br\/agazeta\/pf-prende-duas-pessoas-durante-operacao-assepsia-em-rio-branco\/\" \/>\n<meta property=\"og:locale\" content=\"pt_BR\" \/>\n<meta property=\"og:type\" content=\"article\" \/>\n<meta property=\"og:title\" content=\"PF prende duas pessoas durante Opera\u00e7\u00e3o Assepsia, em Rio Branco - Agazeta.net\" \/>\n<meta property=\"og:description\" content=\"Irregularidades foram constatadas na Secretaria Municipal de Sa\u00fade\" \/>\n<meta property=\"og:url\" content=\"https:\/\/nk7-testes.com.br\/agazeta\/pf-prende-duas-pessoas-durante-operacao-assepsia-em-rio-branco\/\" \/>\n<meta property=\"og:site_name\" content=\"Agazeta.net\" \/>\n<meta property=\"article:published_time\" content=\"2020-06-10T14:06:43+00:00\" \/>\n<meta property=\"og:image\" content=\"https:\/\/nk7-testes.com.br\/agazeta\/wp-content\/uploads\/2020\/06\/10-06-20_operacao_pf.jpeg\" \/>\n\t<meta property=\"og:image:width\" content=\"457\" \/>\n\t<meta property=\"og:image:height\" content=\"340\" \/>\n\t<meta property=\"og:image:type\" content=\"image\/jpeg\" \/>\n<meta name=\"author\" content=\"Agazeta.Net\" \/>\n<meta name=\"twitter:card\" content=\"summary_large_image\" \/>\n<meta name=\"twitter:label1\" content=\"Escrito por\" \/>\n\t<meta name=\"twitter:data1\" content=\"Agazeta.Net\" \/>\n\t<meta name=\"twitter:label2\" content=\"Est. tempo de leitura\" \/>\n\t<meta name=\"twitter:data2\" content=\"2 minutos\" \/>\n<script type=\"application\/ld+json\" class=\"yoast-schema-graph\">{\"@context\":\"https:\/\/schema.org\",\"@graph\":[{\"@type\":\"WebPage\",\"@id\":\"https:\/\/nk7-testes.com.br\/agazeta\/pf-prende-duas-pessoas-durante-operacao-assepsia-em-rio-branco\/\",\"url\":\"https:\/\/nk7-testes.com.br\/agazeta\/pf-prende-duas-pessoas-durante-operacao-assepsia-em-rio-branco\/\",\"name\":\"PF prende duas pessoas durante Opera\u00e7\u00e3o Assepsia, em Rio Branco - Agazeta.net\",\"isPartOf\":{\"@id\":\"https:\/\/nk7-testes.com.br\/agazeta\/#website\"},\"primaryImageOfPage\":{\"@id\":\"https:\/\/nk7-testes.com.br\/agazeta\/pf-prende-duas-pessoas-durante-operacao-assepsia-em-rio-branco\/#primaryimage\"},\"image\":{\"@id\":\"https:\/\/nk7-testes.com.br\/agazeta\/pf-prende-duas-pessoas-durante-operacao-assepsia-em-rio-branco\/#primaryimage\"},\"thumbnailUrl\":\"https:\/\/nk7-testes.com.br\/agazeta\/wp-content\/uploads\/2020\/06\/10-06-20_operacao_pf.jpeg\",\"datePublished\":\"2020-06-10T14:06:43+00:00\",\"author\":{\"@id\":\"https:\/\/nk7-testes.com.br\/agazeta\/#\/schema\/person\/ff6b39d54d6973bfc57f4140f659b23f\"},\"breadcrumb\":{\"@id\":\"https:\/\/nk7-testes.com.br\/agazeta\/pf-prende-duas-pessoas-durante-operacao-assepsia-em-rio-branco\/#breadcrumb\"},\"inLanguage\":\"pt-BR\",\"potentialAction\":[{\"@type\":\"ReadAction\",\"target\":[\"https:\/\/nk7-testes.com.br\/agazeta\/pf-prende-duas-pessoas-durante-operacao-assepsia-em-rio-branco\/\"]}]},{\"@type\":\"ImageObject\",\"inLanguage\":\"pt-BR\",\"@id\":\"https:\/\/nk7-testes.com.br\/agazeta\/pf-prende-duas-pessoas-durante-operacao-assepsia-em-rio-branco\/#primaryimage\",\"url\":\"https:\/\/nk7-testes.com.br\/agazeta\/wp-content\/uploads\/2020\/06\/10-06-20_operacao_pf.jpeg\",\"contentUrl\":\"https:\/\/nk7-testes.com.br\/agazeta\/wp-content\/uploads\/2020\/06\/10-06-20_operacao_pf.jpeg\",\"width\":457,\"height\":340,\"caption\":\"10-06-20 opera\u00e7\u00e3o pf\"},{\"@type\":\"BreadcrumbList\",\"@id\":\"https:\/\/nk7-testes.com.br\/agazeta\/pf-prende-duas-pessoas-durante-operacao-assepsia-em-rio-branco\/#breadcrumb\",\"itemListElement\":[{\"@type\":\"ListItem\",\"position\":1,\"name\":\"In\u00edcio\",\"item\":\"https:\/\/nk7-testes.com.br\/agazeta\/\"},{\"@type\":\"ListItem\",\"position\":2,\"name\":\"PF prende duas pessoas durante Opera\u00e7\u00e3o Assepsia, em Rio Branco\"}]},{\"@type\":\"WebSite\",\"@id\":\"https:\/\/nk7-testes.com.br\/agazeta\/#website\",\"url\":\"https:\/\/nk7-testes.com.br\/agazeta\/\",\"name\":\"Agazeta.net\",\"description\":\"Agazeta.net - Not\u00edcias de Rio Branco\/AC\",\"potentialAction\":[{\"@type\":\"SearchAction\",\"target\":{\"@type\":\"EntryPoint\",\"urlTemplate\":\"https:\/\/nk7-testes.com.br\/agazeta\/?s={search_term_string}\"},\"query-input\":{\"@type\":\"PropertyValueSpecification\",\"valueRequired\":true,\"valueName\":\"search_term_string\"}}],\"inLanguage\":\"pt-BR\"},{\"@type\":\"Person\",\"@id\":\"https:\/\/nk7-testes.com.br\/agazeta\/#\/schema\/person\/ff6b39d54d6973bfc57f4140f659b23f\",\"name\":\"Agazeta.Net\",\"url\":\"https:\/\/nk7-testes.com.br\/agazeta\/author\/agazeta\/\"}]}<\/script>\n<!-- \/ Yoast SEO plugin. -->","yoast_head_json":{"title":"PF prende duas pessoas durante Opera\u00e7\u00e3o Assepsia, em Rio Branco - Agazeta.net","robots":{"index":"index","follow":"follow","max-snippet":"max-snippet:-1","max-image-preview":"max-image-preview:large","max-video-preview":"max-video-preview:-1"},"canonical":"https:\/\/nk7-testes.com.br\/agazeta\/pf-prende-duas-pessoas-durante-operacao-assepsia-em-rio-branco\/","og_locale":"pt_BR","og_type":"article","og_title":"PF prende duas pessoas durante Opera\u00e7\u00e3o Assepsia, em Rio Branco - Agazeta.net","og_description":"Irregularidades foram constatadas na Secretaria Municipal de Sa\u00fade","og_url":"https:\/\/nk7-testes.com.br\/agazeta\/pf-prende-duas-pessoas-durante-operacao-assepsia-em-rio-branco\/","og_site_name":"Agazeta.net","article_published_time":"2020-06-10T14:06:43+00:00","og_image":[{"width":457,"height":340,"url":"https:\/\/nk7-testes.com.br\/agazeta\/wp-content\/uploads\/2020\/06\/10-06-20_operacao_pf.jpeg","type":"image\/jpeg"}],"author":"Agazeta.Net","twitter_card":"summary_large_image","twitter_misc":{"Escrito por":"Agazeta.Net","Est. tempo de leitura":"2 minutos"},"schema":{"@context":"https:\/\/schema.org","@graph":[{"@type":"WebPage","@id":"https:\/\/nk7-testes.com.br\/agazeta\/pf-prende-duas-pessoas-durante-operacao-assepsia-em-rio-branco\/","url":"https:\/\/nk7-testes.com.br\/agazeta\/pf-prende-duas-pessoas-durante-operacao-assepsia-em-rio-branco\/","name":"PF prende duas pessoas durante Opera\u00e7\u00e3o Assepsia, em Rio Branco - Agazeta.net","isPartOf":{"@id":"https:\/\/nk7-testes.com.br\/agazeta\/#website"},"primaryImageOfPage":{"@id":"https:\/\/nk7-testes.com.br\/agazeta\/pf-prende-duas-pessoas-durante-operacao-assepsia-em-rio-branco\/#primaryimage"},"image":{"@id":"https:\/\/nk7-testes.com.br\/agazeta\/pf-prende-duas-pessoas-durante-operacao-assepsia-em-rio-branco\/#primaryimage"},"thumbnailUrl":"https:\/\/nk7-testes.com.br\/agazeta\/wp-content\/uploads\/2020\/06\/10-06-20_operacao_pf.jpeg","datePublished":"2020-06-10T14:06:43+00:00","author":{"@id":"https:\/\/nk7-testes.com.br\/agazeta\/#\/schema\/person\/ff6b39d54d6973bfc57f4140f659b23f"},"breadcrumb":{"@id":"https:\/\/nk7-testes.com.br\/agazeta\/pf-prende-duas-pessoas-durante-operacao-assepsia-em-rio-branco\/#breadcrumb"},"inLanguage":"pt-BR","potentialAction":[{"@type":"ReadAction","target":["https:\/\/nk7-testes.com.br\/agazeta\/pf-prende-duas-pessoas-durante-operacao-assepsia-em-rio-branco\/"]}]},{"@type":"ImageObject","inLanguage":"pt-BR","@id":"https:\/\/nk7-testes.com.br\/agazeta\/pf-prende-duas-pessoas-durante-operacao-assepsia-em-rio-branco\/#primaryimage","url":"https:\/\/nk7-testes.com.br\/agazeta\/wp-content\/uploads\/2020\/06\/10-06-20_operacao_pf.jpeg","contentUrl":"https:\/\/nk7-testes.com.br\/agazeta\/wp-content\/uploads\/2020\/06\/10-06-20_operacao_pf.jpeg","width":457,"height":340,"caption":"10-06-20 opera\u00e7\u00e3o pf"},{"@type":"BreadcrumbList","@id":"https:\/\/nk7-testes.com.br\/agazeta\/pf-prende-duas-pessoas-durante-operacao-assepsia-em-rio-branco\/#breadcrumb","itemListElement":[{"@type":"ListItem","position":1,"name":"In\u00edcio","item":"https:\/\/nk7-testes.com.br\/agazeta\/"},{"@type":"ListItem","position":2,"name":"PF prende duas pessoas durante Opera\u00e7\u00e3o Assepsia, em Rio Branco"}]},{"@type":"WebSite","@id":"https:\/\/nk7-testes.com.br\/agazeta\/#website","url":"https:\/\/nk7-testes.com.br\/agazeta\/","name":"Agazeta.net","description":"Agazeta.net - Not\u00edcias de Rio Branco\/AC","potentialAction":[{"@type":"SearchAction","target":{"@type":"EntryPoint","urlTemplate":"https:\/\/nk7-testes.com.br\/agazeta\/?s={search_term_string}"},"query-input":{"@type":"PropertyValueSpecification","valueRequired":true,"valueName":"search_term_string"}}],"inLanguage":"pt-BR"},{"@type":"Person","@id":"https:\/\/nk7-testes.com.br\/agazeta\/#\/schema\/person\/ff6b39d54d6973bfc57f4140f659b23f","name":"Agazeta.Net","url":"https:\/\/nk7-testes.com.br\/agazeta\/author\/agazeta\/"}]}},"_links":{"self":[{"href":"https:\/\/nk7-testes.com.br\/agazeta\/wp-json\/wp\/v2\/posts\/48274","targetHints":{"allow":["GET"]}}],"collection":[{"href":"https:\/\/nk7-testes.com.br\/agazeta\/wp-json\/wp\/v2\/posts"}],"about":[{"href":"https:\/\/nk7-testes.com.br\/agazeta\/wp-json\/wp\/v2\/types\/post"}],"author":[{"embeddable":true,"href":"https:\/\/nk7-testes.com.br\/agazeta\/wp-json\/wp\/v2\/users\/4"}],"replies":[{"embeddable":true,"href":"https:\/\/nk7-testes.com.br\/agazeta\/wp-json\/wp\/v2\/comments?post=48274"}],"version-history":[{"count":0,"href":"https:\/\/nk7-testes.com.br\/agazeta\/wp-json\/wp\/v2\/posts\/48274\/revisions"}],"wp:featuredmedia":[{"embeddable":true,"href":"https:\/\/nk7-testes.com.br\/agazeta\/wp-json\/wp\/v2\/media\/48273"}],"wp:attachment":[{"href":"https:\/\/nk7-testes.com.br\/agazeta\/wp-json\/wp\/v2\/media?parent=48274"}],"wp:term":[{"taxonomy":"category","embeddable":true,"href":"https:\/\/nk7-testes.com.br\/agazeta\/wp-json\/wp\/v2\/categories?post=48274"},{"taxonomy":"post_tag","embeddable":true,"href":"https:\/\/nk7-testes.com.br\/agazeta\/wp-json\/wp\/v2\/tags?post=48274"}],"curies":[{"name":"wp","href":"https:\/\/api.w.org\/{rel}","templated":true}]}}